{"id":43705,"date":"2026-04-29T19:12:29","date_gmt":"2026-04-29T22:12:29","guid":{"rendered":"https:\/\/portalmf.com.br\/?p=43705"},"modified":"2026-04-29T19:12:31","modified_gmt":"2026-04-29T22:12:31","slug":"prefeitura-de-feira-divulga-as-atracoes-do-arraia-de-feira-2026","status":"publish","type":"post","link":"https:\/\/portalmf.com.br\/index.php\/2026\/04\/29\/prefeitura-de-feira-divulga-as-atracoes-do-arraia-de-feira-2026\/","title":{"rendered":"Prefeitura de Feira divulga as atra\u00e7\u00f5es do Arrai\u00e1 de Feira 2026"},"content":{"rendered":"\n<p>A Prefeitura de Feira de Santana lan\u00e7ou oficialmente, na tarde desta quarta-feira (29), a programa\u00e7\u00e3o do S\u00e3o Jo\u00e3o 2026, em evento realizado no p\u00e1tio da sede do Executivo municipal. A solenidade contou com a presen\u00e7a do prefeito Jos\u00e9 Ronaldo de Carvalho, al\u00e9m de jornalistas, convidados, autoridades e representantes da cultura local, em um ambiente j\u00e1 tomado pelo clima junino. Com o tema \u201cA alegria entra em campo\u201d, o lan\u00e7amento trouxe uma pr\u00e9via do que o p\u00fablico pode esperar para os festejos, com direito a tenda tem\u00e1tica, decora\u00e7\u00e3o t\u00edpica, comidas tradicionais e apresenta\u00e7\u00e3o da banda Os Bambas do Nordeste, que animou os presentes e refor\u00e7ou o clima de S\u00e3o Jo\u00e3o j\u00e1 no an\u00fancio oficial.<\/p>\n\n\n\n<p>Ao todo, ser\u00e3o 15 dias de programa\u00e7\u00e3o, entre os dias 20 de junho e 4 de julho, contemplando diferentes distritos do munic\u00edpio com festas de S\u00e3o Jo\u00e3o e S\u00e3o Pedro, mantendo a tradi\u00e7\u00e3o descentralizada que marca o calend\u00e1rio junino de Feira de Santana. No distrito de Maria Quit\u00e9ria, os festejos acontecem de 20 a 23 de junho, com apresenta\u00e7\u00f5es de Ra\u00ed Saia Rodada e Caviar com Rapadura no dia 20, Paula Fernandes e Filho do Piseiro no dia 21, Alceu Valen\u00e7a e Forroz\u00e3o das Antigas no dia 22, al\u00e9m de Lim\u00e3o com Mel e Caninana no dia 23. Em Jaguara, a programa\u00e7\u00e3o ser\u00e1 realizada nos dias 20 e 21 de junho, com shows de Acaraj\u00e9 com Camar\u00e3o no primeiro dia e Filomena Bagaceira no segundo.<\/p>\n\n\n\n<p>J\u00e1 em Bonfim de Feira, o S\u00e3o Pedro ser\u00e1 celebrado nos dias 27 e 28 de junho, com apresenta\u00e7\u00f5es de Fl\u00e1vio Jos\u00e9 e Raio da Silibrina no dia 27, e Tayrone e Colher de Pau no dia 28. No distrito de Humildes, os festejos acontecem de 26 a 28 de junho, reunindo Luan Estilizado e Mastruz com Leite no dia 26, Unha Pintada e Adelmario Coelho no dia 27, al\u00e9m de Ra\u00e7a Negra e Buscap\u00e9 Arreio de Ouro no dia 28. Encerrando a programa\u00e7\u00e3o, o distrito de Ja\u00edba recebe o S\u00e3o Pedro nos dias 3 e 4 de julho, com shows de Alcymar Monteiro no primeiro dia e Solange Almeida no segundo.<\/p>\n\n\n\n<p> \u201cFeira de Santana tem uma rela\u00e7\u00e3o muito forte com o S\u00e3o Jo\u00e3o. \u00c9 um per\u00edodo em que a cidade se transforma, a cultura ganha ainda mais for\u00e7a e as pessoas vivem isso de perto. A gente est\u00e1 preparando uma festa organizada, levando programa\u00e7\u00e3o para os distritos e respeitando essa tradi\u00e7\u00e3o que \u00e9 t\u00e3o importante para o nosso povo\u201d, destacou o prefeito Jos\u00e9 Ronaldo de Carvalho.<\/p>\n\n\n\n<p><strong>Confira as atra\u00e7\u00f5es confirmadas:\u00a0<\/strong><\/p>\n\n\n\n<h3 class=\"wp-block-heading\"><strong>S\u00e3o Jo\u00e3o<\/strong><\/h3>\n\n\n\n<ul>\n<li><strong>Distrito de Jaguara<\/strong>:\n<ul>\n<li><strong>Data<\/strong>: 20 e 21 de junho.<\/li>\n\n\n\n<li><strong>Atra\u00e7\u00f5es<\/strong>: Acaraj\u00e9 com Camar\u00e3o e Filomena Bagaceira<\/li>\n<\/ul>\n<\/li>\n<\/ul>\n\n\n\n<p><\/p>\n\n\n\n<ul>\n<li><strong>Distrito de Tiquaru\u00e7u<\/strong>:\n<ul>\n<li><strong>Data<\/strong>: 20 e 21 de junho.<\/li>\n\n\n\n<li><strong>Atra\u00e7\u00f5es<\/strong>: Banda Lua Cheia e Camila Menina Faceira.<\/li>\n<\/ul>\n<\/li>\n<\/ul>\n\n\n\n<p><\/p>\n\n\n\n<ul>\n<li><strong>Distrito de Maria Quit\u00e9ria<\/strong>:\n<ul>\n<li><strong>Data<\/strong>: 20 a 23 de junho.<\/li>\n\n\n\n<li><strong>Atra\u00e7\u00f5es<\/strong>: Ra\u00ed Saia Rodada, Caviar com Rapadura, Alceu Valen\u00e7a, Forroz\u00e3o das Antigas, Paula Fernandes, Filho do Piseiro, Lim\u00e3o com Mel e Caninana.<\/li>\n<\/ul>\n<\/li>\n<\/ul>\n\n\n\n<h3 class=\"wp-block-heading\"><strong>S\u00e3o Pedro<\/strong><\/h3>\n\n\n\n<ul>\n<li><strong>Distrito de Humildes<\/strong>:\n<ul>\n<li><strong>Data<\/strong>: 26 a 28 de junho.<\/li>\n\n\n\n<li><strong>Atra\u00e7\u00f5es<\/strong>: Luan Estilizado, Mastruz com Leite, Unha Pintada, Adelm\u00e1rio Coelho, Ra\u00e7a Negra, Buscap\u00e9 e Arreio de Ouro.<\/li>\n<\/ul>\n<\/li>\n<\/ul>\n\n\n\n<p><\/p>\n\n\n\n<ul>\n<li><strong>Distrito de Bonfim de Feira<\/strong>:\n<ul>\n<li><strong>Data<\/strong>: 27 e 28 de junho.<\/li>\n\n\n\n<li><strong>Atra\u00e7\u00f5es<\/strong>: Fl\u00e1vio Jos\u00e9, Raio da Silibrina, Tayrone e Colher de Pau.<\/li>\n<\/ul>\n<\/li>\n<\/ul>\n\n\n\n<p><\/p>\n\n\n\n<ul>\n<li><strong>Distrito de Ja\u00edba<\/strong>:\n<ul>\n<li><strong>Data<\/strong>: 03 e 04 de julho.<\/li>\n\n\n\n<li><strong>Atra\u00e7\u00f5es<\/strong>: Alcymar Monteiro e Solange Almeida.<\/li>\n<\/ul>\n<\/li>\n<\/ul>\n","protected":false},"excerpt":{"rendered":"<p>A Prefeitura de Feira de Santana lan\u00e7ou oficialmente, na tarde desta quarta-feira (29), a programa\u00e7\u00e3o do S\u00e3o Jo\u00e3o 2026, em evento realizado no p\u00e1tio da sede do Executivo municipal. A solenidade contou com a presen\u00e7a do prefeito Jos\u00e9 Ronaldo de Carvalho, al\u00e9m de jornalistas, convidados, autoridades e representantes da cultura local, em um ambiente j\u00e1 [&hellip;]<\/p>\n","protected":false},"author":3,"featured_media":43706,"comment_status":"open","ping_status":"open","sticky":false,"template":"","format":"standard","meta":{"_monsterinsights_skip_tracking":false,"_monsterinsights_sitenote_active":false,"_monsterinsights_sitenote_note":"","_monsterinsights_sitenote_category":0,"footnotes":""},"categories":[48,296],"tags":[],"yoast_head":"<!-- This site is optimized with the Yoast SEO plugin v22.9 - https:\/\/yoast.com\/wordpress\/plugins\/seo\/ -->\n<title>Prefeitura de Feira divulga as atra\u00e7\u00f5es do Arrai\u00e1 de Feira 2026 - Portal MF<\/title>\n<meta name=\"robots\" content=\"index, follow, max-snippet:-1, max-image-preview:large, max-video-preview:-1\" \/>\n<link rel=\"canonical\" href=\"https:\/\/portalmf.com.br\/index.php\/2026\/04\/29\/prefeitura-de-feira-divulga-as-atracoes-do-arraia-de-feira-2026\/\" \/>\n<meta property=\"og:locale\" content=\"pt_BR\" \/>\n<meta property=\"og:type\" content=\"article\" \/>\n<meta property=\"og:title\" content=\"Prefeitura de Feira divulga as atra\u00e7\u00f5es do Arrai\u00e1 de Feira 2026 - Portal MF\" \/>\n<meta property=\"og:description\" content=\"A Prefeitura de Feira de Santana lan\u00e7ou oficialmente, na tarde desta quarta-feira (29), a programa\u00e7\u00e3o do S\u00e3o Jo\u00e3o 2026, em evento realizado no p\u00e1tio da sede do Executivo municipal. A solenidade contou com a presen\u00e7a do prefeito Jos\u00e9 Ronaldo de Carvalho, al\u00e9m de jornalistas, convidados, autoridades e representantes da cultura local, em um ambiente j\u00e1 [&hellip;]\" \/>\n<meta property=\"og:url\" content=\"https:\/\/portalmf.com.br\/index.php\/2026\/04\/29\/prefeitura-de-feira-divulga-as-atracoes-do-arraia-de-feira-2026\/\" \/>\n<meta property=\"og:site_name\" content=\"Portal MF\" \/>\n<meta property=\"article:author\" content=\"https:\/\/www.facebook.com\/portalmfoficial\" \/>\n<meta property=\"article:published_time\" content=\"2026-04-29T22:12:29+00:00\" \/>\n<meta property=\"article:modified_time\" content=\"2026-04-29T22:12:31+00:00\" \/>\n<meta property=\"og:image\" content=\"https:\/\/portalmf.com.br\/wp-content\/uploads\/2026\/04\/arraia_de_feira_2026.jpg\" \/>\n\t<meta property=\"og:image:width\" content=\"1280\" \/>\n\t<meta property=\"og:image:height\" content=\"1024\" \/>\n\t<meta property=\"og:image:type\" content=\"image\/jpeg\" \/>\n<meta name=\"author\" content=\"Reda\u00e7\u00e3o Portal MF\" \/>\n<meta name=\"twitter:card\" content=\"summary_large_image\" \/>\n<meta name=\"twitter:creator\" content=\"@https:\/\/x.com\/portalmfoficial\" \/>\n<meta name=\"twitter:label1\" content=\"Escrito por\" \/>\n\t<meta name=\"twitter:data1\" content=\"Reda\u00e7\u00e3o Portal MF\" \/>\n\t<meta name=\"twitter:label2\" content=\"Est. tempo de leitura\" \/>\n\t<meta name=\"twitter:data2\" content=\"4 minutos\" \/>\n<script type=\"application\/ld+json\" class=\"yoast-schema-graph\">{\"@context\":\"https:\/\/schema.org\",\"@graph\":[{\"@type\":\"WebPage\",\"@id\":\"https:\/\/portalmf.com.br\/index.php\/2026\/04\/29\/prefeitura-de-feira-divulga-as-atracoes-do-arraia-de-feira-2026\/\",\"url\":\"https:\/\/portalmf.com.br\/index.php\/2026\/04\/29\/prefeitura-de-feira-divulga-as-atracoes-do-arraia-de-feira-2026\/\",\"name\":\"Prefeitura de Feira divulga as atra\u00e7\u00f5es do Arrai\u00e1 de Feira 2026 - Portal MF\",\"isPartOf\":{\"@id\":\"https:\/\/portalmf.com.br\/#website\"},\"primaryImageOfPage\":{\"@id\":\"https:\/\/portalmf.com.br\/index.php\/2026\/04\/29\/prefeitura-de-feira-divulga-as-atracoes-do-arraia-de-feira-2026\/#primaryimage\"},\"image\":{\"@id\":\"https:\/\/portalmf.com.br\/index.php\/2026\/04\/29\/prefeitura-de-feira-divulga-as-atracoes-do-arraia-de-feira-2026\/#primaryimage\"},\"thumbnailUrl\":\"https:\/\/portalmf.com.br\/wp-content\/uploads\/2026\/04\/arraia_de_feira_2026.jpg\",\"datePublished\":\"2026-04-29T22:12:29+00:00\",\"dateModified\":\"2026-04-29T22:12:31+00:00\",\"author\":{\"@id\":\"https:\/\/portalmf.com.br\/#\/schema\/person\/9ec101baf56233e53520c26de5d6f6f0\"},\"breadcrumb\":{\"@id\":\"https:\/\/portalmf.com.br\/index.php\/2026\/04\/29\/prefeitura-de-feira-divulga-as-atracoes-do-arraia-de-feira-2026\/#breadcrumb\"},\"inLanguage\":\"pt-BR\",\"potentialAction\":[{\"@type\":\"ReadAction\",\"target\":[\"https:\/\/portalmf.com.br\/index.php\/2026\/04\/29\/prefeitura-de-feira-divulga-as-atracoes-do-arraia-de-feira-2026\/\"]}]},{\"@type\":\"ImageObject\",\"inLanguage\":\"pt-BR\",\"@id\":\"https:\/\/portalmf.com.br\/index.php\/2026\/04\/29\/prefeitura-de-feira-divulga-as-atracoes-do-arraia-de-feira-2026\/#primaryimage\",\"url\":\"https:\/\/portalmf.com.br\/wp-content\/uploads\/2026\/04\/arraia_de_feira_2026.jpg\",\"contentUrl\":\"https:\/\/portalmf.com.br\/wp-content\/uploads\/2026\/04\/arraia_de_feira_2026.jpg\",\"width\":1280,\"height\":1024},{\"@type\":\"BreadcrumbList\",\"@id\":\"https:\/\/portalmf.com.br\/index.php\/2026\/04\/29\/prefeitura-de-feira-divulga-as-atracoes-do-arraia-de-feira-2026\/#breadcrumb\",\"itemListElement\":[{\"@type\":\"ListItem\",\"position\":1,\"name\":\"In\u00edcio\",\"item\":\"https:\/\/portalmf.com.br\/\"},{\"@type\":\"ListItem\",\"position\":2,\"name\":\"Prefeitura de Feira divulga as atra\u00e7\u00f5es do Arrai\u00e1 de Feira 2026\"}]},{\"@type\":\"WebSite\",\"@id\":\"https:\/\/portalmf.com.br\/#website\",\"url\":\"https:\/\/portalmf.com.br\/\",\"name\":\"Portal MF\",\"description\":\"Voc\u00ea conectado com a informa\u00e7\u00e3o\",\"potentialAction\":[{\"@type\":\"SearchAction\",\"target\":{\"@type\":\"EntryPoint\",\"urlTemplate\":\"https:\/\/portalmf.com.br\/?s={search_term_string}\"},\"query-input\":\"required name=search_term_string\"}],\"inLanguage\":\"pt-BR\"},{\"@type\":\"Person\",\"@id\":\"https:\/\/portalmf.com.br\/#\/schema\/person\/9ec101baf56233e53520c26de5d6f6f0\",\"name\":\"Reda\u00e7\u00e3o Portal MF\",\"image\":{\"@type\":\"ImageObject\",\"inLanguage\":\"pt-BR\",\"@id\":\"https:\/\/portalmf.com.br\/#\/schema\/person\/image\/\",\"url\":\"https:\/\/secure.gravatar.com\/avatar\/41b9aaeb2100835f7c64362330f74c7f?s=96&d=mm&r=g\",\"contentUrl\":\"https:\/\/secure.gravatar.com\/avatar\/41b9aaeb2100835f7c64362330f74c7f?s=96&d=mm&r=g\",\"caption\":\"Reda\u00e7\u00e3o Portal MF\"},\"description\":\"Sejam bem-vindos o portal de informa\u00e7\u00f5es de entretenimento de Feira de Santana, desde 2006 realiza coberturas dos principais eventos com entrevistas exclusivas com as principais personalidades mundiais. Fique conectado tamb\u00e9m nas redes sociais.\",\"sameAs\":[\"http:\/\/www.portalmf.com.br\/\",\"https:\/\/www.facebook.com\/portalmfoficial\",\"https:\/\/www.instagram.com\/portalmf\/\",\"https:\/\/x.com\/https:\/\/x.com\/portalmfoficial\",\"https:\/\/www.youtube.com\/@portalmfoficial\"],\"url\":\"https:\/\/portalmf.com.br\/index.php\/author\/junior\/\"}]}<\/script>\n<!-- \/ Yoast SEO plugin. -->","yoast_head_json":{"title":"Prefeitura de Feira divulga as atra\u00e7\u00f5es do Arrai\u00e1 de Feira 2026 - Portal MF","robots":{"index":"index","follow":"follow","max-snippet":"max-snippet:-1","max-image-preview":"max-image-preview:large","max-video-preview":"max-video-preview:-1"},"canonical":"https:\/\/portalmf.com.br\/index.php\/2026\/04\/29\/prefeitura-de-feira-divulga-as-atracoes-do-arraia-de-feira-2026\/","og_locale":"pt_BR","og_type":"article","og_title":"Prefeitura de Feira divulga as atra\u00e7\u00f5es do Arrai\u00e1 de Feira 2026 - Portal MF","og_description":"A Prefeitura de Feira de Santana lan\u00e7ou oficialmente, na tarde desta quarta-feira (29), a programa\u00e7\u00e3o do S\u00e3o Jo\u00e3o 2026, em evento realizado no p\u00e1tio da sede do Executivo municipal. A solenidade contou com a presen\u00e7a do prefeito Jos\u00e9 Ronaldo de Carvalho, al\u00e9m de jornalistas, convidados, autoridades e representantes da cultura local, em um ambiente j\u00e1 [&hellip;]","og_url":"https:\/\/portalmf.com.br\/index.php\/2026\/04\/29\/prefeitura-de-feira-divulga-as-atracoes-do-arraia-de-feira-2026\/","og_site_name":"Portal MF","article_author":"https:\/\/www.facebook.com\/portalmfoficial","article_published_time":"2026-04-29T22:12:29+00:00","article_modified_time":"2026-04-29T22:12:31+00:00","og_image":[{"width":1280,"height":1024,"url":"https:\/\/portalmf.com.br\/wp-content\/uploads\/2026\/04\/arraia_de_feira_2026.jpg","type":"image\/jpeg"}],"author":"Reda\u00e7\u00e3o Portal MF","twitter_card":"summary_large_image","twitter_creator":"@https:\/\/x.com\/portalmfoficial","twitter_misc":{"Escrito por":"Reda\u00e7\u00e3o Portal MF","Est. tempo de leitura":"4 minutos"},"schema":{"@context":"https:\/\/schema.org","@graph":[{"@type":"WebPage","@id":"https:\/\/portalmf.com.br\/index.php\/2026\/04\/29\/prefeitura-de-feira-divulga-as-atracoes-do-arraia-de-feira-2026\/","url":"https:\/\/portalmf.com.br\/index.php\/2026\/04\/29\/prefeitura-de-feira-divulga-as-atracoes-do-arraia-de-feira-2026\/","name":"Prefeitura de Feira divulga as atra\u00e7\u00f5es do Arrai\u00e1 de Feira 2026 - Portal MF","isPartOf":{"@id":"https:\/\/portalmf.com.br\/#website"},"primaryImageOfPage":{"@id":"https:\/\/portalmf.com.br\/index.php\/2026\/04\/29\/prefeitura-de-feira-divulga-as-atracoes-do-arraia-de-feira-2026\/#primaryimage"},"image":{"@id":"https:\/\/portalmf.com.br\/index.php\/2026\/04\/29\/prefeitura-de-feira-divulga-as-atracoes-do-arraia-de-feira-2026\/#primaryimage"},"thumbnailUrl":"https:\/\/portalmf.com.br\/wp-content\/uploads\/2026\/04\/arraia_de_feira_2026.jpg","datePublished":"2026-04-29T22:12:29+00:00","dateModified":"2026-04-29T22:12:31+00:00","author":{"@id":"https:\/\/portalmf.com.br\/#\/schema\/person\/9ec101baf56233e53520c26de5d6f6f0"},"breadcrumb":{"@id":"https:\/\/portalmf.com.br\/index.php\/2026\/04\/29\/prefeitura-de-feira-divulga-as-atracoes-do-arraia-de-feira-2026\/#breadcrumb"},"inLanguage":"pt-BR","potentialAction":[{"@type":"ReadAction","target":["https:\/\/portalmf.com.br\/index.php\/2026\/04\/29\/prefeitura-de-feira-divulga-as-atracoes-do-arraia-de-feira-2026\/"]}]},{"@type":"ImageObject","inLanguage":"pt-BR","@id":"https:\/\/portalmf.com.br\/index.php\/2026\/04\/29\/prefeitura-de-feira-divulga-as-atracoes-do-arraia-de-feira-2026\/#primaryimage","url":"https:\/\/portalmf.com.br\/wp-content\/uploads\/2026\/04\/arraia_de_feira_2026.jpg","contentUrl":"https:\/\/portalmf.com.br\/wp-content\/uploads\/2026\/04\/arraia_de_feira_2026.jpg","width":1280,"height":1024},{"@type":"BreadcrumbList","@id":"https:\/\/portalmf.com.br\/index.php\/2026\/04\/29\/prefeitura-de-feira-divulga-as-atracoes-do-arraia-de-feira-2026\/#breadcrumb","itemListElement":[{"@type":"ListItem","position":1,"name":"In\u00edcio","item":"https:\/\/portalmf.com.br\/"},{"@type":"ListItem","position":2,"name":"Prefeitura de Feira divulga as atra\u00e7\u00f5es do Arrai\u00e1 de Feira 2026"}]},{"@type":"WebSite","@id":"https:\/\/portalmf.com.br\/#website","url":"https:\/\/portalmf.com.br\/","name":"Portal MF","description":"Voc\u00ea conectado com a informa\u00e7\u00e3o","potentialAction":[{"@type":"SearchAction","target":{"@type":"EntryPoint","urlTemplate":"https:\/\/portalmf.com.br\/?s={search_term_string}"},"query-input":"required name=search_term_string"}],"inLanguage":"pt-BR"},{"@type":"Person","@id":"https:\/\/portalmf.com.br\/#\/schema\/person\/9ec101baf56233e53520c26de5d6f6f0","name":"Reda\u00e7\u00e3o Portal MF","image":{"@type":"ImageObject","inLanguage":"pt-BR","@id":"https:\/\/portalmf.com.br\/#\/schema\/person\/image\/","url":"https:\/\/secure.gravatar.com\/avatar\/41b9aaeb2100835f7c64362330f74c7f?s=96&d=mm&r=g","contentUrl":"https:\/\/secure.gravatar.com\/avatar\/41b9aaeb2100835f7c64362330f74c7f?s=96&d=mm&r=g","caption":"Reda\u00e7\u00e3o Portal MF"},"description":"Sejam bem-vindos o portal de informa\u00e7\u00f5es de entretenimento de Feira de Santana, desde 2006 realiza coberturas dos principais eventos com entrevistas exclusivas com as principais personalidades mundiais. Fique conectado tamb\u00e9m nas redes sociais.","sameAs":["http:\/\/www.portalmf.com.br\/","https:\/\/www.facebook.com\/portalmfoficial","https:\/\/www.instagram.com\/portalmf\/","https:\/\/x.com\/https:\/\/x.com\/portalmfoficial","https:\/\/www.youtube.com\/@portalmfoficial"],"url":"https:\/\/portalmf.com.br\/index.php\/author\/junior\/"}]}},"_links":{"self":[{"href":"https:\/\/portalmf.com.br\/index.php\/wp-json\/wp\/v2\/posts\/43705"}],"collection":[{"href":"https:\/\/portalmf.com.br\/index.php\/wp-json\/wp\/v2\/posts"}],"about":[{"href":"https:\/\/portalmf.com.br\/index.php\/wp-json\/wp\/v2\/types\/post"}],"author":[{"embeddable":true,"href":"https:\/\/portalmf.com.br\/index.php\/wp-json\/wp\/v2\/users\/3"}],"replies":[{"embeddable":true,"href":"https:\/\/portalmf.com.br\/index.php\/wp-json\/wp\/v2\/comments?post=43705"}],"version-history":[{"count":1,"href":"https:\/\/portalmf.com.br\/index.php\/wp-json\/wp\/v2\/posts\/43705\/revisions"}],"predecessor-version":[{"id":43707,"href":"https:\/\/portalmf.com.br\/index.php\/wp-json\/wp\/v2\/posts\/43705\/revisions\/43707"}],"wp:featuredmedia":[{"embeddable":true,"href":"https:\/\/portalmf.com.br\/index.php\/wp-json\/wp\/v2\/media\/43706"}],"wp:attachment":[{"href":"https:\/\/portalmf.com.br\/index.php\/wp-json\/wp\/v2\/media?parent=43705"}],"wp:term":[{"taxonomy":"category","embeddable":true,"href":"https:\/\/portalmf.com.br\/index.php\/wp-json\/wp\/v2\/categories?post=43705"},{"taxonomy":"post_tag","embeddable":true,"href":"https:\/\/portalmf.com.br\/index.php\/wp-json\/wp\/v2\/tags?post=43705"}],"curies":[{"name":"wp","href":"https:\/\/api.w.org\/{rel}","templated":true}]}}