{"id":43689,"date":"2026-04-29T11:44:22","date_gmt":"2026-04-29T14:44:22","guid":{"rendered":"https:\/\/portalmf.com.br\/?p=43689"},"modified":"2026-04-29T11:44:23","modified_gmt":"2026-04-29T14:44:23","slug":"isas-realiza-a-vii-feira-solidarizar-da-ideia-a-acao","status":"publish","type":"post","link":"https:\/\/portalmf.com.br\/index.php\/2026\/04\/29\/isas-realiza-a-vii-feira-solidarizar-da-ideia-a-acao\/","title":{"rendered":"ISAS realiza a VII Feira Solidarizar: Da Ideia \u00e0 A\u00e7\u00e3o"},"content":{"rendered":"\n<p>Acontece dias 5 e 6 de maio de 2026 a VII Feira Solidarizar: Da Ideia \u00e0 A\u00e7\u00e3o. A promo\u00e7\u00e3o \u00e9 do Instituto de Sa\u00fade e A\u00e7\u00e3o Social (ISAS)., com o objetivo de valorizar o artesanato (croch\u00ea, macram\u00ea, bonecas de pano, tric\u00f4\u2026) al\u00e9m de produtos de Aromoterapia (sabonetes, difusores de ambiente, escalda p\u00e9s, velas\u2026), que fortalecem hist\u00f3rias, fam\u00edlias e a economia da comunidade. A coordenadora L\u00facia Margarida Alves de Figueredo informa que a ideia \u00e9 ajudar uma m\u00e3e e comprar o presente de sua m\u00e3e \u2013 \u00e9 a economia circular. Aos interessados o evento acontece na rua Antenor Moreira Pinho, 75, Jardim Ac\u00e1cia, Feira de Santana, sempre entre as 9h \u00e0s 17h.<\/p>\n\n\n\n<p>Sobre o ISAS<\/p>\n\n\n\n<p>O Instituto de Sa\u00fade e A\u00e7\u00e3o Social (ISAS) \u00e9 uma organiza\u00e7\u00e3o sem fins lucrativos que, h\u00e1 mais de 35 anos, atua com excel\u00eancia e prop\u00f3sito na promo\u00e7\u00e3o da sa\u00fade e da assist\u00eancia social. Fundado em Feira de Santana, na Bahia, o ISAS nasceu do desejo genu\u00edno de servir e transformar realidades, tornando-se uma refer\u00eancia no cuidado humanizado e no impacto social. Com sede em Feira de Santana, o ISAS j\u00e1 atuou em mais de 100 munic\u00edpios, com uma equipe formada por mais de 1.000 colaboradores diretos e indiretos. As a\u00e7\u00f5es j\u00e1 impactaram positivamente a vida de mais de 50 mil pessoas, oferecendo acesso \u00e0 sa\u00fade, acolhimento social e oportunidades de uma vida mais digna.<\/p>\n","protected":false},"excerpt":{"rendered":"<p>Acontece dias 5 e 6 de maio de 2026 a VII Feira Solidarizar: Da Ideia \u00e0 A\u00e7\u00e3o. A promo\u00e7\u00e3o \u00e9 do Instituto de Sa\u00fade e A\u00e7\u00e3o Social (ISAS)., com o objetivo de valorizar o artesanato (croch\u00ea, macram\u00ea, bonecas de pano, tric\u00f4\u2026) al\u00e9m de produtos de Aromoterapia (sabonetes, difusores de ambiente, escalda p\u00e9s, velas\u2026), que fortalecem [&hellip;]<\/p>\n","protected":false},"author":3,"featured_media":43690,"comment_status":"open","ping_status":"open","sticky":false,"template":"","format":"standard","meta":{"_monsterinsights_skip_tracking":false,"_monsterinsights_sitenote_active":false,"_monsterinsights_sitenote_note":"","_monsterinsights_sitenote_category":0,"footnotes":""},"categories":[344],"tags":[],"yoast_head":"<!-- This site is optimized with the Yoast SEO plugin v22.9 - https:\/\/yoast.com\/wordpress\/plugins\/seo\/ -->\n<title>ISAS realiza a VII Feira Solidarizar: Da Ideia \u00e0 A\u00e7\u00e3o - Portal MF<\/title>\n<meta name=\"robots\" content=\"index, follow, max-snippet:-1, max-image-preview:large, max-video-preview:-1\" \/>\n<link rel=\"canonical\" href=\"https:\/\/portalmf.com.br\/index.php\/2026\/04\/29\/isas-realiza-a-vii-feira-solidarizar-da-ideia-a-acao\/\" \/>\n<meta property=\"og:locale\" content=\"pt_BR\" \/>\n<meta property=\"og:type\" content=\"article\" \/>\n<meta property=\"og:title\" content=\"ISAS realiza a VII Feira Solidarizar: Da Ideia \u00e0 A\u00e7\u00e3o - Portal MF\" \/>\n<meta property=\"og:description\" content=\"Acontece dias 5 e 6 de maio de 2026 a VII Feira Solidarizar: Da Ideia \u00e0 A\u00e7\u00e3o. A promo\u00e7\u00e3o \u00e9 do Instituto de Sa\u00fade e A\u00e7\u00e3o Social (ISAS)., com o objetivo de valorizar o artesanato (croch\u00ea, macram\u00ea, bonecas de pano, tric\u00f4\u2026) al\u00e9m de produtos de Aromoterapia (sabonetes, difusores de ambiente, escalda p\u00e9s, velas\u2026), que fortalecem [&hellip;]\" \/>\n<meta property=\"og:url\" content=\"https:\/\/portalmf.com.br\/index.php\/2026\/04\/29\/isas-realiza-a-vii-feira-solidarizar-da-ideia-a-acao\/\" \/>\n<meta property=\"og:site_name\" content=\"Portal MF\" \/>\n<meta property=\"article:author\" content=\"https:\/\/www.facebook.com\/portalmfoficial\" \/>\n<meta property=\"article:published_time\" content=\"2026-04-29T14:44:22+00:00\" \/>\n<meta property=\"article:modified_time\" content=\"2026-04-29T14:44:23+00:00\" \/>\n<meta property=\"og:image\" content=\"https:\/\/portalmf.com.br\/wp-content\/uploads\/2026\/04\/WhatsApp-Image-2026-04-28-at-08.45.14.jpeg\" \/>\n\t<meta property=\"og:image:width\" content=\"1080\" \/>\n\t<meta property=\"og:image:height\" content=\"644\" \/>\n\t<meta property=\"og:image:type\" content=\"image\/jpeg\" \/>\n<meta name=\"author\" content=\"Reda\u00e7\u00e3o Portal MF\" \/>\n<meta name=\"twitter:card\" content=\"summary_large_image\" \/>\n<meta name=\"twitter:creator\" content=\"@https:\/\/x.com\/portalmfoficial\" \/>\n<meta name=\"twitter:label1\" content=\"Escrito por\" \/>\n\t<meta name=\"twitter:data1\" content=\"Reda\u00e7\u00e3o Portal MF\" \/>\n\t<meta name=\"twitter:label2\" content=\"Est. tempo de leitura\" \/>\n\t<meta name=\"twitter:data2\" content=\"2 minutos\" \/>\n<script type=\"application\/ld+json\" class=\"yoast-schema-graph\">{\"@context\":\"https:\/\/schema.org\",\"@graph\":[{\"@type\":\"WebPage\",\"@id\":\"https:\/\/portalmf.com.br\/index.php\/2026\/04\/29\/isas-realiza-a-vii-feira-solidarizar-da-ideia-a-acao\/\",\"url\":\"https:\/\/portalmf.com.br\/index.php\/2026\/04\/29\/isas-realiza-a-vii-feira-solidarizar-da-ideia-a-acao\/\",\"name\":\"ISAS realiza a VII Feira Solidarizar: Da Ideia \u00e0 A\u00e7\u00e3o - Portal MF\",\"isPartOf\":{\"@id\":\"https:\/\/portalmf.com.br\/#website\"},\"primaryImageOfPage\":{\"@id\":\"https:\/\/portalmf.com.br\/index.php\/2026\/04\/29\/isas-realiza-a-vii-feira-solidarizar-da-ideia-a-acao\/#primaryimage\"},\"image\":{\"@id\":\"https:\/\/portalmf.com.br\/index.php\/2026\/04\/29\/isas-realiza-a-vii-feira-solidarizar-da-ideia-a-acao\/#primaryimage\"},\"thumbnailUrl\":\"https:\/\/portalmf.com.br\/wp-content\/uploads\/2026\/04\/WhatsApp-Image-2026-04-28-at-08.45.14.jpeg\",\"datePublished\":\"2026-04-29T14:44:22+00:00\",\"dateModified\":\"2026-04-29T14:44:23+00:00\",\"author\":{\"@id\":\"https:\/\/portalmf.com.br\/#\/schema\/person\/9ec101baf56233e53520c26de5d6f6f0\"},\"breadcrumb\":{\"@id\":\"https:\/\/portalmf.com.br\/index.php\/2026\/04\/29\/isas-realiza-a-vii-feira-solidarizar-da-ideia-a-acao\/#breadcrumb\"},\"inLanguage\":\"pt-BR\",\"potentialAction\":[{\"@type\":\"ReadAction\",\"target\":[\"https:\/\/portalmf.com.br\/index.php\/2026\/04\/29\/isas-realiza-a-vii-feira-solidarizar-da-ideia-a-acao\/\"]}]},{\"@type\":\"ImageObject\",\"inLanguage\":\"pt-BR\",\"@id\":\"https:\/\/portalmf.com.br\/index.php\/2026\/04\/29\/isas-realiza-a-vii-feira-solidarizar-da-ideia-a-acao\/#primaryimage\",\"url\":\"https:\/\/portalmf.com.br\/wp-content\/uploads\/2026\/04\/WhatsApp-Image-2026-04-28-at-08.45.14.jpeg\",\"contentUrl\":\"https:\/\/portalmf.com.br\/wp-content\/uploads\/2026\/04\/WhatsApp-Image-2026-04-28-at-08.45.14.jpeg\",\"width\":1080,\"height\":644},{\"@type\":\"BreadcrumbList\",\"@id\":\"https:\/\/portalmf.com.br\/index.php\/2026\/04\/29\/isas-realiza-a-vii-feira-solidarizar-da-ideia-a-acao\/#breadcrumb\",\"itemListElement\":[{\"@type\":\"ListItem\",\"position\":1,\"name\":\"In\u00edcio\",\"item\":\"https:\/\/portalmf.com.br\/\"},{\"@type\":\"ListItem\",\"position\":2,\"name\":\"ISAS realiza a VII Feira Solidarizar: Da Ideia \u00e0 A\u00e7\u00e3o\"}]},{\"@type\":\"WebSite\",\"@id\":\"https:\/\/portalmf.com.br\/#website\",\"url\":\"https:\/\/portalmf.com.br\/\",\"name\":\"Portal MF\",\"description\":\"Voc\u00ea conectado com a informa\u00e7\u00e3o\",\"potentialAction\":[{\"@type\":\"SearchAction\",\"target\":{\"@type\":\"EntryPoint\",\"urlTemplate\":\"https:\/\/portalmf.com.br\/?s={search_term_string}\"},\"query-input\":\"required name=search_term_string\"}],\"inLanguage\":\"pt-BR\"},{\"@type\":\"Person\",\"@id\":\"https:\/\/portalmf.com.br\/#\/schema\/person\/9ec101baf56233e53520c26de5d6f6f0\",\"name\":\"Reda\u00e7\u00e3o Portal MF\",\"image\":{\"@type\":\"ImageObject\",\"inLanguage\":\"pt-BR\",\"@id\":\"https:\/\/portalmf.com.br\/#\/schema\/person\/image\/\",\"url\":\"https:\/\/secure.gravatar.com\/avatar\/41b9aaeb2100835f7c64362330f74c7f?s=96&d=mm&r=g\",\"contentUrl\":\"https:\/\/secure.gravatar.com\/avatar\/41b9aaeb2100835f7c64362330f74c7f?s=96&d=mm&r=g\",\"caption\":\"Reda\u00e7\u00e3o Portal MF\"},\"description\":\"Sejam bem-vindos o portal de informa\u00e7\u00f5es de entretenimento de Feira de Santana, desde 2006 realiza coberturas dos principais eventos com entrevistas exclusivas com as principais personalidades mundiais. Fique conectado tamb\u00e9m nas redes sociais.\",\"sameAs\":[\"http:\/\/www.portalmf.com.br\/\",\"https:\/\/www.facebook.com\/portalmfoficial\",\"https:\/\/www.instagram.com\/portalmf\/\",\"https:\/\/x.com\/https:\/\/x.com\/portalmfoficial\",\"https:\/\/www.youtube.com\/@portalmfoficial\"],\"url\":\"https:\/\/portalmf.com.br\/index.php\/author\/junior\/\"}]}<\/script>\n<!-- \/ Yoast SEO plugin. -->","yoast_head_json":{"title":"ISAS realiza a VII Feira Solidarizar: Da Ideia \u00e0 A\u00e7\u00e3o - Portal MF","robots":{"index":"index","follow":"follow","max-snippet":"max-snippet:-1","max-image-preview":"max-image-preview:large","max-video-preview":"max-video-preview:-1"},"canonical":"https:\/\/portalmf.com.br\/index.php\/2026\/04\/29\/isas-realiza-a-vii-feira-solidarizar-da-ideia-a-acao\/","og_locale":"pt_BR","og_type":"article","og_title":"ISAS realiza a VII Feira Solidarizar: Da Ideia \u00e0 A\u00e7\u00e3o - Portal MF","og_description":"Acontece dias 5 e 6 de maio de 2026 a VII Feira Solidarizar: Da Ideia \u00e0 A\u00e7\u00e3o. A promo\u00e7\u00e3o \u00e9 do Instituto de Sa\u00fade e A\u00e7\u00e3o Social (ISAS)., com o objetivo de valorizar o artesanato (croch\u00ea, macram\u00ea, bonecas de pano, tric\u00f4\u2026) al\u00e9m de produtos de Aromoterapia (sabonetes, difusores de ambiente, escalda p\u00e9s, velas\u2026), que fortalecem [&hellip;]","og_url":"https:\/\/portalmf.com.br\/index.php\/2026\/04\/29\/isas-realiza-a-vii-feira-solidarizar-da-ideia-a-acao\/","og_site_name":"Portal MF","article_author":"https:\/\/www.facebook.com\/portalmfoficial","article_published_time":"2026-04-29T14:44:22+00:00","article_modified_time":"2026-04-29T14:44:23+00:00","og_image":[{"width":1080,"height":644,"url":"https:\/\/portalmf.com.br\/wp-content\/uploads\/2026\/04\/WhatsApp-Image-2026-04-28-at-08.45.14.jpeg","type":"image\/jpeg"}],"author":"Reda\u00e7\u00e3o Portal MF","twitter_card":"summary_large_image","twitter_creator":"@https:\/\/x.com\/portalmfoficial","twitter_misc":{"Escrito por":"Reda\u00e7\u00e3o Portal MF","Est. tempo de leitura":"2 minutos"},"schema":{"@context":"https:\/\/schema.org","@graph":[{"@type":"WebPage","@id":"https:\/\/portalmf.com.br\/index.php\/2026\/04\/29\/isas-realiza-a-vii-feira-solidarizar-da-ideia-a-acao\/","url":"https:\/\/portalmf.com.br\/index.php\/2026\/04\/29\/isas-realiza-a-vii-feira-solidarizar-da-ideia-a-acao\/","name":"ISAS realiza a VII Feira Solidarizar: Da Ideia \u00e0 A\u00e7\u00e3o - Portal MF","isPartOf":{"@id":"https:\/\/portalmf.com.br\/#website"},"primaryImageOfPage":{"@id":"https:\/\/portalmf.com.br\/index.php\/2026\/04\/29\/isas-realiza-a-vii-feira-solidarizar-da-ideia-a-acao\/#primaryimage"},"image":{"@id":"https:\/\/portalmf.com.br\/index.php\/2026\/04\/29\/isas-realiza-a-vii-feira-solidarizar-da-ideia-a-acao\/#primaryimage"},"thumbnailUrl":"https:\/\/portalmf.com.br\/wp-content\/uploads\/2026\/04\/WhatsApp-Image-2026-04-28-at-08.45.14.jpeg","datePublished":"2026-04-29T14:44:22+00:00","dateModified":"2026-04-29T14:44:23+00:00","author":{"@id":"https:\/\/portalmf.com.br\/#\/schema\/person\/9ec101baf56233e53520c26de5d6f6f0"},"breadcrumb":{"@id":"https:\/\/portalmf.com.br\/index.php\/2026\/04\/29\/isas-realiza-a-vii-feira-solidarizar-da-ideia-a-acao\/#breadcrumb"},"inLanguage":"pt-BR","potentialAction":[{"@type":"ReadAction","target":["https:\/\/portalmf.com.br\/index.php\/2026\/04\/29\/isas-realiza-a-vii-feira-solidarizar-da-ideia-a-acao\/"]}]},{"@type":"ImageObject","inLanguage":"pt-BR","@id":"https:\/\/portalmf.com.br\/index.php\/2026\/04\/29\/isas-realiza-a-vii-feira-solidarizar-da-ideia-a-acao\/#primaryimage","url":"https:\/\/portalmf.com.br\/wp-content\/uploads\/2026\/04\/WhatsApp-Image-2026-04-28-at-08.45.14.jpeg","contentUrl":"https:\/\/portalmf.com.br\/wp-content\/uploads\/2026\/04\/WhatsApp-Image-2026-04-28-at-08.45.14.jpeg","width":1080,"height":644},{"@type":"BreadcrumbList","@id":"https:\/\/portalmf.com.br\/index.php\/2026\/04\/29\/isas-realiza-a-vii-feira-solidarizar-da-ideia-a-acao\/#breadcrumb","itemListElement":[{"@type":"ListItem","position":1,"name":"In\u00edcio","item":"https:\/\/portalmf.com.br\/"},{"@type":"ListItem","position":2,"name":"ISAS realiza a VII Feira Solidarizar: Da Ideia \u00e0 A\u00e7\u00e3o"}]},{"@type":"WebSite","@id":"https:\/\/portalmf.com.br\/#website","url":"https:\/\/portalmf.com.br\/","name":"Portal MF","description":"Voc\u00ea conectado com a informa\u00e7\u00e3o","potentialAction":[{"@type":"SearchAction","target":{"@type":"EntryPoint","urlTemplate":"https:\/\/portalmf.com.br\/?s={search_term_string}"},"query-input":"required name=search_term_string"}],"inLanguage":"pt-BR"},{"@type":"Person","@id":"https:\/\/portalmf.com.br\/#\/schema\/person\/9ec101baf56233e53520c26de5d6f6f0","name":"Reda\u00e7\u00e3o Portal MF","image":{"@type":"ImageObject","inLanguage":"pt-BR","@id":"https:\/\/portalmf.com.br\/#\/schema\/person\/image\/","url":"https:\/\/secure.gravatar.com\/avatar\/41b9aaeb2100835f7c64362330f74c7f?s=96&d=mm&r=g","contentUrl":"https:\/\/secure.gravatar.com\/avatar\/41b9aaeb2100835f7c64362330f74c7f?s=96&d=mm&r=g","caption":"Reda\u00e7\u00e3o Portal MF"},"description":"Sejam bem-vindos o portal de informa\u00e7\u00f5es de entretenimento de Feira de Santana, desde 2006 realiza coberturas dos principais eventos com entrevistas exclusivas com as principais personalidades mundiais. Fique conectado tamb\u00e9m nas redes sociais.","sameAs":["http:\/\/www.portalmf.com.br\/","https:\/\/www.facebook.com\/portalmfoficial","https:\/\/www.instagram.com\/portalmf\/","https:\/\/x.com\/https:\/\/x.com\/portalmfoficial","https:\/\/www.youtube.com\/@portalmfoficial"],"url":"https:\/\/portalmf.com.br\/index.php\/author\/junior\/"}]}},"_links":{"self":[{"href":"https:\/\/portalmf.com.br\/index.php\/wp-json\/wp\/v2\/posts\/43689"}],"collection":[{"href":"https:\/\/portalmf.com.br\/index.php\/wp-json\/wp\/v2\/posts"}],"about":[{"href":"https:\/\/portalmf.com.br\/index.php\/wp-json\/wp\/v2\/types\/post"}],"author":[{"embeddable":true,"href":"https:\/\/portalmf.com.br\/index.php\/wp-json\/wp\/v2\/users\/3"}],"replies":[{"embeddable":true,"href":"https:\/\/portalmf.com.br\/index.php\/wp-json\/wp\/v2\/comments?post=43689"}],"version-history":[{"count":1,"href":"https:\/\/portalmf.com.br\/index.php\/wp-json\/wp\/v2\/posts\/43689\/revisions"}],"predecessor-version":[{"id":43691,"href":"https:\/\/portalmf.com.br\/index.php\/wp-json\/wp\/v2\/posts\/43689\/revisions\/43691"}],"wp:featuredmedia":[{"embeddable":true,"href":"https:\/\/portalmf.com.br\/index.php\/wp-json\/wp\/v2\/media\/43690"}],"wp:attachment":[{"href":"https:\/\/portalmf.com.br\/index.php\/wp-json\/wp\/v2\/media?parent=43689"}],"wp:term":[{"taxonomy":"category","embeddable":true,"href":"https:\/\/portalmf.com.br\/index.php\/wp-json\/wp\/v2\/categories?post=43689"},{"taxonomy":"post_tag","embeddable":true,"href":"https:\/\/portalmf.com.br\/index.php\/wp-json\/wp\/v2\/tags?post=43689"}],"curies":[{"name":"wp","href":"https:\/\/api.w.org\/{rel}","templated":true}]}}