{"id":43687,"date":"2026-04-29T11:42:31","date_gmt":"2026-04-29T14:42:31","guid":{"rendered":"https:\/\/portalmf.com.br\/?p=43687"},"modified":"2026-04-29T11:42:32","modified_gmt":"2026-04-29T14:42:32","slug":"camarote-brahma-salvador-e-eleito-o-melhor-do-carnaval-2026-no-trofeu-armandinho-e-irmaos-macedo","status":"publish","type":"post","link":"https:\/\/portalmf.com.br\/index.php\/2026\/04\/29\/camarote-brahma-salvador-e-eleito-o-melhor-do-carnaval-2026-no-trofeu-armandinho-e-irmaos-macedo\/","title":{"rendered":"Camarote Brahma Salvador \u00e9 eleito o melhor do Carnaval 2026 no Trof\u00e9u Armandinho e Irm\u00e3os Macedo"},"content":{"rendered":"\n<p>O Camarote Brahma Salvador acaba de ser consagrado como o melhor camarote do Carnaval 2026. O reconhecimento foi anunciado na noite desta ter\u00e7a-feira (28), durante a cerim\u00f4nia do Trof\u00e9u Armandinho e Irm\u00e3os Macedo, a mais tradicional premia\u00e7\u00e3o do Carnaval de Salvador. O evento, promovido pela Band, foi realizado no Teatro Sesc Casa do Com\u00e9rcio, em Salvador, e reuniu alguns dos maiores nomes da m\u00fasica brasileira, al\u00e9m de empres\u00e1rios e profissionais que movimentam a ind\u00fastria do entretenimento, refor\u00e7ando o peso e a relev\u00e2ncia do reconhecimento dentro do pr\u00f3prio mercado.<\/p>\n\n\n\n<p>A entrega do pr\u00eamio foi conduzida pelos apresentadores Betinho e Juliana Guimar\u00e3es, da TV Band, em uma noite que tamb\u00e9m contou com a presen\u00e7a de Armandinho Macedo e seus irm\u00e3os, refer\u00eancias hist\u00f3ricas do Carnaval baiano. No palco, Guto Ulm e Binho Ulm, s\u00f3cios da 2GB Entretenimento, produtora respons\u00e1vel pelo Camarote Brahma Salvador, receberam o trof\u00e9u e celebraram a conquista, destacando o trabalho coletivo por tr\u00e1s da opera\u00e7\u00e3o.<\/p>\n\n\n\n<p><em>\u201cEsse pr\u00eamio \u00e9 de muita gente. De uma equipe que trabalha o ano inteiro, muitas vezes longe dos holofotes, para entregar um Carnaval inesquec\u00edvel. A gente divide esse reconhecimento com cada profissional que faz o Camarote Brahma acontecer\u201d,<\/em> afirmou Guto Ulm.<\/p>\n\n\n\n<p><em>J\u00e1 Binho Ulm destacou o significado da conquista dentro do contexto da festa.<\/em><\/p>\n\n\n\n<p><em>\u201cO Carnaval de Salvador \u00e9 uma pot\u00eancia cultural e econ\u00f4mica, e o nosso compromisso sempre foi contribuir para essa grandeza com responsabilidade e consist\u00eancia. Receber um pr\u00eamio como esse, diante de tantos nomes importantes do setor, tem um valor ainda maior\u201d.<\/em><\/p>\n\n\n\n<p>Com estrutura de grande porte, programa\u00e7\u00e3o art\u00edstica de destaque e uma proposta que alia conforto, servi\u00e7o premium e localiza\u00e7\u00e3o no cora\u00e7\u00e3o do circuito Barra-Ondina, o Camarote Brahma Salvador reafirma sua posi\u00e7\u00e3o como um dos espa\u00e7os mais desejados da folia, agora, oficialmente reconhecido como o melhor de 2026.<\/p>\n","protected":false},"excerpt":{"rendered":"<p>O Camarote Brahma Salvador acaba de ser consagrado como o melhor camarote do Carnaval 2026. O reconhecimento foi anunciado na noite desta ter\u00e7a-feira (28), durante a cerim\u00f4nia do Trof\u00e9u Armandinho e Irm\u00e3os Macedo, a mais tradicional premia\u00e7\u00e3o do Carnaval de Salvador. O evento, promovido pela Band, foi realizado no Teatro Sesc Casa do Com\u00e9rcio, em [&hellip;]<\/p>\n","protected":false},"author":3,"featured_media":8984,"comment_status":"open","ping_status":"open","sticky":false,"template":"","format":"standard","meta":{"_monsterinsights_skip_tracking":false,"_monsterinsights_sitenote_active":false,"_monsterinsights_sitenote_note":"","_monsterinsights_sitenote_category":0,"footnotes":""},"categories":[44],"tags":[],"yoast_head":"<!-- This site is optimized with the Yoast SEO plugin v22.9 - https:\/\/yoast.com\/wordpress\/plugins\/seo\/ -->\n<title>Camarote Brahma Salvador \u00e9 eleito o melhor do Carnaval 2026 no Trof\u00e9u Armandinho e Irm\u00e3os Macedo - Portal MF<\/title>\n<meta name=\"robots\" content=\"index, follow, max-snippet:-1, max-image-preview:large, max-video-preview:-1\" \/>\n<link rel=\"canonical\" href=\"https:\/\/portalmf.com.br\/index.php\/2026\/04\/29\/camarote-brahma-salvador-e-eleito-o-melhor-do-carnaval-2026-no-trofeu-armandinho-e-irmaos-macedo\/\" \/>\n<meta property=\"og:locale\" content=\"pt_BR\" \/>\n<meta property=\"og:type\" content=\"article\" \/>\n<meta property=\"og:title\" content=\"Camarote Brahma Salvador \u00e9 eleito o melhor do Carnaval 2026 no Trof\u00e9u Armandinho e Irm\u00e3os Macedo - Portal MF\" \/>\n<meta property=\"og:description\" content=\"O Camarote Brahma Salvador acaba de ser consagrado como o melhor camarote do Carnaval 2026. O reconhecimento foi anunciado na noite desta ter\u00e7a-feira (28), durante a cerim\u00f4nia do Trof\u00e9u Armandinho e Irm\u00e3os Macedo, a mais tradicional premia\u00e7\u00e3o do Carnaval de Salvador. O evento, promovido pela Band, foi realizado no Teatro Sesc Casa do Com\u00e9rcio, em [&hellip;]\" \/>\n<meta property=\"og:url\" content=\"https:\/\/portalmf.com.br\/index.php\/2026\/04\/29\/camarote-brahma-salvador-e-eleito-o-melhor-do-carnaval-2026-no-trofeu-armandinho-e-irmaos-macedo\/\" \/>\n<meta property=\"og:site_name\" content=\"Portal MF\" \/>\n<meta property=\"article:author\" content=\"https:\/\/www.facebook.com\/portalmfoficial\" \/>\n<meta property=\"article:published_time\" content=\"2026-04-29T14:42:31+00:00\" \/>\n<meta property=\"article:modified_time\" content=\"2026-04-29T14:42:32+00:00\" \/>\n<meta property=\"og:image\" content=\"https:\/\/portalmf.com.br\/wp-content\/uploads\/2023\/02\/Camarote-Brahma-Salvador.jpg\" \/>\n\t<meta property=\"og:image:width\" content=\"1024\" \/>\n\t<meta property=\"og:image:height\" content=\"576\" \/>\n\t<meta property=\"og:image:type\" content=\"image\/jpeg\" \/>\n<meta name=\"author\" content=\"Reda\u00e7\u00e3o Portal MF\" \/>\n<meta name=\"twitter:card\" content=\"summary_large_image\" \/>\n<meta name=\"twitter:creator\" content=\"@https:\/\/x.com\/portalmfoficial\" \/>\n<meta name=\"twitter:label1\" content=\"Escrito por\" \/>\n\t<meta name=\"twitter:data1\" content=\"Reda\u00e7\u00e3o Portal MF\" \/>\n\t<meta name=\"twitter:label2\" content=\"Est. tempo de leitura\" \/>\n\t<meta name=\"twitter:data2\" content=\"2 minutos\" \/>\n<script type=\"application\/ld+json\" class=\"yoast-schema-graph\">{\"@context\":\"https:\/\/schema.org\",\"@graph\":[{\"@type\":\"WebPage\",\"@id\":\"https:\/\/portalmf.com.br\/index.php\/2026\/04\/29\/camarote-brahma-salvador-e-eleito-o-melhor-do-carnaval-2026-no-trofeu-armandinho-e-irmaos-macedo\/\",\"url\":\"https:\/\/portalmf.com.br\/index.php\/2026\/04\/29\/camarote-brahma-salvador-e-eleito-o-melhor-do-carnaval-2026-no-trofeu-armandinho-e-irmaos-macedo\/\",\"name\":\"Camarote Brahma Salvador \u00e9 eleito o melhor do Carnaval 2026 no Trof\u00e9u Armandinho e Irm\u00e3os Macedo - Portal MF\",\"isPartOf\":{\"@id\":\"https:\/\/portalmf.com.br\/#website\"},\"primaryImageOfPage\":{\"@id\":\"https:\/\/portalmf.com.br\/index.php\/2026\/04\/29\/camarote-brahma-salvador-e-eleito-o-melhor-do-carnaval-2026-no-trofeu-armandinho-e-irmaos-macedo\/#primaryimage\"},\"image\":{\"@id\":\"https:\/\/portalmf.com.br\/index.php\/2026\/04\/29\/camarote-brahma-salvador-e-eleito-o-melhor-do-carnaval-2026-no-trofeu-armandinho-e-irmaos-macedo\/#primaryimage\"},\"thumbnailUrl\":\"https:\/\/portalmf.com.br\/wp-content\/uploads\/2023\/02\/Camarote-Brahma-Salvador.jpg\",\"datePublished\":\"2026-04-29T14:42:31+00:00\",\"dateModified\":\"2026-04-29T14:42:32+00:00\",\"author\":{\"@id\":\"https:\/\/portalmf.com.br\/#\/schema\/person\/9ec101baf56233e53520c26de5d6f6f0\"},\"breadcrumb\":{\"@id\":\"https:\/\/portalmf.com.br\/index.php\/2026\/04\/29\/camarote-brahma-salvador-e-eleito-o-melhor-do-carnaval-2026-no-trofeu-armandinho-e-irmaos-macedo\/#breadcrumb\"},\"inLanguage\":\"pt-BR\",\"potentialAction\":[{\"@type\":\"ReadAction\",\"target\":[\"https:\/\/portalmf.com.br\/index.php\/2026\/04\/29\/camarote-brahma-salvador-e-eleito-o-melhor-do-carnaval-2026-no-trofeu-armandinho-e-irmaos-macedo\/\"]}]},{\"@type\":\"ImageObject\",\"inLanguage\":\"pt-BR\",\"@id\":\"https:\/\/portalmf.com.br\/index.php\/2026\/04\/29\/camarote-brahma-salvador-e-eleito-o-melhor-do-carnaval-2026-no-trofeu-armandinho-e-irmaos-macedo\/#primaryimage\",\"url\":\"https:\/\/portalmf.com.br\/wp-content\/uploads\/2023\/02\/Camarote-Brahma-Salvador.jpg\",\"contentUrl\":\"https:\/\/portalmf.com.br\/wp-content\/uploads\/2023\/02\/Camarote-Brahma-Salvador.jpg\",\"width\":1024,\"height\":576},{\"@type\":\"BreadcrumbList\",\"@id\":\"https:\/\/portalmf.com.br\/index.php\/2026\/04\/29\/camarote-brahma-salvador-e-eleito-o-melhor-do-carnaval-2026-no-trofeu-armandinho-e-irmaos-macedo\/#breadcrumb\",\"itemListElement\":[{\"@type\":\"ListItem\",\"position\":1,\"name\":\"In\u00edcio\",\"item\":\"https:\/\/portalmf.com.br\/\"},{\"@type\":\"ListItem\",\"position\":2,\"name\":\"Camarote Brahma Salvador \u00e9 eleito o melhor do Carnaval 2026 no Trof\u00e9u Armandinho e Irm\u00e3os Macedo\"}]},{\"@type\":\"WebSite\",\"@id\":\"https:\/\/portalmf.com.br\/#website\",\"url\":\"https:\/\/portalmf.com.br\/\",\"name\":\"Portal MF\",\"description\":\"Voc\u00ea conectado com a informa\u00e7\u00e3o\",\"potentialAction\":[{\"@type\":\"SearchAction\",\"target\":{\"@type\":\"EntryPoint\",\"urlTemplate\":\"https:\/\/portalmf.com.br\/?s={search_term_string}\"},\"query-input\":\"required name=search_term_string\"}],\"inLanguage\":\"pt-BR\"},{\"@type\":\"Person\",\"@id\":\"https:\/\/portalmf.com.br\/#\/schema\/person\/9ec101baf56233e53520c26de5d6f6f0\",\"name\":\"Reda\u00e7\u00e3o Portal MF\",\"image\":{\"@type\":\"ImageObject\",\"inLanguage\":\"pt-BR\",\"@id\":\"https:\/\/portalmf.com.br\/#\/schema\/person\/image\/\",\"url\":\"https:\/\/secure.gravatar.com\/avatar\/41b9aaeb2100835f7c64362330f74c7f?s=96&d=mm&r=g\",\"contentUrl\":\"https:\/\/secure.gravatar.com\/avatar\/41b9aaeb2100835f7c64362330f74c7f?s=96&d=mm&r=g\",\"caption\":\"Reda\u00e7\u00e3o Portal MF\"},\"description\":\"Sejam bem-vindos o portal de informa\u00e7\u00f5es de entretenimento de Feira de Santana, desde 2006 realiza coberturas dos principais eventos com entrevistas exclusivas com as principais personalidades mundiais. Fique conectado tamb\u00e9m nas redes sociais.\",\"sameAs\":[\"http:\/\/www.portalmf.com.br\/\",\"https:\/\/www.facebook.com\/portalmfoficial\",\"https:\/\/www.instagram.com\/portalmf\/\",\"https:\/\/x.com\/https:\/\/x.com\/portalmfoficial\",\"https:\/\/www.youtube.com\/@portalmfoficial\"],\"url\":\"https:\/\/portalmf.com.br\/index.php\/author\/junior\/\"}]}<\/script>\n<!-- \/ Yoast SEO plugin. -->","yoast_head_json":{"title":"Camarote Brahma Salvador \u00e9 eleito o melhor do Carnaval 2026 no Trof\u00e9u Armandinho e Irm\u00e3os Macedo - Portal MF","robots":{"index":"index","follow":"follow","max-snippet":"max-snippet:-1","max-image-preview":"max-image-preview:large","max-video-preview":"max-video-preview:-1"},"canonical":"https:\/\/portalmf.com.br\/index.php\/2026\/04\/29\/camarote-brahma-salvador-e-eleito-o-melhor-do-carnaval-2026-no-trofeu-armandinho-e-irmaos-macedo\/","og_locale":"pt_BR","og_type":"article","og_title":"Camarote Brahma Salvador \u00e9 eleito o melhor do Carnaval 2026 no Trof\u00e9u Armandinho e Irm\u00e3os Macedo - Portal MF","og_description":"O Camarote Brahma Salvador acaba de ser consagrado como o melhor camarote do Carnaval 2026. O reconhecimento foi anunciado na noite desta ter\u00e7a-feira (28), durante a cerim\u00f4nia do Trof\u00e9u Armandinho e Irm\u00e3os Macedo, a mais tradicional premia\u00e7\u00e3o do Carnaval de Salvador. O evento, promovido pela Band, foi realizado no Teatro Sesc Casa do Com\u00e9rcio, em [&hellip;]","og_url":"https:\/\/portalmf.com.br\/index.php\/2026\/04\/29\/camarote-brahma-salvador-e-eleito-o-melhor-do-carnaval-2026-no-trofeu-armandinho-e-irmaos-macedo\/","og_site_name":"Portal MF","article_author":"https:\/\/www.facebook.com\/portalmfoficial","article_published_time":"2026-04-29T14:42:31+00:00","article_modified_time":"2026-04-29T14:42:32+00:00","og_image":[{"width":1024,"height":576,"url":"https:\/\/portalmf.com.br\/wp-content\/uploads\/2023\/02\/Camarote-Brahma-Salvador.jpg","type":"image\/jpeg"}],"author":"Reda\u00e7\u00e3o Portal MF","twitter_card":"summary_large_image","twitter_creator":"@https:\/\/x.com\/portalmfoficial","twitter_misc":{"Escrito por":"Reda\u00e7\u00e3o Portal MF","Est. tempo de leitura":"2 minutos"},"schema":{"@context":"https:\/\/schema.org","@graph":[{"@type":"WebPage","@id":"https:\/\/portalmf.com.br\/index.php\/2026\/04\/29\/camarote-brahma-salvador-e-eleito-o-melhor-do-carnaval-2026-no-trofeu-armandinho-e-irmaos-macedo\/","url":"https:\/\/portalmf.com.br\/index.php\/2026\/04\/29\/camarote-brahma-salvador-e-eleito-o-melhor-do-carnaval-2026-no-trofeu-armandinho-e-irmaos-macedo\/","name":"Camarote Brahma Salvador \u00e9 eleito o melhor do Carnaval 2026 no Trof\u00e9u Armandinho e Irm\u00e3os Macedo - Portal MF","isPartOf":{"@id":"https:\/\/portalmf.com.br\/#website"},"primaryImageOfPage":{"@id":"https:\/\/portalmf.com.br\/index.php\/2026\/04\/29\/camarote-brahma-salvador-e-eleito-o-melhor-do-carnaval-2026-no-trofeu-armandinho-e-irmaos-macedo\/#primaryimage"},"image":{"@id":"https:\/\/portalmf.com.br\/index.php\/2026\/04\/29\/camarote-brahma-salvador-e-eleito-o-melhor-do-carnaval-2026-no-trofeu-armandinho-e-irmaos-macedo\/#primaryimage"},"thumbnailUrl":"https:\/\/portalmf.com.br\/wp-content\/uploads\/2023\/02\/Camarote-Brahma-Salvador.jpg","datePublished":"2026-04-29T14:42:31+00:00","dateModified":"2026-04-29T14:42:32+00:00","author":{"@id":"https:\/\/portalmf.com.br\/#\/schema\/person\/9ec101baf56233e53520c26de5d6f6f0"},"breadcrumb":{"@id":"https:\/\/portalmf.com.br\/index.php\/2026\/04\/29\/camarote-brahma-salvador-e-eleito-o-melhor-do-carnaval-2026-no-trofeu-armandinho-e-irmaos-macedo\/#breadcrumb"},"inLanguage":"pt-BR","potentialAction":[{"@type":"ReadAction","target":["https:\/\/portalmf.com.br\/index.php\/2026\/04\/29\/camarote-brahma-salvador-e-eleito-o-melhor-do-carnaval-2026-no-trofeu-armandinho-e-irmaos-macedo\/"]}]},{"@type":"ImageObject","inLanguage":"pt-BR","@id":"https:\/\/portalmf.com.br\/index.php\/2026\/04\/29\/camarote-brahma-salvador-e-eleito-o-melhor-do-carnaval-2026-no-trofeu-armandinho-e-irmaos-macedo\/#primaryimage","url":"https:\/\/portalmf.com.br\/wp-content\/uploads\/2023\/02\/Camarote-Brahma-Salvador.jpg","contentUrl":"https:\/\/portalmf.com.br\/wp-content\/uploads\/2023\/02\/Camarote-Brahma-Salvador.jpg","width":1024,"height":576},{"@type":"BreadcrumbList","@id":"https:\/\/portalmf.com.br\/index.php\/2026\/04\/29\/camarote-brahma-salvador-e-eleito-o-melhor-do-carnaval-2026-no-trofeu-armandinho-e-irmaos-macedo\/#breadcrumb","itemListElement":[{"@type":"ListItem","position":1,"name":"In\u00edcio","item":"https:\/\/portalmf.com.br\/"},{"@type":"ListItem","position":2,"name":"Camarote Brahma Salvador \u00e9 eleito o melhor do Carnaval 2026 no Trof\u00e9u Armandinho e Irm\u00e3os Macedo"}]},{"@type":"WebSite","@id":"https:\/\/portalmf.com.br\/#website","url":"https:\/\/portalmf.com.br\/","name":"Portal MF","description":"Voc\u00ea conectado com a informa\u00e7\u00e3o","potentialAction":[{"@type":"SearchAction","target":{"@type":"EntryPoint","urlTemplate":"https:\/\/portalmf.com.br\/?s={search_term_string}"},"query-input":"required name=search_term_string"}],"inLanguage":"pt-BR"},{"@type":"Person","@id":"https:\/\/portalmf.com.br\/#\/schema\/person\/9ec101baf56233e53520c26de5d6f6f0","name":"Reda\u00e7\u00e3o Portal MF","image":{"@type":"ImageObject","inLanguage":"pt-BR","@id":"https:\/\/portalmf.com.br\/#\/schema\/person\/image\/","url":"https:\/\/secure.gravatar.com\/avatar\/41b9aaeb2100835f7c64362330f74c7f?s=96&d=mm&r=g","contentUrl":"https:\/\/secure.gravatar.com\/avatar\/41b9aaeb2100835f7c64362330f74c7f?s=96&d=mm&r=g","caption":"Reda\u00e7\u00e3o Portal MF"},"description":"Sejam bem-vindos o portal de informa\u00e7\u00f5es de entretenimento de Feira de Santana, desde 2006 realiza coberturas dos principais eventos com entrevistas exclusivas com as principais personalidades mundiais. Fique conectado tamb\u00e9m nas redes sociais.","sameAs":["http:\/\/www.portalmf.com.br\/","https:\/\/www.facebook.com\/portalmfoficial","https:\/\/www.instagram.com\/portalmf\/","https:\/\/x.com\/https:\/\/x.com\/portalmfoficial","https:\/\/www.youtube.com\/@portalmfoficial"],"url":"https:\/\/portalmf.com.br\/index.php\/author\/junior\/"}]}},"_links":{"self":[{"href":"https:\/\/portalmf.com.br\/index.php\/wp-json\/wp\/v2\/posts\/43687"}],"collection":[{"href":"https:\/\/portalmf.com.br\/index.php\/wp-json\/wp\/v2\/posts"}],"about":[{"href":"https:\/\/portalmf.com.br\/index.php\/wp-json\/wp\/v2\/types\/post"}],"author":[{"embeddable":true,"href":"https:\/\/portalmf.com.br\/index.php\/wp-json\/wp\/v2\/users\/3"}],"replies":[{"embeddable":true,"href":"https:\/\/portalmf.com.br\/index.php\/wp-json\/wp\/v2\/comments?post=43687"}],"version-history":[{"count":1,"href":"https:\/\/portalmf.com.br\/index.php\/wp-json\/wp\/v2\/posts\/43687\/revisions"}],"predecessor-version":[{"id":43688,"href":"https:\/\/portalmf.com.br\/index.php\/wp-json\/wp\/v2\/posts\/43687\/revisions\/43688"}],"wp:featuredmedia":[{"embeddable":true,"href":"https:\/\/portalmf.com.br\/index.php\/wp-json\/wp\/v2\/media\/8984"}],"wp:attachment":[{"href":"https:\/\/portalmf.com.br\/index.php\/wp-json\/wp\/v2\/media?parent=43687"}],"wp:term":[{"taxonomy":"category","embeddable":true,"href":"https:\/\/portalmf.com.br\/index.php\/wp-json\/wp\/v2\/categories?post=43687"},{"taxonomy":"post_tag","embeddable":true,"href":"https:\/\/portalmf.com.br\/index.php\/wp-json\/wp\/v2\/tags?post=43687"}],"curies":[{"name":"wp","href":"https:\/\/api.w.org\/{rel}","templated":true}]}}