{"id":43684,"date":"2026-04-29T11:39:10","date_gmt":"2026-04-29T14:39:10","guid":{"rendered":"https:\/\/portalmf.com.br\/?p=43684"},"modified":"2026-04-29T11:39:10","modified_gmt":"2026-04-29T14:39:10","slug":"cantor-pedro-gabriel-e-atracao-confirmada-no-arena-brasil-salvador","status":"publish","type":"post","link":"https:\/\/portalmf.com.br\/index.php\/2026\/04\/29\/cantor-pedro-gabriel-e-atracao-confirmada-no-arena-brasil-salvador\/","title":{"rendered":"Cantor Pedro Gabriel \u00e9 atra\u00e7\u00e3o confirmada no Arena Brasil Salvador"},"content":{"rendered":"\n<p>O cantor Pedro Gabriel acaba de anunciar mais uma grande novidade: foi escalado como uma das atra\u00e7\u00f5es da Arena Brasil Salvador. A apresenta\u00e7\u00e3o ser\u00e1 no dia 19 de junho, no Centro de Conven\u00e7\u00f5es, localizado na orla da Boca do rio. Para a apresenta\u00e7\u00e3o, PG promete reunir forr\u00f3, tradi\u00e7\u00e3o e um p\u00fablico apaixonado pelo ritmo.<\/p>\n\n\n\n<p><em>\u201c\u00c9 uma honra fazer parte de um evento t\u00e3o grandioso como o Arena Brasil. Copa do Mundo, S\u00e3o Jo\u00e3o e forr\u00f3 s\u00e3o tr\u00eas paix\u00f5es que se misturam e se combinam. E poder levar minha m\u00fasica para esse p\u00fablico, com certeza, ser\u00e1 uma experi\u00eancia \u00fanica\u201d,<\/em> destaca o cantor.<\/p>\n\n\n\n<p>Para o palco da festa, Pedro Gabriel levar\u00e1 um repert\u00f3rio que refor\u00e7a sua identidade, com destaque para o \u00e1lbum \u201c<a href=\"https:\/\/open.spotify.com\/intl-pt\/album\/0areCs5gsqCQNoegxUgrQW\">Sentimento de Forr\u00f3<\/a>\u201d, que re\u00fane 10 faixas autorais e marca uma fase importante da carreira do jovem cantor. O setlist tamb\u00e9m inclui o mais novo lan\u00e7amento \u201c<a href=\"https:\/\/www.youtube.com\/watch?v=ndnViPdhBcI&amp;list=PLURsWdQATU7iTTHyx76hct4G00HOGDDfd&amp;index=4\">Todo Tempo<\/a>\u201d, uma composi\u00e7\u00e3o do pr\u00f3prio artista, que est\u00e1 na boca da galera.<\/p>\n\n\n\n<p>Com o projeto &#8216;Arena Brasil Salvador&#8217; a Copa do Mundo ter\u00e1 gostinho de festa na capital baiana. O evento, que acontece entre os dias 13 de julho e 5 de julho, vai contar com shows em dias de jogo da sele\u00e7\u00e3o brasileira e festa para o p\u00fablico no Centro de Conven\u00e7\u00f5es, na Boca do Rio. A grade conta com apresenta\u00e7\u00f5es de grandes nomes da m\u00fasica, como Saulo, Thiaguinho e Alexandre Peixe, entre outros.<\/p>\n","protected":false},"excerpt":{"rendered":"<p>O cantor Pedro Gabriel acaba de anunciar mais uma grande novidade: foi escalado como uma das atra\u00e7\u00f5es da Arena Brasil Salvador. A apresenta\u00e7\u00e3o ser\u00e1 no dia 19 de junho, no Centro de Conven\u00e7\u00f5es, localizado na orla da Boca do rio. Para a apresenta\u00e7\u00e3o, PG promete reunir forr\u00f3, tradi\u00e7\u00e3o e um p\u00fablico apaixonado pelo ritmo. \u201c\u00c9 [&hellip;]<\/p>\n","protected":false},"author":3,"featured_media":43685,"comment_status":"open","ping_status":"open","sticky":false,"template":"","format":"standard","meta":{"_monsterinsights_skip_tracking":false,"_monsterinsights_sitenote_active":false,"_monsterinsights_sitenote_note":"","_monsterinsights_sitenote_category":0,"footnotes":""},"categories":[45],"tags":[],"yoast_head":"<!-- This site is optimized with the Yoast SEO plugin v22.9 - https:\/\/yoast.com\/wordpress\/plugins\/seo\/ -->\n<title>Cantor Pedro Gabriel \u00e9 atra\u00e7\u00e3o confirmada no Arena Brasil Salvador - Portal MF<\/title>\n<meta name=\"robots\" content=\"index, follow, max-snippet:-1, max-image-preview:large, max-video-preview:-1\" \/>\n<link rel=\"canonical\" href=\"https:\/\/portalmf.com.br\/index.php\/2026\/04\/29\/cantor-pedro-gabriel-e-atracao-confirmada-no-arena-brasil-salvador\/\" \/>\n<meta property=\"og:locale\" content=\"pt_BR\" \/>\n<meta property=\"og:type\" content=\"article\" \/>\n<meta property=\"og:title\" content=\"Cantor Pedro Gabriel \u00e9 atra\u00e7\u00e3o confirmada no Arena Brasil Salvador - Portal MF\" \/>\n<meta property=\"og:description\" content=\"O cantor Pedro Gabriel acaba de anunciar mais uma grande novidade: foi escalado como uma das atra\u00e7\u00f5es da Arena Brasil Salvador. A apresenta\u00e7\u00e3o ser\u00e1 no dia 19 de junho, no Centro de Conven\u00e7\u00f5es, localizado na orla da Boca do rio. Para a apresenta\u00e7\u00e3o, PG promete reunir forr\u00f3, tradi\u00e7\u00e3o e um p\u00fablico apaixonado pelo ritmo. \u201c\u00c9 [&hellip;]\" \/>\n<meta property=\"og:url\" content=\"https:\/\/portalmf.com.br\/index.php\/2026\/04\/29\/cantor-pedro-gabriel-e-atracao-confirmada-no-arena-brasil-salvador\/\" \/>\n<meta property=\"og:site_name\" content=\"Portal MF\" \/>\n<meta property=\"article:author\" content=\"https:\/\/www.facebook.com\/portalmfoficial\" \/>\n<meta property=\"article:published_time\" content=\"2026-04-29T14:39:10+00:00\" \/>\n<meta property=\"og:image\" content=\"https:\/\/portalmf.com.br\/wp-content\/uploads\/2026\/04\/Pedro-Gabriel-e-atracao-confirmada-no-dia-19-de-junho.jpeg\" \/>\n\t<meta property=\"og:image:width\" content=\"1500\" \/>\n\t<meta property=\"og:image:height\" content=\"1012\" \/>\n\t<meta property=\"og:image:type\" content=\"image\/jpeg\" \/>\n<meta name=\"author\" content=\"Reda\u00e7\u00e3o Portal MF\" \/>\n<meta name=\"twitter:card\" content=\"summary_large_image\" \/>\n<meta name=\"twitter:creator\" content=\"@https:\/\/x.com\/portalmfoficial\" \/>\n<meta name=\"twitter:label1\" content=\"Escrito por\" \/>\n\t<meta name=\"twitter:data1\" content=\"Reda\u00e7\u00e3o Portal MF\" \/>\n\t<meta name=\"twitter:label2\" content=\"Est. tempo de leitura\" \/>\n\t<meta name=\"twitter:data2\" content=\"2 minutos\" \/>\n<script type=\"application\/ld+json\" class=\"yoast-schema-graph\">{\"@context\":\"https:\/\/schema.org\",\"@graph\":[{\"@type\":\"WebPage\",\"@id\":\"https:\/\/portalmf.com.br\/index.php\/2026\/04\/29\/cantor-pedro-gabriel-e-atracao-confirmada-no-arena-brasil-salvador\/\",\"url\":\"https:\/\/portalmf.com.br\/index.php\/2026\/04\/29\/cantor-pedro-gabriel-e-atracao-confirmada-no-arena-brasil-salvador\/\",\"name\":\"Cantor Pedro Gabriel \u00e9 atra\u00e7\u00e3o confirmada no Arena Brasil Salvador - Portal MF\",\"isPartOf\":{\"@id\":\"https:\/\/portalmf.com.br\/#website\"},\"primaryImageOfPage\":{\"@id\":\"https:\/\/portalmf.com.br\/index.php\/2026\/04\/29\/cantor-pedro-gabriel-e-atracao-confirmada-no-arena-brasil-salvador\/#primaryimage\"},\"image\":{\"@id\":\"https:\/\/portalmf.com.br\/index.php\/2026\/04\/29\/cantor-pedro-gabriel-e-atracao-confirmada-no-arena-brasil-salvador\/#primaryimage\"},\"thumbnailUrl\":\"https:\/\/portalmf.com.br\/wp-content\/uploads\/2026\/04\/Pedro-Gabriel-e-atracao-confirmada-no-dia-19-de-junho.jpeg\",\"datePublished\":\"2026-04-29T14:39:10+00:00\",\"dateModified\":\"2026-04-29T14:39:10+00:00\",\"author\":{\"@id\":\"https:\/\/portalmf.com.br\/#\/schema\/person\/9ec101baf56233e53520c26de5d6f6f0\"},\"breadcrumb\":{\"@id\":\"https:\/\/portalmf.com.br\/index.php\/2026\/04\/29\/cantor-pedro-gabriel-e-atracao-confirmada-no-arena-brasil-salvador\/#breadcrumb\"},\"inLanguage\":\"pt-BR\",\"potentialAction\":[{\"@type\":\"ReadAction\",\"target\":[\"https:\/\/portalmf.com.br\/index.php\/2026\/04\/29\/cantor-pedro-gabriel-e-atracao-confirmada-no-arena-brasil-salvador\/\"]}]},{\"@type\":\"ImageObject\",\"inLanguage\":\"pt-BR\",\"@id\":\"https:\/\/portalmf.com.br\/index.php\/2026\/04\/29\/cantor-pedro-gabriel-e-atracao-confirmada-no-arena-brasil-salvador\/#primaryimage\",\"url\":\"https:\/\/portalmf.com.br\/wp-content\/uploads\/2026\/04\/Pedro-Gabriel-e-atracao-confirmada-no-dia-19-de-junho.jpeg\",\"contentUrl\":\"https:\/\/portalmf.com.br\/wp-content\/uploads\/2026\/04\/Pedro-Gabriel-e-atracao-confirmada-no-dia-19-de-junho.jpeg\",\"width\":1500,\"height\":1012},{\"@type\":\"BreadcrumbList\",\"@id\":\"https:\/\/portalmf.com.br\/index.php\/2026\/04\/29\/cantor-pedro-gabriel-e-atracao-confirmada-no-arena-brasil-salvador\/#breadcrumb\",\"itemListElement\":[{\"@type\":\"ListItem\",\"position\":1,\"name\":\"In\u00edcio\",\"item\":\"https:\/\/portalmf.com.br\/\"},{\"@type\":\"ListItem\",\"position\":2,\"name\":\"Cantor Pedro Gabriel \u00e9 atra\u00e7\u00e3o confirmada no Arena Brasil Salvador\"}]},{\"@type\":\"WebSite\",\"@id\":\"https:\/\/portalmf.com.br\/#website\",\"url\":\"https:\/\/portalmf.com.br\/\",\"name\":\"Portal MF\",\"description\":\"Voc\u00ea conectado com a informa\u00e7\u00e3o\",\"potentialAction\":[{\"@type\":\"SearchAction\",\"target\":{\"@type\":\"EntryPoint\",\"urlTemplate\":\"https:\/\/portalmf.com.br\/?s={search_term_string}\"},\"query-input\":\"required name=search_term_string\"}],\"inLanguage\":\"pt-BR\"},{\"@type\":\"Person\",\"@id\":\"https:\/\/portalmf.com.br\/#\/schema\/person\/9ec101baf56233e53520c26de5d6f6f0\",\"name\":\"Reda\u00e7\u00e3o Portal MF\",\"image\":{\"@type\":\"ImageObject\",\"inLanguage\":\"pt-BR\",\"@id\":\"https:\/\/portalmf.com.br\/#\/schema\/person\/image\/\",\"url\":\"https:\/\/secure.gravatar.com\/avatar\/41b9aaeb2100835f7c64362330f74c7f?s=96&d=mm&r=g\",\"contentUrl\":\"https:\/\/secure.gravatar.com\/avatar\/41b9aaeb2100835f7c64362330f74c7f?s=96&d=mm&r=g\",\"caption\":\"Reda\u00e7\u00e3o Portal MF\"},\"description\":\"Sejam bem-vindos o portal de informa\u00e7\u00f5es de entretenimento de Feira de Santana, desde 2006 realiza coberturas dos principais eventos com entrevistas exclusivas com as principais personalidades mundiais. Fique conectado tamb\u00e9m nas redes sociais.\",\"sameAs\":[\"http:\/\/www.portalmf.com.br\/\",\"https:\/\/www.facebook.com\/portalmfoficial\",\"https:\/\/www.instagram.com\/portalmf\/\",\"https:\/\/x.com\/https:\/\/x.com\/portalmfoficial\",\"https:\/\/www.youtube.com\/@portalmfoficial\"],\"url\":\"https:\/\/portalmf.com.br\/index.php\/author\/junior\/\"}]}<\/script>\n<!-- \/ Yoast SEO plugin. -->","yoast_head_json":{"title":"Cantor Pedro Gabriel \u00e9 atra\u00e7\u00e3o confirmada no Arena Brasil Salvador - Portal MF","robots":{"index":"index","follow":"follow","max-snippet":"max-snippet:-1","max-image-preview":"max-image-preview:large","max-video-preview":"max-video-preview:-1"},"canonical":"https:\/\/portalmf.com.br\/index.php\/2026\/04\/29\/cantor-pedro-gabriel-e-atracao-confirmada-no-arena-brasil-salvador\/","og_locale":"pt_BR","og_type":"article","og_title":"Cantor Pedro Gabriel \u00e9 atra\u00e7\u00e3o confirmada no Arena Brasil Salvador - Portal MF","og_description":"O cantor Pedro Gabriel acaba de anunciar mais uma grande novidade: foi escalado como uma das atra\u00e7\u00f5es da Arena Brasil Salvador. A apresenta\u00e7\u00e3o ser\u00e1 no dia 19 de junho, no Centro de Conven\u00e7\u00f5es, localizado na orla da Boca do rio. Para a apresenta\u00e7\u00e3o, PG promete reunir forr\u00f3, tradi\u00e7\u00e3o e um p\u00fablico apaixonado pelo ritmo. \u201c\u00c9 [&hellip;]","og_url":"https:\/\/portalmf.com.br\/index.php\/2026\/04\/29\/cantor-pedro-gabriel-e-atracao-confirmada-no-arena-brasil-salvador\/","og_site_name":"Portal MF","article_author":"https:\/\/www.facebook.com\/portalmfoficial","article_published_time":"2026-04-29T14:39:10+00:00","og_image":[{"width":1500,"height":1012,"url":"https:\/\/portalmf.com.br\/wp-content\/uploads\/2026\/04\/Pedro-Gabriel-e-atracao-confirmada-no-dia-19-de-junho.jpeg","type":"image\/jpeg"}],"author":"Reda\u00e7\u00e3o Portal MF","twitter_card":"summary_large_image","twitter_creator":"@https:\/\/x.com\/portalmfoficial","twitter_misc":{"Escrito por":"Reda\u00e7\u00e3o Portal MF","Est. tempo de leitura":"2 minutos"},"schema":{"@context":"https:\/\/schema.org","@graph":[{"@type":"WebPage","@id":"https:\/\/portalmf.com.br\/index.php\/2026\/04\/29\/cantor-pedro-gabriel-e-atracao-confirmada-no-arena-brasil-salvador\/","url":"https:\/\/portalmf.com.br\/index.php\/2026\/04\/29\/cantor-pedro-gabriel-e-atracao-confirmada-no-arena-brasil-salvador\/","name":"Cantor Pedro Gabriel \u00e9 atra\u00e7\u00e3o confirmada no Arena Brasil Salvador - Portal MF","isPartOf":{"@id":"https:\/\/portalmf.com.br\/#website"},"primaryImageOfPage":{"@id":"https:\/\/portalmf.com.br\/index.php\/2026\/04\/29\/cantor-pedro-gabriel-e-atracao-confirmada-no-arena-brasil-salvador\/#primaryimage"},"image":{"@id":"https:\/\/portalmf.com.br\/index.php\/2026\/04\/29\/cantor-pedro-gabriel-e-atracao-confirmada-no-arena-brasil-salvador\/#primaryimage"},"thumbnailUrl":"https:\/\/portalmf.com.br\/wp-content\/uploads\/2026\/04\/Pedro-Gabriel-e-atracao-confirmada-no-dia-19-de-junho.jpeg","datePublished":"2026-04-29T14:39:10+00:00","dateModified":"2026-04-29T14:39:10+00:00","author":{"@id":"https:\/\/portalmf.com.br\/#\/schema\/person\/9ec101baf56233e53520c26de5d6f6f0"},"breadcrumb":{"@id":"https:\/\/portalmf.com.br\/index.php\/2026\/04\/29\/cantor-pedro-gabriel-e-atracao-confirmada-no-arena-brasil-salvador\/#breadcrumb"},"inLanguage":"pt-BR","potentialAction":[{"@type":"ReadAction","target":["https:\/\/portalmf.com.br\/index.php\/2026\/04\/29\/cantor-pedro-gabriel-e-atracao-confirmada-no-arena-brasil-salvador\/"]}]},{"@type":"ImageObject","inLanguage":"pt-BR","@id":"https:\/\/portalmf.com.br\/index.php\/2026\/04\/29\/cantor-pedro-gabriel-e-atracao-confirmada-no-arena-brasil-salvador\/#primaryimage","url":"https:\/\/portalmf.com.br\/wp-content\/uploads\/2026\/04\/Pedro-Gabriel-e-atracao-confirmada-no-dia-19-de-junho.jpeg","contentUrl":"https:\/\/portalmf.com.br\/wp-content\/uploads\/2026\/04\/Pedro-Gabriel-e-atracao-confirmada-no-dia-19-de-junho.jpeg","width":1500,"height":1012},{"@type":"BreadcrumbList","@id":"https:\/\/portalmf.com.br\/index.php\/2026\/04\/29\/cantor-pedro-gabriel-e-atracao-confirmada-no-arena-brasil-salvador\/#breadcrumb","itemListElement":[{"@type":"ListItem","position":1,"name":"In\u00edcio","item":"https:\/\/portalmf.com.br\/"},{"@type":"ListItem","position":2,"name":"Cantor Pedro Gabriel \u00e9 atra\u00e7\u00e3o confirmada no Arena Brasil Salvador"}]},{"@type":"WebSite","@id":"https:\/\/portalmf.com.br\/#website","url":"https:\/\/portalmf.com.br\/","name":"Portal MF","description":"Voc\u00ea conectado com a informa\u00e7\u00e3o","potentialAction":[{"@type":"SearchAction","target":{"@type":"EntryPoint","urlTemplate":"https:\/\/portalmf.com.br\/?s={search_term_string}"},"query-input":"required name=search_term_string"}],"inLanguage":"pt-BR"},{"@type":"Person","@id":"https:\/\/portalmf.com.br\/#\/schema\/person\/9ec101baf56233e53520c26de5d6f6f0","name":"Reda\u00e7\u00e3o Portal MF","image":{"@type":"ImageObject","inLanguage":"pt-BR","@id":"https:\/\/portalmf.com.br\/#\/schema\/person\/image\/","url":"https:\/\/secure.gravatar.com\/avatar\/41b9aaeb2100835f7c64362330f74c7f?s=96&d=mm&r=g","contentUrl":"https:\/\/secure.gravatar.com\/avatar\/41b9aaeb2100835f7c64362330f74c7f?s=96&d=mm&r=g","caption":"Reda\u00e7\u00e3o Portal MF"},"description":"Sejam bem-vindos o portal de informa\u00e7\u00f5es de entretenimento de Feira de Santana, desde 2006 realiza coberturas dos principais eventos com entrevistas exclusivas com as principais personalidades mundiais. Fique conectado tamb\u00e9m nas redes sociais.","sameAs":["http:\/\/www.portalmf.com.br\/","https:\/\/www.facebook.com\/portalmfoficial","https:\/\/www.instagram.com\/portalmf\/","https:\/\/x.com\/https:\/\/x.com\/portalmfoficial","https:\/\/www.youtube.com\/@portalmfoficial"],"url":"https:\/\/portalmf.com.br\/index.php\/author\/junior\/"}]}},"_links":{"self":[{"href":"https:\/\/portalmf.com.br\/index.php\/wp-json\/wp\/v2\/posts\/43684"}],"collection":[{"href":"https:\/\/portalmf.com.br\/index.php\/wp-json\/wp\/v2\/posts"}],"about":[{"href":"https:\/\/portalmf.com.br\/index.php\/wp-json\/wp\/v2\/types\/post"}],"author":[{"embeddable":true,"href":"https:\/\/portalmf.com.br\/index.php\/wp-json\/wp\/v2\/users\/3"}],"replies":[{"embeddable":true,"href":"https:\/\/portalmf.com.br\/index.php\/wp-json\/wp\/v2\/comments?post=43684"}],"version-history":[{"count":1,"href":"https:\/\/portalmf.com.br\/index.php\/wp-json\/wp\/v2\/posts\/43684\/revisions"}],"predecessor-version":[{"id":43686,"href":"https:\/\/portalmf.com.br\/index.php\/wp-json\/wp\/v2\/posts\/43684\/revisions\/43686"}],"wp:featuredmedia":[{"embeddable":true,"href":"https:\/\/portalmf.com.br\/index.php\/wp-json\/wp\/v2\/media\/43685"}],"wp:attachment":[{"href":"https:\/\/portalmf.com.br\/index.php\/wp-json\/wp\/v2\/media?parent=43684"}],"wp:term":[{"taxonomy":"category","embeddable":true,"href":"https:\/\/portalmf.com.br\/index.php\/wp-json\/wp\/v2\/categories?post=43684"},{"taxonomy":"post_tag","embeddable":true,"href":"https:\/\/portalmf.com.br\/index.php\/wp-json\/wp\/v2\/tags?post=43684"}],"curies":[{"name":"wp","href":"https:\/\/api.w.org\/{rel}","templated":true}]}}