{"id":43679,"date":"2026-04-28T22:34:06","date_gmt":"2026-04-29T01:34:06","guid":{"rendered":"https:\/\/portalmf.com.br\/?p=43679"},"modified":"2026-04-28T22:34:07","modified_gmt":"2026-04-29T01:34:07","slug":"festival-de-inverno-bahia-fib-anuncia-inicio-das-vendas-no-escuro-2","status":"publish","type":"post","link":"https:\/\/portalmf.com.br\/index.php\/2026\/04\/28\/festival-de-inverno-bahia-fib-anuncia-inicio-das-vendas-no-escuro-2\/","title":{"rendered":"Festival de Inverno Bahia (FIB) anuncia in\u00edcio das vendas no escuro"},"content":{"rendered":"\n<p>O Festival de Inverno Bahia (FIB) acabou de anunciar a abertura de vendas no escuro com lote especial. Celebrando 20 edi\u00e7\u00f5es, o FIB acontecer\u00e1 nos dias 21, 22 e 23 de agosto, no Parque de Exposi\u00e7\u00f5es Teopompo de Almeida, em Vit\u00f3ria da Conquista \u2013 BA.<\/p>\n\n\n\n<p>O Festival j\u00e1 reuniu grandes atra\u00e7\u00f5es e promoveu encontros inesquec\u00edveis ao longo dos anos e \u00e9 respons\u00e1vel por aquecer a regi\u00e3o durante a sua realiza\u00e7\u00e3o. Nomes como Ney Matogrosso, Nando Reis, Ana Castela, Vanessa da Mata, Xand Avi\u00e3o, AnaVit\u00f3ria, Alexandre Pires, Menos \u00c9 Mais, Ivete Sangalo, L\u00e9o Santana e Lulu Santos j\u00e1 subiram ao palco do FIB e aqueceram a Su\u00ed\u00e7a Baiana.<\/p>\n\n\n\n<p>A 20\u00aa edi\u00e7\u00e3o do Festival de Inverno Bahia chega trazendo, pelo segundo ano consecutivo, a parceria entre a Salvador Produ\u00e7\u00f5es e a Bahia Eventos na realiza\u00e7\u00e3o do festival, repetindo a dobradinha de sucesso que vem marcando o ver\u00e3o com o Festival de Ver\u00e3o Salvador.<\/p>\n\n\n\n<p>O FIB trar\u00e1, mais uma vez, al\u00e9m dos grandes shows, ativa\u00e7\u00f5es dos patrocinadores e parceiros, que estar\u00e3o espalhados por todo o Parque Teopompo de Almeida e ser\u00e3o uma atra\u00e7\u00e3o \u00e0 parte para o p\u00fablico. Al\u00e9m das ativa\u00e7\u00f5es, a gastronomia tamb\u00e9m estar\u00e1 presente no Festival, levando o melhor da culin\u00e1ria local e regional para os conquistenses e visitantes.<\/p>\n\n\n\n<p>As vendas dos ingressos v\u00e3o acontecer atrav\u00e9s da plataforma Sympla, em Salvador na loja do Bora Tickets, no 2\u00ba piso do Shopping da Bahia e em Vit\u00f3ria da Conquista na Central de Ingressos (Shopping Conquista Sul e Galeria Panvicon), Banca Central (Pra\u00e7a Bar\u00e3o do Rio Branco), na Loja Taco (Av. Ol\u00edvia Flores, 686), na loja DMK (Shopping Boulevard) e na Charlie Colt (Bairro Brasil).<\/p>\n\n\n\n<p>Em breve, mais detalhes sobre o line-up e estrutura ser\u00e3o revelados. O p\u00fablico pode esperar um festival memor\u00e1vel, com atra\u00e7\u00f5es que prometem marcar a hist\u00f3ria do FIB.<\/p>\n","protected":false},"excerpt":{"rendered":"<p>O Festival de Inverno Bahia (FIB) acabou de anunciar a abertura de vendas no escuro com lote especial. Celebrando 20 edi\u00e7\u00f5es, o FIB acontecer\u00e1 nos dias 21, 22 e 23 de agosto, no Parque de Exposi\u00e7\u00f5es Teopompo de Almeida, em Vit\u00f3ria da Conquista \u2013 BA. O Festival j\u00e1 reuniu grandes atra\u00e7\u00f5es e promoveu encontros inesquec\u00edveis [&hellip;]<\/p>\n","protected":false},"author":3,"featured_media":38165,"comment_status":"open","ping_status":"open","sticky":false,"template":"","format":"standard","meta":{"_monsterinsights_skip_tracking":false,"_monsterinsights_sitenote_active":false,"_monsterinsights_sitenote_note":"","_monsterinsights_sitenote_category":0,"footnotes":""},"categories":[45],"tags":[],"yoast_head":"<!-- This site is optimized with the Yoast SEO plugin v22.9 - https:\/\/yoast.com\/wordpress\/plugins\/seo\/ -->\n<title>Festival de Inverno Bahia (FIB) anuncia in\u00edcio das vendas no escuro - Portal MF<\/title>\n<meta name=\"robots\" content=\"index, follow, max-snippet:-1, max-image-preview:large, max-video-preview:-1\" \/>\n<link rel=\"canonical\" href=\"https:\/\/portalmf.com.br\/index.php\/2026\/04\/28\/festival-de-inverno-bahia-fib-anuncia-inicio-das-vendas-no-escuro-2\/\" \/>\n<meta property=\"og:locale\" content=\"pt_BR\" \/>\n<meta property=\"og:type\" content=\"article\" \/>\n<meta property=\"og:title\" content=\"Festival de Inverno Bahia (FIB) anuncia in\u00edcio das vendas no escuro - Portal MF\" \/>\n<meta property=\"og:description\" content=\"O Festival de Inverno Bahia (FIB) acabou de anunciar a abertura de vendas no escuro com lote especial. Celebrando 20 edi\u00e7\u00f5es, o FIB acontecer\u00e1 nos dias 21, 22 e 23 de agosto, no Parque de Exposi\u00e7\u00f5es Teopompo de Almeida, em Vit\u00f3ria da Conquista \u2013 BA. O Festival j\u00e1 reuniu grandes atra\u00e7\u00f5es e promoveu encontros inesquec\u00edveis [&hellip;]\" \/>\n<meta property=\"og:url\" content=\"https:\/\/portalmf.com.br\/index.php\/2026\/04\/28\/festival-de-inverno-bahia-fib-anuncia-inicio-das-vendas-no-escuro-2\/\" \/>\n<meta property=\"og:site_name\" content=\"Portal MF\" \/>\n<meta property=\"article:author\" content=\"https:\/\/www.facebook.com\/portalmfoficial\" \/>\n<meta property=\"article:published_time\" content=\"2026-04-29T01:34:06+00:00\" \/>\n<meta property=\"article:modified_time\" content=\"2026-04-29T01:34:07+00:00\" \/>\n<meta property=\"og:image\" content=\"https:\/\/portalmf.com.br\/wp-content\/uploads\/2025\/08\/Festival-de-Inverno-Bahia-FIB.jpg\" \/>\n\t<meta property=\"og:image:width\" content=\"1600\" \/>\n\t<meta property=\"og:image:height\" content=\"1066\" \/>\n\t<meta property=\"og:image:type\" content=\"image\/jpeg\" \/>\n<meta name=\"author\" content=\"Reda\u00e7\u00e3o Portal MF\" \/>\n<meta name=\"twitter:card\" content=\"summary_large_image\" \/>\n<meta name=\"twitter:creator\" content=\"@https:\/\/x.com\/portalmfoficial\" \/>\n<meta name=\"twitter:label1\" content=\"Escrito por\" \/>\n\t<meta name=\"twitter:data1\" content=\"Reda\u00e7\u00e3o Portal MF\" \/>\n\t<meta name=\"twitter:label2\" content=\"Est. tempo de leitura\" \/>\n\t<meta name=\"twitter:data2\" content=\"2 minutos\" \/>\n<script type=\"application\/ld+json\" class=\"yoast-schema-graph\">{\"@context\":\"https:\/\/schema.org\",\"@graph\":[{\"@type\":\"WebPage\",\"@id\":\"https:\/\/portalmf.com.br\/index.php\/2026\/04\/28\/festival-de-inverno-bahia-fib-anuncia-inicio-das-vendas-no-escuro-2\/\",\"url\":\"https:\/\/portalmf.com.br\/index.php\/2026\/04\/28\/festival-de-inverno-bahia-fib-anuncia-inicio-das-vendas-no-escuro-2\/\",\"name\":\"Festival de Inverno Bahia (FIB) anuncia in\u00edcio das vendas no escuro - Portal MF\",\"isPartOf\":{\"@id\":\"https:\/\/portalmf.com.br\/#website\"},\"primaryImageOfPage\":{\"@id\":\"https:\/\/portalmf.com.br\/index.php\/2026\/04\/28\/festival-de-inverno-bahia-fib-anuncia-inicio-das-vendas-no-escuro-2\/#primaryimage\"},\"image\":{\"@id\":\"https:\/\/portalmf.com.br\/index.php\/2026\/04\/28\/festival-de-inverno-bahia-fib-anuncia-inicio-das-vendas-no-escuro-2\/#primaryimage\"},\"thumbnailUrl\":\"https:\/\/portalmf.com.br\/wp-content\/uploads\/2025\/08\/Festival-de-Inverno-Bahia-FIB.jpg\",\"datePublished\":\"2026-04-29T01:34:06+00:00\",\"dateModified\":\"2026-04-29T01:34:07+00:00\",\"author\":{\"@id\":\"https:\/\/portalmf.com.br\/#\/schema\/person\/9ec101baf56233e53520c26de5d6f6f0\"},\"breadcrumb\":{\"@id\":\"https:\/\/portalmf.com.br\/index.php\/2026\/04\/28\/festival-de-inverno-bahia-fib-anuncia-inicio-das-vendas-no-escuro-2\/#breadcrumb\"},\"inLanguage\":\"pt-BR\",\"potentialAction\":[{\"@type\":\"ReadAction\",\"target\":[\"https:\/\/portalmf.com.br\/index.php\/2026\/04\/28\/festival-de-inverno-bahia-fib-anuncia-inicio-das-vendas-no-escuro-2\/\"]}]},{\"@type\":\"ImageObject\",\"inLanguage\":\"pt-BR\",\"@id\":\"https:\/\/portalmf.com.br\/index.php\/2026\/04\/28\/festival-de-inverno-bahia-fib-anuncia-inicio-das-vendas-no-escuro-2\/#primaryimage\",\"url\":\"https:\/\/portalmf.com.br\/wp-content\/uploads\/2025\/08\/Festival-de-Inverno-Bahia-FIB.jpg\",\"contentUrl\":\"https:\/\/portalmf.com.br\/wp-content\/uploads\/2025\/08\/Festival-de-Inverno-Bahia-FIB.jpg\",\"width\":1600,\"height\":1066},{\"@type\":\"BreadcrumbList\",\"@id\":\"https:\/\/portalmf.com.br\/index.php\/2026\/04\/28\/festival-de-inverno-bahia-fib-anuncia-inicio-das-vendas-no-escuro-2\/#breadcrumb\",\"itemListElement\":[{\"@type\":\"ListItem\",\"position\":1,\"name\":\"In\u00edcio\",\"item\":\"https:\/\/portalmf.com.br\/\"},{\"@type\":\"ListItem\",\"position\":2,\"name\":\"Festival de Inverno Bahia (FIB) anuncia in\u00edcio das vendas no escuro\"}]},{\"@type\":\"WebSite\",\"@id\":\"https:\/\/portalmf.com.br\/#website\",\"url\":\"https:\/\/portalmf.com.br\/\",\"name\":\"Portal MF\",\"description\":\"Voc\u00ea conectado com a informa\u00e7\u00e3o\",\"potentialAction\":[{\"@type\":\"SearchAction\",\"target\":{\"@type\":\"EntryPoint\",\"urlTemplate\":\"https:\/\/portalmf.com.br\/?s={search_term_string}\"},\"query-input\":\"required name=search_term_string\"}],\"inLanguage\":\"pt-BR\"},{\"@type\":\"Person\",\"@id\":\"https:\/\/portalmf.com.br\/#\/schema\/person\/9ec101baf56233e53520c26de5d6f6f0\",\"name\":\"Reda\u00e7\u00e3o Portal MF\",\"image\":{\"@type\":\"ImageObject\",\"inLanguage\":\"pt-BR\",\"@id\":\"https:\/\/portalmf.com.br\/#\/schema\/person\/image\/\",\"url\":\"https:\/\/secure.gravatar.com\/avatar\/41b9aaeb2100835f7c64362330f74c7f?s=96&d=mm&r=g\",\"contentUrl\":\"https:\/\/secure.gravatar.com\/avatar\/41b9aaeb2100835f7c64362330f74c7f?s=96&d=mm&r=g\",\"caption\":\"Reda\u00e7\u00e3o Portal MF\"},\"description\":\"Sejam bem-vindos o portal de informa\u00e7\u00f5es de entretenimento de Feira de Santana, desde 2006 realiza coberturas dos principais eventos com entrevistas exclusivas com as principais personalidades mundiais. Fique conectado tamb\u00e9m nas redes sociais.\",\"sameAs\":[\"http:\/\/www.portalmf.com.br\/\",\"https:\/\/www.facebook.com\/portalmfoficial\",\"https:\/\/www.instagram.com\/portalmf\/\",\"https:\/\/x.com\/https:\/\/x.com\/portalmfoficial\",\"https:\/\/www.youtube.com\/@portalmfoficial\"],\"url\":\"https:\/\/portalmf.com.br\/index.php\/author\/junior\/\"}]}<\/script>\n<!-- \/ Yoast SEO plugin. -->","yoast_head_json":{"title":"Festival de Inverno Bahia (FIB) anuncia in\u00edcio das vendas no escuro - Portal MF","robots":{"index":"index","follow":"follow","max-snippet":"max-snippet:-1","max-image-preview":"max-image-preview:large","max-video-preview":"max-video-preview:-1"},"canonical":"https:\/\/portalmf.com.br\/index.php\/2026\/04\/28\/festival-de-inverno-bahia-fib-anuncia-inicio-das-vendas-no-escuro-2\/","og_locale":"pt_BR","og_type":"article","og_title":"Festival de Inverno Bahia (FIB) anuncia in\u00edcio das vendas no escuro - Portal MF","og_description":"O Festival de Inverno Bahia (FIB) acabou de anunciar a abertura de vendas no escuro com lote especial. Celebrando 20 edi\u00e7\u00f5es, o FIB acontecer\u00e1 nos dias 21, 22 e 23 de agosto, no Parque de Exposi\u00e7\u00f5es Teopompo de Almeida, em Vit\u00f3ria da Conquista \u2013 BA. O Festival j\u00e1 reuniu grandes atra\u00e7\u00f5es e promoveu encontros inesquec\u00edveis [&hellip;]","og_url":"https:\/\/portalmf.com.br\/index.php\/2026\/04\/28\/festival-de-inverno-bahia-fib-anuncia-inicio-das-vendas-no-escuro-2\/","og_site_name":"Portal MF","article_author":"https:\/\/www.facebook.com\/portalmfoficial","article_published_time":"2026-04-29T01:34:06+00:00","article_modified_time":"2026-04-29T01:34:07+00:00","og_image":[{"width":1600,"height":1066,"url":"https:\/\/portalmf.com.br\/wp-content\/uploads\/2025\/08\/Festival-de-Inverno-Bahia-FIB.jpg","type":"image\/jpeg"}],"author":"Reda\u00e7\u00e3o Portal MF","twitter_card":"summary_large_image","twitter_creator":"@https:\/\/x.com\/portalmfoficial","twitter_misc":{"Escrito por":"Reda\u00e7\u00e3o Portal MF","Est. tempo de leitura":"2 minutos"},"schema":{"@context":"https:\/\/schema.org","@graph":[{"@type":"WebPage","@id":"https:\/\/portalmf.com.br\/index.php\/2026\/04\/28\/festival-de-inverno-bahia-fib-anuncia-inicio-das-vendas-no-escuro-2\/","url":"https:\/\/portalmf.com.br\/index.php\/2026\/04\/28\/festival-de-inverno-bahia-fib-anuncia-inicio-das-vendas-no-escuro-2\/","name":"Festival de Inverno Bahia (FIB) anuncia in\u00edcio das vendas no escuro - Portal MF","isPartOf":{"@id":"https:\/\/portalmf.com.br\/#website"},"primaryImageOfPage":{"@id":"https:\/\/portalmf.com.br\/index.php\/2026\/04\/28\/festival-de-inverno-bahia-fib-anuncia-inicio-das-vendas-no-escuro-2\/#primaryimage"},"image":{"@id":"https:\/\/portalmf.com.br\/index.php\/2026\/04\/28\/festival-de-inverno-bahia-fib-anuncia-inicio-das-vendas-no-escuro-2\/#primaryimage"},"thumbnailUrl":"https:\/\/portalmf.com.br\/wp-content\/uploads\/2025\/08\/Festival-de-Inverno-Bahia-FIB.jpg","datePublished":"2026-04-29T01:34:06+00:00","dateModified":"2026-04-29T01:34:07+00:00","author":{"@id":"https:\/\/portalmf.com.br\/#\/schema\/person\/9ec101baf56233e53520c26de5d6f6f0"},"breadcrumb":{"@id":"https:\/\/portalmf.com.br\/index.php\/2026\/04\/28\/festival-de-inverno-bahia-fib-anuncia-inicio-das-vendas-no-escuro-2\/#breadcrumb"},"inLanguage":"pt-BR","potentialAction":[{"@type":"ReadAction","target":["https:\/\/portalmf.com.br\/index.php\/2026\/04\/28\/festival-de-inverno-bahia-fib-anuncia-inicio-das-vendas-no-escuro-2\/"]}]},{"@type":"ImageObject","inLanguage":"pt-BR","@id":"https:\/\/portalmf.com.br\/index.php\/2026\/04\/28\/festival-de-inverno-bahia-fib-anuncia-inicio-das-vendas-no-escuro-2\/#primaryimage","url":"https:\/\/portalmf.com.br\/wp-content\/uploads\/2025\/08\/Festival-de-Inverno-Bahia-FIB.jpg","contentUrl":"https:\/\/portalmf.com.br\/wp-content\/uploads\/2025\/08\/Festival-de-Inverno-Bahia-FIB.jpg","width":1600,"height":1066},{"@type":"BreadcrumbList","@id":"https:\/\/portalmf.com.br\/index.php\/2026\/04\/28\/festival-de-inverno-bahia-fib-anuncia-inicio-das-vendas-no-escuro-2\/#breadcrumb","itemListElement":[{"@type":"ListItem","position":1,"name":"In\u00edcio","item":"https:\/\/portalmf.com.br\/"},{"@type":"ListItem","position":2,"name":"Festival de Inverno Bahia (FIB) anuncia in\u00edcio das vendas no escuro"}]},{"@type":"WebSite","@id":"https:\/\/portalmf.com.br\/#website","url":"https:\/\/portalmf.com.br\/","name":"Portal MF","description":"Voc\u00ea conectado com a informa\u00e7\u00e3o","potentialAction":[{"@type":"SearchAction","target":{"@type":"EntryPoint","urlTemplate":"https:\/\/portalmf.com.br\/?s={search_term_string}"},"query-input":"required name=search_term_string"}],"inLanguage":"pt-BR"},{"@type":"Person","@id":"https:\/\/portalmf.com.br\/#\/schema\/person\/9ec101baf56233e53520c26de5d6f6f0","name":"Reda\u00e7\u00e3o Portal MF","image":{"@type":"ImageObject","inLanguage":"pt-BR","@id":"https:\/\/portalmf.com.br\/#\/schema\/person\/image\/","url":"https:\/\/secure.gravatar.com\/avatar\/41b9aaeb2100835f7c64362330f74c7f?s=96&d=mm&r=g","contentUrl":"https:\/\/secure.gravatar.com\/avatar\/41b9aaeb2100835f7c64362330f74c7f?s=96&d=mm&r=g","caption":"Reda\u00e7\u00e3o Portal MF"},"description":"Sejam bem-vindos o portal de informa\u00e7\u00f5es de entretenimento de Feira de Santana, desde 2006 realiza coberturas dos principais eventos com entrevistas exclusivas com as principais personalidades mundiais. Fique conectado tamb\u00e9m nas redes sociais.","sameAs":["http:\/\/www.portalmf.com.br\/","https:\/\/www.facebook.com\/portalmfoficial","https:\/\/www.instagram.com\/portalmf\/","https:\/\/x.com\/https:\/\/x.com\/portalmfoficial","https:\/\/www.youtube.com\/@portalmfoficial"],"url":"https:\/\/portalmf.com.br\/index.php\/author\/junior\/"}]}},"_links":{"self":[{"href":"https:\/\/portalmf.com.br\/index.php\/wp-json\/wp\/v2\/posts\/43679"}],"collection":[{"href":"https:\/\/portalmf.com.br\/index.php\/wp-json\/wp\/v2\/posts"}],"about":[{"href":"https:\/\/portalmf.com.br\/index.php\/wp-json\/wp\/v2\/types\/post"}],"author":[{"embeddable":true,"href":"https:\/\/portalmf.com.br\/index.php\/wp-json\/wp\/v2\/users\/3"}],"replies":[{"embeddable":true,"href":"https:\/\/portalmf.com.br\/index.php\/wp-json\/wp\/v2\/comments?post=43679"}],"version-history":[{"count":1,"href":"https:\/\/portalmf.com.br\/index.php\/wp-json\/wp\/v2\/posts\/43679\/revisions"}],"predecessor-version":[{"id":43680,"href":"https:\/\/portalmf.com.br\/index.php\/wp-json\/wp\/v2\/posts\/43679\/revisions\/43680"}],"wp:featuredmedia":[{"embeddable":true,"href":"https:\/\/portalmf.com.br\/index.php\/wp-json\/wp\/v2\/media\/38165"}],"wp:attachment":[{"href":"https:\/\/portalmf.com.br\/index.php\/wp-json\/wp\/v2\/media?parent=43679"}],"wp:term":[{"taxonomy":"category","embeddable":true,"href":"https:\/\/portalmf.com.br\/index.php\/wp-json\/wp\/v2\/categories?post=43679"},{"taxonomy":"post_tag","embeddable":true,"href":"https:\/\/portalmf.com.br\/index.php\/wp-json\/wp\/v2\/tags?post=43679"}],"curies":[{"name":"wp","href":"https:\/\/api.w.org\/{rel}","templated":true}]}}