{"id":43676,"date":"2026-04-28T22:19:02","date_gmt":"2026-04-29T01:19:02","guid":{"rendered":"https:\/\/portalmf.com.br\/?p=43676"},"modified":"2026-04-28T22:19:02","modified_gmt":"2026-04-29T01:19:02","slug":"transparencia-dos-festejos-juninos-mpba-abre-edicao-2026-em-reuniao-com-orgaos-de-controle-e-municipios","status":"publish","type":"post","link":"https:\/\/portalmf.com.br\/index.php\/2026\/04\/28\/transparencia-dos-festejos-juninos-mpba-abre-edicao-2026-em-reuniao-com-orgaos-de-controle-e-municipios\/","title":{"rendered":"Transpar\u00eancia dos festejos juninos: MPBA abre edi\u00e7\u00e3o 2026 em reuni\u00e3o com \u00f3rg\u00e3os de controle e munic\u00edpios"},"content":{"rendered":"\n<p>O Minist\u00e9rio P\u00fablico da Bahia realiza amanh\u00e3, dia 29, \u00e0s 14h, na sede do CAB, reuni\u00e3o com integrantes dos Tribunais de Contas do Estado (TCE), dos Munic\u00edpios (TCM), dos Minist\u00e9rios P\u00fablicos de Contas e da Uni\u00e3o dos Munic\u00edpios da Bahia (UPB) para dar in\u00edcio aos trabalhos relacionados ao &#8220;Painel de Transpar\u00eancia dos Festejos Juninos 2026&#8221;. Ser\u00e3o apresentadas as atualiza\u00e7\u00f5es do projeto aos parceiros institucionais e anunciada a abertura dos trabalhos \u00e0 sociedade. Este ano, h\u00e1 novidades quanto ao Selo de Transpar\u00eancia e crit\u00e9rios para fiscaliza\u00e7\u00e3o dos contratos.<\/p>\n\n\n\n<p>A coordenadora do Centro de Apoio Operacional \u00e0s Promotorias de Prote\u00e7\u00e3o da Moralidade Administrativa (Caopam), promotora de Justi\u00e7a Rita, Tourinho, e o promotor de Justi\u00e7a Frank Ferrari, gerente do projeto, estar\u00e3o dispon\u00edveis para concess\u00e3o de entrevistas ao final da reuni\u00e3o. O encontro integra o conjunto de a\u00e7\u00f5es voltadas ao acompanhamento preventivo das contrata\u00e7\u00f5es art\u00edsticas e ao fortalecimento da transpar\u00eancia na gest\u00e3o dos recursos p\u00fablicos.<\/p>\n\n\n\n<p>Em mar\u00e7o deste ano, os \u00f3rg\u00e3os assinaram Nota T\u00e9cnica conjunta com diretrizes para orientar os munic\u00edpios na condu\u00e7\u00e3o dos processos de contrata\u00e7\u00e3o de artistas para os festejos juninos de 2026. A medida busca assegurar maior possibilidade de compara\u00e7\u00e3o entre contrata\u00e7\u00f5es realizadas em condi\u00e7\u00f5es semelhantes de mercado, considerando a sazonalidade t\u00edpica do per\u00edodo junino.<\/p>\n\n\n\n<h3 class=\"wp-block-heading\"><strong>Transparent\u00f4metro<\/strong><\/h3>\n\n\n\n<p>J\u00e1 na segunda-feira, dia 4 de maio, os gestores municipais poder\u00e3o come\u00e7ar a alimentar o painel que viabiliza o di\u00e1rio dos dados informados atrav\u00e9s do Transparent\u00f4metro. O instrumento apresenta, de forma sint\u00e9tica, os valores j\u00e1 declarados, al\u00e9m da rela\u00e7\u00e3o de munic\u00edpios que enviaram ou ainda n\u00e3o encaminharam as informa\u00e7\u00f5es, funcionando como mecanismo de est\u00edmulo \u00e0 transpar\u00eancia e ao controle social.<\/p>\n","protected":false},"excerpt":{"rendered":"<p>O Minist\u00e9rio P\u00fablico da Bahia realiza amanh\u00e3, dia 29, \u00e0s 14h, na sede do CAB, reuni\u00e3o com integrantes dos Tribunais de Contas do Estado (TCE), dos Munic\u00edpios (TCM), dos Minist\u00e9rios P\u00fablicos de Contas e da Uni\u00e3o dos Munic\u00edpios da Bahia (UPB) para dar in\u00edcio aos trabalhos relacionados ao &#8220;Painel de Transpar\u00eancia dos Festejos Juninos 2026&#8221;. [&hellip;]<\/p>\n","protected":false},"author":3,"featured_media":43677,"comment_status":"open","ping_status":"open","sticky":false,"template":"","format":"standard","meta":{"_monsterinsights_skip_tracking":false,"_monsterinsights_sitenote_active":false,"_monsterinsights_sitenote_note":"","_monsterinsights_sitenote_category":0,"footnotes":""},"categories":[47,34],"tags":[],"yoast_head":"<!-- This site is optimized with the Yoast SEO plugin v22.9 - https:\/\/yoast.com\/wordpress\/plugins\/seo\/ -->\n<title>Transpar\u00eancia dos festejos juninos: MPBA abre edi\u00e7\u00e3o 2026 em reuni\u00e3o com \u00f3rg\u00e3os de controle e munic\u00edpios - Portal MF<\/title>\n<meta name=\"robots\" content=\"index, follow, max-snippet:-1, max-image-preview:large, max-video-preview:-1\" \/>\n<link rel=\"canonical\" href=\"https:\/\/portalmf.com.br\/index.php\/2026\/04\/28\/transparencia-dos-festejos-juninos-mpba-abre-edicao-2026-em-reuniao-com-orgaos-de-controle-e-municipios\/\" \/>\n<meta property=\"og:locale\" content=\"pt_BR\" \/>\n<meta property=\"og:type\" content=\"article\" \/>\n<meta property=\"og:title\" content=\"Transpar\u00eancia dos festejos juninos: MPBA abre edi\u00e7\u00e3o 2026 em reuni\u00e3o com \u00f3rg\u00e3os de controle e munic\u00edpios - Portal MF\" \/>\n<meta property=\"og:description\" content=\"O Minist\u00e9rio P\u00fablico da Bahia realiza amanh\u00e3, dia 29, \u00e0s 14h, na sede do CAB, reuni\u00e3o com integrantes dos Tribunais de Contas do Estado (TCE), dos Munic\u00edpios (TCM), dos Minist\u00e9rios P\u00fablicos de Contas e da Uni\u00e3o dos Munic\u00edpios da Bahia (UPB) para dar in\u00edcio aos trabalhos relacionados ao &#8220;Painel de Transpar\u00eancia dos Festejos Juninos 2026&#8221;. [&hellip;]\" \/>\n<meta property=\"og:url\" content=\"https:\/\/portalmf.com.br\/index.php\/2026\/04\/28\/transparencia-dos-festejos-juninos-mpba-abre-edicao-2026-em-reuniao-com-orgaos-de-controle-e-municipios\/\" \/>\n<meta property=\"og:site_name\" content=\"Portal MF\" \/>\n<meta property=\"article:author\" content=\"https:\/\/www.facebook.com\/portalmfoficial\" \/>\n<meta property=\"article:published_time\" content=\"2026-04-29T01:19:02+00:00\" \/>\n<meta property=\"og:image\" content=\"https:\/\/portalmf.com.br\/wp-content\/uploads\/2026\/04\/Ministerio-Publico-da-Bahia_MPBA-scaled.jpg\" \/>\n\t<meta property=\"og:image:width\" content=\"2560\" \/>\n\t<meta property=\"og:image:height\" content=\"1706\" \/>\n\t<meta property=\"og:image:type\" content=\"image\/jpeg\" \/>\n<meta name=\"author\" content=\"Reda\u00e7\u00e3o Portal MF\" \/>\n<meta name=\"twitter:card\" content=\"summary_large_image\" \/>\n<meta name=\"twitter:creator\" content=\"@https:\/\/x.com\/portalmfoficial\" \/>\n<meta name=\"twitter:label1\" content=\"Escrito por\" \/>\n\t<meta name=\"twitter:data1\" content=\"Reda\u00e7\u00e3o Portal MF\" \/>\n\t<meta name=\"twitter:label2\" content=\"Est. tempo de leitura\" \/>\n\t<meta name=\"twitter:data2\" content=\"2 minutos\" \/>\n<script type=\"application\/ld+json\" class=\"yoast-schema-graph\">{\"@context\":\"https:\/\/schema.org\",\"@graph\":[{\"@type\":\"WebPage\",\"@id\":\"https:\/\/portalmf.com.br\/index.php\/2026\/04\/28\/transparencia-dos-festejos-juninos-mpba-abre-edicao-2026-em-reuniao-com-orgaos-de-controle-e-municipios\/\",\"url\":\"https:\/\/portalmf.com.br\/index.php\/2026\/04\/28\/transparencia-dos-festejos-juninos-mpba-abre-edicao-2026-em-reuniao-com-orgaos-de-controle-e-municipios\/\",\"name\":\"Transpar\u00eancia dos festejos juninos: MPBA abre edi\u00e7\u00e3o 2026 em reuni\u00e3o com \u00f3rg\u00e3os de controle e munic\u00edpios - Portal MF\",\"isPartOf\":{\"@id\":\"https:\/\/portalmf.com.br\/#website\"},\"primaryImageOfPage\":{\"@id\":\"https:\/\/portalmf.com.br\/index.php\/2026\/04\/28\/transparencia-dos-festejos-juninos-mpba-abre-edicao-2026-em-reuniao-com-orgaos-de-controle-e-municipios\/#primaryimage\"},\"image\":{\"@id\":\"https:\/\/portalmf.com.br\/index.php\/2026\/04\/28\/transparencia-dos-festejos-juninos-mpba-abre-edicao-2026-em-reuniao-com-orgaos-de-controle-e-municipios\/#primaryimage\"},\"thumbnailUrl\":\"https:\/\/portalmf.com.br\/wp-content\/uploads\/2026\/04\/Ministerio-Publico-da-Bahia_MPBA-scaled.jpg\",\"datePublished\":\"2026-04-29T01:19:02+00:00\",\"dateModified\":\"2026-04-29T01:19:02+00:00\",\"author\":{\"@id\":\"https:\/\/portalmf.com.br\/#\/schema\/person\/9ec101baf56233e53520c26de5d6f6f0\"},\"breadcrumb\":{\"@id\":\"https:\/\/portalmf.com.br\/index.php\/2026\/04\/28\/transparencia-dos-festejos-juninos-mpba-abre-edicao-2026-em-reuniao-com-orgaos-de-controle-e-municipios\/#breadcrumb\"},\"inLanguage\":\"pt-BR\",\"potentialAction\":[{\"@type\":\"ReadAction\",\"target\":[\"https:\/\/portalmf.com.br\/index.php\/2026\/04\/28\/transparencia-dos-festejos-juninos-mpba-abre-edicao-2026-em-reuniao-com-orgaos-de-controle-e-municipios\/\"]}]},{\"@type\":\"ImageObject\",\"inLanguage\":\"pt-BR\",\"@id\":\"https:\/\/portalmf.com.br\/index.php\/2026\/04\/28\/transparencia-dos-festejos-juninos-mpba-abre-edicao-2026-em-reuniao-com-orgaos-de-controle-e-municipios\/#primaryimage\",\"url\":\"https:\/\/portalmf.com.br\/wp-content\/uploads\/2026\/04\/Ministerio-Publico-da-Bahia_MPBA-scaled.jpg\",\"contentUrl\":\"https:\/\/portalmf.com.br\/wp-content\/uploads\/2026\/04\/Ministerio-Publico-da-Bahia_MPBA-scaled.jpg\",\"width\":2560,\"height\":1706},{\"@type\":\"BreadcrumbList\",\"@id\":\"https:\/\/portalmf.com.br\/index.php\/2026\/04\/28\/transparencia-dos-festejos-juninos-mpba-abre-edicao-2026-em-reuniao-com-orgaos-de-controle-e-municipios\/#breadcrumb\",\"itemListElement\":[{\"@type\":\"ListItem\",\"position\":1,\"name\":\"In\u00edcio\",\"item\":\"https:\/\/portalmf.com.br\/\"},{\"@type\":\"ListItem\",\"position\":2,\"name\":\"Transpar\u00eancia dos festejos juninos: MPBA abre edi\u00e7\u00e3o 2026 em reuni\u00e3o com \u00f3rg\u00e3os de controle e munic\u00edpios\"}]},{\"@type\":\"WebSite\",\"@id\":\"https:\/\/portalmf.com.br\/#website\",\"url\":\"https:\/\/portalmf.com.br\/\",\"name\":\"Portal MF\",\"description\":\"Voc\u00ea conectado com a informa\u00e7\u00e3o\",\"potentialAction\":[{\"@type\":\"SearchAction\",\"target\":{\"@type\":\"EntryPoint\",\"urlTemplate\":\"https:\/\/portalmf.com.br\/?s={search_term_string}\"},\"query-input\":\"required name=search_term_string\"}],\"inLanguage\":\"pt-BR\"},{\"@type\":\"Person\",\"@id\":\"https:\/\/portalmf.com.br\/#\/schema\/person\/9ec101baf56233e53520c26de5d6f6f0\",\"name\":\"Reda\u00e7\u00e3o Portal MF\",\"image\":{\"@type\":\"ImageObject\",\"inLanguage\":\"pt-BR\",\"@id\":\"https:\/\/portalmf.com.br\/#\/schema\/person\/image\/\",\"url\":\"https:\/\/secure.gravatar.com\/avatar\/41b9aaeb2100835f7c64362330f74c7f?s=96&d=mm&r=g\",\"contentUrl\":\"https:\/\/secure.gravatar.com\/avatar\/41b9aaeb2100835f7c64362330f74c7f?s=96&d=mm&r=g\",\"caption\":\"Reda\u00e7\u00e3o Portal MF\"},\"description\":\"Sejam bem-vindos o portal de informa\u00e7\u00f5es de entretenimento de Feira de Santana, desde 2006 realiza coberturas dos principais eventos com entrevistas exclusivas com as principais personalidades mundiais. Fique conectado tamb\u00e9m nas redes sociais.\",\"sameAs\":[\"http:\/\/www.portalmf.com.br\/\",\"https:\/\/www.facebook.com\/portalmfoficial\",\"https:\/\/www.instagram.com\/portalmf\/\",\"https:\/\/x.com\/https:\/\/x.com\/portalmfoficial\",\"https:\/\/www.youtube.com\/@portalmfoficial\"],\"url\":\"https:\/\/portalmf.com.br\/index.php\/author\/junior\/\"}]}<\/script>\n<!-- \/ Yoast SEO plugin. -->","yoast_head_json":{"title":"Transpar\u00eancia dos festejos juninos: MPBA abre edi\u00e7\u00e3o 2026 em reuni\u00e3o com \u00f3rg\u00e3os de controle e munic\u00edpios - Portal MF","robots":{"index":"index","follow":"follow","max-snippet":"max-snippet:-1","max-image-preview":"max-image-preview:large","max-video-preview":"max-video-preview:-1"},"canonical":"https:\/\/portalmf.com.br\/index.php\/2026\/04\/28\/transparencia-dos-festejos-juninos-mpba-abre-edicao-2026-em-reuniao-com-orgaos-de-controle-e-municipios\/","og_locale":"pt_BR","og_type":"article","og_title":"Transpar\u00eancia dos festejos juninos: MPBA abre edi\u00e7\u00e3o 2026 em reuni\u00e3o com \u00f3rg\u00e3os de controle e munic\u00edpios - Portal MF","og_description":"O Minist\u00e9rio P\u00fablico da Bahia realiza amanh\u00e3, dia 29, \u00e0s 14h, na sede do CAB, reuni\u00e3o com integrantes dos Tribunais de Contas do Estado (TCE), dos Munic\u00edpios (TCM), dos Minist\u00e9rios P\u00fablicos de Contas e da Uni\u00e3o dos Munic\u00edpios da Bahia (UPB) para dar in\u00edcio aos trabalhos relacionados ao &#8220;Painel de Transpar\u00eancia dos Festejos Juninos 2026&#8221;. [&hellip;]","og_url":"https:\/\/portalmf.com.br\/index.php\/2026\/04\/28\/transparencia-dos-festejos-juninos-mpba-abre-edicao-2026-em-reuniao-com-orgaos-de-controle-e-municipios\/","og_site_name":"Portal MF","article_author":"https:\/\/www.facebook.com\/portalmfoficial","article_published_time":"2026-04-29T01:19:02+00:00","og_image":[{"width":2560,"height":1706,"url":"https:\/\/portalmf.com.br\/wp-content\/uploads\/2026\/04\/Ministerio-Publico-da-Bahia_MPBA-scaled.jpg","type":"image\/jpeg"}],"author":"Reda\u00e7\u00e3o Portal MF","twitter_card":"summary_large_image","twitter_creator":"@https:\/\/x.com\/portalmfoficial","twitter_misc":{"Escrito por":"Reda\u00e7\u00e3o Portal MF","Est. tempo de leitura":"2 minutos"},"schema":{"@context":"https:\/\/schema.org","@graph":[{"@type":"WebPage","@id":"https:\/\/portalmf.com.br\/index.php\/2026\/04\/28\/transparencia-dos-festejos-juninos-mpba-abre-edicao-2026-em-reuniao-com-orgaos-de-controle-e-municipios\/","url":"https:\/\/portalmf.com.br\/index.php\/2026\/04\/28\/transparencia-dos-festejos-juninos-mpba-abre-edicao-2026-em-reuniao-com-orgaos-de-controle-e-municipios\/","name":"Transpar\u00eancia dos festejos juninos: MPBA abre edi\u00e7\u00e3o 2026 em reuni\u00e3o com \u00f3rg\u00e3os de controle e munic\u00edpios - Portal MF","isPartOf":{"@id":"https:\/\/portalmf.com.br\/#website"},"primaryImageOfPage":{"@id":"https:\/\/portalmf.com.br\/index.php\/2026\/04\/28\/transparencia-dos-festejos-juninos-mpba-abre-edicao-2026-em-reuniao-com-orgaos-de-controle-e-municipios\/#primaryimage"},"image":{"@id":"https:\/\/portalmf.com.br\/index.php\/2026\/04\/28\/transparencia-dos-festejos-juninos-mpba-abre-edicao-2026-em-reuniao-com-orgaos-de-controle-e-municipios\/#primaryimage"},"thumbnailUrl":"https:\/\/portalmf.com.br\/wp-content\/uploads\/2026\/04\/Ministerio-Publico-da-Bahia_MPBA-scaled.jpg","datePublished":"2026-04-29T01:19:02+00:00","dateModified":"2026-04-29T01:19:02+00:00","author":{"@id":"https:\/\/portalmf.com.br\/#\/schema\/person\/9ec101baf56233e53520c26de5d6f6f0"},"breadcrumb":{"@id":"https:\/\/portalmf.com.br\/index.php\/2026\/04\/28\/transparencia-dos-festejos-juninos-mpba-abre-edicao-2026-em-reuniao-com-orgaos-de-controle-e-municipios\/#breadcrumb"},"inLanguage":"pt-BR","potentialAction":[{"@type":"ReadAction","target":["https:\/\/portalmf.com.br\/index.php\/2026\/04\/28\/transparencia-dos-festejos-juninos-mpba-abre-edicao-2026-em-reuniao-com-orgaos-de-controle-e-municipios\/"]}]},{"@type":"ImageObject","inLanguage":"pt-BR","@id":"https:\/\/portalmf.com.br\/index.php\/2026\/04\/28\/transparencia-dos-festejos-juninos-mpba-abre-edicao-2026-em-reuniao-com-orgaos-de-controle-e-municipios\/#primaryimage","url":"https:\/\/portalmf.com.br\/wp-content\/uploads\/2026\/04\/Ministerio-Publico-da-Bahia_MPBA-scaled.jpg","contentUrl":"https:\/\/portalmf.com.br\/wp-content\/uploads\/2026\/04\/Ministerio-Publico-da-Bahia_MPBA-scaled.jpg","width":2560,"height":1706},{"@type":"BreadcrumbList","@id":"https:\/\/portalmf.com.br\/index.php\/2026\/04\/28\/transparencia-dos-festejos-juninos-mpba-abre-edicao-2026-em-reuniao-com-orgaos-de-controle-e-municipios\/#breadcrumb","itemListElement":[{"@type":"ListItem","position":1,"name":"In\u00edcio","item":"https:\/\/portalmf.com.br\/"},{"@type":"ListItem","position":2,"name":"Transpar\u00eancia dos festejos juninos: MPBA abre edi\u00e7\u00e3o 2026 em reuni\u00e3o com \u00f3rg\u00e3os de controle e munic\u00edpios"}]},{"@type":"WebSite","@id":"https:\/\/portalmf.com.br\/#website","url":"https:\/\/portalmf.com.br\/","name":"Portal MF","description":"Voc\u00ea conectado com a informa\u00e7\u00e3o","potentialAction":[{"@type":"SearchAction","target":{"@type":"EntryPoint","urlTemplate":"https:\/\/portalmf.com.br\/?s={search_term_string}"},"query-input":"required name=search_term_string"}],"inLanguage":"pt-BR"},{"@type":"Person","@id":"https:\/\/portalmf.com.br\/#\/schema\/person\/9ec101baf56233e53520c26de5d6f6f0","name":"Reda\u00e7\u00e3o Portal MF","image":{"@type":"ImageObject","inLanguage":"pt-BR","@id":"https:\/\/portalmf.com.br\/#\/schema\/person\/image\/","url":"https:\/\/secure.gravatar.com\/avatar\/41b9aaeb2100835f7c64362330f74c7f?s=96&d=mm&r=g","contentUrl":"https:\/\/secure.gravatar.com\/avatar\/41b9aaeb2100835f7c64362330f74c7f?s=96&d=mm&r=g","caption":"Reda\u00e7\u00e3o Portal MF"},"description":"Sejam bem-vindos o portal de informa\u00e7\u00f5es de entretenimento de Feira de Santana, desde 2006 realiza coberturas dos principais eventos com entrevistas exclusivas com as principais personalidades mundiais. Fique conectado tamb\u00e9m nas redes sociais.","sameAs":["http:\/\/www.portalmf.com.br\/","https:\/\/www.facebook.com\/portalmfoficial","https:\/\/www.instagram.com\/portalmf\/","https:\/\/x.com\/https:\/\/x.com\/portalmfoficial","https:\/\/www.youtube.com\/@portalmfoficial"],"url":"https:\/\/portalmf.com.br\/index.php\/author\/junior\/"}]}},"_links":{"self":[{"href":"https:\/\/portalmf.com.br\/index.php\/wp-json\/wp\/v2\/posts\/43676"}],"collection":[{"href":"https:\/\/portalmf.com.br\/index.php\/wp-json\/wp\/v2\/posts"}],"about":[{"href":"https:\/\/portalmf.com.br\/index.php\/wp-json\/wp\/v2\/types\/post"}],"author":[{"embeddable":true,"href":"https:\/\/portalmf.com.br\/index.php\/wp-json\/wp\/v2\/users\/3"}],"replies":[{"embeddable":true,"href":"https:\/\/portalmf.com.br\/index.php\/wp-json\/wp\/v2\/comments?post=43676"}],"version-history":[{"count":1,"href":"https:\/\/portalmf.com.br\/index.php\/wp-json\/wp\/v2\/posts\/43676\/revisions"}],"predecessor-version":[{"id":43678,"href":"https:\/\/portalmf.com.br\/index.php\/wp-json\/wp\/v2\/posts\/43676\/revisions\/43678"}],"wp:featuredmedia":[{"embeddable":true,"href":"https:\/\/portalmf.com.br\/index.php\/wp-json\/wp\/v2\/media\/43677"}],"wp:attachment":[{"href":"https:\/\/portalmf.com.br\/index.php\/wp-json\/wp\/v2\/media?parent=43676"}],"wp:term":[{"taxonomy":"category","embeddable":true,"href":"https:\/\/portalmf.com.br\/index.php\/wp-json\/wp\/v2\/categories?post=43676"},{"taxonomy":"post_tag","embeddable":true,"href":"https:\/\/portalmf.com.br\/index.php\/wp-json\/wp\/v2\/tags?post=43676"}],"curies":[{"name":"wp","href":"https:\/\/api.w.org\/{rel}","templated":true}]}}