{"id":43674,"date":"2026-04-28T22:11:27","date_gmt":"2026-04-29T01:11:27","guid":{"rendered":"https:\/\/portalmf.com.br\/?p=43674"},"modified":"2026-04-28T22:11:29","modified_gmt":"2026-04-29T01:11:29","slug":"alba-aprova-nome-de-carlos-pitta-para-teatro-do-centro-de-convencoes-de-feira","status":"publish","type":"post","link":"https:\/\/portalmf.com.br\/index.php\/2026\/04\/28\/alba-aprova-nome-de-carlos-pitta-para-teatro-do-centro-de-convencoes-de-feira\/","title":{"rendered":"ALBA aprova nome de Carlos Pitta para teatro do Centro de Conven\u00e7\u00f5es de Feira"},"content":{"rendered":"\n<p>A Assembleia Legislativa da Bahia (ALBA) aprovou por unanimidade, nesta ter\u00e7a-feira (28), durante a 26\u00aa Sess\u00e3o Ordin\u00e1ria, o projeto de lei que denomina de Carlos Pitta o teatro do Centro de Conven\u00e7\u00f5es de Feira de Santana. A proposta \u00e9 de autoria do deputado estadual Robinson Almeida (PT) e recebeu parecer favor\u00e1vel das comiss\u00f5es da Casa antes de ser aprovado no plen\u00e1rio.<\/p>\n\n\n\n<p>Robinson comemorou a aprova\u00e7\u00e3o da homenagem e destacou a import\u00e2ncia de preservar o legado de um dos maiores nomes da m\u00fasica popular baiana nascido em Feira de Santana.<\/p>\n\n\n<div class=\"wp-block-image\">\n<figure class=\"alignleft size-large is-resized\"><img fetchpriority=\"high\" decoding=\"async\" width=\"1024\" height=\"755\" src=\"https:\/\/portalmf.com.br\/wp-content\/uploads\/2026\/03\/Bahia-pode-ampliar-uso-de-energia-solar-em-escolas-e-hospitais-apos-Indicacao-do-deputado-Robinson-1024x755.jpeg\" alt=\"\" class=\"wp-image-42855\" style=\"width:229px;height:auto\" srcset=\"https:\/\/portalmf.com.br\/wp-content\/uploads\/2026\/03\/Bahia-pode-ampliar-uso-de-energia-solar-em-escolas-e-hospitais-apos-Indicacao-do-deputado-Robinson-1024x755.jpeg 1024w, https:\/\/portalmf.com.br\/wp-content\/uploads\/2026\/03\/Bahia-pode-ampliar-uso-de-energia-solar-em-escolas-e-hospitais-apos-Indicacao-do-deputado-Robinson-300x221.jpeg 300w, https:\/\/portalmf.com.br\/wp-content\/uploads\/2026\/03\/Bahia-pode-ampliar-uso-de-energia-solar-em-escolas-e-hospitais-apos-Indicacao-do-deputado-Robinson-768x566.jpeg 768w, https:\/\/portalmf.com.br\/wp-content\/uploads\/2026\/03\/Bahia-pode-ampliar-uso-de-energia-solar-em-escolas-e-hospitais-apos-Indicacao-do-deputado-Robinson-1536x1133.jpeg 1536w, https:\/\/portalmf.com.br\/wp-content\/uploads\/2026\/03\/Bahia-pode-ampliar-uso-de-energia-solar-em-escolas-e-hospitais-apos-Indicacao-do-deputado-Robinson-696x513.jpeg 696w, https:\/\/portalmf.com.br\/wp-content\/uploads\/2026\/03\/Bahia-pode-ampliar-uso-de-energia-solar-em-escolas-e-hospitais-apos-Indicacao-do-deputado-Robinson-1068x788.jpeg 1068w, https:\/\/portalmf.com.br\/wp-content\/uploads\/2026\/03\/Bahia-pode-ampliar-uso-de-energia-solar-em-escolas-e-hospitais-apos-Indicacao-do-deputado-Robinson.jpeg 1600w\" sizes=\"(max-width: 1024px) 100vw, 1024px\" \/><\/figure><\/div>\n\n\n<p><em>\u201cCarlos Pitta merece ser eternizado. Foi um artista que levou o nome de Feira de Santana, da Bahia e do Nordeste para o Brasil e para o mundo com sua m\u00fasica, seu talento e sua sensibilidade\u201d,<\/em> afirmou o parlamentar.<\/p>\n\n\n\n<p>Cantor, compositor, instrumentista e pesquisador musical, Carlos Pitta nasceu em Feira de Santana em 3 de mar\u00e7o de 1955 e construiu uma trajet\u00f3ria de mais de quatro d\u00e9cadas dedicadas \u00e0 cultura brasileira. Ao longo da carreira, lan\u00e7ou mais de 16 \u00e1lbuns, transitando entre o forr\u00f3, o samba e a m\u00fasica regional nordestina. Entre seus maiores sucessos est\u00e1 a can\u00e7\u00e3o Cometa Mambembe, que marcou gera\u00e7\u00f5es.<\/p>\n\n\n\n<p>Suas composi\u00e7\u00f5es foram gravadas por artistas de proje\u00e7\u00e3o nacional, como Elba Ramalho, Daniela Mercury, Alcione e Margareth Menezes. Pitta tamb\u00e9m participou de festivais internacionais, levando a m\u00fasica baiana a palcos na Su\u00ed\u00e7a e na Alemanha.<\/p>\n\n\n\n<p>O artista faleceu em 7 de janeiro de 2025, em Salvador, aos 69 anos, em decorr\u00eancia de complica\u00e7\u00f5es causadas pela diabetes, gerando ampla como\u00e7\u00e3o no meio cultural baiano.<\/p>\n\n\n\n<p>Para Robinson Almeida, a homenagem consolida o reconhecimento institucional a um feirense que ajudou a fortalecer a identidade cultural da Bahia.<\/p>\n\n\n\n<p><em>\u201cDar o nome de Carlos Pitta ao teatro \u00e9 uma forma de manter viva sua mem\u00f3ria e inspirar novas gera\u00e7\u00f5es de artistas. \u00c9 uma justa homenagem a quem tanto contribuiu para nossa cultura\u201d,<\/em> declarou.<\/p>\n\n\n\n<p>O teatro integra o moderno Centro de Conven\u00e7\u00f5es de Feira de Santana, equipamento entregue pelo governador Jer\u00f4nimo Rodrigues (PT) e considerado estrat\u00e9gico para impulsionar a economia criativa, o turismo de neg\u00f3cios e a agenda cultural do interior baiano.<\/p>\n","protected":false},"excerpt":{"rendered":"<p>A Assembleia Legislativa da Bahia (ALBA) aprovou por unanimidade, nesta ter\u00e7a-feira (28), durante a 26\u00aa Sess\u00e3o Ordin\u00e1ria, o projeto de lei que denomina de Carlos Pitta o teatro do Centro de Conven\u00e7\u00f5es de Feira de Santana. A proposta \u00e9 de autoria do deputado estadual Robinson Almeida (PT) e recebeu parecer favor\u00e1vel das comiss\u00f5es da Casa [&hellip;]<\/p>\n","protected":false},"author":3,"featured_media":42802,"comment_status":"open","ping_status":"open","sticky":false,"template":"","format":"standard","meta":{"_monsterinsights_skip_tracking":false,"_monsterinsights_sitenote_active":false,"_monsterinsights_sitenote_note":"","_monsterinsights_sitenote_category":0,"footnotes":""},"categories":[40,47],"tags":[],"yoast_head":"<!-- This site is optimized with the Yoast SEO plugin v22.9 - https:\/\/yoast.com\/wordpress\/plugins\/seo\/ -->\n<title>ALBA aprova nome de Carlos Pitta para teatro do Centro de Conven\u00e7\u00f5es de Feira - Portal MF<\/title>\n<meta name=\"robots\" content=\"index, follow, max-snippet:-1, max-image-preview:large, max-video-preview:-1\" \/>\n<link rel=\"canonical\" href=\"https:\/\/portalmf.com.br\/index.php\/2026\/04\/28\/alba-aprova-nome-de-carlos-pitta-para-teatro-do-centro-de-convencoes-de-feira\/\" \/>\n<meta property=\"og:locale\" content=\"pt_BR\" \/>\n<meta property=\"og:type\" content=\"article\" \/>\n<meta property=\"og:title\" content=\"ALBA aprova nome de Carlos Pitta para teatro do Centro de Conven\u00e7\u00f5es de Feira - Portal MF\" \/>\n<meta property=\"og:description\" content=\"A Assembleia Legislativa da Bahia (ALBA) aprovou por unanimidade, nesta ter\u00e7a-feira (28), durante a 26\u00aa Sess\u00e3o Ordin\u00e1ria, o projeto de lei que denomina de Carlos Pitta o teatro do Centro de Conven\u00e7\u00f5es de Feira de Santana. A proposta \u00e9 de autoria do deputado estadual Robinson Almeida (PT) e recebeu parecer favor\u00e1vel das comiss\u00f5es da Casa [&hellip;]\" \/>\n<meta property=\"og:url\" content=\"https:\/\/portalmf.com.br\/index.php\/2026\/04\/28\/alba-aprova-nome-de-carlos-pitta-para-teatro-do-centro-de-convencoes-de-feira\/\" \/>\n<meta property=\"og:site_name\" content=\"Portal MF\" \/>\n<meta property=\"article:author\" content=\"https:\/\/www.facebook.com\/portalmfoficial\" \/>\n<meta property=\"article:published_time\" content=\"2026-04-29T01:11:27+00:00\" \/>\n<meta property=\"article:modified_time\" content=\"2026-04-29T01:11:29+00:00\" \/>\n<meta property=\"og:image\" content=\"https:\/\/portalmf.com.br\/wp-content\/uploads\/2026\/03\/Centro-de-Convencoes-de-Feira-de-Santana.jpeg\" \/>\n\t<meta property=\"og:image:width\" content=\"1600\" \/>\n\t<meta property=\"og:image:height\" content=\"900\" \/>\n\t<meta property=\"og:image:type\" content=\"image\/jpeg\" \/>\n<meta name=\"author\" content=\"Reda\u00e7\u00e3o Portal MF\" \/>\n<meta name=\"twitter:card\" content=\"summary_large_image\" \/>\n<meta name=\"twitter:creator\" content=\"@https:\/\/x.com\/portalmfoficial\" \/>\n<meta name=\"twitter:label1\" content=\"Escrito por\" \/>\n\t<meta name=\"twitter:data1\" content=\"Reda\u00e7\u00e3o Portal MF\" \/>\n\t<meta name=\"twitter:label2\" content=\"Est. tempo de leitura\" \/>\n\t<meta name=\"twitter:data2\" content=\"3 minutos\" \/>\n<script type=\"application\/ld+json\" class=\"yoast-schema-graph\">{\"@context\":\"https:\/\/schema.org\",\"@graph\":[{\"@type\":\"WebPage\",\"@id\":\"https:\/\/portalmf.com.br\/index.php\/2026\/04\/28\/alba-aprova-nome-de-carlos-pitta-para-teatro-do-centro-de-convencoes-de-feira\/\",\"url\":\"https:\/\/portalmf.com.br\/index.php\/2026\/04\/28\/alba-aprova-nome-de-carlos-pitta-para-teatro-do-centro-de-convencoes-de-feira\/\",\"name\":\"ALBA aprova nome de Carlos Pitta para teatro do Centro de Conven\u00e7\u00f5es de Feira - Portal MF\",\"isPartOf\":{\"@id\":\"https:\/\/portalmf.com.br\/#website\"},\"primaryImageOfPage\":{\"@id\":\"https:\/\/portalmf.com.br\/index.php\/2026\/04\/28\/alba-aprova-nome-de-carlos-pitta-para-teatro-do-centro-de-convencoes-de-feira\/#primaryimage\"},\"image\":{\"@id\":\"https:\/\/portalmf.com.br\/index.php\/2026\/04\/28\/alba-aprova-nome-de-carlos-pitta-para-teatro-do-centro-de-convencoes-de-feira\/#primaryimage\"},\"thumbnailUrl\":\"https:\/\/portalmf.com.br\/wp-content\/uploads\/2026\/03\/Centro-de-Convencoes-de-Feira-de-Santana.jpeg\",\"datePublished\":\"2026-04-29T01:11:27+00:00\",\"dateModified\":\"2026-04-29T01:11:29+00:00\",\"author\":{\"@id\":\"https:\/\/portalmf.com.br\/#\/schema\/person\/9ec101baf56233e53520c26de5d6f6f0\"},\"breadcrumb\":{\"@id\":\"https:\/\/portalmf.com.br\/index.php\/2026\/04\/28\/alba-aprova-nome-de-carlos-pitta-para-teatro-do-centro-de-convencoes-de-feira\/#breadcrumb\"},\"inLanguage\":\"pt-BR\",\"potentialAction\":[{\"@type\":\"ReadAction\",\"target\":[\"https:\/\/portalmf.com.br\/index.php\/2026\/04\/28\/alba-aprova-nome-de-carlos-pitta-para-teatro-do-centro-de-convencoes-de-feira\/\"]}]},{\"@type\":\"ImageObject\",\"inLanguage\":\"pt-BR\",\"@id\":\"https:\/\/portalmf.com.br\/index.php\/2026\/04\/28\/alba-aprova-nome-de-carlos-pitta-para-teatro-do-centro-de-convencoes-de-feira\/#primaryimage\",\"url\":\"https:\/\/portalmf.com.br\/wp-content\/uploads\/2026\/03\/Centro-de-Convencoes-de-Feira-de-Santana.jpeg\",\"contentUrl\":\"https:\/\/portalmf.com.br\/wp-content\/uploads\/2026\/03\/Centro-de-Convencoes-de-Feira-de-Santana.jpeg\",\"width\":1600,\"height\":900},{\"@type\":\"BreadcrumbList\",\"@id\":\"https:\/\/portalmf.com.br\/index.php\/2026\/04\/28\/alba-aprova-nome-de-carlos-pitta-para-teatro-do-centro-de-convencoes-de-feira\/#breadcrumb\",\"itemListElement\":[{\"@type\":\"ListItem\",\"position\":1,\"name\":\"In\u00edcio\",\"item\":\"https:\/\/portalmf.com.br\/\"},{\"@type\":\"ListItem\",\"position\":2,\"name\":\"ALBA aprova nome de Carlos Pitta para teatro do Centro de Conven\u00e7\u00f5es de Feira\"}]},{\"@type\":\"WebSite\",\"@id\":\"https:\/\/portalmf.com.br\/#website\",\"url\":\"https:\/\/portalmf.com.br\/\",\"name\":\"Portal MF\",\"description\":\"Voc\u00ea conectado com a informa\u00e7\u00e3o\",\"potentialAction\":[{\"@type\":\"SearchAction\",\"target\":{\"@type\":\"EntryPoint\",\"urlTemplate\":\"https:\/\/portalmf.com.br\/?s={search_term_string}\"},\"query-input\":\"required name=search_term_string\"}],\"inLanguage\":\"pt-BR\"},{\"@type\":\"Person\",\"@id\":\"https:\/\/portalmf.com.br\/#\/schema\/person\/9ec101baf56233e53520c26de5d6f6f0\",\"name\":\"Reda\u00e7\u00e3o Portal MF\",\"image\":{\"@type\":\"ImageObject\",\"inLanguage\":\"pt-BR\",\"@id\":\"https:\/\/portalmf.com.br\/#\/schema\/person\/image\/\",\"url\":\"https:\/\/secure.gravatar.com\/avatar\/41b9aaeb2100835f7c64362330f74c7f?s=96&d=mm&r=g\",\"contentUrl\":\"https:\/\/secure.gravatar.com\/avatar\/41b9aaeb2100835f7c64362330f74c7f?s=96&d=mm&r=g\",\"caption\":\"Reda\u00e7\u00e3o Portal MF\"},\"description\":\"Sejam bem-vindos o portal de informa\u00e7\u00f5es de entretenimento de Feira de Santana, desde 2006 realiza coberturas dos principais eventos com entrevistas exclusivas com as principais personalidades mundiais. Fique conectado tamb\u00e9m nas redes sociais.\",\"sameAs\":[\"http:\/\/www.portalmf.com.br\/\",\"https:\/\/www.facebook.com\/portalmfoficial\",\"https:\/\/www.instagram.com\/portalmf\/\",\"https:\/\/x.com\/https:\/\/x.com\/portalmfoficial\",\"https:\/\/www.youtube.com\/@portalmfoficial\"],\"url\":\"https:\/\/portalmf.com.br\/index.php\/author\/junior\/\"}]}<\/script>\n<!-- \/ Yoast SEO plugin. -->","yoast_head_json":{"title":"ALBA aprova nome de Carlos Pitta para teatro do Centro de Conven\u00e7\u00f5es de Feira - Portal MF","robots":{"index":"index","follow":"follow","max-snippet":"max-snippet:-1","max-image-preview":"max-image-preview:large","max-video-preview":"max-video-preview:-1"},"canonical":"https:\/\/portalmf.com.br\/index.php\/2026\/04\/28\/alba-aprova-nome-de-carlos-pitta-para-teatro-do-centro-de-convencoes-de-feira\/","og_locale":"pt_BR","og_type":"article","og_title":"ALBA aprova nome de Carlos Pitta para teatro do Centro de Conven\u00e7\u00f5es de Feira - Portal MF","og_description":"A Assembleia Legislativa da Bahia (ALBA) aprovou por unanimidade, nesta ter\u00e7a-feira (28), durante a 26\u00aa Sess\u00e3o Ordin\u00e1ria, o projeto de lei que denomina de Carlos Pitta o teatro do Centro de Conven\u00e7\u00f5es de Feira de Santana. A proposta \u00e9 de autoria do deputado estadual Robinson Almeida (PT) e recebeu parecer favor\u00e1vel das comiss\u00f5es da Casa [&hellip;]","og_url":"https:\/\/portalmf.com.br\/index.php\/2026\/04\/28\/alba-aprova-nome-de-carlos-pitta-para-teatro-do-centro-de-convencoes-de-feira\/","og_site_name":"Portal MF","article_author":"https:\/\/www.facebook.com\/portalmfoficial","article_published_time":"2026-04-29T01:11:27+00:00","article_modified_time":"2026-04-29T01:11:29+00:00","og_image":[{"width":1600,"height":900,"url":"https:\/\/portalmf.com.br\/wp-content\/uploads\/2026\/03\/Centro-de-Convencoes-de-Feira-de-Santana.jpeg","type":"image\/jpeg"}],"author":"Reda\u00e7\u00e3o Portal MF","twitter_card":"summary_large_image","twitter_creator":"@https:\/\/x.com\/portalmfoficial","twitter_misc":{"Escrito por":"Reda\u00e7\u00e3o Portal MF","Est. tempo de leitura":"3 minutos"},"schema":{"@context":"https:\/\/schema.org","@graph":[{"@type":"WebPage","@id":"https:\/\/portalmf.com.br\/index.php\/2026\/04\/28\/alba-aprova-nome-de-carlos-pitta-para-teatro-do-centro-de-convencoes-de-feira\/","url":"https:\/\/portalmf.com.br\/index.php\/2026\/04\/28\/alba-aprova-nome-de-carlos-pitta-para-teatro-do-centro-de-convencoes-de-feira\/","name":"ALBA aprova nome de Carlos Pitta para teatro do Centro de Conven\u00e7\u00f5es de Feira - Portal MF","isPartOf":{"@id":"https:\/\/portalmf.com.br\/#website"},"primaryImageOfPage":{"@id":"https:\/\/portalmf.com.br\/index.php\/2026\/04\/28\/alba-aprova-nome-de-carlos-pitta-para-teatro-do-centro-de-convencoes-de-feira\/#primaryimage"},"image":{"@id":"https:\/\/portalmf.com.br\/index.php\/2026\/04\/28\/alba-aprova-nome-de-carlos-pitta-para-teatro-do-centro-de-convencoes-de-feira\/#primaryimage"},"thumbnailUrl":"https:\/\/portalmf.com.br\/wp-content\/uploads\/2026\/03\/Centro-de-Convencoes-de-Feira-de-Santana.jpeg","datePublished":"2026-04-29T01:11:27+00:00","dateModified":"2026-04-29T01:11:29+00:00","author":{"@id":"https:\/\/portalmf.com.br\/#\/schema\/person\/9ec101baf56233e53520c26de5d6f6f0"},"breadcrumb":{"@id":"https:\/\/portalmf.com.br\/index.php\/2026\/04\/28\/alba-aprova-nome-de-carlos-pitta-para-teatro-do-centro-de-convencoes-de-feira\/#breadcrumb"},"inLanguage":"pt-BR","potentialAction":[{"@type":"ReadAction","target":["https:\/\/portalmf.com.br\/index.php\/2026\/04\/28\/alba-aprova-nome-de-carlos-pitta-para-teatro-do-centro-de-convencoes-de-feira\/"]}]},{"@type":"ImageObject","inLanguage":"pt-BR","@id":"https:\/\/portalmf.com.br\/index.php\/2026\/04\/28\/alba-aprova-nome-de-carlos-pitta-para-teatro-do-centro-de-convencoes-de-feira\/#primaryimage","url":"https:\/\/portalmf.com.br\/wp-content\/uploads\/2026\/03\/Centro-de-Convencoes-de-Feira-de-Santana.jpeg","contentUrl":"https:\/\/portalmf.com.br\/wp-content\/uploads\/2026\/03\/Centro-de-Convencoes-de-Feira-de-Santana.jpeg","width":1600,"height":900},{"@type":"BreadcrumbList","@id":"https:\/\/portalmf.com.br\/index.php\/2026\/04\/28\/alba-aprova-nome-de-carlos-pitta-para-teatro-do-centro-de-convencoes-de-feira\/#breadcrumb","itemListElement":[{"@type":"ListItem","position":1,"name":"In\u00edcio","item":"https:\/\/portalmf.com.br\/"},{"@type":"ListItem","position":2,"name":"ALBA aprova nome de Carlos Pitta para teatro do Centro de Conven\u00e7\u00f5es de Feira"}]},{"@type":"WebSite","@id":"https:\/\/portalmf.com.br\/#website","url":"https:\/\/portalmf.com.br\/","name":"Portal MF","description":"Voc\u00ea conectado com a informa\u00e7\u00e3o","potentialAction":[{"@type":"SearchAction","target":{"@type":"EntryPoint","urlTemplate":"https:\/\/portalmf.com.br\/?s={search_term_string}"},"query-input":"required name=search_term_string"}],"inLanguage":"pt-BR"},{"@type":"Person","@id":"https:\/\/portalmf.com.br\/#\/schema\/person\/9ec101baf56233e53520c26de5d6f6f0","name":"Reda\u00e7\u00e3o Portal MF","image":{"@type":"ImageObject","inLanguage":"pt-BR","@id":"https:\/\/portalmf.com.br\/#\/schema\/person\/image\/","url":"https:\/\/secure.gravatar.com\/avatar\/41b9aaeb2100835f7c64362330f74c7f?s=96&d=mm&r=g","contentUrl":"https:\/\/secure.gravatar.com\/avatar\/41b9aaeb2100835f7c64362330f74c7f?s=96&d=mm&r=g","caption":"Reda\u00e7\u00e3o Portal MF"},"description":"Sejam bem-vindos o portal de informa\u00e7\u00f5es de entretenimento de Feira de Santana, desde 2006 realiza coberturas dos principais eventos com entrevistas exclusivas com as principais personalidades mundiais. Fique conectado tamb\u00e9m nas redes sociais.","sameAs":["http:\/\/www.portalmf.com.br\/","https:\/\/www.facebook.com\/portalmfoficial","https:\/\/www.instagram.com\/portalmf\/","https:\/\/x.com\/https:\/\/x.com\/portalmfoficial","https:\/\/www.youtube.com\/@portalmfoficial"],"url":"https:\/\/portalmf.com.br\/index.php\/author\/junior\/"}]}},"_links":{"self":[{"href":"https:\/\/portalmf.com.br\/index.php\/wp-json\/wp\/v2\/posts\/43674"}],"collection":[{"href":"https:\/\/portalmf.com.br\/index.php\/wp-json\/wp\/v2\/posts"}],"about":[{"href":"https:\/\/portalmf.com.br\/index.php\/wp-json\/wp\/v2\/types\/post"}],"author":[{"embeddable":true,"href":"https:\/\/portalmf.com.br\/index.php\/wp-json\/wp\/v2\/users\/3"}],"replies":[{"embeddable":true,"href":"https:\/\/portalmf.com.br\/index.php\/wp-json\/wp\/v2\/comments?post=43674"}],"version-history":[{"count":1,"href":"https:\/\/portalmf.com.br\/index.php\/wp-json\/wp\/v2\/posts\/43674\/revisions"}],"predecessor-version":[{"id":43675,"href":"https:\/\/portalmf.com.br\/index.php\/wp-json\/wp\/v2\/posts\/43674\/revisions\/43675"}],"wp:featuredmedia":[{"embeddable":true,"href":"https:\/\/portalmf.com.br\/index.php\/wp-json\/wp\/v2\/media\/42802"}],"wp:attachment":[{"href":"https:\/\/portalmf.com.br\/index.php\/wp-json\/wp\/v2\/media?parent=43674"}],"wp:term":[{"taxonomy":"category","embeddable":true,"href":"https:\/\/portalmf.com.br\/index.php\/wp-json\/wp\/v2\/categories?post=43674"},{"taxonomy":"post_tag","embeddable":true,"href":"https:\/\/portalmf.com.br\/index.php\/wp-json\/wp\/v2\/tags?post=43674"}],"curies":[{"name":"wp","href":"https:\/\/api.w.org\/{rel}","templated":true}]}}