{"id":43668,"date":"2026-04-28T20:25:12","date_gmt":"2026-04-28T23:25:12","guid":{"rendered":"https:\/\/portalmf.com.br\/?p=43668"},"modified":"2026-04-28T20:25:15","modified_gmt":"2026-04-28T23:25:15","slug":"casa-do-trabalhador-realiza-mutirao-de-cursos-gratuitos","status":"publish","type":"post","link":"https:\/\/portalmf.com.br\/index.php\/2026\/04\/28\/casa-do-trabalhador-realiza-mutirao-de-cursos-gratuitos\/","title":{"rendered":"Casa do trabalhador realiza mutir\u00e3o de cursos gratuitos"},"content":{"rendered":"\n<p>Na manh\u00e3 desta ter\u00e7a-feira (28), a Casa do Trabalhador, \u00f3rg\u00e3o vinculado \u00e0 Secretaria Municipal de Trabalho, Turismo e Desenvolvimento Econ\u00f4mico (SETTDEC), realizou um mutir\u00e3o de 30 vagas de cursos profissionalizantes em Feira de Santana.<\/p>\n\n\n\n<p>A iniciativa faz parte de um cronograma cont\u00ednuo de capacita\u00e7\u00e3o que a unidade pretende manter durante todo o ano. Segundo o diretor da Casa do Trabalhador, Magno Felzemburgh, a a\u00e7\u00e3o busca qualificar e facilitar a inser\u00e7\u00e3o dos cidad\u00e3os no mercado de trabalho. &#8220;Os cursos ofertados s\u00e3o pensados e alinhados para atender n\u00e3o somente a demanda de m\u00e3o de obra qualificada, mas tamb\u00e9m as necessidades atuais do mercado. Vagas como atendente de farm\u00e1cia e operador de caixa s\u00e3o oferecidas diariamente pela Casa do Trabalhador&#8221;, pontuou.<\/p>\n\n\n\n<p><strong>Parceria e qualifica\u00e7\u00e3o<\/strong><\/p>\n\n\n\n<p>A a\u00e7\u00e3o foi promovida em parceria com a escola Agora Cursos, disponibilizando vagas em \u00e1reas estrat\u00e9gicas como Introdu\u00e7\u00e3o \u00e0 Inform\u00e1tica, Windows 11, Word, Internet, normas da ABNT para trabalhos acad\u00eamicos, Operador de Caixa, T\u00e9cnicas de Vendas e Atendente de Farm\u00e1cia. As capacita\u00e7\u00f5es possuem carga hor\u00e1ria entre 7 e 16 horas, com direito a certifica\u00e7\u00e3o ap\u00f3s a conclus\u00e3o.<\/p>\n\n\n\n<p>A diretora do Setor de Qualifica\u00e7\u00e3o da Casa do Trabalhador, Lorena Nogueira, destacou a alta receptividade do p\u00fablico e a import\u00e2ncia da iniciativa para diferentes faixas et\u00e1rias. &#8220;Oferecemos vagas para pessoas a partir dos 16 anos. \u00c9 uma uni\u00e3o entre o Governo Municipal e a iniciativa privada para ajudar tanto o jovem que busca o primeiro emprego quanto quem j\u00e1 est\u00e1 no mercado e deseja se qualificar&#8221;, afirmou.<\/p>\n\n\n\n<p>Lorena ressaltou ainda que a escolha das disciplinas foca na empregabilidade r\u00e1pida. &#8220;Buscamos cursos que a popula\u00e7\u00e3o realmente necessite, como os de inform\u00e1tica, fundamentais para qualquer fun\u00e7\u00e3o hoje em dia, e \u00e1reas com grande procura, como farm\u00e1cia e caixa&#8221;, completou.<\/p>\n\n\n\n<p><strong>Foco no cidad\u00e3o<\/strong><\/p>\n\n\n\n<p>Para os beneficiados, o mutir\u00e3o representa uma oportunidade de retomada profissional. Karine Cordeiro, t\u00e9cnica de enfermagem atualmente desempregada, inscreveu-se para o curso de atendente de farm\u00e1cia visando ampliar seu curr\u00edculo na \u00e1rea de sa\u00fade. &#8220;Vi a oportunidade de retornar ao mercado de trabalho, achei o processo de inscri\u00e7\u00e3o muito f\u00e1cil. \u00c9 uma chance muito boa&#8221;, relatou.<\/p>\n\n\n\n<p>O diretor da Agora Cursos, \u00c1tila Soares Becker, refor\u00e7ou o compromisso social da parceria e a flexibilidade para os alunos. &#8220;Selecionamos cursos essenciais. As turmas funcionam nos turnos da manh\u00e3, tarde e noite para que o aluno consiga encaixar o estudo em sua rotina, garantindo que ele conclua a forma\u00e7\u00e3o e saia qualificado de verdade&#8221;, explicou.<\/p>\n\n\n\n<p>Com o sucesso da demanda, a expectativa \u00e9 que novos mutir\u00f5es sejam realizados em curto prazo, ampliando o leque de especializa\u00e7\u00f5es oferecidas gratuitamente \u00e0 popula\u00e7\u00e3o feirense.A casa do trabalhador&nbsp; fica localizada na Rua Desembargador Felinto Bastos, 527A (antiga Rua da Aurora).&nbsp;<\/p>\n","protected":false},"excerpt":{"rendered":"<p>Na manh\u00e3 desta ter\u00e7a-feira (28), a Casa do Trabalhador, \u00f3rg\u00e3o vinculado \u00e0 Secretaria Municipal de Trabalho, Turismo e Desenvolvimento Econ\u00f4mico (SETTDEC), realizou um mutir\u00e3o de 30 vagas de cursos profissionalizantes em Feira de Santana. A iniciativa faz parte de um cronograma cont\u00ednuo de capacita\u00e7\u00e3o que a unidade pretende manter durante todo o ano. Segundo o [&hellip;]<\/p>\n","protected":false},"author":3,"featured_media":43669,"comment_status":"open","ping_status":"open","sticky":false,"template":"","format":"standard","meta":{"_monsterinsights_skip_tracking":false,"_monsterinsights_sitenote_active":false,"_monsterinsights_sitenote_note":"","_monsterinsights_sitenote_category":0,"footnotes":""},"categories":[34],"tags":[],"yoast_head":"<!-- This site is optimized with the Yoast SEO plugin v22.9 - https:\/\/yoast.com\/wordpress\/plugins\/seo\/ -->\n<title>Casa do trabalhador realiza mutir\u00e3o de cursos gratuitos - Portal MF<\/title>\n<meta name=\"robots\" content=\"index, follow, max-snippet:-1, max-image-preview:large, max-video-preview:-1\" \/>\n<link rel=\"canonical\" href=\"https:\/\/portalmf.com.br\/index.php\/2026\/04\/28\/casa-do-trabalhador-realiza-mutirao-de-cursos-gratuitos\/\" \/>\n<meta property=\"og:locale\" content=\"pt_BR\" \/>\n<meta property=\"og:type\" content=\"article\" \/>\n<meta property=\"og:title\" content=\"Casa do trabalhador realiza mutir\u00e3o de cursos gratuitos - Portal MF\" \/>\n<meta property=\"og:description\" content=\"Na manh\u00e3 desta ter\u00e7a-feira (28), a Casa do Trabalhador, \u00f3rg\u00e3o vinculado \u00e0 Secretaria Municipal de Trabalho, Turismo e Desenvolvimento Econ\u00f4mico (SETTDEC), realizou um mutir\u00e3o de 30 vagas de cursos profissionalizantes em Feira de Santana. A iniciativa faz parte de um cronograma cont\u00ednuo de capacita\u00e7\u00e3o que a unidade pretende manter durante todo o ano. Segundo o [&hellip;]\" \/>\n<meta property=\"og:url\" content=\"https:\/\/portalmf.com.br\/index.php\/2026\/04\/28\/casa-do-trabalhador-realiza-mutirao-de-cursos-gratuitos\/\" \/>\n<meta property=\"og:site_name\" content=\"Portal MF\" \/>\n<meta property=\"article:author\" content=\"https:\/\/www.facebook.com\/portalmfoficial\" \/>\n<meta property=\"article:published_time\" content=\"2026-04-28T23:25:12+00:00\" \/>\n<meta property=\"article:modified_time\" content=\"2026-04-28T23:25:15+00:00\" \/>\n<meta property=\"og:image\" content=\"https:\/\/portalmf.com.br\/wp-content\/uploads\/2026\/04\/Vaga-para-Cursos-Casa-do-trabalhador-28-04-2026-Foto-Gabriel-Calazans-1.jpg\" \/>\n\t<meta property=\"og:image:width\" content=\"1299\" \/>\n\t<meta property=\"og:image:height\" content=\"866\" \/>\n\t<meta property=\"og:image:type\" content=\"image\/jpeg\" \/>\n<meta name=\"author\" content=\"Reda\u00e7\u00e3o Portal MF\" \/>\n<meta name=\"twitter:card\" content=\"summary_large_image\" \/>\n<meta name=\"twitter:creator\" content=\"@https:\/\/x.com\/portalmfoficial\" \/>\n<meta name=\"twitter:label1\" content=\"Escrito por\" \/>\n\t<meta name=\"twitter:data1\" content=\"Reda\u00e7\u00e3o Portal MF\" \/>\n\t<meta name=\"twitter:label2\" content=\"Est. tempo de leitura\" \/>\n\t<meta name=\"twitter:data2\" content=\"3 minutos\" \/>\n<script type=\"application\/ld+json\" class=\"yoast-schema-graph\">{\"@context\":\"https:\/\/schema.org\",\"@graph\":[{\"@type\":\"WebPage\",\"@id\":\"https:\/\/portalmf.com.br\/index.php\/2026\/04\/28\/casa-do-trabalhador-realiza-mutirao-de-cursos-gratuitos\/\",\"url\":\"https:\/\/portalmf.com.br\/index.php\/2026\/04\/28\/casa-do-trabalhador-realiza-mutirao-de-cursos-gratuitos\/\",\"name\":\"Casa do trabalhador realiza mutir\u00e3o de cursos gratuitos - Portal MF\",\"isPartOf\":{\"@id\":\"https:\/\/portalmf.com.br\/#website\"},\"primaryImageOfPage\":{\"@id\":\"https:\/\/portalmf.com.br\/index.php\/2026\/04\/28\/casa-do-trabalhador-realiza-mutirao-de-cursos-gratuitos\/#primaryimage\"},\"image\":{\"@id\":\"https:\/\/portalmf.com.br\/index.php\/2026\/04\/28\/casa-do-trabalhador-realiza-mutirao-de-cursos-gratuitos\/#primaryimage\"},\"thumbnailUrl\":\"https:\/\/portalmf.com.br\/wp-content\/uploads\/2026\/04\/Vaga-para-Cursos-Casa-do-trabalhador-28-04-2026-Foto-Gabriel-Calazans-1.jpg\",\"datePublished\":\"2026-04-28T23:25:12+00:00\",\"dateModified\":\"2026-04-28T23:25:15+00:00\",\"author\":{\"@id\":\"https:\/\/portalmf.com.br\/#\/schema\/person\/9ec101baf56233e53520c26de5d6f6f0\"},\"breadcrumb\":{\"@id\":\"https:\/\/portalmf.com.br\/index.php\/2026\/04\/28\/casa-do-trabalhador-realiza-mutirao-de-cursos-gratuitos\/#breadcrumb\"},\"inLanguage\":\"pt-BR\",\"potentialAction\":[{\"@type\":\"ReadAction\",\"target\":[\"https:\/\/portalmf.com.br\/index.php\/2026\/04\/28\/casa-do-trabalhador-realiza-mutirao-de-cursos-gratuitos\/\"]}]},{\"@type\":\"ImageObject\",\"inLanguage\":\"pt-BR\",\"@id\":\"https:\/\/portalmf.com.br\/index.php\/2026\/04\/28\/casa-do-trabalhador-realiza-mutirao-de-cursos-gratuitos\/#primaryimage\",\"url\":\"https:\/\/portalmf.com.br\/wp-content\/uploads\/2026\/04\/Vaga-para-Cursos-Casa-do-trabalhador-28-04-2026-Foto-Gabriel-Calazans-1.jpg\",\"contentUrl\":\"https:\/\/portalmf.com.br\/wp-content\/uploads\/2026\/04\/Vaga-para-Cursos-Casa-do-trabalhador-28-04-2026-Foto-Gabriel-Calazans-1.jpg\",\"width\":1299,\"height\":866},{\"@type\":\"BreadcrumbList\",\"@id\":\"https:\/\/portalmf.com.br\/index.php\/2026\/04\/28\/casa-do-trabalhador-realiza-mutirao-de-cursos-gratuitos\/#breadcrumb\",\"itemListElement\":[{\"@type\":\"ListItem\",\"position\":1,\"name\":\"In\u00edcio\",\"item\":\"https:\/\/portalmf.com.br\/\"},{\"@type\":\"ListItem\",\"position\":2,\"name\":\"Casa do trabalhador realiza mutir\u00e3o de cursos gratuitos\"}]},{\"@type\":\"WebSite\",\"@id\":\"https:\/\/portalmf.com.br\/#website\",\"url\":\"https:\/\/portalmf.com.br\/\",\"name\":\"Portal MF\",\"description\":\"Voc\u00ea conectado com a informa\u00e7\u00e3o\",\"potentialAction\":[{\"@type\":\"SearchAction\",\"target\":{\"@type\":\"EntryPoint\",\"urlTemplate\":\"https:\/\/portalmf.com.br\/?s={search_term_string}\"},\"query-input\":\"required name=search_term_string\"}],\"inLanguage\":\"pt-BR\"},{\"@type\":\"Person\",\"@id\":\"https:\/\/portalmf.com.br\/#\/schema\/person\/9ec101baf56233e53520c26de5d6f6f0\",\"name\":\"Reda\u00e7\u00e3o Portal MF\",\"image\":{\"@type\":\"ImageObject\",\"inLanguage\":\"pt-BR\",\"@id\":\"https:\/\/portalmf.com.br\/#\/schema\/person\/image\/\",\"url\":\"https:\/\/secure.gravatar.com\/avatar\/41b9aaeb2100835f7c64362330f74c7f?s=96&d=mm&r=g\",\"contentUrl\":\"https:\/\/secure.gravatar.com\/avatar\/41b9aaeb2100835f7c64362330f74c7f?s=96&d=mm&r=g\",\"caption\":\"Reda\u00e7\u00e3o Portal MF\"},\"description\":\"Sejam bem-vindos o portal de informa\u00e7\u00f5es de entretenimento de Feira de Santana, desde 2006 realiza coberturas dos principais eventos com entrevistas exclusivas com as principais personalidades mundiais. Fique conectado tamb\u00e9m nas redes sociais.\",\"sameAs\":[\"http:\/\/www.portalmf.com.br\/\",\"https:\/\/www.facebook.com\/portalmfoficial\",\"https:\/\/www.instagram.com\/portalmf\/\",\"https:\/\/x.com\/https:\/\/x.com\/portalmfoficial\",\"https:\/\/www.youtube.com\/@portalmfoficial\"],\"url\":\"https:\/\/portalmf.com.br\/index.php\/author\/junior\/\"}]}<\/script>\n<!-- \/ Yoast SEO plugin. -->","yoast_head_json":{"title":"Casa do trabalhador realiza mutir\u00e3o de cursos gratuitos - Portal MF","robots":{"index":"index","follow":"follow","max-snippet":"max-snippet:-1","max-image-preview":"max-image-preview:large","max-video-preview":"max-video-preview:-1"},"canonical":"https:\/\/portalmf.com.br\/index.php\/2026\/04\/28\/casa-do-trabalhador-realiza-mutirao-de-cursos-gratuitos\/","og_locale":"pt_BR","og_type":"article","og_title":"Casa do trabalhador realiza mutir\u00e3o de cursos gratuitos - Portal MF","og_description":"Na manh\u00e3 desta ter\u00e7a-feira (28), a Casa do Trabalhador, \u00f3rg\u00e3o vinculado \u00e0 Secretaria Municipal de Trabalho, Turismo e Desenvolvimento Econ\u00f4mico (SETTDEC), realizou um mutir\u00e3o de 30 vagas de cursos profissionalizantes em Feira de Santana. A iniciativa faz parte de um cronograma cont\u00ednuo de capacita\u00e7\u00e3o que a unidade pretende manter durante todo o ano. Segundo o [&hellip;]","og_url":"https:\/\/portalmf.com.br\/index.php\/2026\/04\/28\/casa-do-trabalhador-realiza-mutirao-de-cursos-gratuitos\/","og_site_name":"Portal MF","article_author":"https:\/\/www.facebook.com\/portalmfoficial","article_published_time":"2026-04-28T23:25:12+00:00","article_modified_time":"2026-04-28T23:25:15+00:00","og_image":[{"width":1299,"height":866,"url":"https:\/\/portalmf.com.br\/wp-content\/uploads\/2026\/04\/Vaga-para-Cursos-Casa-do-trabalhador-28-04-2026-Foto-Gabriel-Calazans-1.jpg","type":"image\/jpeg"}],"author":"Reda\u00e7\u00e3o Portal MF","twitter_card":"summary_large_image","twitter_creator":"@https:\/\/x.com\/portalmfoficial","twitter_misc":{"Escrito por":"Reda\u00e7\u00e3o Portal MF","Est. tempo de leitura":"3 minutos"},"schema":{"@context":"https:\/\/schema.org","@graph":[{"@type":"WebPage","@id":"https:\/\/portalmf.com.br\/index.php\/2026\/04\/28\/casa-do-trabalhador-realiza-mutirao-de-cursos-gratuitos\/","url":"https:\/\/portalmf.com.br\/index.php\/2026\/04\/28\/casa-do-trabalhador-realiza-mutirao-de-cursos-gratuitos\/","name":"Casa do trabalhador realiza mutir\u00e3o de cursos gratuitos - Portal MF","isPartOf":{"@id":"https:\/\/portalmf.com.br\/#website"},"primaryImageOfPage":{"@id":"https:\/\/portalmf.com.br\/index.php\/2026\/04\/28\/casa-do-trabalhador-realiza-mutirao-de-cursos-gratuitos\/#primaryimage"},"image":{"@id":"https:\/\/portalmf.com.br\/index.php\/2026\/04\/28\/casa-do-trabalhador-realiza-mutirao-de-cursos-gratuitos\/#primaryimage"},"thumbnailUrl":"https:\/\/portalmf.com.br\/wp-content\/uploads\/2026\/04\/Vaga-para-Cursos-Casa-do-trabalhador-28-04-2026-Foto-Gabriel-Calazans-1.jpg","datePublished":"2026-04-28T23:25:12+00:00","dateModified":"2026-04-28T23:25:15+00:00","author":{"@id":"https:\/\/portalmf.com.br\/#\/schema\/person\/9ec101baf56233e53520c26de5d6f6f0"},"breadcrumb":{"@id":"https:\/\/portalmf.com.br\/index.php\/2026\/04\/28\/casa-do-trabalhador-realiza-mutirao-de-cursos-gratuitos\/#breadcrumb"},"inLanguage":"pt-BR","potentialAction":[{"@type":"ReadAction","target":["https:\/\/portalmf.com.br\/index.php\/2026\/04\/28\/casa-do-trabalhador-realiza-mutirao-de-cursos-gratuitos\/"]}]},{"@type":"ImageObject","inLanguage":"pt-BR","@id":"https:\/\/portalmf.com.br\/index.php\/2026\/04\/28\/casa-do-trabalhador-realiza-mutirao-de-cursos-gratuitos\/#primaryimage","url":"https:\/\/portalmf.com.br\/wp-content\/uploads\/2026\/04\/Vaga-para-Cursos-Casa-do-trabalhador-28-04-2026-Foto-Gabriel-Calazans-1.jpg","contentUrl":"https:\/\/portalmf.com.br\/wp-content\/uploads\/2026\/04\/Vaga-para-Cursos-Casa-do-trabalhador-28-04-2026-Foto-Gabriel-Calazans-1.jpg","width":1299,"height":866},{"@type":"BreadcrumbList","@id":"https:\/\/portalmf.com.br\/index.php\/2026\/04\/28\/casa-do-trabalhador-realiza-mutirao-de-cursos-gratuitos\/#breadcrumb","itemListElement":[{"@type":"ListItem","position":1,"name":"In\u00edcio","item":"https:\/\/portalmf.com.br\/"},{"@type":"ListItem","position":2,"name":"Casa do trabalhador realiza mutir\u00e3o de cursos gratuitos"}]},{"@type":"WebSite","@id":"https:\/\/portalmf.com.br\/#website","url":"https:\/\/portalmf.com.br\/","name":"Portal MF","description":"Voc\u00ea conectado com a informa\u00e7\u00e3o","potentialAction":[{"@type":"SearchAction","target":{"@type":"EntryPoint","urlTemplate":"https:\/\/portalmf.com.br\/?s={search_term_string}"},"query-input":"required name=search_term_string"}],"inLanguage":"pt-BR"},{"@type":"Person","@id":"https:\/\/portalmf.com.br\/#\/schema\/person\/9ec101baf56233e53520c26de5d6f6f0","name":"Reda\u00e7\u00e3o Portal MF","image":{"@type":"ImageObject","inLanguage":"pt-BR","@id":"https:\/\/portalmf.com.br\/#\/schema\/person\/image\/","url":"https:\/\/secure.gravatar.com\/avatar\/41b9aaeb2100835f7c64362330f74c7f?s=96&d=mm&r=g","contentUrl":"https:\/\/secure.gravatar.com\/avatar\/41b9aaeb2100835f7c64362330f74c7f?s=96&d=mm&r=g","caption":"Reda\u00e7\u00e3o Portal MF"},"description":"Sejam bem-vindos o portal de informa\u00e7\u00f5es de entretenimento de Feira de Santana, desde 2006 realiza coberturas dos principais eventos com entrevistas exclusivas com as principais personalidades mundiais. Fique conectado tamb\u00e9m nas redes sociais.","sameAs":["http:\/\/www.portalmf.com.br\/","https:\/\/www.facebook.com\/portalmfoficial","https:\/\/www.instagram.com\/portalmf\/","https:\/\/x.com\/https:\/\/x.com\/portalmfoficial","https:\/\/www.youtube.com\/@portalmfoficial"],"url":"https:\/\/portalmf.com.br\/index.php\/author\/junior\/"}]}},"_links":{"self":[{"href":"https:\/\/portalmf.com.br\/index.php\/wp-json\/wp\/v2\/posts\/43668"}],"collection":[{"href":"https:\/\/portalmf.com.br\/index.php\/wp-json\/wp\/v2\/posts"}],"about":[{"href":"https:\/\/portalmf.com.br\/index.php\/wp-json\/wp\/v2\/types\/post"}],"author":[{"embeddable":true,"href":"https:\/\/portalmf.com.br\/index.php\/wp-json\/wp\/v2\/users\/3"}],"replies":[{"embeddable":true,"href":"https:\/\/portalmf.com.br\/index.php\/wp-json\/wp\/v2\/comments?post=43668"}],"version-history":[{"count":1,"href":"https:\/\/portalmf.com.br\/index.php\/wp-json\/wp\/v2\/posts\/43668\/revisions"}],"predecessor-version":[{"id":43670,"href":"https:\/\/portalmf.com.br\/index.php\/wp-json\/wp\/v2\/posts\/43668\/revisions\/43670"}],"wp:featuredmedia":[{"embeddable":true,"href":"https:\/\/portalmf.com.br\/index.php\/wp-json\/wp\/v2\/media\/43669"}],"wp:attachment":[{"href":"https:\/\/portalmf.com.br\/index.php\/wp-json\/wp\/v2\/media?parent=43668"}],"wp:term":[{"taxonomy":"category","embeddable":true,"href":"https:\/\/portalmf.com.br\/index.php\/wp-json\/wp\/v2\/categories?post=43668"},{"taxonomy":"post_tag","embeddable":true,"href":"https:\/\/portalmf.com.br\/index.php\/wp-json\/wp\/v2\/tags?post=43668"}],"curies":[{"name":"wp","href":"https:\/\/api.w.org\/{rel}","templated":true}]}}