{"id":43665,"date":"2026-04-28T20:20:11","date_gmt":"2026-04-28T23:20:11","guid":{"rendered":"https:\/\/portalmf.com.br\/?p=43665"},"modified":"2026-04-28T20:20:12","modified_gmt":"2026-04-28T23:20:12","slug":"prefeitura-apresenta-potencial-de-feira-e-solidez-fiscal-em-road-show-na-b3-para-viabilizar-hospital-municipal","status":"publish","type":"post","link":"https:\/\/portalmf.com.br\/index.php\/2026\/04\/28\/prefeitura-apresenta-potencial-de-feira-e-solidez-fiscal-em-road-show-na-b3-para-viabilizar-hospital-municipal\/","title":{"rendered":"Prefeitura apresenta potencial de Feira e solidez fiscal em road show na B3 para viabilizar Hospital Municipal"},"content":{"rendered":"\n<p>A Prefeitura de Feira de Santana refor\u00e7ou sua capacidade de atrair investimentos e executar grandes projetos durante road show realizado nesta ter\u00e7a-feira (28), na sede da B3, em S\u00e3o Paulo. No encontro, que reuniu investidores e representantes do mercado, foram detalhados os aspectos t\u00e9cnicos, financeiros e assistenciais da Parceria P\u00fablico-Privada (PPP) que viabilizar\u00e1 o novo Hospital Municipal.<\/p>\n\n\n\n<p>Durante a apresenta\u00e7\u00e3o, o prefeito Jos\u00e9 Ronaldo de Carvalho destacou o car\u00e1ter estrat\u00e9gico do munic\u00edpio e a import\u00e2ncia do projeto para a popula\u00e7\u00e3o. \u201c\u00c9 um sonho da nossa cidade. Feira de Santana \u00e9 um dos principais entroncamentos rodovi\u00e1rios do pa\u00eds, com forte economia, com\u00e9rcio pujante e uma gest\u00e3o que cumpre rigorosamente seus compromissos\u201d, afirmou. O gestor tamb\u00e9m ressaltou a credibilidade da administra\u00e7\u00e3o municipal e a experi\u00eancia em projetos estruturantes, citando o sucesso da PPP da ilumina\u00e7\u00e3o p\u00fablica j\u00e1 em execu\u00e7\u00e3o.<\/p>\n\n\n\n<p>O secret\u00e1rio municipal de Planejamento, Carlos Brito, apresentou indicadores econ\u00f4micos e fiscais que refor\u00e7am a seguran\u00e7a do investimento. Segundo ele, Feira possui um Produto Interno Bruto (PIB) de R$ 21 bilh\u00f5es, com destaque para o com\u00e9rcio, respons\u00e1vel por cerca de 60% da economia local. \u201cSomos o maior com\u00e9rcio do interior do Nordeste e temos uma governan\u00e7a consolidada, com estabilidade administrativa e capacidade de honrar compromissos\u201d, pontuou.<\/p>\n\n\n\n<p>Brito tamb\u00e9m enfatizou a solidez fiscal do munic\u00edpio, com baixo n\u00edvel de endividamento e ampla margem dentro dos limites estabelecidos pelo Tesouro Nacional. De acordo com os dados apresentados, a rela\u00e7\u00e3o entre d\u00edvida e receita est\u00e1 bem abaixo do limite legal, e o comprometimento com o servi\u00e7o da d\u00edvida permanece em patamar considerado seguro. \u201cFeira de Santana apresenta um cen\u00e1rio fiscal equilibrado, com capacidade de investimento e crescimento sustent\u00e1vel no curto e longo prazo\u201d, explicou.<\/p>\n\n\n\n<p>J\u00e1 o secret\u00e1rio municipal de Sa\u00fade, Rodrigo Matos, destacou o impacto social do projeto e o planejamento t\u00e9cnico que embasou a proposta. Segundo ele, o hospital foi concebido a partir de dados epidemiol\u00f3gicos e das reais necessidades da rede p\u00fablica. \u201cN\u00e3o \u00e9 apenas a constru\u00e7\u00e3o de uma unidade, mas a qualifica\u00e7\u00e3o de toda a rede de sa\u00fade. O hospital ser\u00e1 um ponto estrat\u00e9gico dentro de um sistema integrado, atendendo uma macrorregi\u00e3o com mais de 2 milh\u00f5es de habitantes\u201d, afirmou.<\/p>\n\n\n\n<p>Ele tamb\u00e9m ressaltou que o modelo de PPP busca n\u00e3o apenas recursos financeiros, mas tamb\u00e9m a expertise da iniciativa privada. \u201cA proposta \u00e9 unir a capacidade do poder p\u00fablico de formular pol\u00edticas com a efici\u00eancia operacional do setor privado, garantindo melhor entrega de servi\u00e7os \u00e0 popula\u00e7\u00e3o\u201d, disse.<\/p>\n\n\n\n<p>O projeto prev\u00ea a constru\u00e7\u00e3o de uma unidade de alta complexidade, com 110 leitos de interna\u00e7\u00e3o, 10 leitos de UTI, centro cir\u00fargico e estrutura moderna de diagn\u00f3stico por imagem. A iniciativa deve ampliar a oferta de servi\u00e7os, especialmente em \u00e1reas com alta demanda, como cirurgias gerais e ortop\u00e9dicas, al\u00e9m de suprir a necessidade de leitos cl\u00ednicos e de terapia intensiva.<\/p>\n\n\n\n<p>Outro ponto destacado foi o processo de constru\u00e7\u00e3o do projeto, que incluiu etapas de consulta e audi\u00eancia p\u00fablica, garantindo transpar\u00eancia e participa\u00e7\u00e3o social. \u201cTodo o planejamento foi feito com responsabilidade, ouvindo a sociedade e respeitando o uso dos recursos p\u00fablicos\u201d, completou Rodrigo Matos.<\/p>\n\n\n\n<p>Com edital j\u00e1 publicado, o leil\u00e3o da PPP est\u00e1 previsto para ocorrer em maio, tamb\u00e9m na B3. A expectativa \u00e9 atrair grandes grupos nacionais especializados em sa\u00fade e infraestrutura hospitalar.<\/p>\n\n\n\n<p>Al\u00e9m de fortalecer a rede p\u00fablica de sa\u00fade e reduzir a press\u00e3o sobre unidades estaduais, o Hospital Municipal deve gerar impacto positivo na economia local, com cria\u00e7\u00e3o de empregos e fortalecimento de Feira de Santana como polo regional de sa\u00fade no interior da Bahia.<\/p>\n\n\n\n<p>Com informa\u00e7\u00f5es da Secom<\/p>\n","protected":false},"excerpt":{"rendered":"<p>A Prefeitura de Feira de Santana refor\u00e7ou sua capacidade de atrair investimentos e executar grandes projetos durante road show realizado nesta ter\u00e7a-feira (28), na sede da B3, em S\u00e3o Paulo. No encontro, que reuniu investidores e representantes do mercado, foram detalhados os aspectos t\u00e9cnicos, financeiros e assistenciais da Parceria P\u00fablico-Privada (PPP) que viabilizar\u00e1 o novo [&hellip;]<\/p>\n","protected":false},"author":3,"featured_media":43666,"comment_status":"open","ping_status":"open","sticky":false,"template":"","format":"standard","meta":{"_monsterinsights_skip_tracking":false,"_monsterinsights_sitenote_active":false,"_monsterinsights_sitenote_note":"","_monsterinsights_sitenote_category":0,"footnotes":""},"categories":[34],"tags":[],"yoast_head":"<!-- This site is optimized with the Yoast SEO plugin v22.9 - https:\/\/yoast.com\/wordpress\/plugins\/seo\/ -->\n<title>Prefeitura apresenta potencial de Feira e solidez fiscal em road show na B3 para viabilizar Hospital Municipal - Portal MF<\/title>\n<meta name=\"robots\" content=\"index, follow, max-snippet:-1, max-image-preview:large, max-video-preview:-1\" \/>\n<link rel=\"canonical\" href=\"https:\/\/portalmf.com.br\/index.php\/2026\/04\/28\/prefeitura-apresenta-potencial-de-feira-e-solidez-fiscal-em-road-show-na-b3-para-viabilizar-hospital-municipal\/\" \/>\n<meta property=\"og:locale\" content=\"pt_BR\" \/>\n<meta property=\"og:type\" content=\"article\" \/>\n<meta property=\"og:title\" content=\"Prefeitura apresenta potencial de Feira e solidez fiscal em road show na B3 para viabilizar Hospital Municipal - Portal MF\" \/>\n<meta property=\"og:description\" content=\"A Prefeitura de Feira de Santana refor\u00e7ou sua capacidade de atrair investimentos e executar grandes projetos durante road show realizado nesta ter\u00e7a-feira (28), na sede da B3, em S\u00e3o Paulo. No encontro, que reuniu investidores e representantes do mercado, foram detalhados os aspectos t\u00e9cnicos, financeiros e assistenciais da Parceria P\u00fablico-Privada (PPP) que viabilizar\u00e1 o novo [&hellip;]\" \/>\n<meta property=\"og:url\" content=\"https:\/\/portalmf.com.br\/index.php\/2026\/04\/28\/prefeitura-apresenta-potencial-de-feira-e-solidez-fiscal-em-road-show-na-b3-para-viabilizar-hospital-municipal\/\" \/>\n<meta property=\"og:site_name\" content=\"Portal MF\" \/>\n<meta property=\"article:author\" content=\"https:\/\/www.facebook.com\/portalmfoficial\" \/>\n<meta property=\"article:published_time\" content=\"2026-04-28T23:20:11+00:00\" \/>\n<meta property=\"article:modified_time\" content=\"2026-04-28T23:20:12+00:00\" \/>\n<meta property=\"og:image\" content=\"https:\/\/portalmf.com.br\/wp-content\/uploads\/2026\/04\/Prefeitura-apresenta-potencial-de-Feira-e-solidez-fiscal-em-road-show-na-B3-para-viabilizar-Hospital-Municipal.jpg\" \/>\n\t<meta property=\"og:image:width\" content=\"1306\" \/>\n\t<meta property=\"og:image:height\" content=\"870\" \/>\n\t<meta property=\"og:image:type\" content=\"image\/jpeg\" \/>\n<meta name=\"author\" content=\"Reda\u00e7\u00e3o Portal MF\" \/>\n<meta name=\"twitter:card\" content=\"summary_large_image\" \/>\n<meta name=\"twitter:creator\" content=\"@https:\/\/x.com\/portalmfoficial\" \/>\n<meta name=\"twitter:label1\" content=\"Escrito por\" \/>\n\t<meta name=\"twitter:data1\" content=\"Reda\u00e7\u00e3o Portal MF\" \/>\n\t<meta name=\"twitter:label2\" content=\"Est. tempo de leitura\" \/>\n\t<meta name=\"twitter:data2\" content=\"4 minutos\" \/>\n<script type=\"application\/ld+json\" class=\"yoast-schema-graph\">{\"@context\":\"https:\/\/schema.org\",\"@graph\":[{\"@type\":\"WebPage\",\"@id\":\"https:\/\/portalmf.com.br\/index.php\/2026\/04\/28\/prefeitura-apresenta-potencial-de-feira-e-solidez-fiscal-em-road-show-na-b3-para-viabilizar-hospital-municipal\/\",\"url\":\"https:\/\/portalmf.com.br\/index.php\/2026\/04\/28\/prefeitura-apresenta-potencial-de-feira-e-solidez-fiscal-em-road-show-na-b3-para-viabilizar-hospital-municipal\/\",\"name\":\"Prefeitura apresenta potencial de Feira e solidez fiscal em road show na B3 para viabilizar Hospital Municipal - Portal MF\",\"isPartOf\":{\"@id\":\"https:\/\/portalmf.com.br\/#website\"},\"primaryImageOfPage\":{\"@id\":\"https:\/\/portalmf.com.br\/index.php\/2026\/04\/28\/prefeitura-apresenta-potencial-de-feira-e-solidez-fiscal-em-road-show-na-b3-para-viabilizar-hospital-municipal\/#primaryimage\"},\"image\":{\"@id\":\"https:\/\/portalmf.com.br\/index.php\/2026\/04\/28\/prefeitura-apresenta-potencial-de-feira-e-solidez-fiscal-em-road-show-na-b3-para-viabilizar-hospital-municipal\/#primaryimage\"},\"thumbnailUrl\":\"https:\/\/portalmf.com.br\/wp-content\/uploads\/2026\/04\/Prefeitura-apresenta-potencial-de-Feira-e-solidez-fiscal-em-road-show-na-B3-para-viabilizar-Hospital-Municipal.jpg\",\"datePublished\":\"2026-04-28T23:20:11+00:00\",\"dateModified\":\"2026-04-28T23:20:12+00:00\",\"author\":{\"@id\":\"https:\/\/portalmf.com.br\/#\/schema\/person\/9ec101baf56233e53520c26de5d6f6f0\"},\"breadcrumb\":{\"@id\":\"https:\/\/portalmf.com.br\/index.php\/2026\/04\/28\/prefeitura-apresenta-potencial-de-feira-e-solidez-fiscal-em-road-show-na-b3-para-viabilizar-hospital-municipal\/#breadcrumb\"},\"inLanguage\":\"pt-BR\",\"potentialAction\":[{\"@type\":\"ReadAction\",\"target\":[\"https:\/\/portalmf.com.br\/index.php\/2026\/04\/28\/prefeitura-apresenta-potencial-de-feira-e-solidez-fiscal-em-road-show-na-b3-para-viabilizar-hospital-municipal\/\"]}]},{\"@type\":\"ImageObject\",\"inLanguage\":\"pt-BR\",\"@id\":\"https:\/\/portalmf.com.br\/index.php\/2026\/04\/28\/prefeitura-apresenta-potencial-de-feira-e-solidez-fiscal-em-road-show-na-b3-para-viabilizar-hospital-municipal\/#primaryimage\",\"url\":\"https:\/\/portalmf.com.br\/wp-content\/uploads\/2026\/04\/Prefeitura-apresenta-potencial-de-Feira-e-solidez-fiscal-em-road-show-na-B3-para-viabilizar-Hospital-Municipal.jpg\",\"contentUrl\":\"https:\/\/portalmf.com.br\/wp-content\/uploads\/2026\/04\/Prefeitura-apresenta-potencial-de-Feira-e-solidez-fiscal-em-road-show-na-B3-para-viabilizar-Hospital-Municipal.jpg\",\"width\":1306,\"height\":870},{\"@type\":\"BreadcrumbList\",\"@id\":\"https:\/\/portalmf.com.br\/index.php\/2026\/04\/28\/prefeitura-apresenta-potencial-de-feira-e-solidez-fiscal-em-road-show-na-b3-para-viabilizar-hospital-municipal\/#breadcrumb\",\"itemListElement\":[{\"@type\":\"ListItem\",\"position\":1,\"name\":\"In\u00edcio\",\"item\":\"https:\/\/portalmf.com.br\/\"},{\"@type\":\"ListItem\",\"position\":2,\"name\":\"Prefeitura apresenta potencial de Feira e solidez fiscal em road show na B3 para viabilizar Hospital Municipal\"}]},{\"@type\":\"WebSite\",\"@id\":\"https:\/\/portalmf.com.br\/#website\",\"url\":\"https:\/\/portalmf.com.br\/\",\"name\":\"Portal MF\",\"description\":\"Voc\u00ea conectado com a informa\u00e7\u00e3o\",\"potentialAction\":[{\"@type\":\"SearchAction\",\"target\":{\"@type\":\"EntryPoint\",\"urlTemplate\":\"https:\/\/portalmf.com.br\/?s={search_term_string}\"},\"query-input\":\"required name=search_term_string\"}],\"inLanguage\":\"pt-BR\"},{\"@type\":\"Person\",\"@id\":\"https:\/\/portalmf.com.br\/#\/schema\/person\/9ec101baf56233e53520c26de5d6f6f0\",\"name\":\"Reda\u00e7\u00e3o Portal MF\",\"image\":{\"@type\":\"ImageObject\",\"inLanguage\":\"pt-BR\",\"@id\":\"https:\/\/portalmf.com.br\/#\/schema\/person\/image\/\",\"url\":\"https:\/\/secure.gravatar.com\/avatar\/41b9aaeb2100835f7c64362330f74c7f?s=96&d=mm&r=g\",\"contentUrl\":\"https:\/\/secure.gravatar.com\/avatar\/41b9aaeb2100835f7c64362330f74c7f?s=96&d=mm&r=g\",\"caption\":\"Reda\u00e7\u00e3o Portal MF\"},\"description\":\"Sejam bem-vindos o portal de informa\u00e7\u00f5es de entretenimento de Feira de Santana, desde 2006 realiza coberturas dos principais eventos com entrevistas exclusivas com as principais personalidades mundiais. Fique conectado tamb\u00e9m nas redes sociais.\",\"sameAs\":[\"http:\/\/www.portalmf.com.br\/\",\"https:\/\/www.facebook.com\/portalmfoficial\",\"https:\/\/www.instagram.com\/portalmf\/\",\"https:\/\/x.com\/https:\/\/x.com\/portalmfoficial\",\"https:\/\/www.youtube.com\/@portalmfoficial\"],\"url\":\"https:\/\/portalmf.com.br\/index.php\/author\/junior\/\"}]}<\/script>\n<!-- \/ Yoast SEO plugin. -->","yoast_head_json":{"title":"Prefeitura apresenta potencial de Feira e solidez fiscal em road show na B3 para viabilizar Hospital Municipal - Portal MF","robots":{"index":"index","follow":"follow","max-snippet":"max-snippet:-1","max-image-preview":"max-image-preview:large","max-video-preview":"max-video-preview:-1"},"canonical":"https:\/\/portalmf.com.br\/index.php\/2026\/04\/28\/prefeitura-apresenta-potencial-de-feira-e-solidez-fiscal-em-road-show-na-b3-para-viabilizar-hospital-municipal\/","og_locale":"pt_BR","og_type":"article","og_title":"Prefeitura apresenta potencial de Feira e solidez fiscal em road show na B3 para viabilizar Hospital Municipal - Portal MF","og_description":"A Prefeitura de Feira de Santana refor\u00e7ou sua capacidade de atrair investimentos e executar grandes projetos durante road show realizado nesta ter\u00e7a-feira (28), na sede da B3, em S\u00e3o Paulo. No encontro, que reuniu investidores e representantes do mercado, foram detalhados os aspectos t\u00e9cnicos, financeiros e assistenciais da Parceria P\u00fablico-Privada (PPP) que viabilizar\u00e1 o novo [&hellip;]","og_url":"https:\/\/portalmf.com.br\/index.php\/2026\/04\/28\/prefeitura-apresenta-potencial-de-feira-e-solidez-fiscal-em-road-show-na-b3-para-viabilizar-hospital-municipal\/","og_site_name":"Portal MF","article_author":"https:\/\/www.facebook.com\/portalmfoficial","article_published_time":"2026-04-28T23:20:11+00:00","article_modified_time":"2026-04-28T23:20:12+00:00","og_image":[{"width":1306,"height":870,"url":"https:\/\/portalmf.com.br\/wp-content\/uploads\/2026\/04\/Prefeitura-apresenta-potencial-de-Feira-e-solidez-fiscal-em-road-show-na-B3-para-viabilizar-Hospital-Municipal.jpg","type":"image\/jpeg"}],"author":"Reda\u00e7\u00e3o Portal MF","twitter_card":"summary_large_image","twitter_creator":"@https:\/\/x.com\/portalmfoficial","twitter_misc":{"Escrito por":"Reda\u00e7\u00e3o Portal MF","Est. tempo de leitura":"4 minutos"},"schema":{"@context":"https:\/\/schema.org","@graph":[{"@type":"WebPage","@id":"https:\/\/portalmf.com.br\/index.php\/2026\/04\/28\/prefeitura-apresenta-potencial-de-feira-e-solidez-fiscal-em-road-show-na-b3-para-viabilizar-hospital-municipal\/","url":"https:\/\/portalmf.com.br\/index.php\/2026\/04\/28\/prefeitura-apresenta-potencial-de-feira-e-solidez-fiscal-em-road-show-na-b3-para-viabilizar-hospital-municipal\/","name":"Prefeitura apresenta potencial de Feira e solidez fiscal em road show na B3 para viabilizar Hospital Municipal - Portal MF","isPartOf":{"@id":"https:\/\/portalmf.com.br\/#website"},"primaryImageOfPage":{"@id":"https:\/\/portalmf.com.br\/index.php\/2026\/04\/28\/prefeitura-apresenta-potencial-de-feira-e-solidez-fiscal-em-road-show-na-b3-para-viabilizar-hospital-municipal\/#primaryimage"},"image":{"@id":"https:\/\/portalmf.com.br\/index.php\/2026\/04\/28\/prefeitura-apresenta-potencial-de-feira-e-solidez-fiscal-em-road-show-na-b3-para-viabilizar-hospital-municipal\/#primaryimage"},"thumbnailUrl":"https:\/\/portalmf.com.br\/wp-content\/uploads\/2026\/04\/Prefeitura-apresenta-potencial-de-Feira-e-solidez-fiscal-em-road-show-na-B3-para-viabilizar-Hospital-Municipal.jpg","datePublished":"2026-04-28T23:20:11+00:00","dateModified":"2026-04-28T23:20:12+00:00","author":{"@id":"https:\/\/portalmf.com.br\/#\/schema\/person\/9ec101baf56233e53520c26de5d6f6f0"},"breadcrumb":{"@id":"https:\/\/portalmf.com.br\/index.php\/2026\/04\/28\/prefeitura-apresenta-potencial-de-feira-e-solidez-fiscal-em-road-show-na-b3-para-viabilizar-hospital-municipal\/#breadcrumb"},"inLanguage":"pt-BR","potentialAction":[{"@type":"ReadAction","target":["https:\/\/portalmf.com.br\/index.php\/2026\/04\/28\/prefeitura-apresenta-potencial-de-feira-e-solidez-fiscal-em-road-show-na-b3-para-viabilizar-hospital-municipal\/"]}]},{"@type":"ImageObject","inLanguage":"pt-BR","@id":"https:\/\/portalmf.com.br\/index.php\/2026\/04\/28\/prefeitura-apresenta-potencial-de-feira-e-solidez-fiscal-em-road-show-na-b3-para-viabilizar-hospital-municipal\/#primaryimage","url":"https:\/\/portalmf.com.br\/wp-content\/uploads\/2026\/04\/Prefeitura-apresenta-potencial-de-Feira-e-solidez-fiscal-em-road-show-na-B3-para-viabilizar-Hospital-Municipal.jpg","contentUrl":"https:\/\/portalmf.com.br\/wp-content\/uploads\/2026\/04\/Prefeitura-apresenta-potencial-de-Feira-e-solidez-fiscal-em-road-show-na-B3-para-viabilizar-Hospital-Municipal.jpg","width":1306,"height":870},{"@type":"BreadcrumbList","@id":"https:\/\/portalmf.com.br\/index.php\/2026\/04\/28\/prefeitura-apresenta-potencial-de-feira-e-solidez-fiscal-em-road-show-na-b3-para-viabilizar-hospital-municipal\/#breadcrumb","itemListElement":[{"@type":"ListItem","position":1,"name":"In\u00edcio","item":"https:\/\/portalmf.com.br\/"},{"@type":"ListItem","position":2,"name":"Prefeitura apresenta potencial de Feira e solidez fiscal em road show na B3 para viabilizar Hospital Municipal"}]},{"@type":"WebSite","@id":"https:\/\/portalmf.com.br\/#website","url":"https:\/\/portalmf.com.br\/","name":"Portal MF","description":"Voc\u00ea conectado com a informa\u00e7\u00e3o","potentialAction":[{"@type":"SearchAction","target":{"@type":"EntryPoint","urlTemplate":"https:\/\/portalmf.com.br\/?s={search_term_string}"},"query-input":"required name=search_term_string"}],"inLanguage":"pt-BR"},{"@type":"Person","@id":"https:\/\/portalmf.com.br\/#\/schema\/person\/9ec101baf56233e53520c26de5d6f6f0","name":"Reda\u00e7\u00e3o Portal MF","image":{"@type":"ImageObject","inLanguage":"pt-BR","@id":"https:\/\/portalmf.com.br\/#\/schema\/person\/image\/","url":"https:\/\/secure.gravatar.com\/avatar\/41b9aaeb2100835f7c64362330f74c7f?s=96&d=mm&r=g","contentUrl":"https:\/\/secure.gravatar.com\/avatar\/41b9aaeb2100835f7c64362330f74c7f?s=96&d=mm&r=g","caption":"Reda\u00e7\u00e3o Portal MF"},"description":"Sejam bem-vindos o portal de informa\u00e7\u00f5es de entretenimento de Feira de Santana, desde 2006 realiza coberturas dos principais eventos com entrevistas exclusivas com as principais personalidades mundiais. Fique conectado tamb\u00e9m nas redes sociais.","sameAs":["http:\/\/www.portalmf.com.br\/","https:\/\/www.facebook.com\/portalmfoficial","https:\/\/www.instagram.com\/portalmf\/","https:\/\/x.com\/https:\/\/x.com\/portalmfoficial","https:\/\/www.youtube.com\/@portalmfoficial"],"url":"https:\/\/portalmf.com.br\/index.php\/author\/junior\/"}]}},"_links":{"self":[{"href":"https:\/\/portalmf.com.br\/index.php\/wp-json\/wp\/v2\/posts\/43665"}],"collection":[{"href":"https:\/\/portalmf.com.br\/index.php\/wp-json\/wp\/v2\/posts"}],"about":[{"href":"https:\/\/portalmf.com.br\/index.php\/wp-json\/wp\/v2\/types\/post"}],"author":[{"embeddable":true,"href":"https:\/\/portalmf.com.br\/index.php\/wp-json\/wp\/v2\/users\/3"}],"replies":[{"embeddable":true,"href":"https:\/\/portalmf.com.br\/index.php\/wp-json\/wp\/v2\/comments?post=43665"}],"version-history":[{"count":1,"href":"https:\/\/portalmf.com.br\/index.php\/wp-json\/wp\/v2\/posts\/43665\/revisions"}],"predecessor-version":[{"id":43667,"href":"https:\/\/portalmf.com.br\/index.php\/wp-json\/wp\/v2\/posts\/43665\/revisions\/43667"}],"wp:featuredmedia":[{"embeddable":true,"href":"https:\/\/portalmf.com.br\/index.php\/wp-json\/wp\/v2\/media\/43666"}],"wp:attachment":[{"href":"https:\/\/portalmf.com.br\/index.php\/wp-json\/wp\/v2\/media?parent=43665"}],"wp:term":[{"taxonomy":"category","embeddable":true,"href":"https:\/\/portalmf.com.br\/index.php\/wp-json\/wp\/v2\/categories?post=43665"},{"taxonomy":"post_tag","embeddable":true,"href":"https:\/\/portalmf.com.br\/index.php\/wp-json\/wp\/v2\/tags?post=43665"}],"curies":[{"name":"wp","href":"https:\/\/api.w.org\/{rel}","templated":true}]}}