{"id":43662,"date":"2026-04-28T18:49:10","date_gmt":"2026-04-28T21:49:10","guid":{"rendered":"https:\/\/portalmf.com.br\/?p=43662"},"modified":"2026-04-28T18:49:11","modified_gmt":"2026-04-28T21:49:11","slug":"banda-file-de-mulher-se-destaca-no-nordeste-e-anuncia-reforcos-de-peso","status":"publish","type":"post","link":"https:\/\/portalmf.com.br\/index.php\/2026\/04\/28\/banda-file-de-mulher-se-destaca-no-nordeste-e-anuncia-reforcos-de-peso\/","title":{"rendered":"Banda Fil\u00e9 de Mulher se destaca no Nordeste e anuncia refor\u00e7os de peso"},"content":{"rendered":"\n<p>A banda Fil\u00e9 de Mulher segue ganhando espa\u00e7o no cen\u00e1rio musical nordestino, com destaque especial na Bahia. Apostando em carisma, presen\u00e7a de palco e um repert\u00f3rio envolvente, o grupo vem chamando a aten\u00e7\u00e3o do p\u00fablico e do mercado, consolidando sua identidade dentro do forr\u00f3 contempor\u00e2neo.<\/p>\n\n\n\n<p>Nos \u00faltimos dias, a banda deu mais um passo importante na carreira ao anunciar duas novas contrata\u00e7\u00f5es que prometem fortalecer ainda mais o projeto art\u00edstico.<\/p>\n\n\n\n<p>Entre os destaques est\u00e1 a cantora Rayssa Aline, que em pouco tempo conquistou notoriedade no meio musical, se destacando pela versatilidade e forte conex\u00e3o com o p\u00fablico. Sua chegada representa um refor\u00e7o estrat\u00e9gico para essa nova fase da banda.<\/p>\n\n\n\n<p>Outra novidade \u00e9 a chegada de L\u00edvia Valen\u00e7a, considerada um verdadeiro fen\u00f4meno na Bahia. Dona de uma voz potente e marcante, a artista chega para somar talento e presen\u00e7a de palco, completando o novo time da Fil\u00e9 de Mulher.<\/p>\n\n\n\n<p>Com as mudan\u00e7as, a banda reafirma o compromisso de evoluir musicalmente e ampliar sua presen\u00e7a nos palcos, prometendo novidades e grandes apresenta\u00e7\u00f5es para os pr\u00f3ximos meses.<\/p>\n","protected":false},"excerpt":{"rendered":"<p>A banda Fil\u00e9 de Mulher segue ganhando espa\u00e7o no cen\u00e1rio musical nordestino, com destaque especial na Bahia. Apostando em carisma, presen\u00e7a de palco e um repert\u00f3rio envolvente, o grupo vem chamando a aten\u00e7\u00e3o do p\u00fablico e do mercado, consolidando sua identidade dentro do forr\u00f3 contempor\u00e2neo. Nos \u00faltimos dias, a banda deu mais um passo importante [&hellip;]<\/p>\n","protected":false},"author":3,"featured_media":43663,"comment_status":"open","ping_status":"open","sticky":false,"template":"","format":"standard","meta":{"_monsterinsights_skip_tracking":false,"_monsterinsights_sitenote_active":false,"_monsterinsights_sitenote_note":"","_monsterinsights_sitenote_category":0,"footnotes":""},"categories":[296],"tags":[],"yoast_head":"<!-- This site is optimized with the Yoast SEO plugin v22.9 - https:\/\/yoast.com\/wordpress\/plugins\/seo\/ -->\n<title>Banda Fil\u00e9 de Mulher se destaca no Nordeste e anuncia refor\u00e7os de peso - Portal MF<\/title>\n<meta name=\"robots\" content=\"index, follow, max-snippet:-1, max-image-preview:large, max-video-preview:-1\" \/>\n<link rel=\"canonical\" href=\"https:\/\/portalmf.com.br\/index.php\/2026\/04\/28\/banda-file-de-mulher-se-destaca-no-nordeste-e-anuncia-reforcos-de-peso\/\" \/>\n<meta property=\"og:locale\" content=\"pt_BR\" \/>\n<meta property=\"og:type\" content=\"article\" \/>\n<meta property=\"og:title\" content=\"Banda Fil\u00e9 de Mulher se destaca no Nordeste e anuncia refor\u00e7os de peso - Portal MF\" \/>\n<meta property=\"og:description\" content=\"A banda Fil\u00e9 de Mulher segue ganhando espa\u00e7o no cen\u00e1rio musical nordestino, com destaque especial na Bahia. Apostando em carisma, presen\u00e7a de palco e um repert\u00f3rio envolvente, o grupo vem chamando a aten\u00e7\u00e3o do p\u00fablico e do mercado, consolidando sua identidade dentro do forr\u00f3 contempor\u00e2neo. Nos \u00faltimos dias, a banda deu mais um passo importante [&hellip;]\" \/>\n<meta property=\"og:url\" content=\"https:\/\/portalmf.com.br\/index.php\/2026\/04\/28\/banda-file-de-mulher-se-destaca-no-nordeste-e-anuncia-reforcos-de-peso\/\" \/>\n<meta property=\"og:site_name\" content=\"Portal MF\" \/>\n<meta property=\"article:author\" content=\"https:\/\/www.facebook.com\/portalmfoficial\" \/>\n<meta property=\"article:published_time\" content=\"2026-04-28T21:49:10+00:00\" \/>\n<meta property=\"article:modified_time\" content=\"2026-04-28T21:49:11+00:00\" \/>\n<meta property=\"og:image\" content=\"https:\/\/portalmf.com.br\/wp-content\/uploads\/2026\/04\/Banda-File-de-Mulher-se-destaca-no-cenario-nordestino-e-anuncia-reforcos-de-peso-e1777412932565.jpg\" \/>\n\t<meta property=\"og:image:width\" content=\"1022\" \/>\n\t<meta property=\"og:image:height\" content=\"721\" \/>\n\t<meta property=\"og:image:type\" content=\"image\/jpeg\" \/>\n<meta name=\"author\" content=\"Reda\u00e7\u00e3o Portal MF\" \/>\n<meta name=\"twitter:card\" content=\"summary_large_image\" \/>\n<meta name=\"twitter:creator\" content=\"@https:\/\/x.com\/portalmfoficial\" \/>\n<meta name=\"twitter:label1\" content=\"Escrito por\" \/>\n\t<meta name=\"twitter:data1\" content=\"Reda\u00e7\u00e3o Portal MF\" \/>\n\t<meta name=\"twitter:label2\" content=\"Est. tempo de leitura\" \/>\n\t<meta name=\"twitter:data2\" content=\"2 minutos\" \/>\n<script type=\"application\/ld+json\" class=\"yoast-schema-graph\">{\"@context\":\"https:\/\/schema.org\",\"@graph\":[{\"@type\":\"WebPage\",\"@id\":\"https:\/\/portalmf.com.br\/index.php\/2026\/04\/28\/banda-file-de-mulher-se-destaca-no-nordeste-e-anuncia-reforcos-de-peso\/\",\"url\":\"https:\/\/portalmf.com.br\/index.php\/2026\/04\/28\/banda-file-de-mulher-se-destaca-no-nordeste-e-anuncia-reforcos-de-peso\/\",\"name\":\"Banda Fil\u00e9 de Mulher se destaca no Nordeste e anuncia refor\u00e7os de peso - Portal MF\",\"isPartOf\":{\"@id\":\"https:\/\/portalmf.com.br\/#website\"},\"primaryImageOfPage\":{\"@id\":\"https:\/\/portalmf.com.br\/index.php\/2026\/04\/28\/banda-file-de-mulher-se-destaca-no-nordeste-e-anuncia-reforcos-de-peso\/#primaryimage\"},\"image\":{\"@id\":\"https:\/\/portalmf.com.br\/index.php\/2026\/04\/28\/banda-file-de-mulher-se-destaca-no-nordeste-e-anuncia-reforcos-de-peso\/#primaryimage\"},\"thumbnailUrl\":\"https:\/\/portalmf.com.br\/wp-content\/uploads\/2026\/04\/Banda-File-de-Mulher-se-destaca-no-cenario-nordestino-e-anuncia-reforcos-de-peso-e1777412932565.jpg\",\"datePublished\":\"2026-04-28T21:49:10+00:00\",\"dateModified\":\"2026-04-28T21:49:11+00:00\",\"author\":{\"@id\":\"https:\/\/portalmf.com.br\/#\/schema\/person\/9ec101baf56233e53520c26de5d6f6f0\"},\"breadcrumb\":{\"@id\":\"https:\/\/portalmf.com.br\/index.php\/2026\/04\/28\/banda-file-de-mulher-se-destaca-no-nordeste-e-anuncia-reforcos-de-peso\/#breadcrumb\"},\"inLanguage\":\"pt-BR\",\"potentialAction\":[{\"@type\":\"ReadAction\",\"target\":[\"https:\/\/portalmf.com.br\/index.php\/2026\/04\/28\/banda-file-de-mulher-se-destaca-no-nordeste-e-anuncia-reforcos-de-peso\/\"]}]},{\"@type\":\"ImageObject\",\"inLanguage\":\"pt-BR\",\"@id\":\"https:\/\/portalmf.com.br\/index.php\/2026\/04\/28\/banda-file-de-mulher-se-destaca-no-nordeste-e-anuncia-reforcos-de-peso\/#primaryimage\",\"url\":\"https:\/\/portalmf.com.br\/wp-content\/uploads\/2026\/04\/Banda-File-de-Mulher-se-destaca-no-cenario-nordestino-e-anuncia-reforcos-de-peso-e1777412932565.jpg\",\"contentUrl\":\"https:\/\/portalmf.com.br\/wp-content\/uploads\/2026\/04\/Banda-File-de-Mulher-se-destaca-no-cenario-nordestino-e-anuncia-reforcos-de-peso-e1777412932565.jpg\",\"width\":1022,\"height\":721},{\"@type\":\"BreadcrumbList\",\"@id\":\"https:\/\/portalmf.com.br\/index.php\/2026\/04\/28\/banda-file-de-mulher-se-destaca-no-nordeste-e-anuncia-reforcos-de-peso\/#breadcrumb\",\"itemListElement\":[{\"@type\":\"ListItem\",\"position\":1,\"name\":\"In\u00edcio\",\"item\":\"https:\/\/portalmf.com.br\/\"},{\"@type\":\"ListItem\",\"position\":2,\"name\":\"Banda Fil\u00e9 de Mulher se destaca no Nordeste e anuncia refor\u00e7os de peso\"}]},{\"@type\":\"WebSite\",\"@id\":\"https:\/\/portalmf.com.br\/#website\",\"url\":\"https:\/\/portalmf.com.br\/\",\"name\":\"Portal MF\",\"description\":\"Voc\u00ea conectado com a informa\u00e7\u00e3o\",\"potentialAction\":[{\"@type\":\"SearchAction\",\"target\":{\"@type\":\"EntryPoint\",\"urlTemplate\":\"https:\/\/portalmf.com.br\/?s={search_term_string}\"},\"query-input\":\"required name=search_term_string\"}],\"inLanguage\":\"pt-BR\"},{\"@type\":\"Person\",\"@id\":\"https:\/\/portalmf.com.br\/#\/schema\/person\/9ec101baf56233e53520c26de5d6f6f0\",\"name\":\"Reda\u00e7\u00e3o Portal MF\",\"image\":{\"@type\":\"ImageObject\",\"inLanguage\":\"pt-BR\",\"@id\":\"https:\/\/portalmf.com.br\/#\/schema\/person\/image\/\",\"url\":\"https:\/\/secure.gravatar.com\/avatar\/41b9aaeb2100835f7c64362330f74c7f?s=96&d=mm&r=g\",\"contentUrl\":\"https:\/\/secure.gravatar.com\/avatar\/41b9aaeb2100835f7c64362330f74c7f?s=96&d=mm&r=g\",\"caption\":\"Reda\u00e7\u00e3o Portal MF\"},\"description\":\"Sejam bem-vindos o portal de informa\u00e7\u00f5es de entretenimento de Feira de Santana, desde 2006 realiza coberturas dos principais eventos com entrevistas exclusivas com as principais personalidades mundiais. Fique conectado tamb\u00e9m nas redes sociais.\",\"sameAs\":[\"http:\/\/www.portalmf.com.br\/\",\"https:\/\/www.facebook.com\/portalmfoficial\",\"https:\/\/www.instagram.com\/portalmf\/\",\"https:\/\/x.com\/https:\/\/x.com\/portalmfoficial\",\"https:\/\/www.youtube.com\/@portalmfoficial\"],\"url\":\"https:\/\/portalmf.com.br\/index.php\/author\/junior\/\"}]}<\/script>\n<!-- \/ Yoast SEO plugin. -->","yoast_head_json":{"title":"Banda Fil\u00e9 de Mulher se destaca no Nordeste e anuncia refor\u00e7os de peso - Portal MF","robots":{"index":"index","follow":"follow","max-snippet":"max-snippet:-1","max-image-preview":"max-image-preview:large","max-video-preview":"max-video-preview:-1"},"canonical":"https:\/\/portalmf.com.br\/index.php\/2026\/04\/28\/banda-file-de-mulher-se-destaca-no-nordeste-e-anuncia-reforcos-de-peso\/","og_locale":"pt_BR","og_type":"article","og_title":"Banda Fil\u00e9 de Mulher se destaca no Nordeste e anuncia refor\u00e7os de peso - Portal MF","og_description":"A banda Fil\u00e9 de Mulher segue ganhando espa\u00e7o no cen\u00e1rio musical nordestino, com destaque especial na Bahia. Apostando em carisma, presen\u00e7a de palco e um repert\u00f3rio envolvente, o grupo vem chamando a aten\u00e7\u00e3o do p\u00fablico e do mercado, consolidando sua identidade dentro do forr\u00f3 contempor\u00e2neo. Nos \u00faltimos dias, a banda deu mais um passo importante [&hellip;]","og_url":"https:\/\/portalmf.com.br\/index.php\/2026\/04\/28\/banda-file-de-mulher-se-destaca-no-nordeste-e-anuncia-reforcos-de-peso\/","og_site_name":"Portal MF","article_author":"https:\/\/www.facebook.com\/portalmfoficial","article_published_time":"2026-04-28T21:49:10+00:00","article_modified_time":"2026-04-28T21:49:11+00:00","og_image":[{"width":1022,"height":721,"url":"https:\/\/portalmf.com.br\/wp-content\/uploads\/2026\/04\/Banda-File-de-Mulher-se-destaca-no-cenario-nordestino-e-anuncia-reforcos-de-peso-e1777412932565.jpg","type":"image\/jpeg"}],"author":"Reda\u00e7\u00e3o Portal MF","twitter_card":"summary_large_image","twitter_creator":"@https:\/\/x.com\/portalmfoficial","twitter_misc":{"Escrito por":"Reda\u00e7\u00e3o Portal MF","Est. tempo de leitura":"2 minutos"},"schema":{"@context":"https:\/\/schema.org","@graph":[{"@type":"WebPage","@id":"https:\/\/portalmf.com.br\/index.php\/2026\/04\/28\/banda-file-de-mulher-se-destaca-no-nordeste-e-anuncia-reforcos-de-peso\/","url":"https:\/\/portalmf.com.br\/index.php\/2026\/04\/28\/banda-file-de-mulher-se-destaca-no-nordeste-e-anuncia-reforcos-de-peso\/","name":"Banda Fil\u00e9 de Mulher se destaca no Nordeste e anuncia refor\u00e7os de peso - Portal MF","isPartOf":{"@id":"https:\/\/portalmf.com.br\/#website"},"primaryImageOfPage":{"@id":"https:\/\/portalmf.com.br\/index.php\/2026\/04\/28\/banda-file-de-mulher-se-destaca-no-nordeste-e-anuncia-reforcos-de-peso\/#primaryimage"},"image":{"@id":"https:\/\/portalmf.com.br\/index.php\/2026\/04\/28\/banda-file-de-mulher-se-destaca-no-nordeste-e-anuncia-reforcos-de-peso\/#primaryimage"},"thumbnailUrl":"https:\/\/portalmf.com.br\/wp-content\/uploads\/2026\/04\/Banda-File-de-Mulher-se-destaca-no-cenario-nordestino-e-anuncia-reforcos-de-peso-e1777412932565.jpg","datePublished":"2026-04-28T21:49:10+00:00","dateModified":"2026-04-28T21:49:11+00:00","author":{"@id":"https:\/\/portalmf.com.br\/#\/schema\/person\/9ec101baf56233e53520c26de5d6f6f0"},"breadcrumb":{"@id":"https:\/\/portalmf.com.br\/index.php\/2026\/04\/28\/banda-file-de-mulher-se-destaca-no-nordeste-e-anuncia-reforcos-de-peso\/#breadcrumb"},"inLanguage":"pt-BR","potentialAction":[{"@type":"ReadAction","target":["https:\/\/portalmf.com.br\/index.php\/2026\/04\/28\/banda-file-de-mulher-se-destaca-no-nordeste-e-anuncia-reforcos-de-peso\/"]}]},{"@type":"ImageObject","inLanguage":"pt-BR","@id":"https:\/\/portalmf.com.br\/index.php\/2026\/04\/28\/banda-file-de-mulher-se-destaca-no-nordeste-e-anuncia-reforcos-de-peso\/#primaryimage","url":"https:\/\/portalmf.com.br\/wp-content\/uploads\/2026\/04\/Banda-File-de-Mulher-se-destaca-no-cenario-nordestino-e-anuncia-reforcos-de-peso-e1777412932565.jpg","contentUrl":"https:\/\/portalmf.com.br\/wp-content\/uploads\/2026\/04\/Banda-File-de-Mulher-se-destaca-no-cenario-nordestino-e-anuncia-reforcos-de-peso-e1777412932565.jpg","width":1022,"height":721},{"@type":"BreadcrumbList","@id":"https:\/\/portalmf.com.br\/index.php\/2026\/04\/28\/banda-file-de-mulher-se-destaca-no-nordeste-e-anuncia-reforcos-de-peso\/#breadcrumb","itemListElement":[{"@type":"ListItem","position":1,"name":"In\u00edcio","item":"https:\/\/portalmf.com.br\/"},{"@type":"ListItem","position":2,"name":"Banda Fil\u00e9 de Mulher se destaca no Nordeste e anuncia refor\u00e7os de peso"}]},{"@type":"WebSite","@id":"https:\/\/portalmf.com.br\/#website","url":"https:\/\/portalmf.com.br\/","name":"Portal MF","description":"Voc\u00ea conectado com a informa\u00e7\u00e3o","potentialAction":[{"@type":"SearchAction","target":{"@type":"EntryPoint","urlTemplate":"https:\/\/portalmf.com.br\/?s={search_term_string}"},"query-input":"required name=search_term_string"}],"inLanguage":"pt-BR"},{"@type":"Person","@id":"https:\/\/portalmf.com.br\/#\/schema\/person\/9ec101baf56233e53520c26de5d6f6f0","name":"Reda\u00e7\u00e3o Portal MF","image":{"@type":"ImageObject","inLanguage":"pt-BR","@id":"https:\/\/portalmf.com.br\/#\/schema\/person\/image\/","url":"https:\/\/secure.gravatar.com\/avatar\/41b9aaeb2100835f7c64362330f74c7f?s=96&d=mm&r=g","contentUrl":"https:\/\/secure.gravatar.com\/avatar\/41b9aaeb2100835f7c64362330f74c7f?s=96&d=mm&r=g","caption":"Reda\u00e7\u00e3o Portal MF"},"description":"Sejam bem-vindos o portal de informa\u00e7\u00f5es de entretenimento de Feira de Santana, desde 2006 realiza coberturas dos principais eventos com entrevistas exclusivas com as principais personalidades mundiais. Fique conectado tamb\u00e9m nas redes sociais.","sameAs":["http:\/\/www.portalmf.com.br\/","https:\/\/www.facebook.com\/portalmfoficial","https:\/\/www.instagram.com\/portalmf\/","https:\/\/x.com\/https:\/\/x.com\/portalmfoficial","https:\/\/www.youtube.com\/@portalmfoficial"],"url":"https:\/\/portalmf.com.br\/index.php\/author\/junior\/"}]}},"_links":{"self":[{"href":"https:\/\/portalmf.com.br\/index.php\/wp-json\/wp\/v2\/posts\/43662"}],"collection":[{"href":"https:\/\/portalmf.com.br\/index.php\/wp-json\/wp\/v2\/posts"}],"about":[{"href":"https:\/\/portalmf.com.br\/index.php\/wp-json\/wp\/v2\/types\/post"}],"author":[{"embeddable":true,"href":"https:\/\/portalmf.com.br\/index.php\/wp-json\/wp\/v2\/users\/3"}],"replies":[{"embeddable":true,"href":"https:\/\/portalmf.com.br\/index.php\/wp-json\/wp\/v2\/comments?post=43662"}],"version-history":[{"count":1,"href":"https:\/\/portalmf.com.br\/index.php\/wp-json\/wp\/v2\/posts\/43662\/revisions"}],"predecessor-version":[{"id":43664,"href":"https:\/\/portalmf.com.br\/index.php\/wp-json\/wp\/v2\/posts\/43662\/revisions\/43664"}],"wp:featuredmedia":[{"embeddable":true,"href":"https:\/\/portalmf.com.br\/index.php\/wp-json\/wp\/v2\/media\/43663"}],"wp:attachment":[{"href":"https:\/\/portalmf.com.br\/index.php\/wp-json\/wp\/v2\/media?parent=43662"}],"wp:term":[{"taxonomy":"category","embeddable":true,"href":"https:\/\/portalmf.com.br\/index.php\/wp-json\/wp\/v2\/categories?post=43662"},{"taxonomy":"post_tag","embeddable":true,"href":"https:\/\/portalmf.com.br\/index.php\/wp-json\/wp\/v2\/tags?post=43662"}],"curies":[{"name":"wp","href":"https:\/\/api.w.org\/{rel}","templated":true}]}}