{"id":43659,"date":"2026-04-28T15:53:08","date_gmt":"2026-04-28T18:53:08","guid":{"rendered":"https:\/\/portalmf.com.br\/?p=43659"},"modified":"2026-04-28T15:53:10","modified_gmt":"2026-04-28T18:53:10","slug":"xand-aviao-grava-o-audiovisual-meu-sao-joao-e-abre-a-temporada-junina","status":"publish","type":"post","link":"https:\/\/portalmf.com.br\/index.php\/2026\/04\/28\/xand-aviao-grava-o-audiovisual-meu-sao-joao-e-abre-a-temporada-junina\/","title":{"rendered":"Xand Avi\u00e3o grava o audiovisual \u201cMeu S\u00e3o Jo\u00e3o\u201d e abre a temporada junina"},"content":{"rendered":"\n<p>Xand Avi\u00e3o entra oficialmente no clima das festas juninas com a grava\u00e7\u00e3o de \u201cMeu S\u00e3o Jo\u00e3o\u201d, marcada para o dia 28 de abril, no Colosso, em Fortaleza. O projeto nasce como um aquecimento para a temporada mais importante do calend\u00e1rio nordestino, reunindo um repert\u00f3rio representativo da trajet\u00f3ria do artista.<\/p>\n\n\n\n<p>A proposta de <em>\u201cMeu S\u00e3o Jo\u00e3o\u201d <\/em>\u00e9 direta. A ideia de Xand \u00e9 celebrar a m\u00fasica que atravessa gera\u00e7\u00f5es e que sempre esteve presente em sua hist\u00f3ria. O setlist promete misturar regrava\u00e7\u00f5es de cl\u00e1ssicos que o cantor j\u00e1 interpretou ao longo da carreira, m\u00fasicas in\u00e9ditas e parcerias especiais, criando uma experi\u00eancia que dialoga com diferentes momentos do forr\u00f3 e da m\u00fasica popular.<\/p>\n\n\n\n<p>Entre os destaques, est\u00e3o as participa\u00e7\u00f5es de Nattan e Talita Mel, que se unem a Xand Avi\u00e3o em feats pensados para ampliar a diversidade sonora do projeto, mantendo a identidade expressiva e emocional, t\u00e3o caracter\u00edstica do S\u00e3o Jo\u00e3o.<\/p>\n\n\n\n<p><em>&#8220;O S\u00e3o Jo\u00e3o sempre foi uma das partes mais importantes da minha vida. Nesse audiovisual, eu quero resgatar m\u00fasicas que j\u00e1 fazem parte da minha hist\u00f3ria, can\u00e7\u00f5es que eu j\u00e1 cantei l\u00e1 atr\u00e1s e que continuam vivas comigo e com o p\u00fablico, al\u00e9m de algumas novidades tamb\u00e9m. \u00c9 um esquenta mesmo, pra gente entrar no clima\u201d,<\/em> celebrou Xand.<\/p>\n\n\n\n<p>Ap\u00f3s ser eleito o melhor show do S\u00e3o Jo\u00e3o por 2 anos seguidos, a elogiada turn\u00ea O Forr\u00f3 \u00e9 Pop entrar\u00e1 em hiato. Com <em>\u201cMeu S\u00e3o Jo\u00e3o\u201d,<\/em> Xand Avi\u00e3o d\u00e1 o pontap\u00e9 inicial em sua agenda junina, conectando repert\u00f3rio, mem\u00f3ria e inova\u00e7\u00e3o em um projeto que antecipa o clima das festas e reafirma sua posi\u00e7\u00e3o como um dos mais importantes nomes do g\u00eanero.<\/p>\n","protected":false},"excerpt":{"rendered":"<p>Xand Avi\u00e3o entra oficialmente no clima das festas juninas com a grava\u00e7\u00e3o de \u201cMeu S\u00e3o Jo\u00e3o\u201d, marcada para o dia 28 de abril, no Colosso, em Fortaleza. O projeto nasce como um aquecimento para a temporada mais importante do calend\u00e1rio nordestino, reunindo um repert\u00f3rio representativo da trajet\u00f3ria do artista. A proposta de \u201cMeu S\u00e3o Jo\u00e3o\u201d [&hellip;]<\/p>\n","protected":false},"author":3,"featured_media":43660,"comment_status":"open","ping_status":"open","sticky":false,"template":"","format":"standard","meta":{"_monsterinsights_skip_tracking":false,"_monsterinsights_sitenote_active":false,"_monsterinsights_sitenote_note":"","_monsterinsights_sitenote_category":0,"footnotes":""},"categories":[48,296],"tags":[],"yoast_head":"<!-- This site is optimized with the Yoast SEO plugin v22.9 - https:\/\/yoast.com\/wordpress\/plugins\/seo\/ -->\n<title>Xand Avi\u00e3o grava o audiovisual \u201cMeu S\u00e3o Jo\u00e3o\u201d e abre a temporada junina - Portal MF<\/title>\n<meta name=\"robots\" content=\"index, follow, max-snippet:-1, max-image-preview:large, max-video-preview:-1\" \/>\n<link rel=\"canonical\" href=\"https:\/\/portalmf.com.br\/index.php\/2026\/04\/28\/xand-aviao-grava-o-audiovisual-meu-sao-joao-e-abre-a-temporada-junina\/\" \/>\n<meta property=\"og:locale\" content=\"pt_BR\" \/>\n<meta property=\"og:type\" content=\"article\" \/>\n<meta property=\"og:title\" content=\"Xand Avi\u00e3o grava o audiovisual \u201cMeu S\u00e3o Jo\u00e3o\u201d e abre a temporada junina - Portal MF\" \/>\n<meta property=\"og:description\" content=\"Xand Avi\u00e3o entra oficialmente no clima das festas juninas com a grava\u00e7\u00e3o de \u201cMeu S\u00e3o Jo\u00e3o\u201d, marcada para o dia 28 de abril, no Colosso, em Fortaleza. O projeto nasce como um aquecimento para a temporada mais importante do calend\u00e1rio nordestino, reunindo um repert\u00f3rio representativo da trajet\u00f3ria do artista. A proposta de \u201cMeu S\u00e3o Jo\u00e3o\u201d [&hellip;]\" \/>\n<meta property=\"og:url\" content=\"https:\/\/portalmf.com.br\/index.php\/2026\/04\/28\/xand-aviao-grava-o-audiovisual-meu-sao-joao-e-abre-a-temporada-junina\/\" \/>\n<meta property=\"og:site_name\" content=\"Portal MF\" \/>\n<meta property=\"article:author\" content=\"https:\/\/www.facebook.com\/portalmfoficial\" \/>\n<meta property=\"article:published_time\" content=\"2026-04-28T18:53:08+00:00\" \/>\n<meta property=\"article:modified_time\" content=\"2026-04-28T18:53:10+00:00\" \/>\n<meta property=\"og:image\" content=\"https:\/\/portalmf.com.br\/wp-content\/uploads\/2026\/04\/Xand-Aviao-grava-o-audiovisual-Meu-Sao-Joao-e-abre-a-temporada-junina-e1777402316945.jpg\" \/>\n\t<meta property=\"og:image:width\" content=\"800\" \/>\n\t<meta property=\"og:image:height\" content=\"588\" \/>\n\t<meta property=\"og:image:type\" content=\"image\/jpeg\" \/>\n<meta name=\"author\" content=\"Reda\u00e7\u00e3o Portal MF\" \/>\n<meta name=\"twitter:card\" content=\"summary_large_image\" \/>\n<meta name=\"twitter:creator\" content=\"@https:\/\/x.com\/portalmfoficial\" \/>\n<meta name=\"twitter:label1\" content=\"Escrito por\" \/>\n\t<meta name=\"twitter:data1\" content=\"Reda\u00e7\u00e3o Portal MF\" \/>\n\t<meta name=\"twitter:label2\" content=\"Est. tempo de leitura\" \/>\n\t<meta name=\"twitter:data2\" content=\"2 minutos\" \/>\n<script type=\"application\/ld+json\" class=\"yoast-schema-graph\">{\"@context\":\"https:\/\/schema.org\",\"@graph\":[{\"@type\":\"WebPage\",\"@id\":\"https:\/\/portalmf.com.br\/index.php\/2026\/04\/28\/xand-aviao-grava-o-audiovisual-meu-sao-joao-e-abre-a-temporada-junina\/\",\"url\":\"https:\/\/portalmf.com.br\/index.php\/2026\/04\/28\/xand-aviao-grava-o-audiovisual-meu-sao-joao-e-abre-a-temporada-junina\/\",\"name\":\"Xand Avi\u00e3o grava o audiovisual \u201cMeu S\u00e3o Jo\u00e3o\u201d e abre a temporada junina - Portal MF\",\"isPartOf\":{\"@id\":\"https:\/\/portalmf.com.br\/#website\"},\"primaryImageOfPage\":{\"@id\":\"https:\/\/portalmf.com.br\/index.php\/2026\/04\/28\/xand-aviao-grava-o-audiovisual-meu-sao-joao-e-abre-a-temporada-junina\/#primaryimage\"},\"image\":{\"@id\":\"https:\/\/portalmf.com.br\/index.php\/2026\/04\/28\/xand-aviao-grava-o-audiovisual-meu-sao-joao-e-abre-a-temporada-junina\/#primaryimage\"},\"thumbnailUrl\":\"https:\/\/portalmf.com.br\/wp-content\/uploads\/2026\/04\/Xand-Aviao-grava-o-audiovisual-Meu-Sao-Joao-e-abre-a-temporada-junina-e1777402316945.jpg\",\"datePublished\":\"2026-04-28T18:53:08+00:00\",\"dateModified\":\"2026-04-28T18:53:10+00:00\",\"author\":{\"@id\":\"https:\/\/portalmf.com.br\/#\/schema\/person\/9ec101baf56233e53520c26de5d6f6f0\"},\"breadcrumb\":{\"@id\":\"https:\/\/portalmf.com.br\/index.php\/2026\/04\/28\/xand-aviao-grava-o-audiovisual-meu-sao-joao-e-abre-a-temporada-junina\/#breadcrumb\"},\"inLanguage\":\"pt-BR\",\"potentialAction\":[{\"@type\":\"ReadAction\",\"target\":[\"https:\/\/portalmf.com.br\/index.php\/2026\/04\/28\/xand-aviao-grava-o-audiovisual-meu-sao-joao-e-abre-a-temporada-junina\/\"]}]},{\"@type\":\"ImageObject\",\"inLanguage\":\"pt-BR\",\"@id\":\"https:\/\/portalmf.com.br\/index.php\/2026\/04\/28\/xand-aviao-grava-o-audiovisual-meu-sao-joao-e-abre-a-temporada-junina\/#primaryimage\",\"url\":\"https:\/\/portalmf.com.br\/wp-content\/uploads\/2026\/04\/Xand-Aviao-grava-o-audiovisual-Meu-Sao-Joao-e-abre-a-temporada-junina-e1777402316945.jpg\",\"contentUrl\":\"https:\/\/portalmf.com.br\/wp-content\/uploads\/2026\/04\/Xand-Aviao-grava-o-audiovisual-Meu-Sao-Joao-e-abre-a-temporada-junina-e1777402316945.jpg\",\"width\":800,\"height\":588},{\"@type\":\"BreadcrumbList\",\"@id\":\"https:\/\/portalmf.com.br\/index.php\/2026\/04\/28\/xand-aviao-grava-o-audiovisual-meu-sao-joao-e-abre-a-temporada-junina\/#breadcrumb\",\"itemListElement\":[{\"@type\":\"ListItem\",\"position\":1,\"name\":\"In\u00edcio\",\"item\":\"https:\/\/portalmf.com.br\/\"},{\"@type\":\"ListItem\",\"position\":2,\"name\":\"Xand Avi\u00e3o grava o audiovisual \u201cMeu S\u00e3o Jo\u00e3o\u201d e abre a temporada junina\"}]},{\"@type\":\"WebSite\",\"@id\":\"https:\/\/portalmf.com.br\/#website\",\"url\":\"https:\/\/portalmf.com.br\/\",\"name\":\"Portal MF\",\"description\":\"Voc\u00ea conectado com a informa\u00e7\u00e3o\",\"potentialAction\":[{\"@type\":\"SearchAction\",\"target\":{\"@type\":\"EntryPoint\",\"urlTemplate\":\"https:\/\/portalmf.com.br\/?s={search_term_string}\"},\"query-input\":\"required name=search_term_string\"}],\"inLanguage\":\"pt-BR\"},{\"@type\":\"Person\",\"@id\":\"https:\/\/portalmf.com.br\/#\/schema\/person\/9ec101baf56233e53520c26de5d6f6f0\",\"name\":\"Reda\u00e7\u00e3o Portal MF\",\"image\":{\"@type\":\"ImageObject\",\"inLanguage\":\"pt-BR\",\"@id\":\"https:\/\/portalmf.com.br\/#\/schema\/person\/image\/\",\"url\":\"https:\/\/secure.gravatar.com\/avatar\/41b9aaeb2100835f7c64362330f74c7f?s=96&d=mm&r=g\",\"contentUrl\":\"https:\/\/secure.gravatar.com\/avatar\/41b9aaeb2100835f7c64362330f74c7f?s=96&d=mm&r=g\",\"caption\":\"Reda\u00e7\u00e3o Portal MF\"},\"description\":\"Sejam bem-vindos o portal de informa\u00e7\u00f5es de entretenimento de Feira de Santana, desde 2006 realiza coberturas dos principais eventos com entrevistas exclusivas com as principais personalidades mundiais. Fique conectado tamb\u00e9m nas redes sociais.\",\"sameAs\":[\"http:\/\/www.portalmf.com.br\/\",\"https:\/\/www.facebook.com\/portalmfoficial\",\"https:\/\/www.instagram.com\/portalmf\/\",\"https:\/\/x.com\/https:\/\/x.com\/portalmfoficial\",\"https:\/\/www.youtube.com\/@portalmfoficial\"],\"url\":\"https:\/\/portalmf.com.br\/index.php\/author\/junior\/\"}]}<\/script>\n<!-- \/ Yoast SEO plugin. -->","yoast_head_json":{"title":"Xand Avi\u00e3o grava o audiovisual \u201cMeu S\u00e3o Jo\u00e3o\u201d e abre a temporada junina - Portal MF","robots":{"index":"index","follow":"follow","max-snippet":"max-snippet:-1","max-image-preview":"max-image-preview:large","max-video-preview":"max-video-preview:-1"},"canonical":"https:\/\/portalmf.com.br\/index.php\/2026\/04\/28\/xand-aviao-grava-o-audiovisual-meu-sao-joao-e-abre-a-temporada-junina\/","og_locale":"pt_BR","og_type":"article","og_title":"Xand Avi\u00e3o grava o audiovisual \u201cMeu S\u00e3o Jo\u00e3o\u201d e abre a temporada junina - Portal MF","og_description":"Xand Avi\u00e3o entra oficialmente no clima das festas juninas com a grava\u00e7\u00e3o de \u201cMeu S\u00e3o Jo\u00e3o\u201d, marcada para o dia 28 de abril, no Colosso, em Fortaleza. O projeto nasce como um aquecimento para a temporada mais importante do calend\u00e1rio nordestino, reunindo um repert\u00f3rio representativo da trajet\u00f3ria do artista. A proposta de \u201cMeu S\u00e3o Jo\u00e3o\u201d [&hellip;]","og_url":"https:\/\/portalmf.com.br\/index.php\/2026\/04\/28\/xand-aviao-grava-o-audiovisual-meu-sao-joao-e-abre-a-temporada-junina\/","og_site_name":"Portal MF","article_author":"https:\/\/www.facebook.com\/portalmfoficial","article_published_time":"2026-04-28T18:53:08+00:00","article_modified_time":"2026-04-28T18:53:10+00:00","og_image":[{"width":800,"height":588,"url":"https:\/\/portalmf.com.br\/wp-content\/uploads\/2026\/04\/Xand-Aviao-grava-o-audiovisual-Meu-Sao-Joao-e-abre-a-temporada-junina-e1777402316945.jpg","type":"image\/jpeg"}],"author":"Reda\u00e7\u00e3o Portal MF","twitter_card":"summary_large_image","twitter_creator":"@https:\/\/x.com\/portalmfoficial","twitter_misc":{"Escrito por":"Reda\u00e7\u00e3o Portal MF","Est. tempo de leitura":"2 minutos"},"schema":{"@context":"https:\/\/schema.org","@graph":[{"@type":"WebPage","@id":"https:\/\/portalmf.com.br\/index.php\/2026\/04\/28\/xand-aviao-grava-o-audiovisual-meu-sao-joao-e-abre-a-temporada-junina\/","url":"https:\/\/portalmf.com.br\/index.php\/2026\/04\/28\/xand-aviao-grava-o-audiovisual-meu-sao-joao-e-abre-a-temporada-junina\/","name":"Xand Avi\u00e3o grava o audiovisual \u201cMeu S\u00e3o Jo\u00e3o\u201d e abre a temporada junina - Portal MF","isPartOf":{"@id":"https:\/\/portalmf.com.br\/#website"},"primaryImageOfPage":{"@id":"https:\/\/portalmf.com.br\/index.php\/2026\/04\/28\/xand-aviao-grava-o-audiovisual-meu-sao-joao-e-abre-a-temporada-junina\/#primaryimage"},"image":{"@id":"https:\/\/portalmf.com.br\/index.php\/2026\/04\/28\/xand-aviao-grava-o-audiovisual-meu-sao-joao-e-abre-a-temporada-junina\/#primaryimage"},"thumbnailUrl":"https:\/\/portalmf.com.br\/wp-content\/uploads\/2026\/04\/Xand-Aviao-grava-o-audiovisual-Meu-Sao-Joao-e-abre-a-temporada-junina-e1777402316945.jpg","datePublished":"2026-04-28T18:53:08+00:00","dateModified":"2026-04-28T18:53:10+00:00","author":{"@id":"https:\/\/portalmf.com.br\/#\/schema\/person\/9ec101baf56233e53520c26de5d6f6f0"},"breadcrumb":{"@id":"https:\/\/portalmf.com.br\/index.php\/2026\/04\/28\/xand-aviao-grava-o-audiovisual-meu-sao-joao-e-abre-a-temporada-junina\/#breadcrumb"},"inLanguage":"pt-BR","potentialAction":[{"@type":"ReadAction","target":["https:\/\/portalmf.com.br\/index.php\/2026\/04\/28\/xand-aviao-grava-o-audiovisual-meu-sao-joao-e-abre-a-temporada-junina\/"]}]},{"@type":"ImageObject","inLanguage":"pt-BR","@id":"https:\/\/portalmf.com.br\/index.php\/2026\/04\/28\/xand-aviao-grava-o-audiovisual-meu-sao-joao-e-abre-a-temporada-junina\/#primaryimage","url":"https:\/\/portalmf.com.br\/wp-content\/uploads\/2026\/04\/Xand-Aviao-grava-o-audiovisual-Meu-Sao-Joao-e-abre-a-temporada-junina-e1777402316945.jpg","contentUrl":"https:\/\/portalmf.com.br\/wp-content\/uploads\/2026\/04\/Xand-Aviao-grava-o-audiovisual-Meu-Sao-Joao-e-abre-a-temporada-junina-e1777402316945.jpg","width":800,"height":588},{"@type":"BreadcrumbList","@id":"https:\/\/portalmf.com.br\/index.php\/2026\/04\/28\/xand-aviao-grava-o-audiovisual-meu-sao-joao-e-abre-a-temporada-junina\/#breadcrumb","itemListElement":[{"@type":"ListItem","position":1,"name":"In\u00edcio","item":"https:\/\/portalmf.com.br\/"},{"@type":"ListItem","position":2,"name":"Xand Avi\u00e3o grava o audiovisual \u201cMeu S\u00e3o Jo\u00e3o\u201d e abre a temporada junina"}]},{"@type":"WebSite","@id":"https:\/\/portalmf.com.br\/#website","url":"https:\/\/portalmf.com.br\/","name":"Portal MF","description":"Voc\u00ea conectado com a informa\u00e7\u00e3o","potentialAction":[{"@type":"SearchAction","target":{"@type":"EntryPoint","urlTemplate":"https:\/\/portalmf.com.br\/?s={search_term_string}"},"query-input":"required name=search_term_string"}],"inLanguage":"pt-BR"},{"@type":"Person","@id":"https:\/\/portalmf.com.br\/#\/schema\/person\/9ec101baf56233e53520c26de5d6f6f0","name":"Reda\u00e7\u00e3o Portal MF","image":{"@type":"ImageObject","inLanguage":"pt-BR","@id":"https:\/\/portalmf.com.br\/#\/schema\/person\/image\/","url":"https:\/\/secure.gravatar.com\/avatar\/41b9aaeb2100835f7c64362330f74c7f?s=96&d=mm&r=g","contentUrl":"https:\/\/secure.gravatar.com\/avatar\/41b9aaeb2100835f7c64362330f74c7f?s=96&d=mm&r=g","caption":"Reda\u00e7\u00e3o Portal MF"},"description":"Sejam bem-vindos o portal de informa\u00e7\u00f5es de entretenimento de Feira de Santana, desde 2006 realiza coberturas dos principais eventos com entrevistas exclusivas com as principais personalidades mundiais. Fique conectado tamb\u00e9m nas redes sociais.","sameAs":["http:\/\/www.portalmf.com.br\/","https:\/\/www.facebook.com\/portalmfoficial","https:\/\/www.instagram.com\/portalmf\/","https:\/\/x.com\/https:\/\/x.com\/portalmfoficial","https:\/\/www.youtube.com\/@portalmfoficial"],"url":"https:\/\/portalmf.com.br\/index.php\/author\/junior\/"}]}},"_links":{"self":[{"href":"https:\/\/portalmf.com.br\/index.php\/wp-json\/wp\/v2\/posts\/43659"}],"collection":[{"href":"https:\/\/portalmf.com.br\/index.php\/wp-json\/wp\/v2\/posts"}],"about":[{"href":"https:\/\/portalmf.com.br\/index.php\/wp-json\/wp\/v2\/types\/post"}],"author":[{"embeddable":true,"href":"https:\/\/portalmf.com.br\/index.php\/wp-json\/wp\/v2\/users\/3"}],"replies":[{"embeddable":true,"href":"https:\/\/portalmf.com.br\/index.php\/wp-json\/wp\/v2\/comments?post=43659"}],"version-history":[{"count":1,"href":"https:\/\/portalmf.com.br\/index.php\/wp-json\/wp\/v2\/posts\/43659\/revisions"}],"predecessor-version":[{"id":43661,"href":"https:\/\/portalmf.com.br\/index.php\/wp-json\/wp\/v2\/posts\/43659\/revisions\/43661"}],"wp:featuredmedia":[{"embeddable":true,"href":"https:\/\/portalmf.com.br\/index.php\/wp-json\/wp\/v2\/media\/43660"}],"wp:attachment":[{"href":"https:\/\/portalmf.com.br\/index.php\/wp-json\/wp\/v2\/media?parent=43659"}],"wp:term":[{"taxonomy":"category","embeddable":true,"href":"https:\/\/portalmf.com.br\/index.php\/wp-json\/wp\/v2\/categories?post=43659"},{"taxonomy":"post_tag","embeddable":true,"href":"https:\/\/portalmf.com.br\/index.php\/wp-json\/wp\/v2\/tags?post=43659"}],"curies":[{"name":"wp","href":"https:\/\/api.w.org\/{rel}","templated":true}]}}