{"id":43648,"date":"2026-04-27T06:22:24","date_gmt":"2026-04-27T09:22:24","guid":{"rendered":"https:\/\/portalmf.com.br\/?p=43648"},"modified":"2026-04-28T06:23:48","modified_gmt":"2026-04-28T09:23:48","slug":"alba-celebra-os-81-anos-do-sinjorba-em-ato-proposto-por-robinson-almeida-nesta-quarta-feira","status":"publish","type":"post","link":"https:\/\/portalmf.com.br\/index.php\/2026\/04\/27\/alba-celebra-os-81-anos-do-sinjorba-em-ato-proposto-por-robinson-almeida-nesta-quarta-feira\/","title":{"rendered":"ALBA celebra os 81 anos do Sinjorba em ato proposto por Robinson Almeida nesta quarta-feira"},"content":{"rendered":"\n<p>A Assembleia Legislativa da Bahia (ALBA) realiza nesta quarta-feira (29), \u00e0s 9h30, no Plenarinho da Casa, um ato comemorativo pelos 81 anos do Sindicato dos Jornalistas Profissionais no Estado da Bahia (Sinjorba). A homenagem foi proposta pelo deputado estadual Robinson Almeida (PT), que destaca a trajet\u00f3ria hist\u00f3rica da entidade na defesa da categoria, da liberdade de imprensa e da democracia baiana.<\/p>\n\n\n\n<p>Fundado h\u00e1 mais de oito d\u00e9cadas, o Sinjorba \u00e9 uma das entidades representativas mais tradicionais do Brasil, com atua\u00e7\u00e3o marcada pela luta por melhores condi\u00e7\u00f5es de trabalho, valoriza\u00e7\u00e3o profissional, direitos trabalhistas e fortalecimento do jornalismo \u00e9tico, profissional e comprometido com o interesse p\u00fablico.<\/p>\n\n\n\n<p>Para Robinson Almeida, celebrar os 81 anos do sindicato \u00e9 reconhecer a import\u00e2ncia de uma institui\u00e7\u00e3o que ajudou a consolidar avan\u00e7os para os jornalistas baianos e contribuiu diretamente para o fortalecimento democr\u00e1tico da sociedade.<\/p>\n\n\n\n<p>\u201cO Sinjorba tem uma hist\u00f3ria de coragem, resist\u00eancia e compromisso com a classe trabalhadora da informa\u00e7\u00e3o. Ao longo de 81 anos, o sindicato esteve presente nas principais lutas em defesa da categoria, da liberdade de imprensa e da democracia. Essa homenagem da Assembleia \u00e9 um reconhecimento justo \u00e0 sua trajet\u00f3ria e \u00e0 relev\u00e2ncia social do jornalismo para a Bahia\u201d, afirmou o parlamentar, que foi secret\u00e1rio de Comunica\u00e7\u00e3o nos Governos Jaques Wagner (PT).<\/p>\n\n\n\n<p>O deputado ressaltou ainda que o trabalho dos jornalistas \u00e9 essencial para a cidadania, para a transpar\u00eancia p\u00fablica e para o desenvolvimento socioecon\u00f4mico do estado, ao garantir que informa\u00e7\u00f5es de interesse coletivo cheguem \u00e0 popula\u00e7\u00e3o com responsabilidade e credibilidade.<\/p>\n\n\n\n<p>\u201cO jornalismo cumpre uma fun\u00e7\u00e3o estrat\u00e9gica para a sociedade. \u00c9 por meio dele que a popula\u00e7\u00e3o acompanha o dia a dia da sua cidade, as decis\u00f5es pol\u00edticas, fiscaliza o poder p\u00fablico, conhece seus direitos e participa de forma mais consciente da vida democr\u00e1tica. Valorizar os jornalistas \u00e9 valorizar a cidadania e o desenvolvimento da Bahia\u201d, disse Robinson.<\/p>\n\n\n\n<p>Na avalia\u00e7\u00e3o do parlamentar, em um cen\u00e1rio marcado pela circula\u00e7\u00e3o de desinforma\u00e7\u00e3o nas redes sociais, o fortalecimento do jornalismo profissional tornou-se ainda mais necess\u00e1rio.<\/p>\n\n\n\n<p>\u201cVivemos tempos em que as fake news tentam confundir a sociedade e fragilizar as institui\u00e7\u00f5es. Por isso, defender o jornalismo s\u00e9rio, profissional, respons\u00e1vel e baseado em fatos \u00e9 defender a democracia. O Sinjorba tem papel fundamental nessa miss\u00e3o, ao representar os profissionais e incentivar a \u00e9tica na comunica\u00e7\u00e3o\u201d, completou.<\/p>\n\n\n\n<p>O ato comemorativo reunir\u00e1 jornalistas, dirigentes sindicais, autoridades e representantes da sociedade civil em celebra\u00e7\u00e3o \u00e0 hist\u00f3ria da entidade e ao papel transformador da imprensa na Bahia. A atividade \u00e9 aberta ao p\u00fablico.<\/p>\n","protected":false},"excerpt":{"rendered":"<p>A Assembleia Legislativa da Bahia (ALBA) realiza nesta quarta-feira (29), \u00e0s 9h30, no Plenarinho da Casa, um ato comemorativo pelos 81 anos do Sindicato dos Jornalistas Profissionais no Estado da Bahia (Sinjorba). A homenagem foi proposta pelo deputado estadual Robinson Almeida (PT), que destaca a trajet\u00f3ria hist\u00f3rica da entidade na defesa da categoria, da liberdade [&hellip;]<\/p>\n","protected":false},"author":3,"featured_media":38841,"comment_status":"open","ping_status":"open","sticky":false,"template":"","format":"standard","meta":{"_monsterinsights_skip_tracking":false,"_monsterinsights_sitenote_active":false,"_monsterinsights_sitenote_note":"","_monsterinsights_sitenote_category":0,"footnotes":""},"categories":[34],"tags":[],"yoast_head":"<!-- This site is optimized with the Yoast SEO plugin v22.9 - https:\/\/yoast.com\/wordpress\/plugins\/seo\/ -->\n<title>ALBA celebra os 81 anos do Sinjorba em ato proposto por Robinson Almeida nesta quarta-feira - Portal MF<\/title>\n<meta name=\"robots\" content=\"index, follow, max-snippet:-1, max-image-preview:large, max-video-preview:-1\" \/>\n<link rel=\"canonical\" href=\"https:\/\/portalmf.com.br\/index.php\/2026\/04\/27\/alba-celebra-os-81-anos-do-sinjorba-em-ato-proposto-por-robinson-almeida-nesta-quarta-feira\/\" \/>\n<meta property=\"og:locale\" content=\"pt_BR\" \/>\n<meta property=\"og:type\" content=\"article\" \/>\n<meta property=\"og:title\" content=\"ALBA celebra os 81 anos do Sinjorba em ato proposto por Robinson Almeida nesta quarta-feira - Portal MF\" \/>\n<meta property=\"og:description\" content=\"A Assembleia Legislativa da Bahia (ALBA) realiza nesta quarta-feira (29), \u00e0s 9h30, no Plenarinho da Casa, um ato comemorativo pelos 81 anos do Sindicato dos Jornalistas Profissionais no Estado da Bahia (Sinjorba). A homenagem foi proposta pelo deputado estadual Robinson Almeida (PT), que destaca a trajet\u00f3ria hist\u00f3rica da entidade na defesa da categoria, da liberdade [&hellip;]\" \/>\n<meta property=\"og:url\" content=\"https:\/\/portalmf.com.br\/index.php\/2026\/04\/27\/alba-celebra-os-81-anos-do-sinjorba-em-ato-proposto-por-robinson-almeida-nesta-quarta-feira\/\" \/>\n<meta property=\"og:site_name\" content=\"Portal MF\" \/>\n<meta property=\"article:author\" content=\"https:\/\/www.facebook.com\/portalmfoficial\" \/>\n<meta property=\"article:published_time\" content=\"2026-04-27T09:22:24+00:00\" \/>\n<meta property=\"article:modified_time\" content=\"2026-04-28T09:23:48+00:00\" \/>\n<meta property=\"og:image\" content=\"https:\/\/portalmf.com.br\/wp-content\/uploads\/2025\/09\/deputado-Robinson.jpg\" \/>\n\t<meta property=\"og:image:width\" content=\"1080\" \/>\n\t<meta property=\"og:image:height\" content=\"899\" \/>\n\t<meta property=\"og:image:type\" content=\"image\/jpeg\" \/>\n<meta name=\"author\" content=\"Reda\u00e7\u00e3o Portal MF\" \/>\n<meta name=\"twitter:card\" content=\"summary_large_image\" \/>\n<meta name=\"twitter:creator\" content=\"@https:\/\/x.com\/portalmfoficial\" \/>\n<meta name=\"twitter:label1\" content=\"Escrito por\" \/>\n\t<meta name=\"twitter:data1\" content=\"Reda\u00e7\u00e3o Portal MF\" \/>\n\t<meta name=\"twitter:label2\" content=\"Est. tempo de leitura\" \/>\n\t<meta name=\"twitter:data2\" content=\"3 minutos\" \/>\n<script type=\"application\/ld+json\" class=\"yoast-schema-graph\">{\"@context\":\"https:\/\/schema.org\",\"@graph\":[{\"@type\":\"WebPage\",\"@id\":\"https:\/\/portalmf.com.br\/index.php\/2026\/04\/27\/alba-celebra-os-81-anos-do-sinjorba-em-ato-proposto-por-robinson-almeida-nesta-quarta-feira\/\",\"url\":\"https:\/\/portalmf.com.br\/index.php\/2026\/04\/27\/alba-celebra-os-81-anos-do-sinjorba-em-ato-proposto-por-robinson-almeida-nesta-quarta-feira\/\",\"name\":\"ALBA celebra os 81 anos do Sinjorba em ato proposto por Robinson Almeida nesta quarta-feira - Portal MF\",\"isPartOf\":{\"@id\":\"https:\/\/portalmf.com.br\/#website\"},\"primaryImageOfPage\":{\"@id\":\"https:\/\/portalmf.com.br\/index.php\/2026\/04\/27\/alba-celebra-os-81-anos-do-sinjorba-em-ato-proposto-por-robinson-almeida-nesta-quarta-feira\/#primaryimage\"},\"image\":{\"@id\":\"https:\/\/portalmf.com.br\/index.php\/2026\/04\/27\/alba-celebra-os-81-anos-do-sinjorba-em-ato-proposto-por-robinson-almeida-nesta-quarta-feira\/#primaryimage\"},\"thumbnailUrl\":\"https:\/\/portalmf.com.br\/wp-content\/uploads\/2025\/09\/deputado-Robinson.jpg\",\"datePublished\":\"2026-04-27T09:22:24+00:00\",\"dateModified\":\"2026-04-28T09:23:48+00:00\",\"author\":{\"@id\":\"https:\/\/portalmf.com.br\/#\/schema\/person\/9ec101baf56233e53520c26de5d6f6f0\"},\"breadcrumb\":{\"@id\":\"https:\/\/portalmf.com.br\/index.php\/2026\/04\/27\/alba-celebra-os-81-anos-do-sinjorba-em-ato-proposto-por-robinson-almeida-nesta-quarta-feira\/#breadcrumb\"},\"inLanguage\":\"pt-BR\",\"potentialAction\":[{\"@type\":\"ReadAction\",\"target\":[\"https:\/\/portalmf.com.br\/index.php\/2026\/04\/27\/alba-celebra-os-81-anos-do-sinjorba-em-ato-proposto-por-robinson-almeida-nesta-quarta-feira\/\"]}]},{\"@type\":\"ImageObject\",\"inLanguage\":\"pt-BR\",\"@id\":\"https:\/\/portalmf.com.br\/index.php\/2026\/04\/27\/alba-celebra-os-81-anos-do-sinjorba-em-ato-proposto-por-robinson-almeida-nesta-quarta-feira\/#primaryimage\",\"url\":\"https:\/\/portalmf.com.br\/wp-content\/uploads\/2025\/09\/deputado-Robinson.jpg\",\"contentUrl\":\"https:\/\/portalmf.com.br\/wp-content\/uploads\/2025\/09\/deputado-Robinson.jpg\",\"width\":1080,\"height\":899},{\"@type\":\"BreadcrumbList\",\"@id\":\"https:\/\/portalmf.com.br\/index.php\/2026\/04\/27\/alba-celebra-os-81-anos-do-sinjorba-em-ato-proposto-por-robinson-almeida-nesta-quarta-feira\/#breadcrumb\",\"itemListElement\":[{\"@type\":\"ListItem\",\"position\":1,\"name\":\"In\u00edcio\",\"item\":\"https:\/\/portalmf.com.br\/\"},{\"@type\":\"ListItem\",\"position\":2,\"name\":\"ALBA celebra os 81 anos do Sinjorba em ato proposto por Robinson Almeida nesta quarta-feira\"}]},{\"@type\":\"WebSite\",\"@id\":\"https:\/\/portalmf.com.br\/#website\",\"url\":\"https:\/\/portalmf.com.br\/\",\"name\":\"Portal MF\",\"description\":\"Voc\u00ea conectado com a informa\u00e7\u00e3o\",\"potentialAction\":[{\"@type\":\"SearchAction\",\"target\":{\"@type\":\"EntryPoint\",\"urlTemplate\":\"https:\/\/portalmf.com.br\/?s={search_term_string}\"},\"query-input\":\"required name=search_term_string\"}],\"inLanguage\":\"pt-BR\"},{\"@type\":\"Person\",\"@id\":\"https:\/\/portalmf.com.br\/#\/schema\/person\/9ec101baf56233e53520c26de5d6f6f0\",\"name\":\"Reda\u00e7\u00e3o Portal MF\",\"image\":{\"@type\":\"ImageObject\",\"inLanguage\":\"pt-BR\",\"@id\":\"https:\/\/portalmf.com.br\/#\/schema\/person\/image\/\",\"url\":\"https:\/\/secure.gravatar.com\/avatar\/41b9aaeb2100835f7c64362330f74c7f?s=96&d=mm&r=g\",\"contentUrl\":\"https:\/\/secure.gravatar.com\/avatar\/41b9aaeb2100835f7c64362330f74c7f?s=96&d=mm&r=g\",\"caption\":\"Reda\u00e7\u00e3o Portal MF\"},\"description\":\"Sejam bem-vindos o portal de informa\u00e7\u00f5es de entretenimento de Feira de Santana, desde 2006 realiza coberturas dos principais eventos com entrevistas exclusivas com as principais personalidades mundiais. Fique conectado tamb\u00e9m nas redes sociais.\",\"sameAs\":[\"http:\/\/www.portalmf.com.br\/\",\"https:\/\/www.facebook.com\/portalmfoficial\",\"https:\/\/www.instagram.com\/portalmf\/\",\"https:\/\/x.com\/https:\/\/x.com\/portalmfoficial\",\"https:\/\/www.youtube.com\/@portalmfoficial\"],\"url\":\"https:\/\/portalmf.com.br\/index.php\/author\/junior\/\"}]}<\/script>\n<!-- \/ Yoast SEO plugin. -->","yoast_head_json":{"title":"ALBA celebra os 81 anos do Sinjorba em ato proposto por Robinson Almeida nesta quarta-feira - Portal MF","robots":{"index":"index","follow":"follow","max-snippet":"max-snippet:-1","max-image-preview":"max-image-preview:large","max-video-preview":"max-video-preview:-1"},"canonical":"https:\/\/portalmf.com.br\/index.php\/2026\/04\/27\/alba-celebra-os-81-anos-do-sinjorba-em-ato-proposto-por-robinson-almeida-nesta-quarta-feira\/","og_locale":"pt_BR","og_type":"article","og_title":"ALBA celebra os 81 anos do Sinjorba em ato proposto por Robinson Almeida nesta quarta-feira - Portal MF","og_description":"A Assembleia Legislativa da Bahia (ALBA) realiza nesta quarta-feira (29), \u00e0s 9h30, no Plenarinho da Casa, um ato comemorativo pelos 81 anos do Sindicato dos Jornalistas Profissionais no Estado da Bahia (Sinjorba). A homenagem foi proposta pelo deputado estadual Robinson Almeida (PT), que destaca a trajet\u00f3ria hist\u00f3rica da entidade na defesa da categoria, da liberdade [&hellip;]","og_url":"https:\/\/portalmf.com.br\/index.php\/2026\/04\/27\/alba-celebra-os-81-anos-do-sinjorba-em-ato-proposto-por-robinson-almeida-nesta-quarta-feira\/","og_site_name":"Portal MF","article_author":"https:\/\/www.facebook.com\/portalmfoficial","article_published_time":"2026-04-27T09:22:24+00:00","article_modified_time":"2026-04-28T09:23:48+00:00","og_image":[{"width":1080,"height":899,"url":"https:\/\/portalmf.com.br\/wp-content\/uploads\/2025\/09\/deputado-Robinson.jpg","type":"image\/jpeg"}],"author":"Reda\u00e7\u00e3o Portal MF","twitter_card":"summary_large_image","twitter_creator":"@https:\/\/x.com\/portalmfoficial","twitter_misc":{"Escrito por":"Reda\u00e7\u00e3o Portal MF","Est. tempo de leitura":"3 minutos"},"schema":{"@context":"https:\/\/schema.org","@graph":[{"@type":"WebPage","@id":"https:\/\/portalmf.com.br\/index.php\/2026\/04\/27\/alba-celebra-os-81-anos-do-sinjorba-em-ato-proposto-por-robinson-almeida-nesta-quarta-feira\/","url":"https:\/\/portalmf.com.br\/index.php\/2026\/04\/27\/alba-celebra-os-81-anos-do-sinjorba-em-ato-proposto-por-robinson-almeida-nesta-quarta-feira\/","name":"ALBA celebra os 81 anos do Sinjorba em ato proposto por Robinson Almeida nesta quarta-feira - Portal MF","isPartOf":{"@id":"https:\/\/portalmf.com.br\/#website"},"primaryImageOfPage":{"@id":"https:\/\/portalmf.com.br\/index.php\/2026\/04\/27\/alba-celebra-os-81-anos-do-sinjorba-em-ato-proposto-por-robinson-almeida-nesta-quarta-feira\/#primaryimage"},"image":{"@id":"https:\/\/portalmf.com.br\/index.php\/2026\/04\/27\/alba-celebra-os-81-anos-do-sinjorba-em-ato-proposto-por-robinson-almeida-nesta-quarta-feira\/#primaryimage"},"thumbnailUrl":"https:\/\/portalmf.com.br\/wp-content\/uploads\/2025\/09\/deputado-Robinson.jpg","datePublished":"2026-04-27T09:22:24+00:00","dateModified":"2026-04-28T09:23:48+00:00","author":{"@id":"https:\/\/portalmf.com.br\/#\/schema\/person\/9ec101baf56233e53520c26de5d6f6f0"},"breadcrumb":{"@id":"https:\/\/portalmf.com.br\/index.php\/2026\/04\/27\/alba-celebra-os-81-anos-do-sinjorba-em-ato-proposto-por-robinson-almeida-nesta-quarta-feira\/#breadcrumb"},"inLanguage":"pt-BR","potentialAction":[{"@type":"ReadAction","target":["https:\/\/portalmf.com.br\/index.php\/2026\/04\/27\/alba-celebra-os-81-anos-do-sinjorba-em-ato-proposto-por-robinson-almeida-nesta-quarta-feira\/"]}]},{"@type":"ImageObject","inLanguage":"pt-BR","@id":"https:\/\/portalmf.com.br\/index.php\/2026\/04\/27\/alba-celebra-os-81-anos-do-sinjorba-em-ato-proposto-por-robinson-almeida-nesta-quarta-feira\/#primaryimage","url":"https:\/\/portalmf.com.br\/wp-content\/uploads\/2025\/09\/deputado-Robinson.jpg","contentUrl":"https:\/\/portalmf.com.br\/wp-content\/uploads\/2025\/09\/deputado-Robinson.jpg","width":1080,"height":899},{"@type":"BreadcrumbList","@id":"https:\/\/portalmf.com.br\/index.php\/2026\/04\/27\/alba-celebra-os-81-anos-do-sinjorba-em-ato-proposto-por-robinson-almeida-nesta-quarta-feira\/#breadcrumb","itemListElement":[{"@type":"ListItem","position":1,"name":"In\u00edcio","item":"https:\/\/portalmf.com.br\/"},{"@type":"ListItem","position":2,"name":"ALBA celebra os 81 anos do Sinjorba em ato proposto por Robinson Almeida nesta quarta-feira"}]},{"@type":"WebSite","@id":"https:\/\/portalmf.com.br\/#website","url":"https:\/\/portalmf.com.br\/","name":"Portal MF","description":"Voc\u00ea conectado com a informa\u00e7\u00e3o","potentialAction":[{"@type":"SearchAction","target":{"@type":"EntryPoint","urlTemplate":"https:\/\/portalmf.com.br\/?s={search_term_string}"},"query-input":"required name=search_term_string"}],"inLanguage":"pt-BR"},{"@type":"Person","@id":"https:\/\/portalmf.com.br\/#\/schema\/person\/9ec101baf56233e53520c26de5d6f6f0","name":"Reda\u00e7\u00e3o Portal MF","image":{"@type":"ImageObject","inLanguage":"pt-BR","@id":"https:\/\/portalmf.com.br\/#\/schema\/person\/image\/","url":"https:\/\/secure.gravatar.com\/avatar\/41b9aaeb2100835f7c64362330f74c7f?s=96&d=mm&r=g","contentUrl":"https:\/\/secure.gravatar.com\/avatar\/41b9aaeb2100835f7c64362330f74c7f?s=96&d=mm&r=g","caption":"Reda\u00e7\u00e3o Portal MF"},"description":"Sejam bem-vindos o portal de informa\u00e7\u00f5es de entretenimento de Feira de Santana, desde 2006 realiza coberturas dos principais eventos com entrevistas exclusivas com as principais personalidades mundiais. Fique conectado tamb\u00e9m nas redes sociais.","sameAs":["http:\/\/www.portalmf.com.br\/","https:\/\/www.facebook.com\/portalmfoficial","https:\/\/www.instagram.com\/portalmf\/","https:\/\/x.com\/https:\/\/x.com\/portalmfoficial","https:\/\/www.youtube.com\/@portalmfoficial"],"url":"https:\/\/portalmf.com.br\/index.php\/author\/junior\/"}]}},"_links":{"self":[{"href":"https:\/\/portalmf.com.br\/index.php\/wp-json\/wp\/v2\/posts\/43648"}],"collection":[{"href":"https:\/\/portalmf.com.br\/index.php\/wp-json\/wp\/v2\/posts"}],"about":[{"href":"https:\/\/portalmf.com.br\/index.php\/wp-json\/wp\/v2\/types\/post"}],"author":[{"embeddable":true,"href":"https:\/\/portalmf.com.br\/index.php\/wp-json\/wp\/v2\/users\/3"}],"replies":[{"embeddable":true,"href":"https:\/\/portalmf.com.br\/index.php\/wp-json\/wp\/v2\/comments?post=43648"}],"version-history":[{"count":1,"href":"https:\/\/portalmf.com.br\/index.php\/wp-json\/wp\/v2\/posts\/43648\/revisions"}],"predecessor-version":[{"id":43649,"href":"https:\/\/portalmf.com.br\/index.php\/wp-json\/wp\/v2\/posts\/43648\/revisions\/43649"}],"wp:featuredmedia":[{"embeddable":true,"href":"https:\/\/portalmf.com.br\/index.php\/wp-json\/wp\/v2\/media\/38841"}],"wp:attachment":[{"href":"https:\/\/portalmf.com.br\/index.php\/wp-json\/wp\/v2\/media?parent=43648"}],"wp:term":[{"taxonomy":"category","embeddable":true,"href":"https:\/\/portalmf.com.br\/index.php\/wp-json\/wp\/v2\/categories?post=43648"},{"taxonomy":"post_tag","embeddable":true,"href":"https:\/\/portalmf.com.br\/index.php\/wp-json\/wp\/v2\/tags?post=43648"}],"curies":[{"name":"wp","href":"https:\/\/api.w.org\/{rel}","templated":true}]}}