{"id":43644,"date":"2026-04-27T11:11:24","date_gmt":"2026-04-27T14:11:24","guid":{"rendered":"https:\/\/portalmf.com.br\/?p=43644"},"modified":"2026-04-27T11:11:25","modified_gmt":"2026-04-27T14:11:25","slug":"feira-fc-termina-pre-temporada-invicto-com-27-gols-em-5-jogos","status":"publish","type":"post","link":"https:\/\/portalmf.com.br\/index.php\/2026\/04\/27\/feira-fc-termina-pre-temporada-invicto-com-27-gols-em-5-jogos\/","title":{"rendered":"Feira FC termina pr\u00e9-temporada invicto com 27 gols em 5 jogos"},"content":{"rendered":"\n<p>O Feira FC encerrou sua primeira pr\u00e9-temporada da hist\u00f3ria com n\u00fameros que chamam a aten\u00e7\u00e3o. Em cinco jogos-treino e amistosos realizados na Arena Cajueiro, a equipe manteve 100% de aproveitamento, com cinco vit\u00f3rias, 27 gols marcados, tr\u00eas sofridos e m\u00e9dia de 5,4 gols por partida.<\/p>\n\n\n\n<p>O primeiro compromisso foi diante do projeto Acorda Para Vencer, de Feira de Santana, com vit\u00f3ria por 3 a 0. Rogerinho, Jaques e Vitinho foram os autores dos gols. Na sequ\u00eancia, o time enfrentou o All Soccer, de Salvador, e aplicou a maior goleada da prepara\u00e7\u00e3o: 11 a 1. Rogerinho (tr\u00eas vezes), Ronan, Galhardo, Lucaneta (duas vezes), Alvinho (duas vezes), Fabr\u00edcio e Dod\u00f4 balan\u00e7aram as redes.<\/p>\n\n\n\n<p>O primeiro amistoso aberto ao p\u00fablico, diante do SSA, tamb\u00e9m terminou com vit\u00f3ria: 3 a 2, com gols de Ronan, Rogerinho e Dod\u00f4, em um duelo marcado pela presen\u00e7a da torcida na Arena Cajueiro.<\/p>\n\n\n\n<p>Nos dois \u00faltimos compromissos, a comiss\u00e3o t\u00e9cnica optou por dividir o elenco em grupos distintos. Contra o Grapi\u00fana, o Feira FC venceu por 7 a 0, com gols de Galhardo, Gilberto (duas vezes), Ronan, Rogerinho, Brito e Grafite. J\u00e1 no \u00faltimo s\u00e1bado (25), diante do sub-20 do Bahia de Feira, o grupo 2 entrou em campo e garantiu mais um triunfo por 3 a 0, com gols de Jaques, Brito e Alvinho.<\/p>\n\n\n\n<figure class=\"wp-block-image size-large\"><img fetchpriority=\"high\" decoding=\"async\" width=\"1024\" height=\"700\" src=\"https:\/\/portalmf.com.br\/wp-content\/uploads\/2026\/04\/Feira-FC-termina-pre-temporada-invicto-com-27-gols-em-5-jogos-2-1024x700.jpeg\" alt=\"\" class=\"wp-image-43645\" srcset=\"https:\/\/portalmf.com.br\/wp-content\/uploads\/2026\/04\/Feira-FC-termina-pre-temporada-invicto-com-27-gols-em-5-jogos-2-1024x700.jpeg 1024w, https:\/\/portalmf.com.br\/wp-content\/uploads\/2026\/04\/Feira-FC-termina-pre-temporada-invicto-com-27-gols-em-5-jogos-2-300x205.jpeg 300w, https:\/\/portalmf.com.br\/wp-content\/uploads\/2026\/04\/Feira-FC-termina-pre-temporada-invicto-com-27-gols-em-5-jogos-2-768x525.jpeg 768w, https:\/\/portalmf.com.br\/wp-content\/uploads\/2026\/04\/Feira-FC-termina-pre-temporada-invicto-com-27-gols-em-5-jogos-2-1536x1050.jpeg 1536w, https:\/\/portalmf.com.br\/wp-content\/uploads\/2026\/04\/Feira-FC-termina-pre-temporada-invicto-com-27-gols-em-5-jogos-2-218x150.jpeg 218w, https:\/\/portalmf.com.br\/wp-content\/uploads\/2026\/04\/Feira-FC-termina-pre-temporada-invicto-com-27-gols-em-5-jogos-2-696x476.jpeg 696w, https:\/\/portalmf.com.br\/wp-content\/uploads\/2026\/04\/Feira-FC-termina-pre-temporada-invicto-com-27-gols-em-5-jogos-2-1068x730.jpeg 1068w, https:\/\/portalmf.com.br\/wp-content\/uploads\/2026\/04\/Feira-FC-termina-pre-temporada-invicto-com-27-gols-em-5-jogos-2.jpeg 1600w\" sizes=\"(max-width: 1024px) 100vw, 1024px\" \/><figcaption class=\"wp-element-caption\">Foto: Enzo Brito<\/figcaption><\/figure>\n\n\n\n<p><strong>ENTROSAMENTO E EVOLU\u00c7\u00c3O<\/strong><\/p>\n\n\n\n<p>Satisfeito com o desempenho da equipe ao longo da prepara\u00e7\u00e3o, o t\u00e9cnico Edson Fabiano destacou a evolu\u00e7\u00e3o coletiva e o ganho de entrosamento do elenco.<\/p>\n\n\n\n<p><em>\u201cMuito bom, porque vai dando entrosamento. Muitas a\u00e7\u00f5es que a gente trabalhou aconteceram. Muito feliz com essa pr\u00e9-temporada. Agora, vamos para a \u00faltima semana de prepara\u00e7\u00e3o para a estreia contra o Conquista\u201d,<\/em> afirmou.<\/p>\n\n\n\n<p><strong>CONTAGEM REGRESSIVA PARA ESTREIA<\/strong><\/p>\n\n\n\n<p>Invicto e com um ataque eficiente, o Feira FC volta agora suas aten\u00e7\u00f5es para a estreia oficial, diante do Conquista, no pr\u00f3ximo s\u00e1bado (2), \u00e0s 19h, na Arena Cajueiro, marcando o in\u00edcio de um novo cap\u00edtulo na hist\u00f3ria do clube.<\/p>\n","protected":false},"excerpt":{"rendered":"<p>O Feira FC encerrou sua primeira pr\u00e9-temporada da hist\u00f3ria com n\u00fameros que chamam a aten\u00e7\u00e3o. Em cinco jogos-treino e amistosos realizados na Arena Cajueiro, a equipe manteve 100% de aproveitamento, com cinco vit\u00f3rias, 27 gols marcados, tr\u00eas sofridos e m\u00e9dia de 5,4 gols por partida. O primeiro compromisso foi diante do projeto Acorda Para Vencer, [&hellip;]<\/p>\n","protected":false},"author":3,"featured_media":43646,"comment_status":"open","ping_status":"open","sticky":false,"template":"","format":"standard","meta":{"_monsterinsights_skip_tracking":false,"_monsterinsights_sitenote_active":false,"_monsterinsights_sitenote_note":"","_monsterinsights_sitenote_category":0,"footnotes":""},"categories":[42],"tags":[],"yoast_head":"<!-- This site is optimized with the Yoast SEO plugin v22.9 - https:\/\/yoast.com\/wordpress\/plugins\/seo\/ -->\n<title>Feira FC termina pr\u00e9-temporada invicto com 27 gols em 5 jogos - Portal MF<\/title>\n<meta name=\"robots\" content=\"index, follow, max-snippet:-1, max-image-preview:large, max-video-preview:-1\" \/>\n<link rel=\"canonical\" href=\"https:\/\/portalmf.com.br\/index.php\/2026\/04\/27\/feira-fc-termina-pre-temporada-invicto-com-27-gols-em-5-jogos\/\" \/>\n<meta property=\"og:locale\" content=\"pt_BR\" \/>\n<meta property=\"og:type\" content=\"article\" \/>\n<meta property=\"og:title\" content=\"Feira FC termina pr\u00e9-temporada invicto com 27 gols em 5 jogos - Portal MF\" \/>\n<meta property=\"og:description\" content=\"O Feira FC encerrou sua primeira pr\u00e9-temporada da hist\u00f3ria com n\u00fameros que chamam a aten\u00e7\u00e3o. Em cinco jogos-treino e amistosos realizados na Arena Cajueiro, a equipe manteve 100% de aproveitamento, com cinco vit\u00f3rias, 27 gols marcados, tr\u00eas sofridos e m\u00e9dia de 5,4 gols por partida. O primeiro compromisso foi diante do projeto Acorda Para Vencer, [&hellip;]\" \/>\n<meta property=\"og:url\" content=\"https:\/\/portalmf.com.br\/index.php\/2026\/04\/27\/feira-fc-termina-pre-temporada-invicto-com-27-gols-em-5-jogos\/\" \/>\n<meta property=\"og:site_name\" content=\"Portal MF\" \/>\n<meta property=\"article:author\" content=\"https:\/\/www.facebook.com\/portalmfoficial\" \/>\n<meta property=\"article:published_time\" content=\"2026-04-27T14:11:24+00:00\" \/>\n<meta property=\"article:modified_time\" content=\"2026-04-27T14:11:25+00:00\" \/>\n<meta property=\"og:image\" content=\"https:\/\/portalmf.com.br\/wp-content\/uploads\/2026\/04\/Feira-FC-termina-pre-temporada-invicto-com-27-gols-em-5-jogos-1-e1777299051642.jpeg\" \/>\n\t<meta property=\"og:image:width\" content=\"1066\" \/>\n\t<meta property=\"og:image:height\" content=\"674\" \/>\n\t<meta property=\"og:image:type\" content=\"image\/jpeg\" \/>\n<meta name=\"author\" content=\"Reda\u00e7\u00e3o Portal MF\" \/>\n<meta name=\"twitter:card\" content=\"summary_large_image\" \/>\n<meta name=\"twitter:creator\" content=\"@https:\/\/x.com\/portalmfoficial\" \/>\n<meta name=\"twitter:label1\" content=\"Escrito por\" \/>\n\t<meta name=\"twitter:data1\" content=\"Reda\u00e7\u00e3o Portal MF\" \/>\n\t<meta name=\"twitter:label2\" content=\"Est. tempo de leitura\" \/>\n\t<meta name=\"twitter:data2\" content=\"3 minutos\" \/>\n<script type=\"application\/ld+json\" class=\"yoast-schema-graph\">{\"@context\":\"https:\/\/schema.org\",\"@graph\":[{\"@type\":\"WebPage\",\"@id\":\"https:\/\/portalmf.com.br\/index.php\/2026\/04\/27\/feira-fc-termina-pre-temporada-invicto-com-27-gols-em-5-jogos\/\",\"url\":\"https:\/\/portalmf.com.br\/index.php\/2026\/04\/27\/feira-fc-termina-pre-temporada-invicto-com-27-gols-em-5-jogos\/\",\"name\":\"Feira FC termina pr\u00e9-temporada invicto com 27 gols em 5 jogos - Portal MF\",\"isPartOf\":{\"@id\":\"https:\/\/portalmf.com.br\/#website\"},\"primaryImageOfPage\":{\"@id\":\"https:\/\/portalmf.com.br\/index.php\/2026\/04\/27\/feira-fc-termina-pre-temporada-invicto-com-27-gols-em-5-jogos\/#primaryimage\"},\"image\":{\"@id\":\"https:\/\/portalmf.com.br\/index.php\/2026\/04\/27\/feira-fc-termina-pre-temporada-invicto-com-27-gols-em-5-jogos\/#primaryimage\"},\"thumbnailUrl\":\"https:\/\/portalmf.com.br\/wp-content\/uploads\/2026\/04\/Feira-FC-termina-pre-temporada-invicto-com-27-gols-em-5-jogos-1-e1777299051642.jpeg\",\"datePublished\":\"2026-04-27T14:11:24+00:00\",\"dateModified\":\"2026-04-27T14:11:25+00:00\",\"author\":{\"@id\":\"https:\/\/portalmf.com.br\/#\/schema\/person\/9ec101baf56233e53520c26de5d6f6f0\"},\"breadcrumb\":{\"@id\":\"https:\/\/portalmf.com.br\/index.php\/2026\/04\/27\/feira-fc-termina-pre-temporada-invicto-com-27-gols-em-5-jogos\/#breadcrumb\"},\"inLanguage\":\"pt-BR\",\"potentialAction\":[{\"@type\":\"ReadAction\",\"target\":[\"https:\/\/portalmf.com.br\/index.php\/2026\/04\/27\/feira-fc-termina-pre-temporada-invicto-com-27-gols-em-5-jogos\/\"]}]},{\"@type\":\"ImageObject\",\"inLanguage\":\"pt-BR\",\"@id\":\"https:\/\/portalmf.com.br\/index.php\/2026\/04\/27\/feira-fc-termina-pre-temporada-invicto-com-27-gols-em-5-jogos\/#primaryimage\",\"url\":\"https:\/\/portalmf.com.br\/wp-content\/uploads\/2026\/04\/Feira-FC-termina-pre-temporada-invicto-com-27-gols-em-5-jogos-1-e1777299051642.jpeg\",\"contentUrl\":\"https:\/\/portalmf.com.br\/wp-content\/uploads\/2026\/04\/Feira-FC-termina-pre-temporada-invicto-com-27-gols-em-5-jogos-1-e1777299051642.jpeg\",\"width\":1066,\"height\":674},{\"@type\":\"BreadcrumbList\",\"@id\":\"https:\/\/portalmf.com.br\/index.php\/2026\/04\/27\/feira-fc-termina-pre-temporada-invicto-com-27-gols-em-5-jogos\/#breadcrumb\",\"itemListElement\":[{\"@type\":\"ListItem\",\"position\":1,\"name\":\"In\u00edcio\",\"item\":\"https:\/\/portalmf.com.br\/\"},{\"@type\":\"ListItem\",\"position\":2,\"name\":\"Feira FC termina pr\u00e9-temporada invicto com 27 gols em 5 jogos\"}]},{\"@type\":\"WebSite\",\"@id\":\"https:\/\/portalmf.com.br\/#website\",\"url\":\"https:\/\/portalmf.com.br\/\",\"name\":\"Portal MF\",\"description\":\"Voc\u00ea conectado com a informa\u00e7\u00e3o\",\"potentialAction\":[{\"@type\":\"SearchAction\",\"target\":{\"@type\":\"EntryPoint\",\"urlTemplate\":\"https:\/\/portalmf.com.br\/?s={search_term_string}\"},\"query-input\":\"required name=search_term_string\"}],\"inLanguage\":\"pt-BR\"},{\"@type\":\"Person\",\"@id\":\"https:\/\/portalmf.com.br\/#\/schema\/person\/9ec101baf56233e53520c26de5d6f6f0\",\"name\":\"Reda\u00e7\u00e3o Portal MF\",\"image\":{\"@type\":\"ImageObject\",\"inLanguage\":\"pt-BR\",\"@id\":\"https:\/\/portalmf.com.br\/#\/schema\/person\/image\/\",\"url\":\"https:\/\/secure.gravatar.com\/avatar\/41b9aaeb2100835f7c64362330f74c7f?s=96&d=mm&r=g\",\"contentUrl\":\"https:\/\/secure.gravatar.com\/avatar\/41b9aaeb2100835f7c64362330f74c7f?s=96&d=mm&r=g\",\"caption\":\"Reda\u00e7\u00e3o Portal MF\"},\"description\":\"Sejam bem-vindos o portal de informa\u00e7\u00f5es de entretenimento de Feira de Santana, desde 2006 realiza coberturas dos principais eventos com entrevistas exclusivas com as principais personalidades mundiais. Fique conectado tamb\u00e9m nas redes sociais.\",\"sameAs\":[\"http:\/\/www.portalmf.com.br\/\",\"https:\/\/www.facebook.com\/portalmfoficial\",\"https:\/\/www.instagram.com\/portalmf\/\",\"https:\/\/x.com\/https:\/\/x.com\/portalmfoficial\",\"https:\/\/www.youtube.com\/@portalmfoficial\"],\"url\":\"https:\/\/portalmf.com.br\/index.php\/author\/junior\/\"}]}<\/script>\n<!-- \/ Yoast SEO plugin. -->","yoast_head_json":{"title":"Feira FC termina pr\u00e9-temporada invicto com 27 gols em 5 jogos - Portal MF","robots":{"index":"index","follow":"follow","max-snippet":"max-snippet:-1","max-image-preview":"max-image-preview:large","max-video-preview":"max-video-preview:-1"},"canonical":"https:\/\/portalmf.com.br\/index.php\/2026\/04\/27\/feira-fc-termina-pre-temporada-invicto-com-27-gols-em-5-jogos\/","og_locale":"pt_BR","og_type":"article","og_title":"Feira FC termina pr\u00e9-temporada invicto com 27 gols em 5 jogos - Portal MF","og_description":"O Feira FC encerrou sua primeira pr\u00e9-temporada da hist\u00f3ria com n\u00fameros que chamam a aten\u00e7\u00e3o. Em cinco jogos-treino e amistosos realizados na Arena Cajueiro, a equipe manteve 100% de aproveitamento, com cinco vit\u00f3rias, 27 gols marcados, tr\u00eas sofridos e m\u00e9dia de 5,4 gols por partida. O primeiro compromisso foi diante do projeto Acorda Para Vencer, [&hellip;]","og_url":"https:\/\/portalmf.com.br\/index.php\/2026\/04\/27\/feira-fc-termina-pre-temporada-invicto-com-27-gols-em-5-jogos\/","og_site_name":"Portal MF","article_author":"https:\/\/www.facebook.com\/portalmfoficial","article_published_time":"2026-04-27T14:11:24+00:00","article_modified_time":"2026-04-27T14:11:25+00:00","og_image":[{"width":1066,"height":674,"url":"https:\/\/portalmf.com.br\/wp-content\/uploads\/2026\/04\/Feira-FC-termina-pre-temporada-invicto-com-27-gols-em-5-jogos-1-e1777299051642.jpeg","type":"image\/jpeg"}],"author":"Reda\u00e7\u00e3o Portal MF","twitter_card":"summary_large_image","twitter_creator":"@https:\/\/x.com\/portalmfoficial","twitter_misc":{"Escrito por":"Reda\u00e7\u00e3o Portal MF","Est. tempo de leitura":"3 minutos"},"schema":{"@context":"https:\/\/schema.org","@graph":[{"@type":"WebPage","@id":"https:\/\/portalmf.com.br\/index.php\/2026\/04\/27\/feira-fc-termina-pre-temporada-invicto-com-27-gols-em-5-jogos\/","url":"https:\/\/portalmf.com.br\/index.php\/2026\/04\/27\/feira-fc-termina-pre-temporada-invicto-com-27-gols-em-5-jogos\/","name":"Feira FC termina pr\u00e9-temporada invicto com 27 gols em 5 jogos - Portal MF","isPartOf":{"@id":"https:\/\/portalmf.com.br\/#website"},"primaryImageOfPage":{"@id":"https:\/\/portalmf.com.br\/index.php\/2026\/04\/27\/feira-fc-termina-pre-temporada-invicto-com-27-gols-em-5-jogos\/#primaryimage"},"image":{"@id":"https:\/\/portalmf.com.br\/index.php\/2026\/04\/27\/feira-fc-termina-pre-temporada-invicto-com-27-gols-em-5-jogos\/#primaryimage"},"thumbnailUrl":"https:\/\/portalmf.com.br\/wp-content\/uploads\/2026\/04\/Feira-FC-termina-pre-temporada-invicto-com-27-gols-em-5-jogos-1-e1777299051642.jpeg","datePublished":"2026-04-27T14:11:24+00:00","dateModified":"2026-04-27T14:11:25+00:00","author":{"@id":"https:\/\/portalmf.com.br\/#\/schema\/person\/9ec101baf56233e53520c26de5d6f6f0"},"breadcrumb":{"@id":"https:\/\/portalmf.com.br\/index.php\/2026\/04\/27\/feira-fc-termina-pre-temporada-invicto-com-27-gols-em-5-jogos\/#breadcrumb"},"inLanguage":"pt-BR","potentialAction":[{"@type":"ReadAction","target":["https:\/\/portalmf.com.br\/index.php\/2026\/04\/27\/feira-fc-termina-pre-temporada-invicto-com-27-gols-em-5-jogos\/"]}]},{"@type":"ImageObject","inLanguage":"pt-BR","@id":"https:\/\/portalmf.com.br\/index.php\/2026\/04\/27\/feira-fc-termina-pre-temporada-invicto-com-27-gols-em-5-jogos\/#primaryimage","url":"https:\/\/portalmf.com.br\/wp-content\/uploads\/2026\/04\/Feira-FC-termina-pre-temporada-invicto-com-27-gols-em-5-jogos-1-e1777299051642.jpeg","contentUrl":"https:\/\/portalmf.com.br\/wp-content\/uploads\/2026\/04\/Feira-FC-termina-pre-temporada-invicto-com-27-gols-em-5-jogos-1-e1777299051642.jpeg","width":1066,"height":674},{"@type":"BreadcrumbList","@id":"https:\/\/portalmf.com.br\/index.php\/2026\/04\/27\/feira-fc-termina-pre-temporada-invicto-com-27-gols-em-5-jogos\/#breadcrumb","itemListElement":[{"@type":"ListItem","position":1,"name":"In\u00edcio","item":"https:\/\/portalmf.com.br\/"},{"@type":"ListItem","position":2,"name":"Feira FC termina pr\u00e9-temporada invicto com 27 gols em 5 jogos"}]},{"@type":"WebSite","@id":"https:\/\/portalmf.com.br\/#website","url":"https:\/\/portalmf.com.br\/","name":"Portal MF","description":"Voc\u00ea conectado com a informa\u00e7\u00e3o","potentialAction":[{"@type":"SearchAction","target":{"@type":"EntryPoint","urlTemplate":"https:\/\/portalmf.com.br\/?s={search_term_string}"},"query-input":"required name=search_term_string"}],"inLanguage":"pt-BR"},{"@type":"Person","@id":"https:\/\/portalmf.com.br\/#\/schema\/person\/9ec101baf56233e53520c26de5d6f6f0","name":"Reda\u00e7\u00e3o Portal MF","image":{"@type":"ImageObject","inLanguage":"pt-BR","@id":"https:\/\/portalmf.com.br\/#\/schema\/person\/image\/","url":"https:\/\/secure.gravatar.com\/avatar\/41b9aaeb2100835f7c64362330f74c7f?s=96&d=mm&r=g","contentUrl":"https:\/\/secure.gravatar.com\/avatar\/41b9aaeb2100835f7c64362330f74c7f?s=96&d=mm&r=g","caption":"Reda\u00e7\u00e3o Portal MF"},"description":"Sejam bem-vindos o portal de informa\u00e7\u00f5es de entretenimento de Feira de Santana, desde 2006 realiza coberturas dos principais eventos com entrevistas exclusivas com as principais personalidades mundiais. Fique conectado tamb\u00e9m nas redes sociais.","sameAs":["http:\/\/www.portalmf.com.br\/","https:\/\/www.facebook.com\/portalmfoficial","https:\/\/www.instagram.com\/portalmf\/","https:\/\/x.com\/https:\/\/x.com\/portalmfoficial","https:\/\/www.youtube.com\/@portalmfoficial"],"url":"https:\/\/portalmf.com.br\/index.php\/author\/junior\/"}]}},"_links":{"self":[{"href":"https:\/\/portalmf.com.br\/index.php\/wp-json\/wp\/v2\/posts\/43644"}],"collection":[{"href":"https:\/\/portalmf.com.br\/index.php\/wp-json\/wp\/v2\/posts"}],"about":[{"href":"https:\/\/portalmf.com.br\/index.php\/wp-json\/wp\/v2\/types\/post"}],"author":[{"embeddable":true,"href":"https:\/\/portalmf.com.br\/index.php\/wp-json\/wp\/v2\/users\/3"}],"replies":[{"embeddable":true,"href":"https:\/\/portalmf.com.br\/index.php\/wp-json\/wp\/v2\/comments?post=43644"}],"version-history":[{"count":1,"href":"https:\/\/portalmf.com.br\/index.php\/wp-json\/wp\/v2\/posts\/43644\/revisions"}],"predecessor-version":[{"id":43647,"href":"https:\/\/portalmf.com.br\/index.php\/wp-json\/wp\/v2\/posts\/43644\/revisions\/43647"}],"wp:featuredmedia":[{"embeddable":true,"href":"https:\/\/portalmf.com.br\/index.php\/wp-json\/wp\/v2\/media\/43646"}],"wp:attachment":[{"href":"https:\/\/portalmf.com.br\/index.php\/wp-json\/wp\/v2\/media?parent=43644"}],"wp:term":[{"taxonomy":"category","embeddable":true,"href":"https:\/\/portalmf.com.br\/index.php\/wp-json\/wp\/v2\/categories?post=43644"},{"taxonomy":"post_tag","embeddable":true,"href":"https:\/\/portalmf.com.br\/index.php\/wp-json\/wp\/v2\/tags?post=43644"}],"curies":[{"name":"wp","href":"https:\/\/api.w.org\/{rel}","templated":true}]}}