{"id":43634,"date":"2026-04-27T10:29:53","date_gmt":"2026-04-27T13:29:53","guid":{"rendered":"https:\/\/portalmf.com.br\/?p=43634"},"modified":"2026-04-27T10:29:55","modified_gmt":"2026-04-27T13:29:55","slug":"arena-brasil-anuncia-abertura-de-vendas-com-clima-de-copa-line-up-de-peso","status":"publish","type":"post","link":"https:\/\/portalmf.com.br\/index.php\/2026\/04\/27\/arena-brasil-anuncia-abertura-de-vendas-com-clima-de-copa-line-up-de-peso\/","title":{"rendered":"Arena Brasil anuncia abertura de vendas com clima de Copa, line-up de peso"},"content":{"rendered":"\n<p>Se a Copa do Mundo j\u00e1 \u00e9 sin\u00f4nimo de emo\u00e7\u00e3o, em Salvador ela ganha um novo palco: a Arena Brasil. Com proposta inovadora, vibe jovem e uma mistura perfeita de futebol + m\u00fasica + experi\u00eancia, o evento chega para ser o ponto de encontro oficial da torcida, onde cada jogo vira festa e cada gol vira um verdadeiro espet\u00e1culo.<\/p>\n\n\n\n<p>O palco dessa celebra\u00e7\u00e3o ser\u00e1 o Centro de Conven\u00e7\u00f5es de Salvador, transformado em uma arena moderna, com estrutura de alto padr\u00e3o, tel\u00f5es, som, leds e equipamentos de \u00faltima gera\u00e7\u00e3o, al\u00e9m de conforto e seguran\u00e7a para o p\u00fablico viver a Copa como nunca.<\/p>\n\n\n\n<p>Aqui, o jogo ser\u00e1 completo: a Arena Brasil entra em campo com servi\u00e7os \u00e1geis, bares bem distribu\u00eddos, pra\u00e7a de alimenta\u00e7\u00e3o com fast food diversificado, atendimento eficiente e uma opera\u00e7\u00e3o pensada para n\u00e3o deixar ningu\u00e9m perder nenhum lance.<\/p>\n\n\n\n<p>E como toda boa torcida precisa de trilha sonora, o line-up vem pesado: Timbalada, Filhos de Jorge, Tomate, Larissa Fagundes, Saulo, Thiaguinho, Uel, Diggo, Danniel Vieira, Pedro Gabriel, Representa Samba, Peixe, Mika e muito mais. \u00c9 tipo prorroga\u00e7\u00e3o com gol de placa \u2014 ningu\u00e9m vai querer ir embora cedo.<\/p>\n\n\n\n<p>A procura j\u00e1 mostrou que a torcida est\u00e1 pronta para entrar em campo: a pr\u00e9-venda esgotou rapidamente, refor\u00e7ando a expectativa para o evento. A venda geral ser\u00e1 aberta \u00e0s 15h, e a tend\u00eancia \u00e9 de alta procura nos primeiros minutos. Quem quiser garantir presen\u00e7a precisa correr para n\u00e3o ficar de fora dessa estreia hist\u00f3rica.<\/p>\n\n\n\n<p>E se dentro de campo a sele\u00e7\u00e3o \u00e9 forte, fora dele o time tamb\u00e9m \u00e9 de respeito. A Arena Brasil \u00e9 realizada por uma verdadeira \u201csele\u00e7\u00e3o\u201d de produtoras: Oquei Entretenimento, NA Entretenimento, AMB, 2GB e Salvador Produ\u00e7\u00f5es, nomes que carregam a expertise dos maiores eventos da cidade e garantem uma entrega \u00e0 altura de uma Copa do Mundo.<\/p>\n\n\n\n<p>Na Arena Brasil, a Copa n\u00e3o ser\u00e1 apenas assistida, ela ser\u00e1 vivida. Com estrutura de est\u00e1dio, energia de festival e clima de final, o evento promete transformar Salvador no maior ponto de encontro da torcida. Ent\u00e3o j\u00e1 sabe: chama a galera, veste a camisa e vem jogar junto. Porque aqui, o hexa come\u00e7a fora de campo. \ud83c\udde7\ud83c\uddf7\u26bd\ud83d\udd25<\/p>\n\n\n\n<p>SERVI\u00c7O<\/p>\n\n\n\n<ul>\n<li>Evento: Arena Brasil<\/li>\n\n\n\n<li>Local: Centro de Conven\u00e7\u00f5es (Boca do Rio)<\/li>\n\n\n\n<li>Datas e hor\u00e1rios:<\/li>\n\n\n\n<li>13 de junho \u2013 Brasil x Marrocos, \u00e0s 19h<\/li>\n\n\n\n<li>19 de junho \u2013 Brasil x Haiti, \u00e0s 21h30<\/li>\n\n\n\n<li>24 de junho \u2013 Brasil x Esc\u00f3cia, \u00e0s 19h<\/li>\n\n\n\n<li>Atra\u00e7\u00f5es: Timbalada, Filhos de Jorge, Tomate, Larissa Fagundes, Saulo, Thiaguinho, Uel, Diggo, Danniel Vieira, Pedro Gabriel, Representa Samba, Peixe, Mika e muito mais<\/li>\n\n\n\n<li>Ingressos: Sympla.com.br (vendas \u00e0s 15h)<\/li>\n\n\n\n<li>Informa\u00e7\u00f5es: @arenabrasilssa<\/li>\n<\/ul>\n\n\n\n<p>Os port\u00f5es abrem duas horas antes, porque aqui o aquecimento tamb\u00e9m faz parte do jogo.<\/p>\n","protected":false},"excerpt":{"rendered":"<p>Se a Copa do Mundo j\u00e1 \u00e9 sin\u00f4nimo de emo\u00e7\u00e3o, em Salvador ela ganha um novo palco: a Arena Brasil. Com proposta inovadora, vibe jovem e uma mistura perfeita de futebol + m\u00fasica + experi\u00eancia, o evento chega para ser o ponto de encontro oficial da torcida, onde cada jogo vira festa e cada gol [&hellip;]<\/p>\n","protected":false},"author":3,"featured_media":43635,"comment_status":"open","ping_status":"open","sticky":false,"template":"","format":"standard","meta":{"_monsterinsights_skip_tracking":false,"_monsterinsights_sitenote_active":false,"_monsterinsights_sitenote_note":"","_monsterinsights_sitenote_category":0,"footnotes":""},"categories":[45],"tags":[],"yoast_head":"<!-- This site is optimized with the Yoast SEO plugin v22.9 - https:\/\/yoast.com\/wordpress\/plugins\/seo\/ -->\n<title>Arena Brasil anuncia abertura de vendas com clima de Copa, line-up de peso - Portal MF<\/title>\n<meta name=\"robots\" content=\"index, follow, max-snippet:-1, max-image-preview:large, max-video-preview:-1\" \/>\n<link rel=\"canonical\" href=\"https:\/\/portalmf.com.br\/index.php\/2026\/04\/27\/arena-brasil-anuncia-abertura-de-vendas-com-clima-de-copa-line-up-de-peso\/\" \/>\n<meta property=\"og:locale\" content=\"pt_BR\" \/>\n<meta property=\"og:type\" content=\"article\" \/>\n<meta property=\"og:title\" content=\"Arena Brasil anuncia abertura de vendas com clima de Copa, line-up de peso - Portal MF\" \/>\n<meta property=\"og:description\" content=\"Se a Copa do Mundo j\u00e1 \u00e9 sin\u00f4nimo de emo\u00e7\u00e3o, em Salvador ela ganha um novo palco: a Arena Brasil. Com proposta inovadora, vibe jovem e uma mistura perfeita de futebol + m\u00fasica + experi\u00eancia, o evento chega para ser o ponto de encontro oficial da torcida, onde cada jogo vira festa e cada gol [&hellip;]\" \/>\n<meta property=\"og:url\" content=\"https:\/\/portalmf.com.br\/index.php\/2026\/04\/27\/arena-brasil-anuncia-abertura-de-vendas-com-clima-de-copa-line-up-de-peso\/\" \/>\n<meta property=\"og:site_name\" content=\"Portal MF\" \/>\n<meta property=\"article:author\" content=\"https:\/\/www.facebook.com\/portalmfoficial\" \/>\n<meta property=\"article:published_time\" content=\"2026-04-27T13:29:53+00:00\" \/>\n<meta property=\"article:modified_time\" content=\"2026-04-27T13:29:55+00:00\" \/>\n<meta property=\"og:image\" content=\"https:\/\/portalmf.com.br\/wp-content\/uploads\/2026\/04\/centro-de-convencoes-salvador-01.jpg\" \/>\n\t<meta property=\"og:image:width\" content=\"1000\" \/>\n\t<meta property=\"og:image:height\" content=\"748\" \/>\n\t<meta property=\"og:image:type\" content=\"image\/jpeg\" \/>\n<meta name=\"author\" content=\"Reda\u00e7\u00e3o Portal MF\" \/>\n<meta name=\"twitter:card\" content=\"summary_large_image\" \/>\n<meta name=\"twitter:creator\" content=\"@https:\/\/x.com\/portalmfoficial\" \/>\n<meta name=\"twitter:label1\" content=\"Escrito por\" \/>\n\t<meta name=\"twitter:data1\" content=\"Reda\u00e7\u00e3o Portal MF\" \/>\n\t<meta name=\"twitter:label2\" content=\"Est. tempo de leitura\" \/>\n\t<meta name=\"twitter:data2\" content=\"3 minutos\" \/>\n<script type=\"application\/ld+json\" class=\"yoast-schema-graph\">{\"@context\":\"https:\/\/schema.org\",\"@graph\":[{\"@type\":\"WebPage\",\"@id\":\"https:\/\/portalmf.com.br\/index.php\/2026\/04\/27\/arena-brasil-anuncia-abertura-de-vendas-com-clima-de-copa-line-up-de-peso\/\",\"url\":\"https:\/\/portalmf.com.br\/index.php\/2026\/04\/27\/arena-brasil-anuncia-abertura-de-vendas-com-clima-de-copa-line-up-de-peso\/\",\"name\":\"Arena Brasil anuncia abertura de vendas com clima de Copa, line-up de peso - Portal MF\",\"isPartOf\":{\"@id\":\"https:\/\/portalmf.com.br\/#website\"},\"primaryImageOfPage\":{\"@id\":\"https:\/\/portalmf.com.br\/index.php\/2026\/04\/27\/arena-brasil-anuncia-abertura-de-vendas-com-clima-de-copa-line-up-de-peso\/#primaryimage\"},\"image\":{\"@id\":\"https:\/\/portalmf.com.br\/index.php\/2026\/04\/27\/arena-brasil-anuncia-abertura-de-vendas-com-clima-de-copa-line-up-de-peso\/#primaryimage\"},\"thumbnailUrl\":\"https:\/\/portalmf.com.br\/wp-content\/uploads\/2026\/04\/centro-de-convencoes-salvador-01.jpg\",\"datePublished\":\"2026-04-27T13:29:53+00:00\",\"dateModified\":\"2026-04-27T13:29:55+00:00\",\"author\":{\"@id\":\"https:\/\/portalmf.com.br\/#\/schema\/person\/9ec101baf56233e53520c26de5d6f6f0\"},\"breadcrumb\":{\"@id\":\"https:\/\/portalmf.com.br\/index.php\/2026\/04\/27\/arena-brasil-anuncia-abertura-de-vendas-com-clima-de-copa-line-up-de-peso\/#breadcrumb\"},\"inLanguage\":\"pt-BR\",\"potentialAction\":[{\"@type\":\"ReadAction\",\"target\":[\"https:\/\/portalmf.com.br\/index.php\/2026\/04\/27\/arena-brasil-anuncia-abertura-de-vendas-com-clima-de-copa-line-up-de-peso\/\"]}]},{\"@type\":\"ImageObject\",\"inLanguage\":\"pt-BR\",\"@id\":\"https:\/\/portalmf.com.br\/index.php\/2026\/04\/27\/arena-brasil-anuncia-abertura-de-vendas-com-clima-de-copa-line-up-de-peso\/#primaryimage\",\"url\":\"https:\/\/portalmf.com.br\/wp-content\/uploads\/2026\/04\/centro-de-convencoes-salvador-01.jpg\",\"contentUrl\":\"https:\/\/portalmf.com.br\/wp-content\/uploads\/2026\/04\/centro-de-convencoes-salvador-01.jpg\",\"width\":1000,\"height\":748},{\"@type\":\"BreadcrumbList\",\"@id\":\"https:\/\/portalmf.com.br\/index.php\/2026\/04\/27\/arena-brasil-anuncia-abertura-de-vendas-com-clima-de-copa-line-up-de-peso\/#breadcrumb\",\"itemListElement\":[{\"@type\":\"ListItem\",\"position\":1,\"name\":\"In\u00edcio\",\"item\":\"https:\/\/portalmf.com.br\/\"},{\"@type\":\"ListItem\",\"position\":2,\"name\":\"Arena Brasil anuncia abertura de vendas com clima de Copa, line-up de peso\"}]},{\"@type\":\"WebSite\",\"@id\":\"https:\/\/portalmf.com.br\/#website\",\"url\":\"https:\/\/portalmf.com.br\/\",\"name\":\"Portal MF\",\"description\":\"Voc\u00ea conectado com a informa\u00e7\u00e3o\",\"potentialAction\":[{\"@type\":\"SearchAction\",\"target\":{\"@type\":\"EntryPoint\",\"urlTemplate\":\"https:\/\/portalmf.com.br\/?s={search_term_string}\"},\"query-input\":\"required name=search_term_string\"}],\"inLanguage\":\"pt-BR\"},{\"@type\":\"Person\",\"@id\":\"https:\/\/portalmf.com.br\/#\/schema\/person\/9ec101baf56233e53520c26de5d6f6f0\",\"name\":\"Reda\u00e7\u00e3o Portal MF\",\"image\":{\"@type\":\"ImageObject\",\"inLanguage\":\"pt-BR\",\"@id\":\"https:\/\/portalmf.com.br\/#\/schema\/person\/image\/\",\"url\":\"https:\/\/secure.gravatar.com\/avatar\/41b9aaeb2100835f7c64362330f74c7f?s=96&d=mm&r=g\",\"contentUrl\":\"https:\/\/secure.gravatar.com\/avatar\/41b9aaeb2100835f7c64362330f74c7f?s=96&d=mm&r=g\",\"caption\":\"Reda\u00e7\u00e3o Portal MF\"},\"description\":\"Sejam bem-vindos o portal de informa\u00e7\u00f5es de entretenimento de Feira de Santana, desde 2006 realiza coberturas dos principais eventos com entrevistas exclusivas com as principais personalidades mundiais. Fique conectado tamb\u00e9m nas redes sociais.\",\"sameAs\":[\"http:\/\/www.portalmf.com.br\/\",\"https:\/\/www.facebook.com\/portalmfoficial\",\"https:\/\/www.instagram.com\/portalmf\/\",\"https:\/\/x.com\/https:\/\/x.com\/portalmfoficial\",\"https:\/\/www.youtube.com\/@portalmfoficial\"],\"url\":\"https:\/\/portalmf.com.br\/index.php\/author\/junior\/\"}]}<\/script>\n<!-- \/ Yoast SEO plugin. -->","yoast_head_json":{"title":"Arena Brasil anuncia abertura de vendas com clima de Copa, line-up de peso - Portal MF","robots":{"index":"index","follow":"follow","max-snippet":"max-snippet:-1","max-image-preview":"max-image-preview:large","max-video-preview":"max-video-preview:-1"},"canonical":"https:\/\/portalmf.com.br\/index.php\/2026\/04\/27\/arena-brasil-anuncia-abertura-de-vendas-com-clima-de-copa-line-up-de-peso\/","og_locale":"pt_BR","og_type":"article","og_title":"Arena Brasil anuncia abertura de vendas com clima de Copa, line-up de peso - Portal MF","og_description":"Se a Copa do Mundo j\u00e1 \u00e9 sin\u00f4nimo de emo\u00e7\u00e3o, em Salvador ela ganha um novo palco: a Arena Brasil. Com proposta inovadora, vibe jovem e uma mistura perfeita de futebol + m\u00fasica + experi\u00eancia, o evento chega para ser o ponto de encontro oficial da torcida, onde cada jogo vira festa e cada gol [&hellip;]","og_url":"https:\/\/portalmf.com.br\/index.php\/2026\/04\/27\/arena-brasil-anuncia-abertura-de-vendas-com-clima-de-copa-line-up-de-peso\/","og_site_name":"Portal MF","article_author":"https:\/\/www.facebook.com\/portalmfoficial","article_published_time":"2026-04-27T13:29:53+00:00","article_modified_time":"2026-04-27T13:29:55+00:00","og_image":[{"width":1000,"height":748,"url":"https:\/\/portalmf.com.br\/wp-content\/uploads\/2026\/04\/centro-de-convencoes-salvador-01.jpg","type":"image\/jpeg"}],"author":"Reda\u00e7\u00e3o Portal MF","twitter_card":"summary_large_image","twitter_creator":"@https:\/\/x.com\/portalmfoficial","twitter_misc":{"Escrito por":"Reda\u00e7\u00e3o Portal MF","Est. tempo de leitura":"3 minutos"},"schema":{"@context":"https:\/\/schema.org","@graph":[{"@type":"WebPage","@id":"https:\/\/portalmf.com.br\/index.php\/2026\/04\/27\/arena-brasil-anuncia-abertura-de-vendas-com-clima-de-copa-line-up-de-peso\/","url":"https:\/\/portalmf.com.br\/index.php\/2026\/04\/27\/arena-brasil-anuncia-abertura-de-vendas-com-clima-de-copa-line-up-de-peso\/","name":"Arena Brasil anuncia abertura de vendas com clima de Copa, line-up de peso - Portal MF","isPartOf":{"@id":"https:\/\/portalmf.com.br\/#website"},"primaryImageOfPage":{"@id":"https:\/\/portalmf.com.br\/index.php\/2026\/04\/27\/arena-brasil-anuncia-abertura-de-vendas-com-clima-de-copa-line-up-de-peso\/#primaryimage"},"image":{"@id":"https:\/\/portalmf.com.br\/index.php\/2026\/04\/27\/arena-brasil-anuncia-abertura-de-vendas-com-clima-de-copa-line-up-de-peso\/#primaryimage"},"thumbnailUrl":"https:\/\/portalmf.com.br\/wp-content\/uploads\/2026\/04\/centro-de-convencoes-salvador-01.jpg","datePublished":"2026-04-27T13:29:53+00:00","dateModified":"2026-04-27T13:29:55+00:00","author":{"@id":"https:\/\/portalmf.com.br\/#\/schema\/person\/9ec101baf56233e53520c26de5d6f6f0"},"breadcrumb":{"@id":"https:\/\/portalmf.com.br\/index.php\/2026\/04\/27\/arena-brasil-anuncia-abertura-de-vendas-com-clima-de-copa-line-up-de-peso\/#breadcrumb"},"inLanguage":"pt-BR","potentialAction":[{"@type":"ReadAction","target":["https:\/\/portalmf.com.br\/index.php\/2026\/04\/27\/arena-brasil-anuncia-abertura-de-vendas-com-clima-de-copa-line-up-de-peso\/"]}]},{"@type":"ImageObject","inLanguage":"pt-BR","@id":"https:\/\/portalmf.com.br\/index.php\/2026\/04\/27\/arena-brasil-anuncia-abertura-de-vendas-com-clima-de-copa-line-up-de-peso\/#primaryimage","url":"https:\/\/portalmf.com.br\/wp-content\/uploads\/2026\/04\/centro-de-convencoes-salvador-01.jpg","contentUrl":"https:\/\/portalmf.com.br\/wp-content\/uploads\/2026\/04\/centro-de-convencoes-salvador-01.jpg","width":1000,"height":748},{"@type":"BreadcrumbList","@id":"https:\/\/portalmf.com.br\/index.php\/2026\/04\/27\/arena-brasil-anuncia-abertura-de-vendas-com-clima-de-copa-line-up-de-peso\/#breadcrumb","itemListElement":[{"@type":"ListItem","position":1,"name":"In\u00edcio","item":"https:\/\/portalmf.com.br\/"},{"@type":"ListItem","position":2,"name":"Arena Brasil anuncia abertura de vendas com clima de Copa, line-up de peso"}]},{"@type":"WebSite","@id":"https:\/\/portalmf.com.br\/#website","url":"https:\/\/portalmf.com.br\/","name":"Portal MF","description":"Voc\u00ea conectado com a informa\u00e7\u00e3o","potentialAction":[{"@type":"SearchAction","target":{"@type":"EntryPoint","urlTemplate":"https:\/\/portalmf.com.br\/?s={search_term_string}"},"query-input":"required name=search_term_string"}],"inLanguage":"pt-BR"},{"@type":"Person","@id":"https:\/\/portalmf.com.br\/#\/schema\/person\/9ec101baf56233e53520c26de5d6f6f0","name":"Reda\u00e7\u00e3o Portal MF","image":{"@type":"ImageObject","inLanguage":"pt-BR","@id":"https:\/\/portalmf.com.br\/#\/schema\/person\/image\/","url":"https:\/\/secure.gravatar.com\/avatar\/41b9aaeb2100835f7c64362330f74c7f?s=96&d=mm&r=g","contentUrl":"https:\/\/secure.gravatar.com\/avatar\/41b9aaeb2100835f7c64362330f74c7f?s=96&d=mm&r=g","caption":"Reda\u00e7\u00e3o Portal MF"},"description":"Sejam bem-vindos o portal de informa\u00e7\u00f5es de entretenimento de Feira de Santana, desde 2006 realiza coberturas dos principais eventos com entrevistas exclusivas com as principais personalidades mundiais. Fique conectado tamb\u00e9m nas redes sociais.","sameAs":["http:\/\/www.portalmf.com.br\/","https:\/\/www.facebook.com\/portalmfoficial","https:\/\/www.instagram.com\/portalmf\/","https:\/\/x.com\/https:\/\/x.com\/portalmfoficial","https:\/\/www.youtube.com\/@portalmfoficial"],"url":"https:\/\/portalmf.com.br\/index.php\/author\/junior\/"}]}},"_links":{"self":[{"href":"https:\/\/portalmf.com.br\/index.php\/wp-json\/wp\/v2\/posts\/43634"}],"collection":[{"href":"https:\/\/portalmf.com.br\/index.php\/wp-json\/wp\/v2\/posts"}],"about":[{"href":"https:\/\/portalmf.com.br\/index.php\/wp-json\/wp\/v2\/types\/post"}],"author":[{"embeddable":true,"href":"https:\/\/portalmf.com.br\/index.php\/wp-json\/wp\/v2\/users\/3"}],"replies":[{"embeddable":true,"href":"https:\/\/portalmf.com.br\/index.php\/wp-json\/wp\/v2\/comments?post=43634"}],"version-history":[{"count":1,"href":"https:\/\/portalmf.com.br\/index.php\/wp-json\/wp\/v2\/posts\/43634\/revisions"}],"predecessor-version":[{"id":43636,"href":"https:\/\/portalmf.com.br\/index.php\/wp-json\/wp\/v2\/posts\/43634\/revisions\/43636"}],"wp:featuredmedia":[{"embeddable":true,"href":"https:\/\/portalmf.com.br\/index.php\/wp-json\/wp\/v2\/media\/43635"}],"wp:attachment":[{"href":"https:\/\/portalmf.com.br\/index.php\/wp-json\/wp\/v2\/media?parent=43634"}],"wp:term":[{"taxonomy":"category","embeddable":true,"href":"https:\/\/portalmf.com.br\/index.php\/wp-json\/wp\/v2\/categories?post=43634"},{"taxonomy":"post_tag","embeddable":true,"href":"https:\/\/portalmf.com.br\/index.php\/wp-json\/wp\/v2\/tags?post=43634"}],"curies":[{"name":"wp","href":"https:\/\/api.w.org\/{rel}","templated":true}]}}