{"id":43629,"date":"2026-04-27T10:15:31","date_gmt":"2026-04-27T13:15:31","guid":{"rendered":"https:\/\/portalmf.com.br\/?p=43629"},"modified":"2026-04-27T10:15:32","modified_gmt":"2026-04-27T13:15:32","slug":"influenciadora-promove-acao-beneficente-em-candeal-para-ajudar-comunidade-rural","status":"publish","type":"post","link":"https:\/\/portalmf.com.br\/index.php\/2026\/04\/27\/influenciadora-promove-acao-beneficente-em-candeal-para-ajudar-comunidade-rural\/","title":{"rendered":"Influenciadora promove a\u00e7\u00e3o beneficente em Candeal para ajudar comunidade rural"},"content":{"rendered":"\n<p>A modelo, atriz e influenciadora feirense Anna Mell segue ampliando sua atua\u00e7\u00e3o social e anunciou a realiza\u00e7\u00e3o do Bazar da Mell no munic\u00edpio de Candeal, na Bahia. O evento beneficente j\u00e1 tem data marcada: ser\u00e1 realizado no pr\u00f3ximo dia 9, no Espa\u00e7o da Dinda, das 9h \u00e0s 17h, com apoio da Prefeitura Municipal, respons\u00e1vel pela estrutura e divulga\u00e7\u00e3o.<\/p>\n\n\n\n<p>Reconhecida por sua trajet\u00f3ria no mundo da moda e do entretenimento, Anna Mell acumula participa\u00e7\u00f5es de destaque em concursos e eventos de grande visibilidade. Ela j\u00e1 foi finalista em diversas edi\u00e7\u00f5es do concurso Rainha do Carnaval, princesa da Micareta de Feira de Santana, finalista do Globeleza, musa do Esporte Clube Vit\u00f3ria e tamb\u00e9m integrou a final do concurso Bailarina do Faust\u00e3o.<\/p>\n\n\n\n<p>O bazar tem como principal objetivo apoiar uma comunidade ribeirinha localizada nas imedia\u00e7\u00f5es do Rio do Peixe\/Fazenda Santa Rosa, formada por fam\u00edlias da agricultura familiar que enfrentam dificuldades, como a falta de acesso \u00e0 \u00e1gua encanada e outras necessidades b\u00e1sicas. \u201cO Bazar da Mell, que j\u00e1 acontece h\u00e1 anos em uma garagem no bairro Rua Nova, agora vai ganhar novos espa\u00e7os e alcan\u00e7ar mais pessoas\u201d, comemora a influenciadora.<\/p>\n\n\n\n<p>Durante o evento, ser\u00e3o disponibilizados roupas, sapatos, bolsas e acess\u00f3rios femininos a pre\u00e7os acess\u00edveis. Para participar, o p\u00fablico dever\u00e1 contribuir com a doa\u00e7\u00e3o de 1 kg de alimento n\u00e3o perec\u00edvel, que ser\u00e1 destinado \u00e0s fam\u00edlias da comunidade atendida.<\/p>\n\n\n\n<p>A realiza\u00e7\u00e3o do projeto conta com o apoio do prefeito de Candeal, J\u00fanior Batata (Renato Reis Pereira), e do secret\u00e1rio de Governo e Rela\u00e7\u00f5es Institucionais, J\u00fanior Brito, que intermediou a iniciativa. A servidora municipal Luciene Alves Gon\u00e7alves tamb\u00e9m participa da organiza\u00e7\u00e3o.<\/p>\n\n\n\n<p>Anna Mell destaca que o projeto nasceu com o prop\u00f3sito de unir moda e solidariedade. <em>\u201c\u00c9 um sonho que est\u00e1 tomando forma. Queremos levar n\u00e3o s\u00f3 roupas a pre\u00e7os acess\u00edveis, mas tamb\u00e9m apoio e visibilidade para comunidades que precisam. Conto com a participa\u00e7\u00e3o de todos para fazermos a diferen\u00e7a\u201d, <\/em>afirmou.<\/p>\n\n\n\n<figure class=\"wp-block-image size-full\"><img fetchpriority=\"high\" decoding=\"async\" width=\"672\" height=\"679\" src=\"https:\/\/portalmf.com.br\/wp-content\/uploads\/2026\/04\/WhatsApp-Image-2026-04-23-at-17.33.40-e1777295719794.jpeg\" alt=\"\" class=\"wp-image-43631\" srcset=\"https:\/\/portalmf.com.br\/wp-content\/uploads\/2026\/04\/WhatsApp-Image-2026-04-23-at-17.33.40-e1777295719794.jpeg 672w, https:\/\/portalmf.com.br\/wp-content\/uploads\/2026\/04\/WhatsApp-Image-2026-04-23-at-17.33.40-e1777295719794-297x300.jpeg 297w\" sizes=\"(max-width: 672px) 100vw, 672px\" \/><\/figure>\n\n\n\n<p><strong>Trajet\u00f3ria<\/strong><\/p>\n\n\n\n<p>Natural de Feira de Santana, do bairro Rua Nova, Anna Mell iniciou sua trajet\u00f3ria nas redes sociais h\u00e1 cerca de 10 anos, motivada pelo interesse em moda e beleza. Formada em Administra\u00e7\u00e3o, tamb\u00e9m estudou moda, m\u00fasica e bal\u00e9 cl\u00e1ssico.<\/p>\n\n\n\n<p>Com o crescimento nas redes, passou a atuar como modelo, participando de desfiles e eventos em cidades como Salvador, S\u00e3o Paulo e Rio de Janeiro. A experi\u00eancia abriu portas para a atua\u00e7\u00e3o como atriz, com forma\u00e7\u00e3o junto a profissionais ligados \u00e0 TV Globo.<\/p>\n\n\n\n<p>Ao longo da carreira, conquistou t\u00edtulos importantes em concursos de beleza, incluindo premia\u00e7\u00f5es internacionais como Miss Beauty Brasil e Miss Latina Am\u00e9rica Brasil, al\u00e9m do t\u00edtulo Beleza Black Nordeste, conquistado por voto popular. Tamb\u00e9m acumula experi\u00eancias em produ\u00e7\u00f5es televisivas e campanhas publicit\u00e1rias.<\/p>\n\n\n\n<p>Atualmente, al\u00e9m da carreira art\u00edstica, utiliza sua visibilidade para promover a\u00e7\u00f5es sociais, como o Bazar da Mell, que j\u00e1 impacta positivamente diversas comunidades.<\/p>\n\n\n\n<p><strong>Apoio<\/strong><\/p>\n\n\n\n<p>O evento conta com o apoio de parceiros como Oficina Cai\u00e7ara (Josenilton Cardozo de Souza \u2013 \u201cJoca\u201d), Murilo Guinchos (Fernando Murilo) e \u00c1gapeGenesis Benef\u00edcios, presidida por Jos\u00e9 Ramos Bizerra, conhecido como \u201cPatuca\u201d.<\/p>\n","protected":false},"excerpt":{"rendered":"<p>A modelo, atriz e influenciadora feirense Anna Mell segue ampliando sua atua\u00e7\u00e3o social e anunciou a realiza\u00e7\u00e3o do Bazar da Mell no munic\u00edpio de Candeal, na Bahia. O evento beneficente j\u00e1 tem data marcada: ser\u00e1 realizado no pr\u00f3ximo dia 9, no Espa\u00e7o da Dinda, das 9h \u00e0s 17h, com apoio da Prefeitura Municipal, respons\u00e1vel pela [&hellip;]<\/p>\n","protected":false},"author":3,"featured_media":43632,"comment_status":"open","ping_status":"open","sticky":false,"template":"","format":"standard","meta":{"_monsterinsights_skip_tracking":false,"_monsterinsights_sitenote_active":false,"_monsterinsights_sitenote_note":"","_monsterinsights_sitenote_category":0,"footnotes":""},"categories":[344],"tags":[],"yoast_head":"<!-- This site is optimized with the Yoast SEO plugin v22.9 - https:\/\/yoast.com\/wordpress\/plugins\/seo\/ -->\n<title>Influenciadora promove a\u00e7\u00e3o beneficente em Candeal para ajudar comunidade rural - Portal MF<\/title>\n<meta name=\"robots\" content=\"index, follow, max-snippet:-1, max-image-preview:large, max-video-preview:-1\" \/>\n<link rel=\"canonical\" href=\"https:\/\/portalmf.com.br\/index.php\/2026\/04\/27\/influenciadora-promove-acao-beneficente-em-candeal-para-ajudar-comunidade-rural\/\" \/>\n<meta property=\"og:locale\" content=\"pt_BR\" \/>\n<meta property=\"og:type\" content=\"article\" \/>\n<meta property=\"og:title\" content=\"Influenciadora promove a\u00e7\u00e3o beneficente em Candeal para ajudar comunidade rural - Portal MF\" \/>\n<meta property=\"og:description\" content=\"A modelo, atriz e influenciadora feirense Anna Mell segue ampliando sua atua\u00e7\u00e3o social e anunciou a realiza\u00e7\u00e3o do Bazar da Mell no munic\u00edpio de Candeal, na Bahia. O evento beneficente j\u00e1 tem data marcada: ser\u00e1 realizado no pr\u00f3ximo dia 9, no Espa\u00e7o da Dinda, das 9h \u00e0s 17h, com apoio da Prefeitura Municipal, respons\u00e1vel pela [&hellip;]\" \/>\n<meta property=\"og:url\" content=\"https:\/\/portalmf.com.br\/index.php\/2026\/04\/27\/influenciadora-promove-acao-beneficente-em-candeal-para-ajudar-comunidade-rural\/\" \/>\n<meta property=\"og:site_name\" content=\"Portal MF\" \/>\n<meta property=\"article:author\" content=\"https:\/\/www.facebook.com\/portalmfoficial\" \/>\n<meta property=\"article:published_time\" content=\"2026-04-27T13:15:31+00:00\" \/>\n<meta property=\"article:modified_time\" content=\"2026-04-27T13:15:32+00:00\" \/>\n<meta property=\"og:image\" content=\"https:\/\/portalmf.com.br\/wp-content\/uploads\/2026\/04\/moda-circular-e1668766786832-1.jpg\" \/>\n\t<meta property=\"og:image:width\" content=\"1200\" \/>\n\t<meta property=\"og:image:height\" content=\"801\" \/>\n\t<meta property=\"og:image:type\" content=\"image\/jpeg\" \/>\n<meta name=\"author\" content=\"Reda\u00e7\u00e3o Portal MF\" \/>\n<meta name=\"twitter:card\" content=\"summary_large_image\" \/>\n<meta name=\"twitter:creator\" content=\"@https:\/\/x.com\/portalmfoficial\" \/>\n<meta name=\"twitter:label1\" content=\"Escrito por\" \/>\n\t<meta name=\"twitter:data1\" content=\"Reda\u00e7\u00e3o Portal MF\" \/>\n\t<meta name=\"twitter:label2\" content=\"Est. tempo de leitura\" \/>\n\t<meta name=\"twitter:data2\" content=\"4 minutos\" \/>\n<script type=\"application\/ld+json\" class=\"yoast-schema-graph\">{\"@context\":\"https:\/\/schema.org\",\"@graph\":[{\"@type\":\"WebPage\",\"@id\":\"https:\/\/portalmf.com.br\/index.php\/2026\/04\/27\/influenciadora-promove-acao-beneficente-em-candeal-para-ajudar-comunidade-rural\/\",\"url\":\"https:\/\/portalmf.com.br\/index.php\/2026\/04\/27\/influenciadora-promove-acao-beneficente-em-candeal-para-ajudar-comunidade-rural\/\",\"name\":\"Influenciadora promove a\u00e7\u00e3o beneficente em Candeal para ajudar comunidade rural - Portal MF\",\"isPartOf\":{\"@id\":\"https:\/\/portalmf.com.br\/#website\"},\"primaryImageOfPage\":{\"@id\":\"https:\/\/portalmf.com.br\/index.php\/2026\/04\/27\/influenciadora-promove-acao-beneficente-em-candeal-para-ajudar-comunidade-rural\/#primaryimage\"},\"image\":{\"@id\":\"https:\/\/portalmf.com.br\/index.php\/2026\/04\/27\/influenciadora-promove-acao-beneficente-em-candeal-para-ajudar-comunidade-rural\/#primaryimage\"},\"thumbnailUrl\":\"https:\/\/portalmf.com.br\/wp-content\/uploads\/2026\/04\/moda-circular-e1668766786832-1.jpg\",\"datePublished\":\"2026-04-27T13:15:31+00:00\",\"dateModified\":\"2026-04-27T13:15:32+00:00\",\"author\":{\"@id\":\"https:\/\/portalmf.com.br\/#\/schema\/person\/9ec101baf56233e53520c26de5d6f6f0\"},\"breadcrumb\":{\"@id\":\"https:\/\/portalmf.com.br\/index.php\/2026\/04\/27\/influenciadora-promove-acao-beneficente-em-candeal-para-ajudar-comunidade-rural\/#breadcrumb\"},\"inLanguage\":\"pt-BR\",\"potentialAction\":[{\"@type\":\"ReadAction\",\"target\":[\"https:\/\/portalmf.com.br\/index.php\/2026\/04\/27\/influenciadora-promove-acao-beneficente-em-candeal-para-ajudar-comunidade-rural\/\"]}]},{\"@type\":\"ImageObject\",\"inLanguage\":\"pt-BR\",\"@id\":\"https:\/\/portalmf.com.br\/index.php\/2026\/04\/27\/influenciadora-promove-acao-beneficente-em-candeal-para-ajudar-comunidade-rural\/#primaryimage\",\"url\":\"https:\/\/portalmf.com.br\/wp-content\/uploads\/2026\/04\/moda-circular-e1668766786832-1.jpg\",\"contentUrl\":\"https:\/\/portalmf.com.br\/wp-content\/uploads\/2026\/04\/moda-circular-e1668766786832-1.jpg\",\"width\":1200,\"height\":801},{\"@type\":\"BreadcrumbList\",\"@id\":\"https:\/\/portalmf.com.br\/index.php\/2026\/04\/27\/influenciadora-promove-acao-beneficente-em-candeal-para-ajudar-comunidade-rural\/#breadcrumb\",\"itemListElement\":[{\"@type\":\"ListItem\",\"position\":1,\"name\":\"In\u00edcio\",\"item\":\"https:\/\/portalmf.com.br\/\"},{\"@type\":\"ListItem\",\"position\":2,\"name\":\"Influenciadora promove a\u00e7\u00e3o beneficente em Candeal para ajudar comunidade rural\"}]},{\"@type\":\"WebSite\",\"@id\":\"https:\/\/portalmf.com.br\/#website\",\"url\":\"https:\/\/portalmf.com.br\/\",\"name\":\"Portal MF\",\"description\":\"Voc\u00ea conectado com a informa\u00e7\u00e3o\",\"potentialAction\":[{\"@type\":\"SearchAction\",\"target\":{\"@type\":\"EntryPoint\",\"urlTemplate\":\"https:\/\/portalmf.com.br\/?s={search_term_string}\"},\"query-input\":\"required name=search_term_string\"}],\"inLanguage\":\"pt-BR\"},{\"@type\":\"Person\",\"@id\":\"https:\/\/portalmf.com.br\/#\/schema\/person\/9ec101baf56233e53520c26de5d6f6f0\",\"name\":\"Reda\u00e7\u00e3o Portal MF\",\"image\":{\"@type\":\"ImageObject\",\"inLanguage\":\"pt-BR\",\"@id\":\"https:\/\/portalmf.com.br\/#\/schema\/person\/image\/\",\"url\":\"https:\/\/secure.gravatar.com\/avatar\/41b9aaeb2100835f7c64362330f74c7f?s=96&d=mm&r=g\",\"contentUrl\":\"https:\/\/secure.gravatar.com\/avatar\/41b9aaeb2100835f7c64362330f74c7f?s=96&d=mm&r=g\",\"caption\":\"Reda\u00e7\u00e3o Portal MF\"},\"description\":\"Sejam bem-vindos o portal de informa\u00e7\u00f5es de entretenimento de Feira de Santana, desde 2006 realiza coberturas dos principais eventos com entrevistas exclusivas com as principais personalidades mundiais. Fique conectado tamb\u00e9m nas redes sociais.\",\"sameAs\":[\"http:\/\/www.portalmf.com.br\/\",\"https:\/\/www.facebook.com\/portalmfoficial\",\"https:\/\/www.instagram.com\/portalmf\/\",\"https:\/\/x.com\/https:\/\/x.com\/portalmfoficial\",\"https:\/\/www.youtube.com\/@portalmfoficial\"],\"url\":\"https:\/\/portalmf.com.br\/index.php\/author\/junior\/\"}]}<\/script>\n<!-- \/ Yoast SEO plugin. -->","yoast_head_json":{"title":"Influenciadora promove a\u00e7\u00e3o beneficente em Candeal para ajudar comunidade rural - Portal MF","robots":{"index":"index","follow":"follow","max-snippet":"max-snippet:-1","max-image-preview":"max-image-preview:large","max-video-preview":"max-video-preview:-1"},"canonical":"https:\/\/portalmf.com.br\/index.php\/2026\/04\/27\/influenciadora-promove-acao-beneficente-em-candeal-para-ajudar-comunidade-rural\/","og_locale":"pt_BR","og_type":"article","og_title":"Influenciadora promove a\u00e7\u00e3o beneficente em Candeal para ajudar comunidade rural - Portal MF","og_description":"A modelo, atriz e influenciadora feirense Anna Mell segue ampliando sua atua\u00e7\u00e3o social e anunciou a realiza\u00e7\u00e3o do Bazar da Mell no munic\u00edpio de Candeal, na Bahia. O evento beneficente j\u00e1 tem data marcada: ser\u00e1 realizado no pr\u00f3ximo dia 9, no Espa\u00e7o da Dinda, das 9h \u00e0s 17h, com apoio da Prefeitura Municipal, respons\u00e1vel pela [&hellip;]","og_url":"https:\/\/portalmf.com.br\/index.php\/2026\/04\/27\/influenciadora-promove-acao-beneficente-em-candeal-para-ajudar-comunidade-rural\/","og_site_name":"Portal MF","article_author":"https:\/\/www.facebook.com\/portalmfoficial","article_published_time":"2026-04-27T13:15:31+00:00","article_modified_time":"2026-04-27T13:15:32+00:00","og_image":[{"width":1200,"height":801,"url":"https:\/\/portalmf.com.br\/wp-content\/uploads\/2026\/04\/moda-circular-e1668766786832-1.jpg","type":"image\/jpeg"}],"author":"Reda\u00e7\u00e3o Portal MF","twitter_card":"summary_large_image","twitter_creator":"@https:\/\/x.com\/portalmfoficial","twitter_misc":{"Escrito por":"Reda\u00e7\u00e3o Portal MF","Est. tempo de leitura":"4 minutos"},"schema":{"@context":"https:\/\/schema.org","@graph":[{"@type":"WebPage","@id":"https:\/\/portalmf.com.br\/index.php\/2026\/04\/27\/influenciadora-promove-acao-beneficente-em-candeal-para-ajudar-comunidade-rural\/","url":"https:\/\/portalmf.com.br\/index.php\/2026\/04\/27\/influenciadora-promove-acao-beneficente-em-candeal-para-ajudar-comunidade-rural\/","name":"Influenciadora promove a\u00e7\u00e3o beneficente em Candeal para ajudar comunidade rural - Portal MF","isPartOf":{"@id":"https:\/\/portalmf.com.br\/#website"},"primaryImageOfPage":{"@id":"https:\/\/portalmf.com.br\/index.php\/2026\/04\/27\/influenciadora-promove-acao-beneficente-em-candeal-para-ajudar-comunidade-rural\/#primaryimage"},"image":{"@id":"https:\/\/portalmf.com.br\/index.php\/2026\/04\/27\/influenciadora-promove-acao-beneficente-em-candeal-para-ajudar-comunidade-rural\/#primaryimage"},"thumbnailUrl":"https:\/\/portalmf.com.br\/wp-content\/uploads\/2026\/04\/moda-circular-e1668766786832-1.jpg","datePublished":"2026-04-27T13:15:31+00:00","dateModified":"2026-04-27T13:15:32+00:00","author":{"@id":"https:\/\/portalmf.com.br\/#\/schema\/person\/9ec101baf56233e53520c26de5d6f6f0"},"breadcrumb":{"@id":"https:\/\/portalmf.com.br\/index.php\/2026\/04\/27\/influenciadora-promove-acao-beneficente-em-candeal-para-ajudar-comunidade-rural\/#breadcrumb"},"inLanguage":"pt-BR","potentialAction":[{"@type":"ReadAction","target":["https:\/\/portalmf.com.br\/index.php\/2026\/04\/27\/influenciadora-promove-acao-beneficente-em-candeal-para-ajudar-comunidade-rural\/"]}]},{"@type":"ImageObject","inLanguage":"pt-BR","@id":"https:\/\/portalmf.com.br\/index.php\/2026\/04\/27\/influenciadora-promove-acao-beneficente-em-candeal-para-ajudar-comunidade-rural\/#primaryimage","url":"https:\/\/portalmf.com.br\/wp-content\/uploads\/2026\/04\/moda-circular-e1668766786832-1.jpg","contentUrl":"https:\/\/portalmf.com.br\/wp-content\/uploads\/2026\/04\/moda-circular-e1668766786832-1.jpg","width":1200,"height":801},{"@type":"BreadcrumbList","@id":"https:\/\/portalmf.com.br\/index.php\/2026\/04\/27\/influenciadora-promove-acao-beneficente-em-candeal-para-ajudar-comunidade-rural\/#breadcrumb","itemListElement":[{"@type":"ListItem","position":1,"name":"In\u00edcio","item":"https:\/\/portalmf.com.br\/"},{"@type":"ListItem","position":2,"name":"Influenciadora promove a\u00e7\u00e3o beneficente em Candeal para ajudar comunidade rural"}]},{"@type":"WebSite","@id":"https:\/\/portalmf.com.br\/#website","url":"https:\/\/portalmf.com.br\/","name":"Portal MF","description":"Voc\u00ea conectado com a informa\u00e7\u00e3o","potentialAction":[{"@type":"SearchAction","target":{"@type":"EntryPoint","urlTemplate":"https:\/\/portalmf.com.br\/?s={search_term_string}"},"query-input":"required name=search_term_string"}],"inLanguage":"pt-BR"},{"@type":"Person","@id":"https:\/\/portalmf.com.br\/#\/schema\/person\/9ec101baf56233e53520c26de5d6f6f0","name":"Reda\u00e7\u00e3o Portal MF","image":{"@type":"ImageObject","inLanguage":"pt-BR","@id":"https:\/\/portalmf.com.br\/#\/schema\/person\/image\/","url":"https:\/\/secure.gravatar.com\/avatar\/41b9aaeb2100835f7c64362330f74c7f?s=96&d=mm&r=g","contentUrl":"https:\/\/secure.gravatar.com\/avatar\/41b9aaeb2100835f7c64362330f74c7f?s=96&d=mm&r=g","caption":"Reda\u00e7\u00e3o Portal MF"},"description":"Sejam bem-vindos o portal de informa\u00e7\u00f5es de entretenimento de Feira de Santana, desde 2006 realiza coberturas dos principais eventos com entrevistas exclusivas com as principais personalidades mundiais. Fique conectado tamb\u00e9m nas redes sociais.","sameAs":["http:\/\/www.portalmf.com.br\/","https:\/\/www.facebook.com\/portalmfoficial","https:\/\/www.instagram.com\/portalmf\/","https:\/\/x.com\/https:\/\/x.com\/portalmfoficial","https:\/\/www.youtube.com\/@portalmfoficial"],"url":"https:\/\/portalmf.com.br\/index.php\/author\/junior\/"}]}},"_links":{"self":[{"href":"https:\/\/portalmf.com.br\/index.php\/wp-json\/wp\/v2\/posts\/43629"}],"collection":[{"href":"https:\/\/portalmf.com.br\/index.php\/wp-json\/wp\/v2\/posts"}],"about":[{"href":"https:\/\/portalmf.com.br\/index.php\/wp-json\/wp\/v2\/types\/post"}],"author":[{"embeddable":true,"href":"https:\/\/portalmf.com.br\/index.php\/wp-json\/wp\/v2\/users\/3"}],"replies":[{"embeddable":true,"href":"https:\/\/portalmf.com.br\/index.php\/wp-json\/wp\/v2\/comments?post=43629"}],"version-history":[{"count":1,"href":"https:\/\/portalmf.com.br\/index.php\/wp-json\/wp\/v2\/posts\/43629\/revisions"}],"predecessor-version":[{"id":43633,"href":"https:\/\/portalmf.com.br\/index.php\/wp-json\/wp\/v2\/posts\/43629\/revisions\/43633"}],"wp:featuredmedia":[{"embeddable":true,"href":"https:\/\/portalmf.com.br\/index.php\/wp-json\/wp\/v2\/media\/43632"}],"wp:attachment":[{"href":"https:\/\/portalmf.com.br\/index.php\/wp-json\/wp\/v2\/media?parent=43629"}],"wp:term":[{"taxonomy":"category","embeddable":true,"href":"https:\/\/portalmf.com.br\/index.php\/wp-json\/wp\/v2\/categories?post=43629"},{"taxonomy":"post_tag","embeddable":true,"href":"https:\/\/portalmf.com.br\/index.php\/wp-json\/wp\/v2\/tags?post=43629"}],"curies":[{"name":"wp","href":"https:\/\/api.w.org\/{rel}","templated":true}]}}