{"id":43626,"date":"2026-04-27T10:01:02","date_gmt":"2026-04-27T13:01:02","guid":{"rendered":"https:\/\/portalmf.com.br\/?p=43626"},"modified":"2026-04-27T10:01:04","modified_gmt":"2026-04-27T13:01:04","slug":"circulacao-de-virus-respiratorios-reforca-importancia-da-vacinacao-contra-a-gripe","status":"publish","type":"post","link":"https:\/\/portalmf.com.br\/index.php\/2026\/04\/27\/circulacao-de-virus-respiratorios-reforca-importancia-da-vacinacao-contra-a-gripe\/","title":{"rendered":"Circula\u00e7\u00e3o de v\u00edrus respirat\u00f3rios refor\u00e7a import\u00e2ncia da vacina\u00e7\u00e3o contra a gripe"},"content":{"rendered":"\n<p>O avan\u00e7o dos casos de S\u00edndrome Respirat\u00f3ria Aguda Grave (SRAG) no Brasil tem acendido um alerta entre especialistas em sa\u00fade, inclusive na Bahia. Dados atualizados do boletim InfoGripe, da Funda\u00e7\u00e3o Oswaldo Cruz (Fiocruz), indicam que esse aumento est\u00e1 associado \u00e0 circula\u00e7\u00e3o simult\u00e2nea de v\u00edrus respirat\u00f3rios. Nas \u00faltimas semanas epidemiol\u00f3gicas, a Influenza A passou a representar 27,4% dos casos positivos, ficando atr\u00e1s apenas do rinov\u00edrus, que lidera com 45,3%. Tamb\u00e9m seguem em circula\u00e7\u00e3o o v\u00edrus sincicial respirat\u00f3rio (VSR), com 17,7%, e o SARS-CoV-2, respons\u00e1vel por 7,3% das infec\u00e7\u00f5es.&nbsp;<\/p>\n\n\n\n<p>Diante desse cen\u00e1rio, a imuniza\u00e7\u00e3o contra a gripe ganha ainda mais urg\u00eancia, especialmente entre os grupos mais vulner\u00e1veis. <em>\u201cA vacina\u00e7\u00e3o \u00e9 a estrat\u00e9gia mais eficaz para prevenir formas graves de influenza, reduzindo significativamente hospitaliza\u00e7\u00f5es e mortalidade\u201d,<\/em> afirma a m\u00e9dica imunologista, Mayra Andrade.&nbsp;<\/p>\n\n\n\n<p>Segundo a especialista, a prote\u00e7\u00e3o n\u00e3o deve ser deixada apenas para o per\u00edodo de pico. <em>\u201cComo h\u00e1 mudan\u00e7as frequentes nos v\u00edrus circulantes e uma queda progressiva da imunidade ao longo do tempo, a vacina\u00e7\u00e3o precisa ser feita todos os anos. O ideal \u00e9 se imunizar antes do aumento mais intenso da circula\u00e7\u00e3o viral\u201d<\/em>, explica.<\/p>\n\n\n\n<p>Algumas popula\u00e7\u00f5es apresentam maior risco de desenvolver complica\u00e7\u00f5es relacionadas \u00e0 influenza, como gestantes e pu\u00e9rperas, idosos, crian\u00e7as menores de cinco anos, al\u00e9m de pessoas com doen\u00e7as cr\u00f4nicas, imunossupress\u00e3o e obesidade grave. A recomenda\u00e7\u00e3o, no entanto, se estende a toda a popula\u00e7\u00e3o a partir dos seis meses de idade.&nbsp;<\/p>\n\n\n\n<p><em>\u201cA vacina \u00e9 indicada de forma ampla e tem poucas contraindica\u00e7\u00f5es, sendo a principal o hist\u00f3rico de rea\u00e7\u00e3o al\u00e9rgica grave a doses anteriores ou a componentes da vacina. Em casos espec\u00edficos, a avalia\u00e7\u00e3o m\u00e9dica individualizada \u00e9 fundamental\u201d<\/em>, orienta.<\/p>\n\n\n\n<h3 class=\"wp-block-heading\">Por que os casos aumentam antes do inverno?<\/h3>\n\n\n\n<p>O comportamento sazonal dos v\u00edrus respirat\u00f3rios j\u00e1 \u00e9 conhecido, mas pode ser intensificado por fatores ambientais e mudan\u00e7as no dia a dia.<em> \u201cNo outono e inverno, as temperaturas mais baixas e o ar mais seco favorecem a maior estabilidade e transmiss\u00e3o de v\u00edrus como o influenza. Al\u00e9m disso, \u00e9 um per\u00edodo em que as pessoas permanecem mais tempo em ambientes fechados, com pouca ventila\u00e7\u00e3o, o que aumenta o risco de infec\u00e7\u00e3o\u201d<\/em>, explica Mayra.<\/p>\n\n\n\n<p><em>\u201cNessas esta\u00e7\u00f5es, h\u00e1 maior proximidade entre as pessoas e menor circula\u00e7\u00e3o de ar, o que facilita a transmiss\u00e3o por got\u00edculas e aeross\u00f3is, especialmente em ambientes como transporte p\u00fablico, escolas e locais de trabalho\u201d<\/em>, acrescenta.<\/p>\n\n\n\n<p>Embora muitos casos de gripe evoluam de forma leve, alguns sintomas podem indicar agravamento do quadro e necessidade de avalia\u00e7\u00e3o m\u00e9dica imediata. Entre os principais sinais de alerta est\u00e3o falta de ar, respira\u00e7\u00e3o acelerada, febre persistente por mais de tr\u00eas dias \u2014 ou que retorna ap\u00f3s melhora inicial \u2014, al\u00e9m de confus\u00e3o mental ou sonol\u00eancia.<\/p>\n\n\n\n<p>Em crian\u00e7as, tamb\u00e9m devem ser observados sinais como esfor\u00e7o respirat\u00f3rio (tiragens e batimento de asas do nariz), gem\u00eancia, irritabilidade, palidez ou apatia. <em>\u201cEssas manifesta\u00e7\u00f5es indicam poss\u00edvel comprometimento respirat\u00f3rio ou sist\u00eamico e exigem avalia\u00e7\u00e3o m\u00e9dica imediata. Em alguns casos, a satura\u00e7\u00e3o de oxig\u00eanio abaixo de 94% tamb\u00e9m \u00e9 um sinal de alerta importante\u201d,<\/em> refor\u00e7a a imunologista.<\/p>\n\n\n\n<h3 class=\"wp-block-heading\">Vacina protege contra formas graves<\/h3>\n\n\n\n<p>A vacina contra a gripe estimula a produ\u00e7\u00e3o de anticorpos antes da exposi\u00e7\u00e3o ao v\u00edrus, reduzindo o risco de evolu\u00e7\u00e3o para quadros mais graves. Sua composi\u00e7\u00e3o \u00e9 atualizada anualmente com base nas recomenda\u00e7\u00f5es da Organiza\u00e7\u00e3o Mundial da Sa\u00fade (OMS), que monitora os v\u00edrus em circula\u00e7\u00e3o no mundo.<em> \u201cIsso permite que a vacina seja formulada com as cepas com maior probabilidade de circula\u00e7\u00e3o em cada temporada, aumentando sua efetividade\u201d<\/em>, destaca Mayra.<\/p>\n\n\n\n<p>Atualmente, a vacina disponibilizada na rede p\u00fablica \u00e9 a trivalente, que protege contra tr\u00eas cepas do v\u00edrus influenza. J\u00e1 a vacina tetravalente, dispon\u00edvel na rede privada, amplia essa cobertura ao incluir uma segunda linhagem do v\u00edrus influenza B. \u201c<em>A principal diferen\u00e7a \u00e9 a amplitude da cobertura. A tetravalente protege contra quatro cepas, o que aumenta a prote\u00e7\u00e3o contra os v\u00edrus em circula\u00e7\u00e3o e reduz o risco de infec\u00e7\u00e3o por linhagens n\u00e3o contempladas na vacina anterior\u201d,<\/em> explica.<\/p>\n","protected":false},"excerpt":{"rendered":"<p>O avan\u00e7o dos casos de S\u00edndrome Respirat\u00f3ria Aguda Grave (SRAG) no Brasil tem acendido um alerta entre especialistas em sa\u00fade, inclusive na Bahia. Dados atualizados do boletim InfoGripe, da Funda\u00e7\u00e3o Oswaldo Cruz (Fiocruz), indicam que esse aumento est\u00e1 associado \u00e0 circula\u00e7\u00e3o simult\u00e2nea de v\u00edrus respirat\u00f3rios. Nas \u00faltimas semanas epidemiol\u00f3gicas, a Influenza A passou a representar [&hellip;]<\/p>\n","protected":false},"author":3,"featured_media":43627,"comment_status":"open","ping_status":"open","sticky":false,"template":"","format":"standard","meta":{"_monsterinsights_skip_tracking":false,"_monsterinsights_sitenote_active":false,"_monsterinsights_sitenote_note":"","_monsterinsights_sitenote_category":0,"footnotes":""},"categories":[41],"tags":[],"yoast_head":"<!-- This site is optimized with the Yoast SEO plugin v22.9 - https:\/\/yoast.com\/wordpress\/plugins\/seo\/ -->\n<title>Circula\u00e7\u00e3o de v\u00edrus respirat\u00f3rios refor\u00e7a import\u00e2ncia da vacina\u00e7\u00e3o contra a gripe - Portal MF<\/title>\n<meta name=\"robots\" content=\"index, follow, max-snippet:-1, max-image-preview:large, max-video-preview:-1\" \/>\n<link rel=\"canonical\" href=\"https:\/\/portalmf.com.br\/index.php\/2026\/04\/27\/circulacao-de-virus-respiratorios-reforca-importancia-da-vacinacao-contra-a-gripe\/\" \/>\n<meta property=\"og:locale\" content=\"pt_BR\" \/>\n<meta property=\"og:type\" content=\"article\" \/>\n<meta property=\"og:title\" content=\"Circula\u00e7\u00e3o de v\u00edrus respirat\u00f3rios refor\u00e7a import\u00e2ncia da vacina\u00e7\u00e3o contra a gripe - Portal MF\" \/>\n<meta property=\"og:description\" content=\"O avan\u00e7o dos casos de S\u00edndrome Respirat\u00f3ria Aguda Grave (SRAG) no Brasil tem acendido um alerta entre especialistas em sa\u00fade, inclusive na Bahia. Dados atualizados do boletim InfoGripe, da Funda\u00e7\u00e3o Oswaldo Cruz (Fiocruz), indicam que esse aumento est\u00e1 associado \u00e0 circula\u00e7\u00e3o simult\u00e2nea de v\u00edrus respirat\u00f3rios. Nas \u00faltimas semanas epidemiol\u00f3gicas, a Influenza A passou a representar [&hellip;]\" \/>\n<meta property=\"og:url\" content=\"https:\/\/portalmf.com.br\/index.php\/2026\/04\/27\/circulacao-de-virus-respiratorios-reforca-importancia-da-vacinacao-contra-a-gripe\/\" \/>\n<meta property=\"og:site_name\" content=\"Portal MF\" \/>\n<meta property=\"article:author\" content=\"https:\/\/www.facebook.com\/portalmfoficial\" \/>\n<meta property=\"article:published_time\" content=\"2026-04-27T13:01:02+00:00\" \/>\n<meta property=\"article:modified_time\" content=\"2026-04-27T13:01:04+00:00\" \/>\n<meta property=\"og:image\" content=\"https:\/\/portalmf.com.br\/wp-content\/uploads\/2026\/04\/Circulacao-de-virus-respiratorios-reforca-importancia-da-vacinacao-contra-a-gripe.jpg\" \/>\n\t<meta property=\"og:image:width\" content=\"1600\" \/>\n\t<meta property=\"og:image:height\" content=\"1064\" \/>\n\t<meta property=\"og:image:type\" content=\"image\/jpeg\" \/>\n<meta name=\"author\" content=\"Reda\u00e7\u00e3o Portal MF\" \/>\n<meta name=\"twitter:card\" content=\"summary_large_image\" \/>\n<meta name=\"twitter:creator\" content=\"@https:\/\/x.com\/portalmfoficial\" \/>\n<meta name=\"twitter:label1\" content=\"Escrito por\" \/>\n\t<meta name=\"twitter:data1\" content=\"Reda\u00e7\u00e3o Portal MF\" \/>\n\t<meta name=\"twitter:label2\" content=\"Est. tempo de leitura\" \/>\n\t<meta name=\"twitter:data2\" content=\"4 minutos\" \/>\n<script type=\"application\/ld+json\" class=\"yoast-schema-graph\">{\"@context\":\"https:\/\/schema.org\",\"@graph\":[{\"@type\":\"WebPage\",\"@id\":\"https:\/\/portalmf.com.br\/index.php\/2026\/04\/27\/circulacao-de-virus-respiratorios-reforca-importancia-da-vacinacao-contra-a-gripe\/\",\"url\":\"https:\/\/portalmf.com.br\/index.php\/2026\/04\/27\/circulacao-de-virus-respiratorios-reforca-importancia-da-vacinacao-contra-a-gripe\/\",\"name\":\"Circula\u00e7\u00e3o de v\u00edrus respirat\u00f3rios refor\u00e7a import\u00e2ncia da vacina\u00e7\u00e3o contra a gripe - Portal MF\",\"isPartOf\":{\"@id\":\"https:\/\/portalmf.com.br\/#website\"},\"primaryImageOfPage\":{\"@id\":\"https:\/\/portalmf.com.br\/index.php\/2026\/04\/27\/circulacao-de-virus-respiratorios-reforca-importancia-da-vacinacao-contra-a-gripe\/#primaryimage\"},\"image\":{\"@id\":\"https:\/\/portalmf.com.br\/index.php\/2026\/04\/27\/circulacao-de-virus-respiratorios-reforca-importancia-da-vacinacao-contra-a-gripe\/#primaryimage\"},\"thumbnailUrl\":\"https:\/\/portalmf.com.br\/wp-content\/uploads\/2026\/04\/Circulacao-de-virus-respiratorios-reforca-importancia-da-vacinacao-contra-a-gripe.jpg\",\"datePublished\":\"2026-04-27T13:01:02+00:00\",\"dateModified\":\"2026-04-27T13:01:04+00:00\",\"author\":{\"@id\":\"https:\/\/portalmf.com.br\/#\/schema\/person\/9ec101baf56233e53520c26de5d6f6f0\"},\"breadcrumb\":{\"@id\":\"https:\/\/portalmf.com.br\/index.php\/2026\/04\/27\/circulacao-de-virus-respiratorios-reforca-importancia-da-vacinacao-contra-a-gripe\/#breadcrumb\"},\"inLanguage\":\"pt-BR\",\"potentialAction\":[{\"@type\":\"ReadAction\",\"target\":[\"https:\/\/portalmf.com.br\/index.php\/2026\/04\/27\/circulacao-de-virus-respiratorios-reforca-importancia-da-vacinacao-contra-a-gripe\/\"]}]},{\"@type\":\"ImageObject\",\"inLanguage\":\"pt-BR\",\"@id\":\"https:\/\/portalmf.com.br\/index.php\/2026\/04\/27\/circulacao-de-virus-respiratorios-reforca-importancia-da-vacinacao-contra-a-gripe\/#primaryimage\",\"url\":\"https:\/\/portalmf.com.br\/wp-content\/uploads\/2026\/04\/Circulacao-de-virus-respiratorios-reforca-importancia-da-vacinacao-contra-a-gripe.jpg\",\"contentUrl\":\"https:\/\/portalmf.com.br\/wp-content\/uploads\/2026\/04\/Circulacao-de-virus-respiratorios-reforca-importancia-da-vacinacao-contra-a-gripe.jpg\",\"width\":1600,\"height\":1064},{\"@type\":\"BreadcrumbList\",\"@id\":\"https:\/\/portalmf.com.br\/index.php\/2026\/04\/27\/circulacao-de-virus-respiratorios-reforca-importancia-da-vacinacao-contra-a-gripe\/#breadcrumb\",\"itemListElement\":[{\"@type\":\"ListItem\",\"position\":1,\"name\":\"In\u00edcio\",\"item\":\"https:\/\/portalmf.com.br\/\"},{\"@type\":\"ListItem\",\"position\":2,\"name\":\"Circula\u00e7\u00e3o de v\u00edrus respirat\u00f3rios refor\u00e7a import\u00e2ncia da vacina\u00e7\u00e3o contra a gripe\"}]},{\"@type\":\"WebSite\",\"@id\":\"https:\/\/portalmf.com.br\/#website\",\"url\":\"https:\/\/portalmf.com.br\/\",\"name\":\"Portal MF\",\"description\":\"Voc\u00ea conectado com a informa\u00e7\u00e3o\",\"potentialAction\":[{\"@type\":\"SearchAction\",\"target\":{\"@type\":\"EntryPoint\",\"urlTemplate\":\"https:\/\/portalmf.com.br\/?s={search_term_string}\"},\"query-input\":\"required name=search_term_string\"}],\"inLanguage\":\"pt-BR\"},{\"@type\":\"Person\",\"@id\":\"https:\/\/portalmf.com.br\/#\/schema\/person\/9ec101baf56233e53520c26de5d6f6f0\",\"name\":\"Reda\u00e7\u00e3o Portal MF\",\"image\":{\"@type\":\"ImageObject\",\"inLanguage\":\"pt-BR\",\"@id\":\"https:\/\/portalmf.com.br\/#\/schema\/person\/image\/\",\"url\":\"https:\/\/secure.gravatar.com\/avatar\/41b9aaeb2100835f7c64362330f74c7f?s=96&d=mm&r=g\",\"contentUrl\":\"https:\/\/secure.gravatar.com\/avatar\/41b9aaeb2100835f7c64362330f74c7f?s=96&d=mm&r=g\",\"caption\":\"Reda\u00e7\u00e3o Portal MF\"},\"description\":\"Sejam bem-vindos o portal de informa\u00e7\u00f5es de entretenimento de Feira de Santana, desde 2006 realiza coberturas dos principais eventos com entrevistas exclusivas com as principais personalidades mundiais. Fique conectado tamb\u00e9m nas redes sociais.\",\"sameAs\":[\"http:\/\/www.portalmf.com.br\/\",\"https:\/\/www.facebook.com\/portalmfoficial\",\"https:\/\/www.instagram.com\/portalmf\/\",\"https:\/\/x.com\/https:\/\/x.com\/portalmfoficial\",\"https:\/\/www.youtube.com\/@portalmfoficial\"],\"url\":\"https:\/\/portalmf.com.br\/index.php\/author\/junior\/\"}]}<\/script>\n<!-- \/ Yoast SEO plugin. -->","yoast_head_json":{"title":"Circula\u00e7\u00e3o de v\u00edrus respirat\u00f3rios refor\u00e7a import\u00e2ncia da vacina\u00e7\u00e3o contra a gripe - Portal MF","robots":{"index":"index","follow":"follow","max-snippet":"max-snippet:-1","max-image-preview":"max-image-preview:large","max-video-preview":"max-video-preview:-1"},"canonical":"https:\/\/portalmf.com.br\/index.php\/2026\/04\/27\/circulacao-de-virus-respiratorios-reforca-importancia-da-vacinacao-contra-a-gripe\/","og_locale":"pt_BR","og_type":"article","og_title":"Circula\u00e7\u00e3o de v\u00edrus respirat\u00f3rios refor\u00e7a import\u00e2ncia da vacina\u00e7\u00e3o contra a gripe - Portal MF","og_description":"O avan\u00e7o dos casos de S\u00edndrome Respirat\u00f3ria Aguda Grave (SRAG) no Brasil tem acendido um alerta entre especialistas em sa\u00fade, inclusive na Bahia. Dados atualizados do boletim InfoGripe, da Funda\u00e7\u00e3o Oswaldo Cruz (Fiocruz), indicam que esse aumento est\u00e1 associado \u00e0 circula\u00e7\u00e3o simult\u00e2nea de v\u00edrus respirat\u00f3rios. Nas \u00faltimas semanas epidemiol\u00f3gicas, a Influenza A passou a representar [&hellip;]","og_url":"https:\/\/portalmf.com.br\/index.php\/2026\/04\/27\/circulacao-de-virus-respiratorios-reforca-importancia-da-vacinacao-contra-a-gripe\/","og_site_name":"Portal MF","article_author":"https:\/\/www.facebook.com\/portalmfoficial","article_published_time":"2026-04-27T13:01:02+00:00","article_modified_time":"2026-04-27T13:01:04+00:00","og_image":[{"width":1600,"height":1064,"url":"https:\/\/portalmf.com.br\/wp-content\/uploads\/2026\/04\/Circulacao-de-virus-respiratorios-reforca-importancia-da-vacinacao-contra-a-gripe.jpg","type":"image\/jpeg"}],"author":"Reda\u00e7\u00e3o Portal MF","twitter_card":"summary_large_image","twitter_creator":"@https:\/\/x.com\/portalmfoficial","twitter_misc":{"Escrito por":"Reda\u00e7\u00e3o Portal MF","Est. tempo de leitura":"4 minutos"},"schema":{"@context":"https:\/\/schema.org","@graph":[{"@type":"WebPage","@id":"https:\/\/portalmf.com.br\/index.php\/2026\/04\/27\/circulacao-de-virus-respiratorios-reforca-importancia-da-vacinacao-contra-a-gripe\/","url":"https:\/\/portalmf.com.br\/index.php\/2026\/04\/27\/circulacao-de-virus-respiratorios-reforca-importancia-da-vacinacao-contra-a-gripe\/","name":"Circula\u00e7\u00e3o de v\u00edrus respirat\u00f3rios refor\u00e7a import\u00e2ncia da vacina\u00e7\u00e3o contra a gripe - Portal MF","isPartOf":{"@id":"https:\/\/portalmf.com.br\/#website"},"primaryImageOfPage":{"@id":"https:\/\/portalmf.com.br\/index.php\/2026\/04\/27\/circulacao-de-virus-respiratorios-reforca-importancia-da-vacinacao-contra-a-gripe\/#primaryimage"},"image":{"@id":"https:\/\/portalmf.com.br\/index.php\/2026\/04\/27\/circulacao-de-virus-respiratorios-reforca-importancia-da-vacinacao-contra-a-gripe\/#primaryimage"},"thumbnailUrl":"https:\/\/portalmf.com.br\/wp-content\/uploads\/2026\/04\/Circulacao-de-virus-respiratorios-reforca-importancia-da-vacinacao-contra-a-gripe.jpg","datePublished":"2026-04-27T13:01:02+00:00","dateModified":"2026-04-27T13:01:04+00:00","author":{"@id":"https:\/\/portalmf.com.br\/#\/schema\/person\/9ec101baf56233e53520c26de5d6f6f0"},"breadcrumb":{"@id":"https:\/\/portalmf.com.br\/index.php\/2026\/04\/27\/circulacao-de-virus-respiratorios-reforca-importancia-da-vacinacao-contra-a-gripe\/#breadcrumb"},"inLanguage":"pt-BR","potentialAction":[{"@type":"ReadAction","target":["https:\/\/portalmf.com.br\/index.php\/2026\/04\/27\/circulacao-de-virus-respiratorios-reforca-importancia-da-vacinacao-contra-a-gripe\/"]}]},{"@type":"ImageObject","inLanguage":"pt-BR","@id":"https:\/\/portalmf.com.br\/index.php\/2026\/04\/27\/circulacao-de-virus-respiratorios-reforca-importancia-da-vacinacao-contra-a-gripe\/#primaryimage","url":"https:\/\/portalmf.com.br\/wp-content\/uploads\/2026\/04\/Circulacao-de-virus-respiratorios-reforca-importancia-da-vacinacao-contra-a-gripe.jpg","contentUrl":"https:\/\/portalmf.com.br\/wp-content\/uploads\/2026\/04\/Circulacao-de-virus-respiratorios-reforca-importancia-da-vacinacao-contra-a-gripe.jpg","width":1600,"height":1064},{"@type":"BreadcrumbList","@id":"https:\/\/portalmf.com.br\/index.php\/2026\/04\/27\/circulacao-de-virus-respiratorios-reforca-importancia-da-vacinacao-contra-a-gripe\/#breadcrumb","itemListElement":[{"@type":"ListItem","position":1,"name":"In\u00edcio","item":"https:\/\/portalmf.com.br\/"},{"@type":"ListItem","position":2,"name":"Circula\u00e7\u00e3o de v\u00edrus respirat\u00f3rios refor\u00e7a import\u00e2ncia da vacina\u00e7\u00e3o contra a gripe"}]},{"@type":"WebSite","@id":"https:\/\/portalmf.com.br\/#website","url":"https:\/\/portalmf.com.br\/","name":"Portal MF","description":"Voc\u00ea conectado com a informa\u00e7\u00e3o","potentialAction":[{"@type":"SearchAction","target":{"@type":"EntryPoint","urlTemplate":"https:\/\/portalmf.com.br\/?s={search_term_string}"},"query-input":"required name=search_term_string"}],"inLanguage":"pt-BR"},{"@type":"Person","@id":"https:\/\/portalmf.com.br\/#\/schema\/person\/9ec101baf56233e53520c26de5d6f6f0","name":"Reda\u00e7\u00e3o Portal MF","image":{"@type":"ImageObject","inLanguage":"pt-BR","@id":"https:\/\/portalmf.com.br\/#\/schema\/person\/image\/","url":"https:\/\/secure.gravatar.com\/avatar\/41b9aaeb2100835f7c64362330f74c7f?s=96&d=mm&r=g","contentUrl":"https:\/\/secure.gravatar.com\/avatar\/41b9aaeb2100835f7c64362330f74c7f?s=96&d=mm&r=g","caption":"Reda\u00e7\u00e3o Portal MF"},"description":"Sejam bem-vindos o portal de informa\u00e7\u00f5es de entretenimento de Feira de Santana, desde 2006 realiza coberturas dos principais eventos com entrevistas exclusivas com as principais personalidades mundiais. Fique conectado tamb\u00e9m nas redes sociais.","sameAs":["http:\/\/www.portalmf.com.br\/","https:\/\/www.facebook.com\/portalmfoficial","https:\/\/www.instagram.com\/portalmf\/","https:\/\/x.com\/https:\/\/x.com\/portalmfoficial","https:\/\/www.youtube.com\/@portalmfoficial"],"url":"https:\/\/portalmf.com.br\/index.php\/author\/junior\/"}]}},"_links":{"self":[{"href":"https:\/\/portalmf.com.br\/index.php\/wp-json\/wp\/v2\/posts\/43626"}],"collection":[{"href":"https:\/\/portalmf.com.br\/index.php\/wp-json\/wp\/v2\/posts"}],"about":[{"href":"https:\/\/portalmf.com.br\/index.php\/wp-json\/wp\/v2\/types\/post"}],"author":[{"embeddable":true,"href":"https:\/\/portalmf.com.br\/index.php\/wp-json\/wp\/v2\/users\/3"}],"replies":[{"embeddable":true,"href":"https:\/\/portalmf.com.br\/index.php\/wp-json\/wp\/v2\/comments?post=43626"}],"version-history":[{"count":1,"href":"https:\/\/portalmf.com.br\/index.php\/wp-json\/wp\/v2\/posts\/43626\/revisions"}],"predecessor-version":[{"id":43628,"href":"https:\/\/portalmf.com.br\/index.php\/wp-json\/wp\/v2\/posts\/43626\/revisions\/43628"}],"wp:featuredmedia":[{"embeddable":true,"href":"https:\/\/portalmf.com.br\/index.php\/wp-json\/wp\/v2\/media\/43627"}],"wp:attachment":[{"href":"https:\/\/portalmf.com.br\/index.php\/wp-json\/wp\/v2\/media?parent=43626"}],"wp:term":[{"taxonomy":"category","embeddable":true,"href":"https:\/\/portalmf.com.br\/index.php\/wp-json\/wp\/v2\/categories?post=43626"},{"taxonomy":"post_tag","embeddable":true,"href":"https:\/\/portalmf.com.br\/index.php\/wp-json\/wp\/v2\/tags?post=43626"}],"curies":[{"name":"wp","href":"https:\/\/api.w.org\/{rel}","templated":true}]}}