{"id":43619,"date":"2026-04-27T09:47:53","date_gmt":"2026-04-27T12:47:53","guid":{"rendered":"https:\/\/portalmf.com.br\/?p=43619"},"modified":"2026-04-27T09:47:55","modified_gmt":"2026-04-27T12:47:55","slug":"apos-lancamento-na-bienal-bahia-2026-com-tiragem-esgotadas-autora-cris-vaccarezza-lanca-novo-livro-em-feira-de-santana","status":"publish","type":"post","link":"https:\/\/portalmf.com.br\/index.php\/2026\/04\/27\/apos-lancamento-na-bienal-bahia-2026-com-tiragem-esgotadas-autora-cris-vaccarezza-lanca-novo-livro-em-feira-de-santana\/","title":{"rendered":"Ap\u00f3s lan\u00e7amento na Bienal Bahia 2026 com tiragem esgotadas, autora Cris Vaccarezza lan\u00e7a novo livro em Feira de Santana"},"content":{"rendered":"\n<p>A autora Cris Vaccarezza lan\u00e7ou na Bienal do Livro Bahia 2026 seu novo livro, \u201cCarolina Libert\u00e1ria\u201d. Ap\u00f3s participa\u00e7\u00e3o na programa\u00e7\u00e3o paralela do maior encontro de literatura, cultura e entretenimento do Nordeste com bate-papos e sess\u00f5es de aut\u00f3grafo, Cris presenteia os leitores feirenses com um suspense eletrizante.<\/p>\n\n\n\n<p>Na obra \u201cCarolina Libert\u00e1ria\u201d, que teve todos os exemplares vendidos na Bienal, a hist\u00f3ria se apresenta com muito regionalismo, personagens femininas fortes e destemidas e uma cr\u00edtica pertinente no momento atual: At\u00e9 quando as mulheres v\u00e3o ter que lidar com quest\u00f5es de viol\u00eancia de g\u00eanero?<\/p>\n\n\n<div class=\"wp-block-image\">\n<figure class=\"alignleft size-full\"><img fetchpriority=\"high\" decoding=\"async\" width=\"202\" height=\"292\" src=\"https:\/\/portalmf.com.br\/wp-content\/uploads\/2026\/04\/Sem-titulo1.jpg\" alt=\"\" class=\"wp-image-43621\"\/><\/figure><\/div>\n\n\n<p><strong>LIVRO: Carolina Libert\u00e1ria<\/strong><\/p>\n\n\n\n<p><strong>Sinopse: <\/strong><em>Carolina nasceu do lado errado do amor.<\/em><\/p>\n\n\n\n<p><em>Cresceu entre o medo e o sil\u00eancio.<\/em><\/p>\n\n\n\n<p><em>No sert\u00e3o, onde muitas hist\u00f3rias de viol\u00eancia parecem condenadas a se repetir gera\u00e7\u00e3o ap\u00f3s gera\u00e7\u00e3o, ela aprendeu cedo que esperar pela justi\u00e7a nem sempre \u00e9 uma op\u00e7\u00e3o. Criada pela for\u00e7a silenciosa da m\u00e3e e pela f\u00e9 firme do av\u00f4, Carolina carregou por anos o peso de uma origem que ningu\u00e9m ousa contar. At\u00e9 o dia em que decidiu que nunca mais seria v\u00edtima. Quando a viol\u00eancia amea\u00e7a novamente quem ela ama, Carolina escolhe um caminho sem volta. Entre o amor e o \u00f3dio, entre o perd\u00e3o e a vingan\u00e7a, ela atravessa o Brasil com um prop\u00f3sito: enfrentar homens que acreditam que o sil\u00eancio das mulheres \u00e9 eterno. Mas romper um ciclo de dor tem um pre\u00e7o \u2014 e cada escolha a aproxima de um confronto inevit\u00e1vel com o pr\u00f3prio passado. Carolina Libert\u00e1ria \u00e9 um romance intenso sobre coragem, justi\u00e7a e a for\u00e7a de uma mulher que decidiu que a hist\u00f3ria n\u00e3o terminaria como come\u00e7ou.<\/em><\/p>\n\n\n\n<p><em>Nem v\u00edtima, nem vil\u00e3. Livre<\/em><\/p>\n\n\n\n<p><strong>Lan\u00e7amento em Feira em maio<\/strong><\/p>\n\n\n\n<p>Previsto para maio, a autora Cris Vaccarezza prepara um momento de celebra\u00e7\u00e3o com o p\u00fablico com o lan\u00e7amento do seu novo livro, <strong><em>\u201cCarolina Libert\u00e1ria\u201d<\/em><\/strong>, em Feira de Santana. A iniciativa amplia o alcance do trabalho e aproxima ainda mais a produ\u00e7\u00e3o art\u00edstica do p\u00fablico local, fortalecendo o circuito cultural da cidade.<\/p>\n\n\n\n<p>Com tiragens esgotadas na Bienal e j\u00e1 com a venda online iniciada em formato e-book, a obra reafirma o talento da autora em imprimir nas suas hist\u00f3rias a for\u00e7a e a versatilidade das mulheres. Fruto tamb\u00e9m de suas pr\u00f3prias viv\u00eancias e observ\u00e2ncias de mundo.<\/p>\n\n\n\n<p><strong>Servi\u00e7o<\/strong><\/p>\n\n\n\n<p><strong>Lan\u00e7amento do livro <em>\u201cCarolina Libert\u00e1ria\u201d<\/em><\/strong><\/p>\n\n\n\n<ul>\n<li><strong>Autora: <\/strong>Cris Vaccarezza<\/li>\n\n\n\n<li><strong>G\u00eanero: <\/strong>Romance<\/li>\n\n\n\n<li><strong>Pref\u00e1cio: <\/strong>Mirela Paes<\/li>\n\n\n\n<li><strong>Previs\u00e3o de lan\u00e7amento: <\/strong>29 de maio de 2026, \u00e0s 18h30, na Biblioteca Municipal Arnold Silva<\/li>\n<\/ul>\n\n\n\n<p><strong>Sobre a autora<\/strong><\/p>\n\n\n\n<p>Cris Vaccarezza \u00e9 escritora baiana, radiologista e psicanalista apaixonada por palavras que curam e provocam. Autora de <strong><em>Poesias Acidentais<\/em><\/strong> e <strong><em>Inimput\u00e1vel \u2013 \u00c0 margem da loucura<\/em><\/strong>, mescla cr\u00edtica social e profundidade emocional em sua obra.<\/p>\n\n\n\n<p><strong>Quadro especial em suas redes sociais<\/strong><\/p>\n\n\n\n<p>A autora tem em seu instagram um quadro chamado<strong><em> \u201cMulheres que por n\u00f3s falam\u201d<\/em><\/strong>. A cada v\u00eddeo ela apresenta e destaca uma mulher diferente para inspirar, compartilhar conhecimento e rever a hist\u00f3ria. Mulheres que ocupam espa\u00e7os importantes, que rompem barreiras sociais, trazem leveza atrav\u00e9s de sua arte.<\/p>\n\n\n\n<p>Em um dos seus epis\u00f3dios, Cris conta sobre Edith Mendes da Gama e Abreu, nascida em Feira de Santana ela foi a primeira mulher a ocupar uma cadeira em academia de letras no Brasil, em outro tamb\u00e9m falar sobre outra feirense ilustre, Georgina Erisman, que escreveu o hino a Feira de Santana.<\/p>\n\n\n\n<p>Saiba mais sobre a autora em suas redes: <strong><em>@escritora_cris_vaccarezza<\/em><\/strong><\/p>\n","protected":false},"excerpt":{"rendered":"<p>A autora Cris Vaccarezza lan\u00e7ou na Bienal do Livro Bahia 2026 seu novo livro, \u201cCarolina Libert\u00e1ria\u201d. Ap\u00f3s participa\u00e7\u00e3o na programa\u00e7\u00e3o paralela do maior encontro de literatura, cultura e entretenimento do Nordeste com bate-papos e sess\u00f5es de aut\u00f3grafo, Cris presenteia os leitores feirenses com um suspense eletrizante. Na obra \u201cCarolina Libert\u00e1ria\u201d, que teve todos os exemplares [&hellip;]<\/p>\n","protected":false},"author":3,"featured_media":43620,"comment_status":"open","ping_status":"open","sticky":false,"template":"","format":"standard","meta":{"_monsterinsights_skip_tracking":false,"_monsterinsights_sitenote_active":false,"_monsterinsights_sitenote_note":"","_monsterinsights_sitenote_category":0,"footnotes":""},"categories":[40],"tags":[],"yoast_head":"<!-- This site is optimized with the Yoast SEO plugin v22.9 - https:\/\/yoast.com\/wordpress\/plugins\/seo\/ -->\n<title>Ap\u00f3s lan\u00e7amento na Bienal Bahia 2026 com tiragem esgotadas, autora Cris Vaccarezza lan\u00e7a novo livro em Feira de Santana - Portal MF<\/title>\n<meta name=\"robots\" content=\"index, follow, max-snippet:-1, max-image-preview:large, max-video-preview:-1\" \/>\n<link rel=\"canonical\" href=\"https:\/\/portalmf.com.br\/index.php\/2026\/04\/27\/apos-lancamento-na-bienal-bahia-2026-com-tiragem-esgotadas-autora-cris-vaccarezza-lanca-novo-livro-em-feira-de-santana\/\" \/>\n<meta property=\"og:locale\" content=\"pt_BR\" \/>\n<meta property=\"og:type\" content=\"article\" \/>\n<meta property=\"og:title\" content=\"Ap\u00f3s lan\u00e7amento na Bienal Bahia 2026 com tiragem esgotadas, autora Cris Vaccarezza lan\u00e7a novo livro em Feira de Santana - Portal MF\" \/>\n<meta property=\"og:description\" content=\"A autora Cris Vaccarezza lan\u00e7ou na Bienal do Livro Bahia 2026 seu novo livro, \u201cCarolina Libert\u00e1ria\u201d. Ap\u00f3s participa\u00e7\u00e3o na programa\u00e7\u00e3o paralela do maior encontro de literatura, cultura e entretenimento do Nordeste com bate-papos e sess\u00f5es de aut\u00f3grafo, Cris presenteia os leitores feirenses com um suspense eletrizante. Na obra \u201cCarolina Libert\u00e1ria\u201d, que teve todos os exemplares [&hellip;]\" \/>\n<meta property=\"og:url\" content=\"https:\/\/portalmf.com.br\/index.php\/2026\/04\/27\/apos-lancamento-na-bienal-bahia-2026-com-tiragem-esgotadas-autora-cris-vaccarezza-lanca-novo-livro-em-feira-de-santana\/\" \/>\n<meta property=\"og:site_name\" content=\"Portal MF\" \/>\n<meta property=\"article:author\" content=\"https:\/\/www.facebook.com\/portalmfoficial\" \/>\n<meta property=\"article:published_time\" content=\"2026-04-27T12:47:53+00:00\" \/>\n<meta property=\"article:modified_time\" content=\"2026-04-27T12:47:55+00:00\" \/>\n<meta property=\"og:image\" content=\"https:\/\/portalmf.com.br\/wp-content\/uploads\/2026\/04\/cris.jpg\" \/>\n\t<meta property=\"og:image:width\" content=\"601\" \/>\n\t<meta property=\"og:image:height\" content=\"401\" \/>\n\t<meta property=\"og:image:type\" content=\"image\/jpeg\" \/>\n<meta name=\"author\" content=\"Reda\u00e7\u00e3o Portal MF\" \/>\n<meta name=\"twitter:card\" content=\"summary_large_image\" \/>\n<meta name=\"twitter:creator\" content=\"@https:\/\/x.com\/portalmfoficial\" \/>\n<meta name=\"twitter:label1\" content=\"Escrito por\" \/>\n\t<meta name=\"twitter:data1\" content=\"Reda\u00e7\u00e3o Portal MF\" \/>\n\t<meta name=\"twitter:label2\" content=\"Est. tempo de leitura\" \/>\n\t<meta name=\"twitter:data2\" content=\"4 minutos\" \/>\n<script type=\"application\/ld+json\" class=\"yoast-schema-graph\">{\"@context\":\"https:\/\/schema.org\",\"@graph\":[{\"@type\":\"WebPage\",\"@id\":\"https:\/\/portalmf.com.br\/index.php\/2026\/04\/27\/apos-lancamento-na-bienal-bahia-2026-com-tiragem-esgotadas-autora-cris-vaccarezza-lanca-novo-livro-em-feira-de-santana\/\",\"url\":\"https:\/\/portalmf.com.br\/index.php\/2026\/04\/27\/apos-lancamento-na-bienal-bahia-2026-com-tiragem-esgotadas-autora-cris-vaccarezza-lanca-novo-livro-em-feira-de-santana\/\",\"name\":\"Ap\u00f3s lan\u00e7amento na Bienal Bahia 2026 com tiragem esgotadas, autora Cris Vaccarezza lan\u00e7a novo livro em Feira de Santana - Portal MF\",\"isPartOf\":{\"@id\":\"https:\/\/portalmf.com.br\/#website\"},\"primaryImageOfPage\":{\"@id\":\"https:\/\/portalmf.com.br\/index.php\/2026\/04\/27\/apos-lancamento-na-bienal-bahia-2026-com-tiragem-esgotadas-autora-cris-vaccarezza-lanca-novo-livro-em-feira-de-santana\/#primaryimage\"},\"image\":{\"@id\":\"https:\/\/portalmf.com.br\/index.php\/2026\/04\/27\/apos-lancamento-na-bienal-bahia-2026-com-tiragem-esgotadas-autora-cris-vaccarezza-lanca-novo-livro-em-feira-de-santana\/#primaryimage\"},\"thumbnailUrl\":\"https:\/\/portalmf.com.br\/wp-content\/uploads\/2026\/04\/cris.jpg\",\"datePublished\":\"2026-04-27T12:47:53+00:00\",\"dateModified\":\"2026-04-27T12:47:55+00:00\",\"author\":{\"@id\":\"https:\/\/portalmf.com.br\/#\/schema\/person\/9ec101baf56233e53520c26de5d6f6f0\"},\"breadcrumb\":{\"@id\":\"https:\/\/portalmf.com.br\/index.php\/2026\/04\/27\/apos-lancamento-na-bienal-bahia-2026-com-tiragem-esgotadas-autora-cris-vaccarezza-lanca-novo-livro-em-feira-de-santana\/#breadcrumb\"},\"inLanguage\":\"pt-BR\",\"potentialAction\":[{\"@type\":\"ReadAction\",\"target\":[\"https:\/\/portalmf.com.br\/index.php\/2026\/04\/27\/apos-lancamento-na-bienal-bahia-2026-com-tiragem-esgotadas-autora-cris-vaccarezza-lanca-novo-livro-em-feira-de-santana\/\"]}]},{\"@type\":\"ImageObject\",\"inLanguage\":\"pt-BR\",\"@id\":\"https:\/\/portalmf.com.br\/index.php\/2026\/04\/27\/apos-lancamento-na-bienal-bahia-2026-com-tiragem-esgotadas-autora-cris-vaccarezza-lanca-novo-livro-em-feira-de-santana\/#primaryimage\",\"url\":\"https:\/\/portalmf.com.br\/wp-content\/uploads\/2026\/04\/cris.jpg\",\"contentUrl\":\"https:\/\/portalmf.com.br\/wp-content\/uploads\/2026\/04\/cris.jpg\",\"width\":601,\"height\":401},{\"@type\":\"BreadcrumbList\",\"@id\":\"https:\/\/portalmf.com.br\/index.php\/2026\/04\/27\/apos-lancamento-na-bienal-bahia-2026-com-tiragem-esgotadas-autora-cris-vaccarezza-lanca-novo-livro-em-feira-de-santana\/#breadcrumb\",\"itemListElement\":[{\"@type\":\"ListItem\",\"position\":1,\"name\":\"In\u00edcio\",\"item\":\"https:\/\/portalmf.com.br\/\"},{\"@type\":\"ListItem\",\"position\":2,\"name\":\"Ap\u00f3s lan\u00e7amento na Bienal Bahia 2026 com tiragem esgotadas, autora Cris Vaccarezza lan\u00e7a novo livro em Feira de Santana\"}]},{\"@type\":\"WebSite\",\"@id\":\"https:\/\/portalmf.com.br\/#website\",\"url\":\"https:\/\/portalmf.com.br\/\",\"name\":\"Portal MF\",\"description\":\"Voc\u00ea conectado com a informa\u00e7\u00e3o\",\"potentialAction\":[{\"@type\":\"SearchAction\",\"target\":{\"@type\":\"EntryPoint\",\"urlTemplate\":\"https:\/\/portalmf.com.br\/?s={search_term_string}\"},\"query-input\":\"required name=search_term_string\"}],\"inLanguage\":\"pt-BR\"},{\"@type\":\"Person\",\"@id\":\"https:\/\/portalmf.com.br\/#\/schema\/person\/9ec101baf56233e53520c26de5d6f6f0\",\"name\":\"Reda\u00e7\u00e3o Portal MF\",\"image\":{\"@type\":\"ImageObject\",\"inLanguage\":\"pt-BR\",\"@id\":\"https:\/\/portalmf.com.br\/#\/schema\/person\/image\/\",\"url\":\"https:\/\/secure.gravatar.com\/avatar\/41b9aaeb2100835f7c64362330f74c7f?s=96&d=mm&r=g\",\"contentUrl\":\"https:\/\/secure.gravatar.com\/avatar\/41b9aaeb2100835f7c64362330f74c7f?s=96&d=mm&r=g\",\"caption\":\"Reda\u00e7\u00e3o Portal MF\"},\"description\":\"Sejam bem-vindos o portal de informa\u00e7\u00f5es de entretenimento de Feira de Santana, desde 2006 realiza coberturas dos principais eventos com entrevistas exclusivas com as principais personalidades mundiais. Fique conectado tamb\u00e9m nas redes sociais.\",\"sameAs\":[\"http:\/\/www.portalmf.com.br\/\",\"https:\/\/www.facebook.com\/portalmfoficial\",\"https:\/\/www.instagram.com\/portalmf\/\",\"https:\/\/x.com\/https:\/\/x.com\/portalmfoficial\",\"https:\/\/www.youtube.com\/@portalmfoficial\"],\"url\":\"https:\/\/portalmf.com.br\/index.php\/author\/junior\/\"}]}<\/script>\n<!-- \/ Yoast SEO plugin. -->","yoast_head_json":{"title":"Ap\u00f3s lan\u00e7amento na Bienal Bahia 2026 com tiragem esgotadas, autora Cris Vaccarezza lan\u00e7a novo livro em Feira de Santana - Portal MF","robots":{"index":"index","follow":"follow","max-snippet":"max-snippet:-1","max-image-preview":"max-image-preview:large","max-video-preview":"max-video-preview:-1"},"canonical":"https:\/\/portalmf.com.br\/index.php\/2026\/04\/27\/apos-lancamento-na-bienal-bahia-2026-com-tiragem-esgotadas-autora-cris-vaccarezza-lanca-novo-livro-em-feira-de-santana\/","og_locale":"pt_BR","og_type":"article","og_title":"Ap\u00f3s lan\u00e7amento na Bienal Bahia 2026 com tiragem esgotadas, autora Cris Vaccarezza lan\u00e7a novo livro em Feira de Santana - Portal MF","og_description":"A autora Cris Vaccarezza lan\u00e7ou na Bienal do Livro Bahia 2026 seu novo livro, \u201cCarolina Libert\u00e1ria\u201d. Ap\u00f3s participa\u00e7\u00e3o na programa\u00e7\u00e3o paralela do maior encontro de literatura, cultura e entretenimento do Nordeste com bate-papos e sess\u00f5es de aut\u00f3grafo, Cris presenteia os leitores feirenses com um suspense eletrizante. Na obra \u201cCarolina Libert\u00e1ria\u201d, que teve todos os exemplares [&hellip;]","og_url":"https:\/\/portalmf.com.br\/index.php\/2026\/04\/27\/apos-lancamento-na-bienal-bahia-2026-com-tiragem-esgotadas-autora-cris-vaccarezza-lanca-novo-livro-em-feira-de-santana\/","og_site_name":"Portal MF","article_author":"https:\/\/www.facebook.com\/portalmfoficial","article_published_time":"2026-04-27T12:47:53+00:00","article_modified_time":"2026-04-27T12:47:55+00:00","og_image":[{"width":601,"height":401,"url":"https:\/\/portalmf.com.br\/wp-content\/uploads\/2026\/04\/cris.jpg","type":"image\/jpeg"}],"author":"Reda\u00e7\u00e3o Portal MF","twitter_card":"summary_large_image","twitter_creator":"@https:\/\/x.com\/portalmfoficial","twitter_misc":{"Escrito por":"Reda\u00e7\u00e3o Portal MF","Est. tempo de leitura":"4 minutos"},"schema":{"@context":"https:\/\/schema.org","@graph":[{"@type":"WebPage","@id":"https:\/\/portalmf.com.br\/index.php\/2026\/04\/27\/apos-lancamento-na-bienal-bahia-2026-com-tiragem-esgotadas-autora-cris-vaccarezza-lanca-novo-livro-em-feira-de-santana\/","url":"https:\/\/portalmf.com.br\/index.php\/2026\/04\/27\/apos-lancamento-na-bienal-bahia-2026-com-tiragem-esgotadas-autora-cris-vaccarezza-lanca-novo-livro-em-feira-de-santana\/","name":"Ap\u00f3s lan\u00e7amento na Bienal Bahia 2026 com tiragem esgotadas, autora Cris Vaccarezza lan\u00e7a novo livro em Feira de Santana - Portal MF","isPartOf":{"@id":"https:\/\/portalmf.com.br\/#website"},"primaryImageOfPage":{"@id":"https:\/\/portalmf.com.br\/index.php\/2026\/04\/27\/apos-lancamento-na-bienal-bahia-2026-com-tiragem-esgotadas-autora-cris-vaccarezza-lanca-novo-livro-em-feira-de-santana\/#primaryimage"},"image":{"@id":"https:\/\/portalmf.com.br\/index.php\/2026\/04\/27\/apos-lancamento-na-bienal-bahia-2026-com-tiragem-esgotadas-autora-cris-vaccarezza-lanca-novo-livro-em-feira-de-santana\/#primaryimage"},"thumbnailUrl":"https:\/\/portalmf.com.br\/wp-content\/uploads\/2026\/04\/cris.jpg","datePublished":"2026-04-27T12:47:53+00:00","dateModified":"2026-04-27T12:47:55+00:00","author":{"@id":"https:\/\/portalmf.com.br\/#\/schema\/person\/9ec101baf56233e53520c26de5d6f6f0"},"breadcrumb":{"@id":"https:\/\/portalmf.com.br\/index.php\/2026\/04\/27\/apos-lancamento-na-bienal-bahia-2026-com-tiragem-esgotadas-autora-cris-vaccarezza-lanca-novo-livro-em-feira-de-santana\/#breadcrumb"},"inLanguage":"pt-BR","potentialAction":[{"@type":"ReadAction","target":["https:\/\/portalmf.com.br\/index.php\/2026\/04\/27\/apos-lancamento-na-bienal-bahia-2026-com-tiragem-esgotadas-autora-cris-vaccarezza-lanca-novo-livro-em-feira-de-santana\/"]}]},{"@type":"ImageObject","inLanguage":"pt-BR","@id":"https:\/\/portalmf.com.br\/index.php\/2026\/04\/27\/apos-lancamento-na-bienal-bahia-2026-com-tiragem-esgotadas-autora-cris-vaccarezza-lanca-novo-livro-em-feira-de-santana\/#primaryimage","url":"https:\/\/portalmf.com.br\/wp-content\/uploads\/2026\/04\/cris.jpg","contentUrl":"https:\/\/portalmf.com.br\/wp-content\/uploads\/2026\/04\/cris.jpg","width":601,"height":401},{"@type":"BreadcrumbList","@id":"https:\/\/portalmf.com.br\/index.php\/2026\/04\/27\/apos-lancamento-na-bienal-bahia-2026-com-tiragem-esgotadas-autora-cris-vaccarezza-lanca-novo-livro-em-feira-de-santana\/#breadcrumb","itemListElement":[{"@type":"ListItem","position":1,"name":"In\u00edcio","item":"https:\/\/portalmf.com.br\/"},{"@type":"ListItem","position":2,"name":"Ap\u00f3s lan\u00e7amento na Bienal Bahia 2026 com tiragem esgotadas, autora Cris Vaccarezza lan\u00e7a novo livro em Feira de Santana"}]},{"@type":"WebSite","@id":"https:\/\/portalmf.com.br\/#website","url":"https:\/\/portalmf.com.br\/","name":"Portal MF","description":"Voc\u00ea conectado com a informa\u00e7\u00e3o","potentialAction":[{"@type":"SearchAction","target":{"@type":"EntryPoint","urlTemplate":"https:\/\/portalmf.com.br\/?s={search_term_string}"},"query-input":"required name=search_term_string"}],"inLanguage":"pt-BR"},{"@type":"Person","@id":"https:\/\/portalmf.com.br\/#\/schema\/person\/9ec101baf56233e53520c26de5d6f6f0","name":"Reda\u00e7\u00e3o Portal MF","image":{"@type":"ImageObject","inLanguage":"pt-BR","@id":"https:\/\/portalmf.com.br\/#\/schema\/person\/image\/","url":"https:\/\/secure.gravatar.com\/avatar\/41b9aaeb2100835f7c64362330f74c7f?s=96&d=mm&r=g","contentUrl":"https:\/\/secure.gravatar.com\/avatar\/41b9aaeb2100835f7c64362330f74c7f?s=96&d=mm&r=g","caption":"Reda\u00e7\u00e3o Portal MF"},"description":"Sejam bem-vindos o portal de informa\u00e7\u00f5es de entretenimento de Feira de Santana, desde 2006 realiza coberturas dos principais eventos com entrevistas exclusivas com as principais personalidades mundiais. Fique conectado tamb\u00e9m nas redes sociais.","sameAs":["http:\/\/www.portalmf.com.br\/","https:\/\/www.facebook.com\/portalmfoficial","https:\/\/www.instagram.com\/portalmf\/","https:\/\/x.com\/https:\/\/x.com\/portalmfoficial","https:\/\/www.youtube.com\/@portalmfoficial"],"url":"https:\/\/portalmf.com.br\/index.php\/author\/junior\/"}]}},"_links":{"self":[{"href":"https:\/\/portalmf.com.br\/index.php\/wp-json\/wp\/v2\/posts\/43619"}],"collection":[{"href":"https:\/\/portalmf.com.br\/index.php\/wp-json\/wp\/v2\/posts"}],"about":[{"href":"https:\/\/portalmf.com.br\/index.php\/wp-json\/wp\/v2\/types\/post"}],"author":[{"embeddable":true,"href":"https:\/\/portalmf.com.br\/index.php\/wp-json\/wp\/v2\/users\/3"}],"replies":[{"embeddable":true,"href":"https:\/\/portalmf.com.br\/index.php\/wp-json\/wp\/v2\/comments?post=43619"}],"version-history":[{"count":1,"href":"https:\/\/portalmf.com.br\/index.php\/wp-json\/wp\/v2\/posts\/43619\/revisions"}],"predecessor-version":[{"id":43622,"href":"https:\/\/portalmf.com.br\/index.php\/wp-json\/wp\/v2\/posts\/43619\/revisions\/43622"}],"wp:featuredmedia":[{"embeddable":true,"href":"https:\/\/portalmf.com.br\/index.php\/wp-json\/wp\/v2\/media\/43620"}],"wp:attachment":[{"href":"https:\/\/portalmf.com.br\/index.php\/wp-json\/wp\/v2\/media?parent=43619"}],"wp:term":[{"taxonomy":"category","embeddable":true,"href":"https:\/\/portalmf.com.br\/index.php\/wp-json\/wp\/v2\/categories?post=43619"},{"taxonomy":"post_tag","embeddable":true,"href":"https:\/\/portalmf.com.br\/index.php\/wp-json\/wp\/v2\/tags?post=43619"}],"curies":[{"name":"wp","href":"https:\/\/api.w.org\/{rel}","templated":true}]}}