{"id":43613,"date":"2026-04-27T04:53:39","date_gmt":"2026-04-27T07:53:39","guid":{"rendered":"https:\/\/portalmf.com.br\/?p=43613"},"modified":"2026-04-27T04:53:40","modified_gmt":"2026-04-27T07:53:40","slug":"centenas-de-pessoas-sao-atendidas-no-projeto-feira-em-acao-em-jaiba","status":"publish","type":"post","link":"https:\/\/portalmf.com.br\/index.php\/2026\/04\/27\/centenas-de-pessoas-sao-atendidas-no-projeto-feira-em-acao-em-jaiba\/","title":{"rendered":"Centenas de pessoas s\u00e3o atendidas no Projeto Feira em A\u00e7\u00e3o, em Ja\u00edba"},"content":{"rendered":"\n<p>Centenas de pessoas foram atendidas em diversas \u00e1reas do servi\u00e7o p\u00fablico, na oitava e \u00faltima edi\u00e7\u00e3o desta etapa do Projeto Feira em A\u00e7\u00e3o, realizada neste s\u00e1bado (25), no distrito de Ja\u00edba. A pr\u00f3xima edi\u00e7\u00e3o contar\u00e1 com a inclus\u00e3o de bairros.<\/p>\n\n\n\n<p>Diversas secretarias montaram unidades avan\u00e7adas, como a de Sa\u00fade, que ofereceu marca\u00e7\u00e3o de exames, consultas m\u00e9dicas com cl\u00ednicos gerais e pediatras, vacina\u00e7\u00e3o de crian\u00e7as e adultos, aferi\u00e7\u00e3o de press\u00e3o arterial, medi\u00e7\u00e3o de glicemia, avalia\u00e7\u00e3o odontol\u00f3gica, al\u00e9m da vacina\u00e7\u00e3o de animais contra a raiva.<\/p>\n\n\n\n<p>Servidores da Sedeso (Secretaria de Desenvolvimento Social) realizaram a atualiza\u00e7\u00e3o do Cad\u00danico \u2014 porta de entrada para os programas sociais do Governo Federal \u2014, distribu\u00edram turbantes coloridos, realizaram cortes de cabelo e maquiagem para as interessadas, promovendo um impulso na autoestima dessas pessoas.<\/p>\n\n\n\n<p>Tamb\u00e9m estiveram presentes as secretarias de Agricultura e de Servi\u00e7os P\u00fablicos, que atenderam \u00e0s demandas da comunidade. O Procon tamb\u00e9m participou da a\u00e7\u00e3o, levando informa\u00e7\u00f5es aos consumidores sobre seus direitos.<\/p>\n\n\n\n<p>O objetivo do projeto \u00e9 facilitar o acesso dos moradores dos distritos aos servi\u00e7os p\u00fablicos. Os resultados desta primeira etapa foram considerados altamente satisfat\u00f3rios, o que estimula a realiza\u00e7\u00e3o de uma nova rodada de atendimentos.<\/p>\n\n\n\n<p><em>\u201cO que se busca \u00e9 levar os servi\u00e7os p\u00fablicos \u00e0s comunidades, aproxim\u00e1-los dos moradores da zona rural. Acredito que conseguimos ampliar ainda mais os atendimentos \u00e0 popula\u00e7\u00e3o dos distritos e povoados\u201d,<\/em> afirmou o prefeito Jos\u00e9 Ronaldo de Carvalho.<\/p>\n\n\n\n<p>Ele informou que o projeto ter\u00e1 continuidade, obedecendo a um sistema de rod\u00edzio, e que o primeiro distrito a voltar a receber a caravana de servi\u00e7os ser\u00e1 Maria Quit\u00e9ria, onde os atendimentos foram iniciados.<\/p>\n\n\n\n<p>A novidade em rela\u00e7\u00e3o \u00e0 primeira edi\u00e7\u00e3o, segundo o prefeito, ser\u00e1 a inclus\u00e3o de bairros na programa\u00e7\u00e3o do projeto.<\/p>\n\n\n\n<p><em>\u201cOs atendimentos ser\u00e3o peri\u00f3dicos, com a presta\u00e7\u00e3o de servi\u00e7os aos finais de semana acontecendo de forma alternada\u201d.<\/em><\/p>\n\n\n\n<p><em>\u201cO atendimento facilitou a nossa vida\u201d,<\/em> disse a dona de casa Camila dos Santos, que levou os filhos Luiz e Erick para verificar a glicemia.<\/p>\n\n\n\n<p>O secret\u00e1rio de Comunica\u00e7\u00e3o Social, Jailton Freitas, e os titulares da Sesp, Justiniano Fran\u00e7a, e da Sedeso, Gerusa Sampaio, estiveram presentes durante a a\u00e7\u00e3o, finalizada no in\u00edcio da tarde.<\/p>\n\n\n\n<p>Com informa\u00e7\u00f5es da Secom<\/p>\n","protected":false},"excerpt":{"rendered":"<p>Centenas de pessoas foram atendidas em diversas \u00e1reas do servi\u00e7o p\u00fablico, na oitava e \u00faltima edi\u00e7\u00e3o desta etapa do Projeto Feira em A\u00e7\u00e3o, realizada neste s\u00e1bado (25), no distrito de Ja\u00edba. A pr\u00f3xima edi\u00e7\u00e3o contar\u00e1 com a inclus\u00e3o de bairros. Diversas secretarias montaram unidades avan\u00e7adas, como a de Sa\u00fade, que ofereceu marca\u00e7\u00e3o de exames, consultas [&hellip;]<\/p>\n","protected":false},"author":3,"featured_media":43614,"comment_status":"open","ping_status":"open","sticky":false,"template":"","format":"standard","meta":{"_monsterinsights_skip_tracking":false,"_monsterinsights_sitenote_active":false,"_monsterinsights_sitenote_note":"","_monsterinsights_sitenote_category":0,"footnotes":""},"categories":[34],"tags":[],"yoast_head":"<!-- This site is optimized with the Yoast SEO plugin v22.9 - https:\/\/yoast.com\/wordpress\/plugins\/seo\/ -->\n<title>Centenas de pessoas s\u00e3o atendidas no Projeto Feira em A\u00e7\u00e3o, em Ja\u00edba - Portal MF<\/title>\n<meta name=\"robots\" content=\"index, follow, max-snippet:-1, max-image-preview:large, max-video-preview:-1\" \/>\n<link rel=\"canonical\" href=\"https:\/\/portalmf.com.br\/index.php\/2026\/04\/27\/centenas-de-pessoas-sao-atendidas-no-projeto-feira-em-acao-em-jaiba\/\" \/>\n<meta property=\"og:locale\" content=\"pt_BR\" \/>\n<meta property=\"og:type\" content=\"article\" \/>\n<meta property=\"og:title\" content=\"Centenas de pessoas s\u00e3o atendidas no Projeto Feira em A\u00e7\u00e3o, em Ja\u00edba - Portal MF\" \/>\n<meta property=\"og:description\" content=\"Centenas de pessoas foram atendidas em diversas \u00e1reas do servi\u00e7o p\u00fablico, na oitava e \u00faltima edi\u00e7\u00e3o desta etapa do Projeto Feira em A\u00e7\u00e3o, realizada neste s\u00e1bado (25), no distrito de Ja\u00edba. A pr\u00f3xima edi\u00e7\u00e3o contar\u00e1 com a inclus\u00e3o de bairros. Diversas secretarias montaram unidades avan\u00e7adas, como a de Sa\u00fade, que ofereceu marca\u00e7\u00e3o de exames, consultas [&hellip;]\" \/>\n<meta property=\"og:url\" content=\"https:\/\/portalmf.com.br\/index.php\/2026\/04\/27\/centenas-de-pessoas-sao-atendidas-no-projeto-feira-em-acao-em-jaiba\/\" \/>\n<meta property=\"og:site_name\" content=\"Portal MF\" \/>\n<meta property=\"article:author\" content=\"https:\/\/www.facebook.com\/portalmfoficial\" \/>\n<meta property=\"article:published_time\" content=\"2026-04-27T07:53:39+00:00\" \/>\n<meta property=\"article:modified_time\" content=\"2026-04-27T07:53:40+00:00\" \/>\n<meta property=\"og:image\" content=\"https:\/\/portalmf.com.br\/wp-content\/uploads\/2026\/04\/Prefeito-Jaiba-Feira-em-Acao-Fotos-Junior-Araujo-25-04-25-161.jpg\" \/>\n\t<meta property=\"og:image:width\" content=\"1299\" \/>\n\t<meta property=\"og:image:height\" content=\"866\" \/>\n\t<meta property=\"og:image:type\" content=\"image\/jpeg\" \/>\n<meta name=\"author\" content=\"Reda\u00e7\u00e3o Portal MF\" \/>\n<meta name=\"twitter:card\" content=\"summary_large_image\" \/>\n<meta name=\"twitter:creator\" content=\"@https:\/\/x.com\/portalmfoficial\" \/>\n<meta name=\"twitter:label1\" content=\"Escrito por\" \/>\n\t<meta name=\"twitter:data1\" content=\"Reda\u00e7\u00e3o Portal MF\" \/>\n\t<meta name=\"twitter:label2\" content=\"Est. tempo de leitura\" \/>\n\t<meta name=\"twitter:data2\" content=\"3 minutos\" \/>\n<script type=\"application\/ld+json\" class=\"yoast-schema-graph\">{\"@context\":\"https:\/\/schema.org\",\"@graph\":[{\"@type\":\"WebPage\",\"@id\":\"https:\/\/portalmf.com.br\/index.php\/2026\/04\/27\/centenas-de-pessoas-sao-atendidas-no-projeto-feira-em-acao-em-jaiba\/\",\"url\":\"https:\/\/portalmf.com.br\/index.php\/2026\/04\/27\/centenas-de-pessoas-sao-atendidas-no-projeto-feira-em-acao-em-jaiba\/\",\"name\":\"Centenas de pessoas s\u00e3o atendidas no Projeto Feira em A\u00e7\u00e3o, em Ja\u00edba - Portal MF\",\"isPartOf\":{\"@id\":\"https:\/\/portalmf.com.br\/#website\"},\"primaryImageOfPage\":{\"@id\":\"https:\/\/portalmf.com.br\/index.php\/2026\/04\/27\/centenas-de-pessoas-sao-atendidas-no-projeto-feira-em-acao-em-jaiba\/#primaryimage\"},\"image\":{\"@id\":\"https:\/\/portalmf.com.br\/index.php\/2026\/04\/27\/centenas-de-pessoas-sao-atendidas-no-projeto-feira-em-acao-em-jaiba\/#primaryimage\"},\"thumbnailUrl\":\"https:\/\/portalmf.com.br\/wp-content\/uploads\/2026\/04\/Prefeito-Jaiba-Feira-em-Acao-Fotos-Junior-Araujo-25-04-25-161.jpg\",\"datePublished\":\"2026-04-27T07:53:39+00:00\",\"dateModified\":\"2026-04-27T07:53:40+00:00\",\"author\":{\"@id\":\"https:\/\/portalmf.com.br\/#\/schema\/person\/9ec101baf56233e53520c26de5d6f6f0\"},\"breadcrumb\":{\"@id\":\"https:\/\/portalmf.com.br\/index.php\/2026\/04\/27\/centenas-de-pessoas-sao-atendidas-no-projeto-feira-em-acao-em-jaiba\/#breadcrumb\"},\"inLanguage\":\"pt-BR\",\"potentialAction\":[{\"@type\":\"ReadAction\",\"target\":[\"https:\/\/portalmf.com.br\/index.php\/2026\/04\/27\/centenas-de-pessoas-sao-atendidas-no-projeto-feira-em-acao-em-jaiba\/\"]}]},{\"@type\":\"ImageObject\",\"inLanguage\":\"pt-BR\",\"@id\":\"https:\/\/portalmf.com.br\/index.php\/2026\/04\/27\/centenas-de-pessoas-sao-atendidas-no-projeto-feira-em-acao-em-jaiba\/#primaryimage\",\"url\":\"https:\/\/portalmf.com.br\/wp-content\/uploads\/2026\/04\/Prefeito-Jaiba-Feira-em-Acao-Fotos-Junior-Araujo-25-04-25-161.jpg\",\"contentUrl\":\"https:\/\/portalmf.com.br\/wp-content\/uploads\/2026\/04\/Prefeito-Jaiba-Feira-em-Acao-Fotos-Junior-Araujo-25-04-25-161.jpg\",\"width\":1299,\"height\":866},{\"@type\":\"BreadcrumbList\",\"@id\":\"https:\/\/portalmf.com.br\/index.php\/2026\/04\/27\/centenas-de-pessoas-sao-atendidas-no-projeto-feira-em-acao-em-jaiba\/#breadcrumb\",\"itemListElement\":[{\"@type\":\"ListItem\",\"position\":1,\"name\":\"In\u00edcio\",\"item\":\"https:\/\/portalmf.com.br\/\"},{\"@type\":\"ListItem\",\"position\":2,\"name\":\"Centenas de pessoas s\u00e3o atendidas no Projeto Feira em A\u00e7\u00e3o, em Ja\u00edba\"}]},{\"@type\":\"WebSite\",\"@id\":\"https:\/\/portalmf.com.br\/#website\",\"url\":\"https:\/\/portalmf.com.br\/\",\"name\":\"Portal MF\",\"description\":\"Voc\u00ea conectado com a informa\u00e7\u00e3o\",\"potentialAction\":[{\"@type\":\"SearchAction\",\"target\":{\"@type\":\"EntryPoint\",\"urlTemplate\":\"https:\/\/portalmf.com.br\/?s={search_term_string}\"},\"query-input\":\"required name=search_term_string\"}],\"inLanguage\":\"pt-BR\"},{\"@type\":\"Person\",\"@id\":\"https:\/\/portalmf.com.br\/#\/schema\/person\/9ec101baf56233e53520c26de5d6f6f0\",\"name\":\"Reda\u00e7\u00e3o Portal MF\",\"image\":{\"@type\":\"ImageObject\",\"inLanguage\":\"pt-BR\",\"@id\":\"https:\/\/portalmf.com.br\/#\/schema\/person\/image\/\",\"url\":\"https:\/\/secure.gravatar.com\/avatar\/41b9aaeb2100835f7c64362330f74c7f?s=96&d=mm&r=g\",\"contentUrl\":\"https:\/\/secure.gravatar.com\/avatar\/41b9aaeb2100835f7c64362330f74c7f?s=96&d=mm&r=g\",\"caption\":\"Reda\u00e7\u00e3o Portal MF\"},\"description\":\"Sejam bem-vindos o portal de informa\u00e7\u00f5es de entretenimento de Feira de Santana, desde 2006 realiza coberturas dos principais eventos com entrevistas exclusivas com as principais personalidades mundiais. Fique conectado tamb\u00e9m nas redes sociais.\",\"sameAs\":[\"http:\/\/www.portalmf.com.br\/\",\"https:\/\/www.facebook.com\/portalmfoficial\",\"https:\/\/www.instagram.com\/portalmf\/\",\"https:\/\/x.com\/https:\/\/x.com\/portalmfoficial\",\"https:\/\/www.youtube.com\/@portalmfoficial\"],\"url\":\"https:\/\/portalmf.com.br\/index.php\/author\/junior\/\"}]}<\/script>\n<!-- \/ Yoast SEO plugin. -->","yoast_head_json":{"title":"Centenas de pessoas s\u00e3o atendidas no Projeto Feira em A\u00e7\u00e3o, em Ja\u00edba - Portal MF","robots":{"index":"index","follow":"follow","max-snippet":"max-snippet:-1","max-image-preview":"max-image-preview:large","max-video-preview":"max-video-preview:-1"},"canonical":"https:\/\/portalmf.com.br\/index.php\/2026\/04\/27\/centenas-de-pessoas-sao-atendidas-no-projeto-feira-em-acao-em-jaiba\/","og_locale":"pt_BR","og_type":"article","og_title":"Centenas de pessoas s\u00e3o atendidas no Projeto Feira em A\u00e7\u00e3o, em Ja\u00edba - Portal MF","og_description":"Centenas de pessoas foram atendidas em diversas \u00e1reas do servi\u00e7o p\u00fablico, na oitava e \u00faltima edi\u00e7\u00e3o desta etapa do Projeto Feira em A\u00e7\u00e3o, realizada neste s\u00e1bado (25), no distrito de Ja\u00edba. A pr\u00f3xima edi\u00e7\u00e3o contar\u00e1 com a inclus\u00e3o de bairros. Diversas secretarias montaram unidades avan\u00e7adas, como a de Sa\u00fade, que ofereceu marca\u00e7\u00e3o de exames, consultas [&hellip;]","og_url":"https:\/\/portalmf.com.br\/index.php\/2026\/04\/27\/centenas-de-pessoas-sao-atendidas-no-projeto-feira-em-acao-em-jaiba\/","og_site_name":"Portal MF","article_author":"https:\/\/www.facebook.com\/portalmfoficial","article_published_time":"2026-04-27T07:53:39+00:00","article_modified_time":"2026-04-27T07:53:40+00:00","og_image":[{"width":1299,"height":866,"url":"https:\/\/portalmf.com.br\/wp-content\/uploads\/2026\/04\/Prefeito-Jaiba-Feira-em-Acao-Fotos-Junior-Araujo-25-04-25-161.jpg","type":"image\/jpeg"}],"author":"Reda\u00e7\u00e3o Portal MF","twitter_card":"summary_large_image","twitter_creator":"@https:\/\/x.com\/portalmfoficial","twitter_misc":{"Escrito por":"Reda\u00e7\u00e3o Portal MF","Est. tempo de leitura":"3 minutos"},"schema":{"@context":"https:\/\/schema.org","@graph":[{"@type":"WebPage","@id":"https:\/\/portalmf.com.br\/index.php\/2026\/04\/27\/centenas-de-pessoas-sao-atendidas-no-projeto-feira-em-acao-em-jaiba\/","url":"https:\/\/portalmf.com.br\/index.php\/2026\/04\/27\/centenas-de-pessoas-sao-atendidas-no-projeto-feira-em-acao-em-jaiba\/","name":"Centenas de pessoas s\u00e3o atendidas no Projeto Feira em A\u00e7\u00e3o, em Ja\u00edba - Portal MF","isPartOf":{"@id":"https:\/\/portalmf.com.br\/#website"},"primaryImageOfPage":{"@id":"https:\/\/portalmf.com.br\/index.php\/2026\/04\/27\/centenas-de-pessoas-sao-atendidas-no-projeto-feira-em-acao-em-jaiba\/#primaryimage"},"image":{"@id":"https:\/\/portalmf.com.br\/index.php\/2026\/04\/27\/centenas-de-pessoas-sao-atendidas-no-projeto-feira-em-acao-em-jaiba\/#primaryimage"},"thumbnailUrl":"https:\/\/portalmf.com.br\/wp-content\/uploads\/2026\/04\/Prefeito-Jaiba-Feira-em-Acao-Fotos-Junior-Araujo-25-04-25-161.jpg","datePublished":"2026-04-27T07:53:39+00:00","dateModified":"2026-04-27T07:53:40+00:00","author":{"@id":"https:\/\/portalmf.com.br\/#\/schema\/person\/9ec101baf56233e53520c26de5d6f6f0"},"breadcrumb":{"@id":"https:\/\/portalmf.com.br\/index.php\/2026\/04\/27\/centenas-de-pessoas-sao-atendidas-no-projeto-feira-em-acao-em-jaiba\/#breadcrumb"},"inLanguage":"pt-BR","potentialAction":[{"@type":"ReadAction","target":["https:\/\/portalmf.com.br\/index.php\/2026\/04\/27\/centenas-de-pessoas-sao-atendidas-no-projeto-feira-em-acao-em-jaiba\/"]}]},{"@type":"ImageObject","inLanguage":"pt-BR","@id":"https:\/\/portalmf.com.br\/index.php\/2026\/04\/27\/centenas-de-pessoas-sao-atendidas-no-projeto-feira-em-acao-em-jaiba\/#primaryimage","url":"https:\/\/portalmf.com.br\/wp-content\/uploads\/2026\/04\/Prefeito-Jaiba-Feira-em-Acao-Fotos-Junior-Araujo-25-04-25-161.jpg","contentUrl":"https:\/\/portalmf.com.br\/wp-content\/uploads\/2026\/04\/Prefeito-Jaiba-Feira-em-Acao-Fotos-Junior-Araujo-25-04-25-161.jpg","width":1299,"height":866},{"@type":"BreadcrumbList","@id":"https:\/\/portalmf.com.br\/index.php\/2026\/04\/27\/centenas-de-pessoas-sao-atendidas-no-projeto-feira-em-acao-em-jaiba\/#breadcrumb","itemListElement":[{"@type":"ListItem","position":1,"name":"In\u00edcio","item":"https:\/\/portalmf.com.br\/"},{"@type":"ListItem","position":2,"name":"Centenas de pessoas s\u00e3o atendidas no Projeto Feira em A\u00e7\u00e3o, em Ja\u00edba"}]},{"@type":"WebSite","@id":"https:\/\/portalmf.com.br\/#website","url":"https:\/\/portalmf.com.br\/","name":"Portal MF","description":"Voc\u00ea conectado com a informa\u00e7\u00e3o","potentialAction":[{"@type":"SearchAction","target":{"@type":"EntryPoint","urlTemplate":"https:\/\/portalmf.com.br\/?s={search_term_string}"},"query-input":"required name=search_term_string"}],"inLanguage":"pt-BR"},{"@type":"Person","@id":"https:\/\/portalmf.com.br\/#\/schema\/person\/9ec101baf56233e53520c26de5d6f6f0","name":"Reda\u00e7\u00e3o Portal MF","image":{"@type":"ImageObject","inLanguage":"pt-BR","@id":"https:\/\/portalmf.com.br\/#\/schema\/person\/image\/","url":"https:\/\/secure.gravatar.com\/avatar\/41b9aaeb2100835f7c64362330f74c7f?s=96&d=mm&r=g","contentUrl":"https:\/\/secure.gravatar.com\/avatar\/41b9aaeb2100835f7c64362330f74c7f?s=96&d=mm&r=g","caption":"Reda\u00e7\u00e3o Portal MF"},"description":"Sejam bem-vindos o portal de informa\u00e7\u00f5es de entretenimento de Feira de Santana, desde 2006 realiza coberturas dos principais eventos com entrevistas exclusivas com as principais personalidades mundiais. Fique conectado tamb\u00e9m nas redes sociais.","sameAs":["http:\/\/www.portalmf.com.br\/","https:\/\/www.facebook.com\/portalmfoficial","https:\/\/www.instagram.com\/portalmf\/","https:\/\/x.com\/https:\/\/x.com\/portalmfoficial","https:\/\/www.youtube.com\/@portalmfoficial"],"url":"https:\/\/portalmf.com.br\/index.php\/author\/junior\/"}]}},"_links":{"self":[{"href":"https:\/\/portalmf.com.br\/index.php\/wp-json\/wp\/v2\/posts\/43613"}],"collection":[{"href":"https:\/\/portalmf.com.br\/index.php\/wp-json\/wp\/v2\/posts"}],"about":[{"href":"https:\/\/portalmf.com.br\/index.php\/wp-json\/wp\/v2\/types\/post"}],"author":[{"embeddable":true,"href":"https:\/\/portalmf.com.br\/index.php\/wp-json\/wp\/v2\/users\/3"}],"replies":[{"embeddable":true,"href":"https:\/\/portalmf.com.br\/index.php\/wp-json\/wp\/v2\/comments?post=43613"}],"version-history":[{"count":1,"href":"https:\/\/portalmf.com.br\/index.php\/wp-json\/wp\/v2\/posts\/43613\/revisions"}],"predecessor-version":[{"id":43615,"href":"https:\/\/portalmf.com.br\/index.php\/wp-json\/wp\/v2\/posts\/43613\/revisions\/43615"}],"wp:featuredmedia":[{"embeddable":true,"href":"https:\/\/portalmf.com.br\/index.php\/wp-json\/wp\/v2\/media\/43614"}],"wp:attachment":[{"href":"https:\/\/portalmf.com.br\/index.php\/wp-json\/wp\/v2\/media?parent=43613"}],"wp:term":[{"taxonomy":"category","embeddable":true,"href":"https:\/\/portalmf.com.br\/index.php\/wp-json\/wp\/v2\/categories?post=43613"},{"taxonomy":"post_tag","embeddable":true,"href":"https:\/\/portalmf.com.br\/index.php\/wp-json\/wp\/v2\/tags?post=43613"}],"curies":[{"name":"wp","href":"https:\/\/api.w.org\/{rel}","templated":true}]}}