{"id":43610,"date":"2026-04-27T04:46:47","date_gmt":"2026-04-27T07:46:47","guid":{"rendered":"https:\/\/portalmf.com.br\/?p=43610"},"modified":"2026-04-27T04:46:48","modified_gmt":"2026-04-27T07:46:48","slug":"duplicacao-da-avenida-artemia-pires-ja-conta-com-canteiro-de-obras-montado","status":"publish","type":"post","link":"https:\/\/portalmf.com.br\/index.php\/2026\/04\/27\/duplicacao-da-avenida-artemia-pires-ja-conta-com-canteiro-de-obras-montado\/","title":{"rendered":"Duplica\u00e7\u00e3o da avenida Art\u00eamia Pires j\u00e1 conta com canteiro de obras montado"},"content":{"rendered":"\n<p>A empresa respons\u00e1vel pela execu\u00e7\u00e3o dos servi\u00e7os de duplica\u00e7\u00e3o da avenida Art\u00eamia Pires, no bairro Sim, j\u00e1 iniciou a instala\u00e7\u00e3o do canteiro de obras. A duplica\u00e7\u00e3o da via, promovida pelo governo do prefeito Jos\u00e9 Ronaldo de Carvalho, envolve recursos que giram em torno de R$ 60 milh\u00f5es e contempla um dos principais vetores de crescimento da cidade.<\/p>\n\n\n\n<p>As obras de duplica\u00e7\u00e3o da avenida Art\u00eamia Pires v\u00e3o contemplar o trecho que segue at\u00e9 a Lagoa de Berreca. As interven\u00e7\u00f5es s\u00e3o executadas com recursos pr\u00f3prios do munic\u00edpio, e a empresa respons\u00e1vel pelos servi\u00e7os foi contratada por meio de licita\u00e7\u00e3o p\u00fablica internacional.<\/p>\n\n\n\n<p>De acordo com o diretor do Departamento de Obras da Superintend\u00eancia de Opera\u00e7\u00f5es e Manuten\u00e7\u00e3o (SOMA) da Prefeitura de Feira de Santana, Ianco Pinho, a empresa segue com a an\u00e1lise e execu\u00e7\u00e3o do projeto e j\u00e1 finalizou a atualiza\u00e7\u00e3o da topografia.<\/p>\n\n\n\n<p>As interven\u00e7\u00f5es fazem parte de compromisso assumido pelo prefeito Jos\u00e9 Ronaldo de Carvalho com a comunidade. Ele recorda que, desde 2015, quando da inaugura\u00e7\u00e3o do campus da FTC (atual Unex), a administra\u00e7\u00e3o municipal j\u00e1 observava aquela regi\u00e3o da cidade como importante vetor de crescimento.<\/p>\n\n\n\n<p>Al\u00e9m da duplica\u00e7\u00e3o da avenida Art\u00eamia Pires, o Governo Municipal tamb\u00e9m executar\u00e1 obras de drenagem de \u00e1guas pluviais, redes de esgotamento sanit\u00e1rio, implanta\u00e7\u00e3o de passeios, moderna ilumina\u00e7\u00e3o p\u00fablica, al\u00e9m de sinaliza\u00e7\u00e3o horizontal e vertical.<\/p>\n\n\n\n<p>As obras ser\u00e3o executadas ao longo da avenida Art\u00eamia Pires, contemplando o trecho entre a Unex (antiga FTC) e a avenida Fernando Pinto de Queiroz com tr\u00eas pistas e, a partir da\u00ed at\u00e9 as imedia\u00e7\u00f5es da Lagoa de Berreca, com quatro pistas.<\/p>\n\n\n\n<p>As interven\u00e7\u00f5es tamb\u00e9m preveem a execu\u00e7\u00e3o de obras de infraestrutura para urbaniza\u00e7\u00e3o, com pavimenta\u00e7\u00e3o asf\u00e1ltica em CBUQ (Concreto Betuminoso Usinado a Quente) de ruas e avenidas que ligar\u00e3o a Art\u00eamia Pires \u00e0s avenidas S\u00e9rgio Carneiro, S\u00edlvio Matos e Eduardo Fr\u00f3es da Motta (Anel de Contorno).<\/p>\n\n\n\n<p>A previs\u00e3o dos t\u00e9cnicos da Prefeitura \u00e9 de que as obras sejam conclu\u00eddas em at\u00e9 18 meses. Nesse mesmo per\u00edodo, a Embasa e a Bahiag\u00e1s dever\u00e3o executar as obras necess\u00e1rias para a implanta\u00e7\u00e3o de suas redes antes da realiza\u00e7\u00e3o da pavimenta\u00e7\u00e3o asf\u00e1ltica.<\/p>\n","protected":false},"excerpt":{"rendered":"<p>A empresa respons\u00e1vel pela execu\u00e7\u00e3o dos servi\u00e7os de duplica\u00e7\u00e3o da avenida Art\u00eamia Pires, no bairro Sim, j\u00e1 iniciou a instala\u00e7\u00e3o do canteiro de obras. A duplica\u00e7\u00e3o da via, promovida pelo governo do prefeito Jos\u00e9 Ronaldo de Carvalho, envolve recursos que giram em torno de R$ 60 milh\u00f5es e contempla um dos principais vetores de crescimento [&hellip;]<\/p>\n","protected":false},"author":3,"featured_media":43611,"comment_status":"open","ping_status":"open","sticky":false,"template":"","format":"standard","meta":{"_monsterinsights_skip_tracking":false,"_monsterinsights_sitenote_active":false,"_monsterinsights_sitenote_note":"","_monsterinsights_sitenote_category":0,"footnotes":""},"categories":[34],"tags":[],"yoast_head":"<!-- This site is optimized with the Yoast SEO plugin v22.9 - https:\/\/yoast.com\/wordpress\/plugins\/seo\/ -->\n<title>Duplica\u00e7\u00e3o da avenida Art\u00eamia Pires j\u00e1 conta com canteiro de obras montado - Portal MF<\/title>\n<meta name=\"robots\" content=\"index, follow, max-snippet:-1, max-image-preview:large, max-video-preview:-1\" \/>\n<link rel=\"canonical\" href=\"https:\/\/portalmf.com.br\/index.php\/2026\/04\/27\/duplicacao-da-avenida-artemia-pires-ja-conta-com-canteiro-de-obras-montado\/\" \/>\n<meta property=\"og:locale\" content=\"pt_BR\" \/>\n<meta property=\"og:type\" content=\"article\" \/>\n<meta property=\"og:title\" content=\"Duplica\u00e7\u00e3o da avenida Art\u00eamia Pires j\u00e1 conta com canteiro de obras montado - Portal MF\" \/>\n<meta property=\"og:description\" content=\"A empresa respons\u00e1vel pela execu\u00e7\u00e3o dos servi\u00e7os de duplica\u00e7\u00e3o da avenida Art\u00eamia Pires, no bairro Sim, j\u00e1 iniciou a instala\u00e7\u00e3o do canteiro de obras. A duplica\u00e7\u00e3o da via, promovida pelo governo do prefeito Jos\u00e9 Ronaldo de Carvalho, envolve recursos que giram em torno de R$ 60 milh\u00f5es e contempla um dos principais vetores de crescimento [&hellip;]\" \/>\n<meta property=\"og:url\" content=\"https:\/\/portalmf.com.br\/index.php\/2026\/04\/27\/duplicacao-da-avenida-artemia-pires-ja-conta-com-canteiro-de-obras-montado\/\" \/>\n<meta property=\"og:site_name\" content=\"Portal MF\" \/>\n<meta property=\"article:author\" content=\"https:\/\/www.facebook.com\/portalmfoficial\" \/>\n<meta property=\"article:published_time\" content=\"2026-04-27T07:46:47+00:00\" \/>\n<meta property=\"article:modified_time\" content=\"2026-04-27T07:46:48+00:00\" \/>\n<meta property=\"og:image\" content=\"https:\/\/portalmf.com.br\/wp-content\/uploads\/2026\/04\/37ab9467-47d1-4020-a3b0-c9c6ae3dc73c.jpg\" \/>\n\t<meta property=\"og:image:width\" content=\"1299\" \/>\n\t<meta property=\"og:image:height\" content=\"866\" \/>\n\t<meta property=\"og:image:type\" content=\"image\/jpeg\" \/>\n<meta name=\"author\" content=\"Reda\u00e7\u00e3o Portal MF\" \/>\n<meta name=\"twitter:card\" content=\"summary_large_image\" \/>\n<meta name=\"twitter:creator\" content=\"@https:\/\/x.com\/portalmfoficial\" \/>\n<meta name=\"twitter:label1\" content=\"Escrito por\" \/>\n\t<meta name=\"twitter:data1\" content=\"Reda\u00e7\u00e3o Portal MF\" \/>\n\t<meta name=\"twitter:label2\" content=\"Est. tempo de leitura\" \/>\n\t<meta name=\"twitter:data2\" content=\"3 minutos\" \/>\n<script type=\"application\/ld+json\" class=\"yoast-schema-graph\">{\"@context\":\"https:\/\/schema.org\",\"@graph\":[{\"@type\":\"WebPage\",\"@id\":\"https:\/\/portalmf.com.br\/index.php\/2026\/04\/27\/duplicacao-da-avenida-artemia-pires-ja-conta-com-canteiro-de-obras-montado\/\",\"url\":\"https:\/\/portalmf.com.br\/index.php\/2026\/04\/27\/duplicacao-da-avenida-artemia-pires-ja-conta-com-canteiro-de-obras-montado\/\",\"name\":\"Duplica\u00e7\u00e3o da avenida Art\u00eamia Pires j\u00e1 conta com canteiro de obras montado - Portal MF\",\"isPartOf\":{\"@id\":\"https:\/\/portalmf.com.br\/#website\"},\"primaryImageOfPage\":{\"@id\":\"https:\/\/portalmf.com.br\/index.php\/2026\/04\/27\/duplicacao-da-avenida-artemia-pires-ja-conta-com-canteiro-de-obras-montado\/#primaryimage\"},\"image\":{\"@id\":\"https:\/\/portalmf.com.br\/index.php\/2026\/04\/27\/duplicacao-da-avenida-artemia-pires-ja-conta-com-canteiro-de-obras-montado\/#primaryimage\"},\"thumbnailUrl\":\"https:\/\/portalmf.com.br\/wp-content\/uploads\/2026\/04\/37ab9467-47d1-4020-a3b0-c9c6ae3dc73c.jpg\",\"datePublished\":\"2026-04-27T07:46:47+00:00\",\"dateModified\":\"2026-04-27T07:46:48+00:00\",\"author\":{\"@id\":\"https:\/\/portalmf.com.br\/#\/schema\/person\/9ec101baf56233e53520c26de5d6f6f0\"},\"breadcrumb\":{\"@id\":\"https:\/\/portalmf.com.br\/index.php\/2026\/04\/27\/duplicacao-da-avenida-artemia-pires-ja-conta-com-canteiro-de-obras-montado\/#breadcrumb\"},\"inLanguage\":\"pt-BR\",\"potentialAction\":[{\"@type\":\"ReadAction\",\"target\":[\"https:\/\/portalmf.com.br\/index.php\/2026\/04\/27\/duplicacao-da-avenida-artemia-pires-ja-conta-com-canteiro-de-obras-montado\/\"]}]},{\"@type\":\"ImageObject\",\"inLanguage\":\"pt-BR\",\"@id\":\"https:\/\/portalmf.com.br\/index.php\/2026\/04\/27\/duplicacao-da-avenida-artemia-pires-ja-conta-com-canteiro-de-obras-montado\/#primaryimage\",\"url\":\"https:\/\/portalmf.com.br\/wp-content\/uploads\/2026\/04\/37ab9467-47d1-4020-a3b0-c9c6ae3dc73c.jpg\",\"contentUrl\":\"https:\/\/portalmf.com.br\/wp-content\/uploads\/2026\/04\/37ab9467-47d1-4020-a3b0-c9c6ae3dc73c.jpg\",\"width\":1299,\"height\":866},{\"@type\":\"BreadcrumbList\",\"@id\":\"https:\/\/portalmf.com.br\/index.php\/2026\/04\/27\/duplicacao-da-avenida-artemia-pires-ja-conta-com-canteiro-de-obras-montado\/#breadcrumb\",\"itemListElement\":[{\"@type\":\"ListItem\",\"position\":1,\"name\":\"In\u00edcio\",\"item\":\"https:\/\/portalmf.com.br\/\"},{\"@type\":\"ListItem\",\"position\":2,\"name\":\"Duplica\u00e7\u00e3o da avenida Art\u00eamia Pires j\u00e1 conta com canteiro de obras montado\"}]},{\"@type\":\"WebSite\",\"@id\":\"https:\/\/portalmf.com.br\/#website\",\"url\":\"https:\/\/portalmf.com.br\/\",\"name\":\"Portal MF\",\"description\":\"Voc\u00ea conectado com a informa\u00e7\u00e3o\",\"potentialAction\":[{\"@type\":\"SearchAction\",\"target\":{\"@type\":\"EntryPoint\",\"urlTemplate\":\"https:\/\/portalmf.com.br\/?s={search_term_string}\"},\"query-input\":\"required name=search_term_string\"}],\"inLanguage\":\"pt-BR\"},{\"@type\":\"Person\",\"@id\":\"https:\/\/portalmf.com.br\/#\/schema\/person\/9ec101baf56233e53520c26de5d6f6f0\",\"name\":\"Reda\u00e7\u00e3o Portal MF\",\"image\":{\"@type\":\"ImageObject\",\"inLanguage\":\"pt-BR\",\"@id\":\"https:\/\/portalmf.com.br\/#\/schema\/person\/image\/\",\"url\":\"https:\/\/secure.gravatar.com\/avatar\/41b9aaeb2100835f7c64362330f74c7f?s=96&d=mm&r=g\",\"contentUrl\":\"https:\/\/secure.gravatar.com\/avatar\/41b9aaeb2100835f7c64362330f74c7f?s=96&d=mm&r=g\",\"caption\":\"Reda\u00e7\u00e3o Portal MF\"},\"description\":\"Sejam bem-vindos o portal de informa\u00e7\u00f5es de entretenimento de Feira de Santana, desde 2006 realiza coberturas dos principais eventos com entrevistas exclusivas com as principais personalidades mundiais. Fique conectado tamb\u00e9m nas redes sociais.\",\"sameAs\":[\"http:\/\/www.portalmf.com.br\/\",\"https:\/\/www.facebook.com\/portalmfoficial\",\"https:\/\/www.instagram.com\/portalmf\/\",\"https:\/\/x.com\/https:\/\/x.com\/portalmfoficial\",\"https:\/\/www.youtube.com\/@portalmfoficial\"],\"url\":\"https:\/\/portalmf.com.br\/index.php\/author\/junior\/\"}]}<\/script>\n<!-- \/ Yoast SEO plugin. -->","yoast_head_json":{"title":"Duplica\u00e7\u00e3o da avenida Art\u00eamia Pires j\u00e1 conta com canteiro de obras montado - Portal MF","robots":{"index":"index","follow":"follow","max-snippet":"max-snippet:-1","max-image-preview":"max-image-preview:large","max-video-preview":"max-video-preview:-1"},"canonical":"https:\/\/portalmf.com.br\/index.php\/2026\/04\/27\/duplicacao-da-avenida-artemia-pires-ja-conta-com-canteiro-de-obras-montado\/","og_locale":"pt_BR","og_type":"article","og_title":"Duplica\u00e7\u00e3o da avenida Art\u00eamia Pires j\u00e1 conta com canteiro de obras montado - Portal MF","og_description":"A empresa respons\u00e1vel pela execu\u00e7\u00e3o dos servi\u00e7os de duplica\u00e7\u00e3o da avenida Art\u00eamia Pires, no bairro Sim, j\u00e1 iniciou a instala\u00e7\u00e3o do canteiro de obras. A duplica\u00e7\u00e3o da via, promovida pelo governo do prefeito Jos\u00e9 Ronaldo de Carvalho, envolve recursos que giram em torno de R$ 60 milh\u00f5es e contempla um dos principais vetores de crescimento [&hellip;]","og_url":"https:\/\/portalmf.com.br\/index.php\/2026\/04\/27\/duplicacao-da-avenida-artemia-pires-ja-conta-com-canteiro-de-obras-montado\/","og_site_name":"Portal MF","article_author":"https:\/\/www.facebook.com\/portalmfoficial","article_published_time":"2026-04-27T07:46:47+00:00","article_modified_time":"2026-04-27T07:46:48+00:00","og_image":[{"width":1299,"height":866,"url":"https:\/\/portalmf.com.br\/wp-content\/uploads\/2026\/04\/37ab9467-47d1-4020-a3b0-c9c6ae3dc73c.jpg","type":"image\/jpeg"}],"author":"Reda\u00e7\u00e3o Portal MF","twitter_card":"summary_large_image","twitter_creator":"@https:\/\/x.com\/portalmfoficial","twitter_misc":{"Escrito por":"Reda\u00e7\u00e3o Portal MF","Est. tempo de leitura":"3 minutos"},"schema":{"@context":"https:\/\/schema.org","@graph":[{"@type":"WebPage","@id":"https:\/\/portalmf.com.br\/index.php\/2026\/04\/27\/duplicacao-da-avenida-artemia-pires-ja-conta-com-canteiro-de-obras-montado\/","url":"https:\/\/portalmf.com.br\/index.php\/2026\/04\/27\/duplicacao-da-avenida-artemia-pires-ja-conta-com-canteiro-de-obras-montado\/","name":"Duplica\u00e7\u00e3o da avenida Art\u00eamia Pires j\u00e1 conta com canteiro de obras montado - Portal MF","isPartOf":{"@id":"https:\/\/portalmf.com.br\/#website"},"primaryImageOfPage":{"@id":"https:\/\/portalmf.com.br\/index.php\/2026\/04\/27\/duplicacao-da-avenida-artemia-pires-ja-conta-com-canteiro-de-obras-montado\/#primaryimage"},"image":{"@id":"https:\/\/portalmf.com.br\/index.php\/2026\/04\/27\/duplicacao-da-avenida-artemia-pires-ja-conta-com-canteiro-de-obras-montado\/#primaryimage"},"thumbnailUrl":"https:\/\/portalmf.com.br\/wp-content\/uploads\/2026\/04\/37ab9467-47d1-4020-a3b0-c9c6ae3dc73c.jpg","datePublished":"2026-04-27T07:46:47+00:00","dateModified":"2026-04-27T07:46:48+00:00","author":{"@id":"https:\/\/portalmf.com.br\/#\/schema\/person\/9ec101baf56233e53520c26de5d6f6f0"},"breadcrumb":{"@id":"https:\/\/portalmf.com.br\/index.php\/2026\/04\/27\/duplicacao-da-avenida-artemia-pires-ja-conta-com-canteiro-de-obras-montado\/#breadcrumb"},"inLanguage":"pt-BR","potentialAction":[{"@type":"ReadAction","target":["https:\/\/portalmf.com.br\/index.php\/2026\/04\/27\/duplicacao-da-avenida-artemia-pires-ja-conta-com-canteiro-de-obras-montado\/"]}]},{"@type":"ImageObject","inLanguage":"pt-BR","@id":"https:\/\/portalmf.com.br\/index.php\/2026\/04\/27\/duplicacao-da-avenida-artemia-pires-ja-conta-com-canteiro-de-obras-montado\/#primaryimage","url":"https:\/\/portalmf.com.br\/wp-content\/uploads\/2026\/04\/37ab9467-47d1-4020-a3b0-c9c6ae3dc73c.jpg","contentUrl":"https:\/\/portalmf.com.br\/wp-content\/uploads\/2026\/04\/37ab9467-47d1-4020-a3b0-c9c6ae3dc73c.jpg","width":1299,"height":866},{"@type":"BreadcrumbList","@id":"https:\/\/portalmf.com.br\/index.php\/2026\/04\/27\/duplicacao-da-avenida-artemia-pires-ja-conta-com-canteiro-de-obras-montado\/#breadcrumb","itemListElement":[{"@type":"ListItem","position":1,"name":"In\u00edcio","item":"https:\/\/portalmf.com.br\/"},{"@type":"ListItem","position":2,"name":"Duplica\u00e7\u00e3o da avenida Art\u00eamia Pires j\u00e1 conta com canteiro de obras montado"}]},{"@type":"WebSite","@id":"https:\/\/portalmf.com.br\/#website","url":"https:\/\/portalmf.com.br\/","name":"Portal MF","description":"Voc\u00ea conectado com a informa\u00e7\u00e3o","potentialAction":[{"@type":"SearchAction","target":{"@type":"EntryPoint","urlTemplate":"https:\/\/portalmf.com.br\/?s={search_term_string}"},"query-input":"required name=search_term_string"}],"inLanguage":"pt-BR"},{"@type":"Person","@id":"https:\/\/portalmf.com.br\/#\/schema\/person\/9ec101baf56233e53520c26de5d6f6f0","name":"Reda\u00e7\u00e3o Portal MF","image":{"@type":"ImageObject","inLanguage":"pt-BR","@id":"https:\/\/portalmf.com.br\/#\/schema\/person\/image\/","url":"https:\/\/secure.gravatar.com\/avatar\/41b9aaeb2100835f7c64362330f74c7f?s=96&d=mm&r=g","contentUrl":"https:\/\/secure.gravatar.com\/avatar\/41b9aaeb2100835f7c64362330f74c7f?s=96&d=mm&r=g","caption":"Reda\u00e7\u00e3o Portal MF"},"description":"Sejam bem-vindos o portal de informa\u00e7\u00f5es de entretenimento de Feira de Santana, desde 2006 realiza coberturas dos principais eventos com entrevistas exclusivas com as principais personalidades mundiais. Fique conectado tamb\u00e9m nas redes sociais.","sameAs":["http:\/\/www.portalmf.com.br\/","https:\/\/www.facebook.com\/portalmfoficial","https:\/\/www.instagram.com\/portalmf\/","https:\/\/x.com\/https:\/\/x.com\/portalmfoficial","https:\/\/www.youtube.com\/@portalmfoficial"],"url":"https:\/\/portalmf.com.br\/index.php\/author\/junior\/"}]}},"_links":{"self":[{"href":"https:\/\/portalmf.com.br\/index.php\/wp-json\/wp\/v2\/posts\/43610"}],"collection":[{"href":"https:\/\/portalmf.com.br\/index.php\/wp-json\/wp\/v2\/posts"}],"about":[{"href":"https:\/\/portalmf.com.br\/index.php\/wp-json\/wp\/v2\/types\/post"}],"author":[{"embeddable":true,"href":"https:\/\/portalmf.com.br\/index.php\/wp-json\/wp\/v2\/users\/3"}],"replies":[{"embeddable":true,"href":"https:\/\/portalmf.com.br\/index.php\/wp-json\/wp\/v2\/comments?post=43610"}],"version-history":[{"count":1,"href":"https:\/\/portalmf.com.br\/index.php\/wp-json\/wp\/v2\/posts\/43610\/revisions"}],"predecessor-version":[{"id":43612,"href":"https:\/\/portalmf.com.br\/index.php\/wp-json\/wp\/v2\/posts\/43610\/revisions\/43612"}],"wp:featuredmedia":[{"embeddable":true,"href":"https:\/\/portalmf.com.br\/index.php\/wp-json\/wp\/v2\/media\/43611"}],"wp:attachment":[{"href":"https:\/\/portalmf.com.br\/index.php\/wp-json\/wp\/v2\/media?parent=43610"}],"wp:term":[{"taxonomy":"category","embeddable":true,"href":"https:\/\/portalmf.com.br\/index.php\/wp-json\/wp\/v2\/categories?post=43610"},{"taxonomy":"post_tag","embeddable":true,"href":"https:\/\/portalmf.com.br\/index.php\/wp-json\/wp\/v2\/tags?post=43610"}],"curies":[{"name":"wp","href":"https:\/\/api.w.org\/{rel}","templated":true}]}}