{"id":43607,"date":"2026-04-27T04:41:03","date_gmt":"2026-04-27T07:41:03","guid":{"rendered":"https:\/\/portalmf.com.br\/?p=43607"},"modified":"2026-04-27T04:41:04","modified_gmt":"2026-04-27T07:41:04","slug":"rede-municipal-ganha-o-reforco-de-mais-189-novos-professores","status":"publish","type":"post","link":"https:\/\/portalmf.com.br\/index.php\/2026\/04\/27\/rede-municipal-ganha-o-reforco-de-mais-189-novos-professores\/","title":{"rendered":"Rede municipal ganha o refor\u00e7o de mais 189 novos professores"},"content":{"rendered":"\n<p>A Secretaria de Educa\u00e7\u00e3o de Feira de Santana ganhou o refor\u00e7o de 189 novos professores contratados pelo Reda (Regime Especial de Direito Administrativo). Os termos de posse nos cargos foram assinados neste s\u00e1bado, 25, e os profissionais j\u00e1 estar\u00e3o em sala de aula na pr\u00f3xima segunda-feira, 27.<\/p>\n\n\n\n<p>O prefeito Jos\u00e9 Ronaldo de Carvalho disse que os novos professores devem levar \u00e0s salas de aula, al\u00e9m da vontade de ensinar, o amor que a profiss\u00e3o exige para que os objetivos sejam alcan\u00e7ados. \u201cAcredito que todos voc\u00eas carregam esse sentimento em seus cora\u00e7\u00f5es\u201d.<\/p>\n\n\n\n<p>Ele lembrou que o munic\u00edpio tem o objetivo de atender toda a demanda da rede municipal. \u201cDesejamos e vamos nomear professores para todas as salas de aula da nossa rede\u201d. Outros dever\u00e3o ser chamados dentro de mais alguns dias pela Secretaria de Administra\u00e7\u00e3o para entrega de documentos para a nomea\u00e7\u00e3o.<\/p>\n\n\n\n<p>Centenas de professores j\u00e1 foram incorporados \u00e0 rede municipal. O prefeito enfatizou que, no segundo semestre, outras mil vagas ser\u00e3o ocupadas pelos aprovados no \u00faltimo concurso p\u00fablico, cujas provas foram aplicadas em mar\u00e7o deste ano. \u201c\u00c9 uma alegria empossar professores\u201d, afirmou o prefeito, que lecionou durante tr\u00eas anos na rede estadual, nos anos 80.<\/p>\n\n\n\n<p>O vice-prefeito e secret\u00e1rio de Educa\u00e7\u00e3o, Pablo Roberto, disse que o momento de nomea\u00e7\u00e3o de professores \u00e9 especial para a administra\u00e7\u00e3o p\u00fablica como um todo. Destacou que, nestes 16 meses de governo, as solenidades de posse de professores se multiplicaram. \u201c\u00c9 um ato com muitos simbolismos\u201d.<\/p>\n\n\n\n<p>Estiveram presentes os secret\u00e1rios municipais de Administra\u00e7\u00e3o, Sandra Peggy, e o de Comunica\u00e7\u00e3o Social, Joilton Freitas.<\/p>\n\n\n\n<p>Com informa\u00e7\u00f5es da Secom<\/p>\n","protected":false},"excerpt":{"rendered":"<p>A Secretaria de Educa\u00e7\u00e3o de Feira de Santana ganhou o refor\u00e7o de 189 novos professores contratados pelo Reda (Regime Especial de Direito Administrativo). Os termos de posse nos cargos foram assinados neste s\u00e1bado, 25, e os profissionais j\u00e1 estar\u00e3o em sala de aula na pr\u00f3xima segunda-feira, 27. O prefeito Jos\u00e9 Ronaldo de Carvalho disse que [&hellip;]<\/p>\n","protected":false},"author":3,"featured_media":43608,"comment_status":"open","ping_status":"open","sticky":false,"template":"","format":"standard","meta":{"_monsterinsights_skip_tracking":false,"_monsterinsights_sitenote_active":false,"_monsterinsights_sitenote_note":"","_monsterinsights_sitenote_category":0,"footnotes":""},"categories":[34],"tags":[],"yoast_head":"<!-- This site is optimized with the Yoast SEO plugin v22.9 - https:\/\/yoast.com\/wordpress\/plugins\/seo\/ -->\n<title>Rede municipal ganha o refor\u00e7o de mais 189 novos professores - Portal MF<\/title>\n<meta name=\"robots\" content=\"index, follow, max-snippet:-1, max-image-preview:large, max-video-preview:-1\" \/>\n<link rel=\"canonical\" href=\"https:\/\/portalmf.com.br\/index.php\/2026\/04\/27\/rede-municipal-ganha-o-reforco-de-mais-189-novos-professores\/\" \/>\n<meta property=\"og:locale\" content=\"pt_BR\" \/>\n<meta property=\"og:type\" content=\"article\" \/>\n<meta property=\"og:title\" content=\"Rede municipal ganha o refor\u00e7o de mais 189 novos professores - Portal MF\" \/>\n<meta property=\"og:description\" content=\"A Secretaria de Educa\u00e7\u00e3o de Feira de Santana ganhou o refor\u00e7o de 189 novos professores contratados pelo Reda (Regime Especial de Direito Administrativo). Os termos de posse nos cargos foram assinados neste s\u00e1bado, 25, e os profissionais j\u00e1 estar\u00e3o em sala de aula na pr\u00f3xima segunda-feira, 27. O prefeito Jos\u00e9 Ronaldo de Carvalho disse que [&hellip;]\" \/>\n<meta property=\"og:url\" content=\"https:\/\/portalmf.com.br\/index.php\/2026\/04\/27\/rede-municipal-ganha-o-reforco-de-mais-189-novos-professores\/\" \/>\n<meta property=\"og:site_name\" content=\"Portal MF\" \/>\n<meta property=\"article:author\" content=\"https:\/\/www.facebook.com\/portalmfoficial\" \/>\n<meta property=\"article:published_time\" content=\"2026-04-27T07:41:03+00:00\" \/>\n<meta property=\"article:modified_time\" content=\"2026-04-27T07:41:04+00:00\" \/>\n<meta property=\"og:image\" content=\"https:\/\/portalmf.com.br\/wp-content\/uploads\/2026\/04\/r10.jpg\" \/>\n\t<meta property=\"og:image:width\" content=\"1299\" \/>\n\t<meta property=\"og:image:height\" content=\"866\" \/>\n\t<meta property=\"og:image:type\" content=\"image\/jpeg\" \/>\n<meta name=\"author\" content=\"Reda\u00e7\u00e3o Portal MF\" \/>\n<meta name=\"twitter:card\" content=\"summary_large_image\" \/>\n<meta name=\"twitter:creator\" content=\"@https:\/\/x.com\/portalmfoficial\" \/>\n<meta name=\"twitter:label1\" content=\"Escrito por\" \/>\n\t<meta name=\"twitter:data1\" content=\"Reda\u00e7\u00e3o Portal MF\" \/>\n\t<meta name=\"twitter:label2\" content=\"Est. tempo de leitura\" \/>\n\t<meta name=\"twitter:data2\" content=\"2 minutos\" \/>\n<script type=\"application\/ld+json\" class=\"yoast-schema-graph\">{\"@context\":\"https:\/\/schema.org\",\"@graph\":[{\"@type\":\"WebPage\",\"@id\":\"https:\/\/portalmf.com.br\/index.php\/2026\/04\/27\/rede-municipal-ganha-o-reforco-de-mais-189-novos-professores\/\",\"url\":\"https:\/\/portalmf.com.br\/index.php\/2026\/04\/27\/rede-municipal-ganha-o-reforco-de-mais-189-novos-professores\/\",\"name\":\"Rede municipal ganha o refor\u00e7o de mais 189 novos professores - Portal MF\",\"isPartOf\":{\"@id\":\"https:\/\/portalmf.com.br\/#website\"},\"primaryImageOfPage\":{\"@id\":\"https:\/\/portalmf.com.br\/index.php\/2026\/04\/27\/rede-municipal-ganha-o-reforco-de-mais-189-novos-professores\/#primaryimage\"},\"image\":{\"@id\":\"https:\/\/portalmf.com.br\/index.php\/2026\/04\/27\/rede-municipal-ganha-o-reforco-de-mais-189-novos-professores\/#primaryimage\"},\"thumbnailUrl\":\"https:\/\/portalmf.com.br\/wp-content\/uploads\/2026\/04\/r10.jpg\",\"datePublished\":\"2026-04-27T07:41:03+00:00\",\"dateModified\":\"2026-04-27T07:41:04+00:00\",\"author\":{\"@id\":\"https:\/\/portalmf.com.br\/#\/schema\/person\/9ec101baf56233e53520c26de5d6f6f0\"},\"breadcrumb\":{\"@id\":\"https:\/\/portalmf.com.br\/index.php\/2026\/04\/27\/rede-municipal-ganha-o-reforco-de-mais-189-novos-professores\/#breadcrumb\"},\"inLanguage\":\"pt-BR\",\"potentialAction\":[{\"@type\":\"ReadAction\",\"target\":[\"https:\/\/portalmf.com.br\/index.php\/2026\/04\/27\/rede-municipal-ganha-o-reforco-de-mais-189-novos-professores\/\"]}]},{\"@type\":\"ImageObject\",\"inLanguage\":\"pt-BR\",\"@id\":\"https:\/\/portalmf.com.br\/index.php\/2026\/04\/27\/rede-municipal-ganha-o-reforco-de-mais-189-novos-professores\/#primaryimage\",\"url\":\"https:\/\/portalmf.com.br\/wp-content\/uploads\/2026\/04\/r10.jpg\",\"contentUrl\":\"https:\/\/portalmf.com.br\/wp-content\/uploads\/2026\/04\/r10.jpg\",\"width\":1299,\"height\":866},{\"@type\":\"BreadcrumbList\",\"@id\":\"https:\/\/portalmf.com.br\/index.php\/2026\/04\/27\/rede-municipal-ganha-o-reforco-de-mais-189-novos-professores\/#breadcrumb\",\"itemListElement\":[{\"@type\":\"ListItem\",\"position\":1,\"name\":\"In\u00edcio\",\"item\":\"https:\/\/portalmf.com.br\/\"},{\"@type\":\"ListItem\",\"position\":2,\"name\":\"Rede municipal ganha o refor\u00e7o de mais 189 novos professores\"}]},{\"@type\":\"WebSite\",\"@id\":\"https:\/\/portalmf.com.br\/#website\",\"url\":\"https:\/\/portalmf.com.br\/\",\"name\":\"Portal MF\",\"description\":\"Voc\u00ea conectado com a informa\u00e7\u00e3o\",\"potentialAction\":[{\"@type\":\"SearchAction\",\"target\":{\"@type\":\"EntryPoint\",\"urlTemplate\":\"https:\/\/portalmf.com.br\/?s={search_term_string}\"},\"query-input\":\"required name=search_term_string\"}],\"inLanguage\":\"pt-BR\"},{\"@type\":\"Person\",\"@id\":\"https:\/\/portalmf.com.br\/#\/schema\/person\/9ec101baf56233e53520c26de5d6f6f0\",\"name\":\"Reda\u00e7\u00e3o Portal MF\",\"image\":{\"@type\":\"ImageObject\",\"inLanguage\":\"pt-BR\",\"@id\":\"https:\/\/portalmf.com.br\/#\/schema\/person\/image\/\",\"url\":\"https:\/\/secure.gravatar.com\/avatar\/41b9aaeb2100835f7c64362330f74c7f?s=96&d=mm&r=g\",\"contentUrl\":\"https:\/\/secure.gravatar.com\/avatar\/41b9aaeb2100835f7c64362330f74c7f?s=96&d=mm&r=g\",\"caption\":\"Reda\u00e7\u00e3o Portal MF\"},\"description\":\"Sejam bem-vindos o portal de informa\u00e7\u00f5es de entretenimento de Feira de Santana, desde 2006 realiza coberturas dos principais eventos com entrevistas exclusivas com as principais personalidades mundiais. Fique conectado tamb\u00e9m nas redes sociais.\",\"sameAs\":[\"http:\/\/www.portalmf.com.br\/\",\"https:\/\/www.facebook.com\/portalmfoficial\",\"https:\/\/www.instagram.com\/portalmf\/\",\"https:\/\/x.com\/https:\/\/x.com\/portalmfoficial\",\"https:\/\/www.youtube.com\/@portalmfoficial\"],\"url\":\"https:\/\/portalmf.com.br\/index.php\/author\/junior\/\"}]}<\/script>\n<!-- \/ Yoast SEO plugin. -->","yoast_head_json":{"title":"Rede municipal ganha o refor\u00e7o de mais 189 novos professores - Portal MF","robots":{"index":"index","follow":"follow","max-snippet":"max-snippet:-1","max-image-preview":"max-image-preview:large","max-video-preview":"max-video-preview:-1"},"canonical":"https:\/\/portalmf.com.br\/index.php\/2026\/04\/27\/rede-municipal-ganha-o-reforco-de-mais-189-novos-professores\/","og_locale":"pt_BR","og_type":"article","og_title":"Rede municipal ganha o refor\u00e7o de mais 189 novos professores - Portal MF","og_description":"A Secretaria de Educa\u00e7\u00e3o de Feira de Santana ganhou o refor\u00e7o de 189 novos professores contratados pelo Reda (Regime Especial de Direito Administrativo). Os termos de posse nos cargos foram assinados neste s\u00e1bado, 25, e os profissionais j\u00e1 estar\u00e3o em sala de aula na pr\u00f3xima segunda-feira, 27. O prefeito Jos\u00e9 Ronaldo de Carvalho disse que [&hellip;]","og_url":"https:\/\/portalmf.com.br\/index.php\/2026\/04\/27\/rede-municipal-ganha-o-reforco-de-mais-189-novos-professores\/","og_site_name":"Portal MF","article_author":"https:\/\/www.facebook.com\/portalmfoficial","article_published_time":"2026-04-27T07:41:03+00:00","article_modified_time":"2026-04-27T07:41:04+00:00","og_image":[{"width":1299,"height":866,"url":"https:\/\/portalmf.com.br\/wp-content\/uploads\/2026\/04\/r10.jpg","type":"image\/jpeg"}],"author":"Reda\u00e7\u00e3o Portal MF","twitter_card":"summary_large_image","twitter_creator":"@https:\/\/x.com\/portalmfoficial","twitter_misc":{"Escrito por":"Reda\u00e7\u00e3o Portal MF","Est. tempo de leitura":"2 minutos"},"schema":{"@context":"https:\/\/schema.org","@graph":[{"@type":"WebPage","@id":"https:\/\/portalmf.com.br\/index.php\/2026\/04\/27\/rede-municipal-ganha-o-reforco-de-mais-189-novos-professores\/","url":"https:\/\/portalmf.com.br\/index.php\/2026\/04\/27\/rede-municipal-ganha-o-reforco-de-mais-189-novos-professores\/","name":"Rede municipal ganha o refor\u00e7o de mais 189 novos professores - Portal MF","isPartOf":{"@id":"https:\/\/portalmf.com.br\/#website"},"primaryImageOfPage":{"@id":"https:\/\/portalmf.com.br\/index.php\/2026\/04\/27\/rede-municipal-ganha-o-reforco-de-mais-189-novos-professores\/#primaryimage"},"image":{"@id":"https:\/\/portalmf.com.br\/index.php\/2026\/04\/27\/rede-municipal-ganha-o-reforco-de-mais-189-novos-professores\/#primaryimage"},"thumbnailUrl":"https:\/\/portalmf.com.br\/wp-content\/uploads\/2026\/04\/r10.jpg","datePublished":"2026-04-27T07:41:03+00:00","dateModified":"2026-04-27T07:41:04+00:00","author":{"@id":"https:\/\/portalmf.com.br\/#\/schema\/person\/9ec101baf56233e53520c26de5d6f6f0"},"breadcrumb":{"@id":"https:\/\/portalmf.com.br\/index.php\/2026\/04\/27\/rede-municipal-ganha-o-reforco-de-mais-189-novos-professores\/#breadcrumb"},"inLanguage":"pt-BR","potentialAction":[{"@type":"ReadAction","target":["https:\/\/portalmf.com.br\/index.php\/2026\/04\/27\/rede-municipal-ganha-o-reforco-de-mais-189-novos-professores\/"]}]},{"@type":"ImageObject","inLanguage":"pt-BR","@id":"https:\/\/portalmf.com.br\/index.php\/2026\/04\/27\/rede-municipal-ganha-o-reforco-de-mais-189-novos-professores\/#primaryimage","url":"https:\/\/portalmf.com.br\/wp-content\/uploads\/2026\/04\/r10.jpg","contentUrl":"https:\/\/portalmf.com.br\/wp-content\/uploads\/2026\/04\/r10.jpg","width":1299,"height":866},{"@type":"BreadcrumbList","@id":"https:\/\/portalmf.com.br\/index.php\/2026\/04\/27\/rede-municipal-ganha-o-reforco-de-mais-189-novos-professores\/#breadcrumb","itemListElement":[{"@type":"ListItem","position":1,"name":"In\u00edcio","item":"https:\/\/portalmf.com.br\/"},{"@type":"ListItem","position":2,"name":"Rede municipal ganha o refor\u00e7o de mais 189 novos professores"}]},{"@type":"WebSite","@id":"https:\/\/portalmf.com.br\/#website","url":"https:\/\/portalmf.com.br\/","name":"Portal MF","description":"Voc\u00ea conectado com a informa\u00e7\u00e3o","potentialAction":[{"@type":"SearchAction","target":{"@type":"EntryPoint","urlTemplate":"https:\/\/portalmf.com.br\/?s={search_term_string}"},"query-input":"required name=search_term_string"}],"inLanguage":"pt-BR"},{"@type":"Person","@id":"https:\/\/portalmf.com.br\/#\/schema\/person\/9ec101baf56233e53520c26de5d6f6f0","name":"Reda\u00e7\u00e3o Portal MF","image":{"@type":"ImageObject","inLanguage":"pt-BR","@id":"https:\/\/portalmf.com.br\/#\/schema\/person\/image\/","url":"https:\/\/secure.gravatar.com\/avatar\/41b9aaeb2100835f7c64362330f74c7f?s=96&d=mm&r=g","contentUrl":"https:\/\/secure.gravatar.com\/avatar\/41b9aaeb2100835f7c64362330f74c7f?s=96&d=mm&r=g","caption":"Reda\u00e7\u00e3o Portal MF"},"description":"Sejam bem-vindos o portal de informa\u00e7\u00f5es de entretenimento de Feira de Santana, desde 2006 realiza coberturas dos principais eventos com entrevistas exclusivas com as principais personalidades mundiais. Fique conectado tamb\u00e9m nas redes sociais.","sameAs":["http:\/\/www.portalmf.com.br\/","https:\/\/www.facebook.com\/portalmfoficial","https:\/\/www.instagram.com\/portalmf\/","https:\/\/x.com\/https:\/\/x.com\/portalmfoficial","https:\/\/www.youtube.com\/@portalmfoficial"],"url":"https:\/\/portalmf.com.br\/index.php\/author\/junior\/"}]}},"_links":{"self":[{"href":"https:\/\/portalmf.com.br\/index.php\/wp-json\/wp\/v2\/posts\/43607"}],"collection":[{"href":"https:\/\/portalmf.com.br\/index.php\/wp-json\/wp\/v2\/posts"}],"about":[{"href":"https:\/\/portalmf.com.br\/index.php\/wp-json\/wp\/v2\/types\/post"}],"author":[{"embeddable":true,"href":"https:\/\/portalmf.com.br\/index.php\/wp-json\/wp\/v2\/users\/3"}],"replies":[{"embeddable":true,"href":"https:\/\/portalmf.com.br\/index.php\/wp-json\/wp\/v2\/comments?post=43607"}],"version-history":[{"count":1,"href":"https:\/\/portalmf.com.br\/index.php\/wp-json\/wp\/v2\/posts\/43607\/revisions"}],"predecessor-version":[{"id":43609,"href":"https:\/\/portalmf.com.br\/index.php\/wp-json\/wp\/v2\/posts\/43607\/revisions\/43609"}],"wp:featuredmedia":[{"embeddable":true,"href":"https:\/\/portalmf.com.br\/index.php\/wp-json\/wp\/v2\/media\/43608"}],"wp:attachment":[{"href":"https:\/\/portalmf.com.br\/index.php\/wp-json\/wp\/v2\/media?parent=43607"}],"wp:term":[{"taxonomy":"category","embeddable":true,"href":"https:\/\/portalmf.com.br\/index.php\/wp-json\/wp\/v2\/categories?post=43607"},{"taxonomy":"post_tag","embeddable":true,"href":"https:\/\/portalmf.com.br\/index.php\/wp-json\/wp\/v2\/tags?post=43607"}],"curies":[{"name":"wp","href":"https:\/\/api.w.org\/{rel}","templated":true}]}}