{"id":43587,"date":"2026-04-26T21:43:09","date_gmt":"2026-04-27T00:43:09","guid":{"rendered":"https:\/\/portalmf.com.br\/?p=43587"},"modified":"2026-04-26T21:43:10","modified_gmt":"2026-04-27T00:43:10","slug":"flavinho-e-a-casamba-reune-casa-cheia-e-celebra-edicao-de-sucesso-em-salvador","status":"publish","type":"post","link":"https:\/\/portalmf.com.br\/index.php\/2026\/04\/26\/flavinho-e-a-casamba-reune-casa-cheia-e-celebra-edicao-de-sucesso-em-salvador\/","title":{"rendered":"Flavinho e a CaSamba re\u00fane casa cheia e celebra edi\u00e7\u00e3o de sucesso em Salvador"},"content":{"rendered":"\n<p>O projeto Flavinho e a CaSamba mostrou mais uma vez sua for\u00e7a na cena do pagode ao realizar uma edi\u00e7\u00e3o de grande sucesso em Salvador, na noite deste s\u00e1bado (25). O evento, projeto da banda Pagod&#8217;art, aconteceu com casa cheia na Arena Caminho das \u00c1rvores, reunindo um p\u00fablico animado do in\u00edcio ao fim.<\/p>\n\n\n\n<figure class=\"wp-block-image size-large\"><img fetchpriority=\"high\" decoding=\"async\" width=\"1024\" height=\"682\" src=\"https:\/\/portalmf.com.br\/wp-content\/uploads\/2026\/04\/Flavinho-e-a-CaSamba-reune-casa-cheia-e-celebra-edicao-de-sucesso-em-Salvador-2-1024x682.jpeg\" alt=\"\" class=\"wp-image-43588\" srcset=\"https:\/\/portalmf.com.br\/wp-content\/uploads\/2026\/04\/Flavinho-e-a-CaSamba-reune-casa-cheia-e-celebra-edicao-de-sucesso-em-Salvador-2-1024x682.jpeg 1024w, https:\/\/portalmf.com.br\/wp-content\/uploads\/2026\/04\/Flavinho-e-a-CaSamba-reune-casa-cheia-e-celebra-edicao-de-sucesso-em-Salvador-2-300x200.jpeg 300w, https:\/\/portalmf.com.br\/wp-content\/uploads\/2026\/04\/Flavinho-e-a-CaSamba-reune-casa-cheia-e-celebra-edicao-de-sucesso-em-Salvador-2-768x512.jpeg 768w, https:\/\/portalmf.com.br\/wp-content\/uploads\/2026\/04\/Flavinho-e-a-CaSamba-reune-casa-cheia-e-celebra-edicao-de-sucesso-em-Salvador-2-1536x1023.jpeg 1536w, https:\/\/portalmf.com.br\/wp-content\/uploads\/2026\/04\/Flavinho-e-a-CaSamba-reune-casa-cheia-e-celebra-edicao-de-sucesso-em-Salvador-2-696x464.jpeg 696w, https:\/\/portalmf.com.br\/wp-content\/uploads\/2026\/04\/Flavinho-e-a-CaSamba-reune-casa-cheia-e-celebra-edicao-de-sucesso-em-Salvador-2-1068x712.jpeg 1068w, https:\/\/portalmf.com.br\/wp-content\/uploads\/2026\/04\/Flavinho-e-a-CaSamba-reune-casa-cheia-e-celebra-edicao-de-sucesso-em-Salvador-2.jpeg 1600w\" sizes=\"(max-width: 1024px) 100vw, 1024px\" \/><\/figure>\n\n\n\n<p>No palco, Flavinho comandou a festa ao lado de convidados que levantaram a plateia: Buja (Timbalada), Denny Palma (Ra\u00e7a Pura), al\u00e9m dos shows completos das bandas Gosto de Desejo e Bora Tomar Uma, que completaram a programa\u00e7\u00e3o com diferentes estilos e momentos marcantes ao longo da noite.<\/p>\n\n\n\n<figure class=\"wp-block-image size-large\"><img decoding=\"async\" width=\"1024\" height=\"682\" src=\"https:\/\/portalmf.com.br\/wp-content\/uploads\/2026\/04\/Flavinho-e-a-CaSamba-reune-casa-cheia-e-celebra-edicao-de-sucesso-em-Salvador-3-1024x682.jpeg\" alt=\"\" class=\"wp-image-43589\" srcset=\"https:\/\/portalmf.com.br\/wp-content\/uploads\/2026\/04\/Flavinho-e-a-CaSamba-reune-casa-cheia-e-celebra-edicao-de-sucesso-em-Salvador-3-1024x682.jpeg 1024w, https:\/\/portalmf.com.br\/wp-content\/uploads\/2026\/04\/Flavinho-e-a-CaSamba-reune-casa-cheia-e-celebra-edicao-de-sucesso-em-Salvador-3-300x200.jpeg 300w, https:\/\/portalmf.com.br\/wp-content\/uploads\/2026\/04\/Flavinho-e-a-CaSamba-reune-casa-cheia-e-celebra-edicao-de-sucesso-em-Salvador-3-768x512.jpeg 768w, https:\/\/portalmf.com.br\/wp-content\/uploads\/2026\/04\/Flavinho-e-a-CaSamba-reune-casa-cheia-e-celebra-edicao-de-sucesso-em-Salvador-3-1536x1023.jpeg 1536w, https:\/\/portalmf.com.br\/wp-content\/uploads\/2026\/04\/Flavinho-e-a-CaSamba-reune-casa-cheia-e-celebra-edicao-de-sucesso-em-Salvador-3-696x464.jpeg 696w, https:\/\/portalmf.com.br\/wp-content\/uploads\/2026\/04\/Flavinho-e-a-CaSamba-reune-casa-cheia-e-celebra-edicao-de-sucesso-em-Salvador-3-1068x712.jpeg 1068w, https:\/\/portalmf.com.br\/wp-content\/uploads\/2026\/04\/Flavinho-e-a-CaSamba-reune-casa-cheia-e-celebra-edicao-de-sucesso-em-Salvador-3.jpeg 1600w\" sizes=\"(max-width: 1024px) 100vw, 1024px\" \/><\/figure>\n\n\n\n<p>A edi\u00e7\u00e3o refor\u00e7a o sucesso da label e aumenta a expectativa para os pr\u00f3ximos encontros, que prometem manter o mesmo clima de celebra\u00e7\u00e3o e conex\u00e3o com o p\u00fablico.<\/p>\n","protected":false},"excerpt":{"rendered":"<p>O projeto Flavinho e a CaSamba mostrou mais uma vez sua for\u00e7a na cena do pagode ao realizar uma edi\u00e7\u00e3o de grande sucesso em Salvador, na noite deste s\u00e1bado (25). O evento, projeto da banda Pagod&#8217;art, aconteceu com casa cheia na Arena Caminho das \u00c1rvores, reunindo um p\u00fablico animado do in\u00edcio ao fim. No palco, [&hellip;]<\/p>\n","protected":false},"author":3,"featured_media":43590,"comment_status":"open","ping_status":"open","sticky":false,"template":"","format":"standard","meta":{"_monsterinsights_skip_tracking":false,"_monsterinsights_sitenote_active":false,"_monsterinsights_sitenote_note":"","_monsterinsights_sitenote_category":0,"footnotes":""},"categories":[47,45],"tags":[],"yoast_head":"<!-- This site is optimized with the Yoast SEO plugin v22.9 - https:\/\/yoast.com\/wordpress\/plugins\/seo\/ -->\n<title>Flavinho e a CaSamba re\u00fane casa cheia e celebra edi\u00e7\u00e3o de sucesso em Salvador - Portal MF<\/title>\n<meta name=\"robots\" content=\"index, follow, max-snippet:-1, max-image-preview:large, max-video-preview:-1\" \/>\n<link rel=\"canonical\" href=\"https:\/\/portalmf.com.br\/index.php\/2026\/04\/26\/flavinho-e-a-casamba-reune-casa-cheia-e-celebra-edicao-de-sucesso-em-salvador\/\" \/>\n<meta property=\"og:locale\" content=\"pt_BR\" \/>\n<meta property=\"og:type\" content=\"article\" \/>\n<meta property=\"og:title\" content=\"Flavinho e a CaSamba re\u00fane casa cheia e celebra edi\u00e7\u00e3o de sucesso em Salvador - Portal MF\" \/>\n<meta property=\"og:description\" content=\"O projeto Flavinho e a CaSamba mostrou mais uma vez sua for\u00e7a na cena do pagode ao realizar uma edi\u00e7\u00e3o de grande sucesso em Salvador, na noite deste s\u00e1bado (25). O evento, projeto da banda Pagod&#8217;art, aconteceu com casa cheia na Arena Caminho das \u00c1rvores, reunindo um p\u00fablico animado do in\u00edcio ao fim. No palco, [&hellip;]\" \/>\n<meta property=\"og:url\" content=\"https:\/\/portalmf.com.br\/index.php\/2026\/04\/26\/flavinho-e-a-casamba-reune-casa-cheia-e-celebra-edicao-de-sucesso-em-salvador\/\" \/>\n<meta property=\"og:site_name\" content=\"Portal MF\" \/>\n<meta property=\"article:author\" content=\"https:\/\/www.facebook.com\/portalmfoficial\" \/>\n<meta property=\"article:published_time\" content=\"2026-04-27T00:43:09+00:00\" \/>\n<meta property=\"article:modified_time\" content=\"2026-04-27T00:43:10+00:00\" \/>\n<meta property=\"og:image\" content=\"https:\/\/portalmf.com.br\/wp-content\/uploads\/2026\/04\/Flavinho-e-a-CaSamba-reune-casa-cheia-e-celebra-edicao-de-sucesso-em-Salvador-1.jpeg\" \/>\n\t<meta property=\"og:image:width\" content=\"1600\" \/>\n\t<meta property=\"og:image:height\" content=\"1200\" \/>\n\t<meta property=\"og:image:type\" content=\"image\/jpeg\" \/>\n<meta name=\"author\" content=\"Reda\u00e7\u00e3o Portal MF\" \/>\n<meta name=\"twitter:card\" content=\"summary_large_image\" \/>\n<meta name=\"twitter:creator\" content=\"@https:\/\/x.com\/portalmfoficial\" \/>\n<meta name=\"twitter:label1\" content=\"Escrito por\" \/>\n\t<meta name=\"twitter:data1\" content=\"Reda\u00e7\u00e3o Portal MF\" \/>\n\t<meta name=\"twitter:label2\" content=\"Est. tempo de leitura\" \/>\n\t<meta name=\"twitter:data2\" content=\"2 minutos\" \/>\n<script type=\"application\/ld+json\" class=\"yoast-schema-graph\">{\"@context\":\"https:\/\/schema.org\",\"@graph\":[{\"@type\":\"WebPage\",\"@id\":\"https:\/\/portalmf.com.br\/index.php\/2026\/04\/26\/flavinho-e-a-casamba-reune-casa-cheia-e-celebra-edicao-de-sucesso-em-salvador\/\",\"url\":\"https:\/\/portalmf.com.br\/index.php\/2026\/04\/26\/flavinho-e-a-casamba-reune-casa-cheia-e-celebra-edicao-de-sucesso-em-salvador\/\",\"name\":\"Flavinho e a CaSamba re\u00fane casa cheia e celebra edi\u00e7\u00e3o de sucesso em Salvador - Portal MF\",\"isPartOf\":{\"@id\":\"https:\/\/portalmf.com.br\/#website\"},\"primaryImageOfPage\":{\"@id\":\"https:\/\/portalmf.com.br\/index.php\/2026\/04\/26\/flavinho-e-a-casamba-reune-casa-cheia-e-celebra-edicao-de-sucesso-em-salvador\/#primaryimage\"},\"image\":{\"@id\":\"https:\/\/portalmf.com.br\/index.php\/2026\/04\/26\/flavinho-e-a-casamba-reune-casa-cheia-e-celebra-edicao-de-sucesso-em-salvador\/#primaryimage\"},\"thumbnailUrl\":\"https:\/\/portalmf.com.br\/wp-content\/uploads\/2026\/04\/Flavinho-e-a-CaSamba-reune-casa-cheia-e-celebra-edicao-de-sucesso-em-Salvador-1.jpeg\",\"datePublished\":\"2026-04-27T00:43:09+00:00\",\"dateModified\":\"2026-04-27T00:43:10+00:00\",\"author\":{\"@id\":\"https:\/\/portalmf.com.br\/#\/schema\/person\/9ec101baf56233e53520c26de5d6f6f0\"},\"breadcrumb\":{\"@id\":\"https:\/\/portalmf.com.br\/index.php\/2026\/04\/26\/flavinho-e-a-casamba-reune-casa-cheia-e-celebra-edicao-de-sucesso-em-salvador\/#breadcrumb\"},\"inLanguage\":\"pt-BR\",\"potentialAction\":[{\"@type\":\"ReadAction\",\"target\":[\"https:\/\/portalmf.com.br\/index.php\/2026\/04\/26\/flavinho-e-a-casamba-reune-casa-cheia-e-celebra-edicao-de-sucesso-em-salvador\/\"]}]},{\"@type\":\"ImageObject\",\"inLanguage\":\"pt-BR\",\"@id\":\"https:\/\/portalmf.com.br\/index.php\/2026\/04\/26\/flavinho-e-a-casamba-reune-casa-cheia-e-celebra-edicao-de-sucesso-em-salvador\/#primaryimage\",\"url\":\"https:\/\/portalmf.com.br\/wp-content\/uploads\/2026\/04\/Flavinho-e-a-CaSamba-reune-casa-cheia-e-celebra-edicao-de-sucesso-em-Salvador-1.jpeg\",\"contentUrl\":\"https:\/\/portalmf.com.br\/wp-content\/uploads\/2026\/04\/Flavinho-e-a-CaSamba-reune-casa-cheia-e-celebra-edicao-de-sucesso-em-Salvador-1.jpeg\",\"width\":1600,\"height\":1200},{\"@type\":\"BreadcrumbList\",\"@id\":\"https:\/\/portalmf.com.br\/index.php\/2026\/04\/26\/flavinho-e-a-casamba-reune-casa-cheia-e-celebra-edicao-de-sucesso-em-salvador\/#breadcrumb\",\"itemListElement\":[{\"@type\":\"ListItem\",\"position\":1,\"name\":\"In\u00edcio\",\"item\":\"https:\/\/portalmf.com.br\/\"},{\"@type\":\"ListItem\",\"position\":2,\"name\":\"Flavinho e a CaSamba re\u00fane casa cheia e celebra edi\u00e7\u00e3o de sucesso em Salvador\"}]},{\"@type\":\"WebSite\",\"@id\":\"https:\/\/portalmf.com.br\/#website\",\"url\":\"https:\/\/portalmf.com.br\/\",\"name\":\"Portal MF\",\"description\":\"Voc\u00ea conectado com a informa\u00e7\u00e3o\",\"potentialAction\":[{\"@type\":\"SearchAction\",\"target\":{\"@type\":\"EntryPoint\",\"urlTemplate\":\"https:\/\/portalmf.com.br\/?s={search_term_string}\"},\"query-input\":\"required name=search_term_string\"}],\"inLanguage\":\"pt-BR\"},{\"@type\":\"Person\",\"@id\":\"https:\/\/portalmf.com.br\/#\/schema\/person\/9ec101baf56233e53520c26de5d6f6f0\",\"name\":\"Reda\u00e7\u00e3o Portal MF\",\"image\":{\"@type\":\"ImageObject\",\"inLanguage\":\"pt-BR\",\"@id\":\"https:\/\/portalmf.com.br\/#\/schema\/person\/image\/\",\"url\":\"https:\/\/secure.gravatar.com\/avatar\/41b9aaeb2100835f7c64362330f74c7f?s=96&d=mm&r=g\",\"contentUrl\":\"https:\/\/secure.gravatar.com\/avatar\/41b9aaeb2100835f7c64362330f74c7f?s=96&d=mm&r=g\",\"caption\":\"Reda\u00e7\u00e3o Portal MF\"},\"description\":\"Sejam bem-vindos o portal de informa\u00e7\u00f5es de entretenimento de Feira de Santana, desde 2006 realiza coberturas dos principais eventos com entrevistas exclusivas com as principais personalidades mundiais. Fique conectado tamb\u00e9m nas redes sociais.\",\"sameAs\":[\"http:\/\/www.portalmf.com.br\/\",\"https:\/\/www.facebook.com\/portalmfoficial\",\"https:\/\/www.instagram.com\/portalmf\/\",\"https:\/\/x.com\/https:\/\/x.com\/portalmfoficial\",\"https:\/\/www.youtube.com\/@portalmfoficial\"],\"url\":\"https:\/\/portalmf.com.br\/index.php\/author\/junior\/\"}]}<\/script>\n<!-- \/ Yoast SEO plugin. -->","yoast_head_json":{"title":"Flavinho e a CaSamba re\u00fane casa cheia e celebra edi\u00e7\u00e3o de sucesso em Salvador - Portal MF","robots":{"index":"index","follow":"follow","max-snippet":"max-snippet:-1","max-image-preview":"max-image-preview:large","max-video-preview":"max-video-preview:-1"},"canonical":"https:\/\/portalmf.com.br\/index.php\/2026\/04\/26\/flavinho-e-a-casamba-reune-casa-cheia-e-celebra-edicao-de-sucesso-em-salvador\/","og_locale":"pt_BR","og_type":"article","og_title":"Flavinho e a CaSamba re\u00fane casa cheia e celebra edi\u00e7\u00e3o de sucesso em Salvador - Portal MF","og_description":"O projeto Flavinho e a CaSamba mostrou mais uma vez sua for\u00e7a na cena do pagode ao realizar uma edi\u00e7\u00e3o de grande sucesso em Salvador, na noite deste s\u00e1bado (25). O evento, projeto da banda Pagod&#8217;art, aconteceu com casa cheia na Arena Caminho das \u00c1rvores, reunindo um p\u00fablico animado do in\u00edcio ao fim. No palco, [&hellip;]","og_url":"https:\/\/portalmf.com.br\/index.php\/2026\/04\/26\/flavinho-e-a-casamba-reune-casa-cheia-e-celebra-edicao-de-sucesso-em-salvador\/","og_site_name":"Portal MF","article_author":"https:\/\/www.facebook.com\/portalmfoficial","article_published_time":"2026-04-27T00:43:09+00:00","article_modified_time":"2026-04-27T00:43:10+00:00","og_image":[{"width":1600,"height":1200,"url":"https:\/\/portalmf.com.br\/wp-content\/uploads\/2026\/04\/Flavinho-e-a-CaSamba-reune-casa-cheia-e-celebra-edicao-de-sucesso-em-Salvador-1.jpeg","type":"image\/jpeg"}],"author":"Reda\u00e7\u00e3o Portal MF","twitter_card":"summary_large_image","twitter_creator":"@https:\/\/x.com\/portalmfoficial","twitter_misc":{"Escrito por":"Reda\u00e7\u00e3o Portal MF","Est. tempo de leitura":"2 minutos"},"schema":{"@context":"https:\/\/schema.org","@graph":[{"@type":"WebPage","@id":"https:\/\/portalmf.com.br\/index.php\/2026\/04\/26\/flavinho-e-a-casamba-reune-casa-cheia-e-celebra-edicao-de-sucesso-em-salvador\/","url":"https:\/\/portalmf.com.br\/index.php\/2026\/04\/26\/flavinho-e-a-casamba-reune-casa-cheia-e-celebra-edicao-de-sucesso-em-salvador\/","name":"Flavinho e a CaSamba re\u00fane casa cheia e celebra edi\u00e7\u00e3o de sucesso em Salvador - Portal MF","isPartOf":{"@id":"https:\/\/portalmf.com.br\/#website"},"primaryImageOfPage":{"@id":"https:\/\/portalmf.com.br\/index.php\/2026\/04\/26\/flavinho-e-a-casamba-reune-casa-cheia-e-celebra-edicao-de-sucesso-em-salvador\/#primaryimage"},"image":{"@id":"https:\/\/portalmf.com.br\/index.php\/2026\/04\/26\/flavinho-e-a-casamba-reune-casa-cheia-e-celebra-edicao-de-sucesso-em-salvador\/#primaryimage"},"thumbnailUrl":"https:\/\/portalmf.com.br\/wp-content\/uploads\/2026\/04\/Flavinho-e-a-CaSamba-reune-casa-cheia-e-celebra-edicao-de-sucesso-em-Salvador-1.jpeg","datePublished":"2026-04-27T00:43:09+00:00","dateModified":"2026-04-27T00:43:10+00:00","author":{"@id":"https:\/\/portalmf.com.br\/#\/schema\/person\/9ec101baf56233e53520c26de5d6f6f0"},"breadcrumb":{"@id":"https:\/\/portalmf.com.br\/index.php\/2026\/04\/26\/flavinho-e-a-casamba-reune-casa-cheia-e-celebra-edicao-de-sucesso-em-salvador\/#breadcrumb"},"inLanguage":"pt-BR","potentialAction":[{"@type":"ReadAction","target":["https:\/\/portalmf.com.br\/index.php\/2026\/04\/26\/flavinho-e-a-casamba-reune-casa-cheia-e-celebra-edicao-de-sucesso-em-salvador\/"]}]},{"@type":"ImageObject","inLanguage":"pt-BR","@id":"https:\/\/portalmf.com.br\/index.php\/2026\/04\/26\/flavinho-e-a-casamba-reune-casa-cheia-e-celebra-edicao-de-sucesso-em-salvador\/#primaryimage","url":"https:\/\/portalmf.com.br\/wp-content\/uploads\/2026\/04\/Flavinho-e-a-CaSamba-reune-casa-cheia-e-celebra-edicao-de-sucesso-em-Salvador-1.jpeg","contentUrl":"https:\/\/portalmf.com.br\/wp-content\/uploads\/2026\/04\/Flavinho-e-a-CaSamba-reune-casa-cheia-e-celebra-edicao-de-sucesso-em-Salvador-1.jpeg","width":1600,"height":1200},{"@type":"BreadcrumbList","@id":"https:\/\/portalmf.com.br\/index.php\/2026\/04\/26\/flavinho-e-a-casamba-reune-casa-cheia-e-celebra-edicao-de-sucesso-em-salvador\/#breadcrumb","itemListElement":[{"@type":"ListItem","position":1,"name":"In\u00edcio","item":"https:\/\/portalmf.com.br\/"},{"@type":"ListItem","position":2,"name":"Flavinho e a CaSamba re\u00fane casa cheia e celebra edi\u00e7\u00e3o de sucesso em Salvador"}]},{"@type":"WebSite","@id":"https:\/\/portalmf.com.br\/#website","url":"https:\/\/portalmf.com.br\/","name":"Portal MF","description":"Voc\u00ea conectado com a informa\u00e7\u00e3o","potentialAction":[{"@type":"SearchAction","target":{"@type":"EntryPoint","urlTemplate":"https:\/\/portalmf.com.br\/?s={search_term_string}"},"query-input":"required name=search_term_string"}],"inLanguage":"pt-BR"},{"@type":"Person","@id":"https:\/\/portalmf.com.br\/#\/schema\/person\/9ec101baf56233e53520c26de5d6f6f0","name":"Reda\u00e7\u00e3o Portal MF","image":{"@type":"ImageObject","inLanguage":"pt-BR","@id":"https:\/\/portalmf.com.br\/#\/schema\/person\/image\/","url":"https:\/\/secure.gravatar.com\/avatar\/41b9aaeb2100835f7c64362330f74c7f?s=96&d=mm&r=g","contentUrl":"https:\/\/secure.gravatar.com\/avatar\/41b9aaeb2100835f7c64362330f74c7f?s=96&d=mm&r=g","caption":"Reda\u00e7\u00e3o Portal MF"},"description":"Sejam bem-vindos o portal de informa\u00e7\u00f5es de entretenimento de Feira de Santana, desde 2006 realiza coberturas dos principais eventos com entrevistas exclusivas com as principais personalidades mundiais. Fique conectado tamb\u00e9m nas redes sociais.","sameAs":["http:\/\/www.portalmf.com.br\/","https:\/\/www.facebook.com\/portalmfoficial","https:\/\/www.instagram.com\/portalmf\/","https:\/\/x.com\/https:\/\/x.com\/portalmfoficial","https:\/\/www.youtube.com\/@portalmfoficial"],"url":"https:\/\/portalmf.com.br\/index.php\/author\/junior\/"}]}},"_links":{"self":[{"href":"https:\/\/portalmf.com.br\/index.php\/wp-json\/wp\/v2\/posts\/43587"}],"collection":[{"href":"https:\/\/portalmf.com.br\/index.php\/wp-json\/wp\/v2\/posts"}],"about":[{"href":"https:\/\/portalmf.com.br\/index.php\/wp-json\/wp\/v2\/types\/post"}],"author":[{"embeddable":true,"href":"https:\/\/portalmf.com.br\/index.php\/wp-json\/wp\/v2\/users\/3"}],"replies":[{"embeddable":true,"href":"https:\/\/portalmf.com.br\/index.php\/wp-json\/wp\/v2\/comments?post=43587"}],"version-history":[{"count":1,"href":"https:\/\/portalmf.com.br\/index.php\/wp-json\/wp\/v2\/posts\/43587\/revisions"}],"predecessor-version":[{"id":43591,"href":"https:\/\/portalmf.com.br\/index.php\/wp-json\/wp\/v2\/posts\/43587\/revisions\/43591"}],"wp:featuredmedia":[{"embeddable":true,"href":"https:\/\/portalmf.com.br\/index.php\/wp-json\/wp\/v2\/media\/43590"}],"wp:attachment":[{"href":"https:\/\/portalmf.com.br\/index.php\/wp-json\/wp\/v2\/media?parent=43587"}],"wp:term":[{"taxonomy":"category","embeddable":true,"href":"https:\/\/portalmf.com.br\/index.php\/wp-json\/wp\/v2\/categories?post=43587"},{"taxonomy":"post_tag","embeddable":true,"href":"https:\/\/portalmf.com.br\/index.php\/wp-json\/wp\/v2\/tags?post=43587"}],"curies":[{"name":"wp","href":"https:\/\/api.w.org\/{rel}","templated":true}]}}