{"id":43553,"date":"2026-04-24T15:50:29","date_gmt":"2026-04-24T18:50:29","guid":{"rendered":"https:\/\/portalmf.com.br\/?p=43553"},"modified":"2026-04-24T15:50:31","modified_gmt":"2026-04-24T18:50:31","slug":"audiencia-publica-debate-novidades-para-o-sao-pedro-de-jaiba-2026","status":"publish","type":"post","link":"https:\/\/portalmf.com.br\/index.php\/2026\/04\/24\/audiencia-publica-debate-novidades-para-o-sao-pedro-de-jaiba-2026\/","title":{"rendered":"Audi\u00eancia P\u00fablica debate novidades para o S\u00e3o Pedro de Ja\u00edba 2026"},"content":{"rendered":"\n<p>Na tarde de quinta-feira (23), o vereador Josivaldo Santana, juntamente com a Prefeitura Municipal, representada por Matheus Pinheiro, e a Secretaria de Cultura, representada por Naron Vasconcelos, realizou uma Audi\u00eancia P\u00fablica para debater a organiza\u00e7\u00e3o do tradicional S\u00e3o Pedro de Ja\u00edba 2026.<\/p>\n\n\n\n<p>O encontro foi marcado por di\u00e1logo, escuta da popula\u00e7\u00e3o e troca de ideias sobre a realiza\u00e7\u00e3o de uma das festas mais importantes do distrito, que movimenta a cultura, o com\u00e9rcio local e fortalece as tradi\u00e7\u00f5es da comunidade.<\/p>\n\n\n\n<p>Durante a audi\u00eancia, foram discutidas melhorias na estrutura do evento, hor\u00e1rios das atra\u00e7\u00f5es, a data que melhor comporte a festa, sugest\u00f5es de atra\u00e7\u00f5es e novas propostas para tornar o S\u00e3o Pedro ainda maior e mais organizado neste ano.<\/p>\n\n\n\n<p>Segundo o vereador Josivaldo, o compromisso \u00e9 garantir uma festa que valorize a cultura local e atenda \u00e0s expectativas da popula\u00e7\u00e3o.<\/p>\n\n\n\n<p><em>\u201cEstamos ouvindo os moradores do distrito para que o S\u00e3o Pedro de Ja\u00edba 2026 seja um evento ainda mais especial, com organiza\u00e7\u00e3o e seguran\u00e7a\u201d<\/em>, destacou.<\/p>\n\n\n\n<p>Vem novidade por a\u00ed! O S\u00e3o Pedro de Ja\u00edba 2026 promete ser um dos maiores e melhores j\u00e1 realizados, reafirmando sua import\u00e2ncia para a cultura e para o desenvolvimento da regi\u00e3o.<\/p>\n","protected":false},"excerpt":{"rendered":"<p>Na tarde de quinta-feira (23), o vereador Josivaldo Santana, juntamente com a Prefeitura Municipal, representada por Matheus Pinheiro, e a Secretaria de Cultura, representada por Naron Vasconcelos, realizou uma Audi\u00eancia P\u00fablica para debater a organiza\u00e7\u00e3o do tradicional S\u00e3o Pedro de Ja\u00edba 2026. O encontro foi marcado por di\u00e1logo, escuta da popula\u00e7\u00e3o e troca de ideias [&hellip;]<\/p>\n","protected":false},"author":3,"featured_media":43554,"comment_status":"open","ping_status":"open","sticky":false,"template":"","format":"standard","meta":{"_monsterinsights_skip_tracking":false,"_monsterinsights_sitenote_active":false,"_monsterinsights_sitenote_note":"","_monsterinsights_sitenote_category":0,"footnotes":""},"categories":[296],"tags":[],"yoast_head":"<!-- This site is optimized with the Yoast SEO plugin v22.9 - https:\/\/yoast.com\/wordpress\/plugins\/seo\/ -->\n<title>Audi\u00eancia P\u00fablica debate novidades para o S\u00e3o Pedro de Ja\u00edba 2026 - Portal MF<\/title>\n<meta name=\"robots\" content=\"index, follow, max-snippet:-1, max-image-preview:large, max-video-preview:-1\" \/>\n<link rel=\"canonical\" href=\"https:\/\/portalmf.com.br\/index.php\/2026\/04\/24\/audiencia-publica-debate-novidades-para-o-sao-pedro-de-jaiba-2026\/\" \/>\n<meta property=\"og:locale\" content=\"pt_BR\" \/>\n<meta property=\"og:type\" content=\"article\" \/>\n<meta property=\"og:title\" content=\"Audi\u00eancia P\u00fablica debate novidades para o S\u00e3o Pedro de Ja\u00edba 2026 - Portal MF\" \/>\n<meta property=\"og:description\" content=\"Na tarde de quinta-feira (23), o vereador Josivaldo Santana, juntamente com a Prefeitura Municipal, representada por Matheus Pinheiro, e a Secretaria de Cultura, representada por Naron Vasconcelos, realizou uma Audi\u00eancia P\u00fablica para debater a organiza\u00e7\u00e3o do tradicional S\u00e3o Pedro de Ja\u00edba 2026. O encontro foi marcado por di\u00e1logo, escuta da popula\u00e7\u00e3o e troca de ideias [&hellip;]\" \/>\n<meta property=\"og:url\" content=\"https:\/\/portalmf.com.br\/index.php\/2026\/04\/24\/audiencia-publica-debate-novidades-para-o-sao-pedro-de-jaiba-2026\/\" \/>\n<meta property=\"og:site_name\" content=\"Portal MF\" \/>\n<meta property=\"article:author\" content=\"https:\/\/www.facebook.com\/portalmfoficial\" \/>\n<meta property=\"article:published_time\" content=\"2026-04-24T18:50:29+00:00\" \/>\n<meta property=\"article:modified_time\" content=\"2026-04-24T18:50:31+00:00\" \/>\n<meta property=\"og:image\" content=\"https:\/\/portalmf.com.br\/wp-content\/uploads\/2026\/04\/Audiencia-Publica-debate-novidades-para-o-Sao-Pedro-de-Jaiba-2026-2.jpeg\" \/>\n\t<meta property=\"og:image:width\" content=\"1280\" \/>\n\t<meta property=\"og:image:height\" content=\"960\" \/>\n\t<meta property=\"og:image:type\" content=\"image\/jpeg\" \/>\n<meta name=\"author\" content=\"Reda\u00e7\u00e3o Portal MF\" \/>\n<meta name=\"twitter:card\" content=\"summary_large_image\" \/>\n<meta name=\"twitter:creator\" content=\"@https:\/\/x.com\/portalmfoficial\" \/>\n<meta name=\"twitter:label1\" content=\"Escrito por\" \/>\n\t<meta name=\"twitter:data1\" content=\"Reda\u00e7\u00e3o Portal MF\" \/>\n\t<meta name=\"twitter:label2\" content=\"Est. tempo de leitura\" \/>\n\t<meta name=\"twitter:data2\" content=\"2 minutos\" \/>\n<script type=\"application\/ld+json\" class=\"yoast-schema-graph\">{\"@context\":\"https:\/\/schema.org\",\"@graph\":[{\"@type\":\"WebPage\",\"@id\":\"https:\/\/portalmf.com.br\/index.php\/2026\/04\/24\/audiencia-publica-debate-novidades-para-o-sao-pedro-de-jaiba-2026\/\",\"url\":\"https:\/\/portalmf.com.br\/index.php\/2026\/04\/24\/audiencia-publica-debate-novidades-para-o-sao-pedro-de-jaiba-2026\/\",\"name\":\"Audi\u00eancia P\u00fablica debate novidades para o S\u00e3o Pedro de Ja\u00edba 2026 - Portal MF\",\"isPartOf\":{\"@id\":\"https:\/\/portalmf.com.br\/#website\"},\"primaryImageOfPage\":{\"@id\":\"https:\/\/portalmf.com.br\/index.php\/2026\/04\/24\/audiencia-publica-debate-novidades-para-o-sao-pedro-de-jaiba-2026\/#primaryimage\"},\"image\":{\"@id\":\"https:\/\/portalmf.com.br\/index.php\/2026\/04\/24\/audiencia-publica-debate-novidades-para-o-sao-pedro-de-jaiba-2026\/#primaryimage\"},\"thumbnailUrl\":\"https:\/\/portalmf.com.br\/wp-content\/uploads\/2026\/04\/Audiencia-Publica-debate-novidades-para-o-Sao-Pedro-de-Jaiba-2026-2.jpeg\",\"datePublished\":\"2026-04-24T18:50:29+00:00\",\"dateModified\":\"2026-04-24T18:50:31+00:00\",\"author\":{\"@id\":\"https:\/\/portalmf.com.br\/#\/schema\/person\/9ec101baf56233e53520c26de5d6f6f0\"},\"breadcrumb\":{\"@id\":\"https:\/\/portalmf.com.br\/index.php\/2026\/04\/24\/audiencia-publica-debate-novidades-para-o-sao-pedro-de-jaiba-2026\/#breadcrumb\"},\"inLanguage\":\"pt-BR\",\"potentialAction\":[{\"@type\":\"ReadAction\",\"target\":[\"https:\/\/portalmf.com.br\/index.php\/2026\/04\/24\/audiencia-publica-debate-novidades-para-o-sao-pedro-de-jaiba-2026\/\"]}]},{\"@type\":\"ImageObject\",\"inLanguage\":\"pt-BR\",\"@id\":\"https:\/\/portalmf.com.br\/index.php\/2026\/04\/24\/audiencia-publica-debate-novidades-para-o-sao-pedro-de-jaiba-2026\/#primaryimage\",\"url\":\"https:\/\/portalmf.com.br\/wp-content\/uploads\/2026\/04\/Audiencia-Publica-debate-novidades-para-o-Sao-Pedro-de-Jaiba-2026-2.jpeg\",\"contentUrl\":\"https:\/\/portalmf.com.br\/wp-content\/uploads\/2026\/04\/Audiencia-Publica-debate-novidades-para-o-Sao-Pedro-de-Jaiba-2026-2.jpeg\",\"width\":1280,\"height\":960},{\"@type\":\"BreadcrumbList\",\"@id\":\"https:\/\/portalmf.com.br\/index.php\/2026\/04\/24\/audiencia-publica-debate-novidades-para-o-sao-pedro-de-jaiba-2026\/#breadcrumb\",\"itemListElement\":[{\"@type\":\"ListItem\",\"position\":1,\"name\":\"In\u00edcio\",\"item\":\"https:\/\/portalmf.com.br\/\"},{\"@type\":\"ListItem\",\"position\":2,\"name\":\"Audi\u00eancia P\u00fablica debate novidades para o S\u00e3o Pedro de Ja\u00edba 2026\"}]},{\"@type\":\"WebSite\",\"@id\":\"https:\/\/portalmf.com.br\/#website\",\"url\":\"https:\/\/portalmf.com.br\/\",\"name\":\"Portal MF\",\"description\":\"Voc\u00ea conectado com a informa\u00e7\u00e3o\",\"potentialAction\":[{\"@type\":\"SearchAction\",\"target\":{\"@type\":\"EntryPoint\",\"urlTemplate\":\"https:\/\/portalmf.com.br\/?s={search_term_string}\"},\"query-input\":\"required name=search_term_string\"}],\"inLanguage\":\"pt-BR\"},{\"@type\":\"Person\",\"@id\":\"https:\/\/portalmf.com.br\/#\/schema\/person\/9ec101baf56233e53520c26de5d6f6f0\",\"name\":\"Reda\u00e7\u00e3o Portal MF\",\"image\":{\"@type\":\"ImageObject\",\"inLanguage\":\"pt-BR\",\"@id\":\"https:\/\/portalmf.com.br\/#\/schema\/person\/image\/\",\"url\":\"https:\/\/secure.gravatar.com\/avatar\/41b9aaeb2100835f7c64362330f74c7f?s=96&d=mm&r=g\",\"contentUrl\":\"https:\/\/secure.gravatar.com\/avatar\/41b9aaeb2100835f7c64362330f74c7f?s=96&d=mm&r=g\",\"caption\":\"Reda\u00e7\u00e3o Portal MF\"},\"description\":\"Sejam bem-vindos o portal de informa\u00e7\u00f5es de entretenimento de Feira de Santana, desde 2006 realiza coberturas dos principais eventos com entrevistas exclusivas com as principais personalidades mundiais. Fique conectado tamb\u00e9m nas redes sociais.\",\"sameAs\":[\"http:\/\/www.portalmf.com.br\/\",\"https:\/\/www.facebook.com\/portalmfoficial\",\"https:\/\/www.instagram.com\/portalmf\/\",\"https:\/\/x.com\/https:\/\/x.com\/portalmfoficial\",\"https:\/\/www.youtube.com\/@portalmfoficial\"],\"url\":\"https:\/\/portalmf.com.br\/index.php\/author\/junior\/\"}]}<\/script>\n<!-- \/ Yoast SEO plugin. -->","yoast_head_json":{"title":"Audi\u00eancia P\u00fablica debate novidades para o S\u00e3o Pedro de Ja\u00edba 2026 - Portal MF","robots":{"index":"index","follow":"follow","max-snippet":"max-snippet:-1","max-image-preview":"max-image-preview:large","max-video-preview":"max-video-preview:-1"},"canonical":"https:\/\/portalmf.com.br\/index.php\/2026\/04\/24\/audiencia-publica-debate-novidades-para-o-sao-pedro-de-jaiba-2026\/","og_locale":"pt_BR","og_type":"article","og_title":"Audi\u00eancia P\u00fablica debate novidades para o S\u00e3o Pedro de Ja\u00edba 2026 - Portal MF","og_description":"Na tarde de quinta-feira (23), o vereador Josivaldo Santana, juntamente com a Prefeitura Municipal, representada por Matheus Pinheiro, e a Secretaria de Cultura, representada por Naron Vasconcelos, realizou uma Audi\u00eancia P\u00fablica para debater a organiza\u00e7\u00e3o do tradicional S\u00e3o Pedro de Ja\u00edba 2026. O encontro foi marcado por di\u00e1logo, escuta da popula\u00e7\u00e3o e troca de ideias [&hellip;]","og_url":"https:\/\/portalmf.com.br\/index.php\/2026\/04\/24\/audiencia-publica-debate-novidades-para-o-sao-pedro-de-jaiba-2026\/","og_site_name":"Portal MF","article_author":"https:\/\/www.facebook.com\/portalmfoficial","article_published_time":"2026-04-24T18:50:29+00:00","article_modified_time":"2026-04-24T18:50:31+00:00","og_image":[{"width":1280,"height":960,"url":"https:\/\/portalmf.com.br\/wp-content\/uploads\/2026\/04\/Audiencia-Publica-debate-novidades-para-o-Sao-Pedro-de-Jaiba-2026-2.jpeg","type":"image\/jpeg"}],"author":"Reda\u00e7\u00e3o Portal MF","twitter_card":"summary_large_image","twitter_creator":"@https:\/\/x.com\/portalmfoficial","twitter_misc":{"Escrito por":"Reda\u00e7\u00e3o Portal MF","Est. tempo de leitura":"2 minutos"},"schema":{"@context":"https:\/\/schema.org","@graph":[{"@type":"WebPage","@id":"https:\/\/portalmf.com.br\/index.php\/2026\/04\/24\/audiencia-publica-debate-novidades-para-o-sao-pedro-de-jaiba-2026\/","url":"https:\/\/portalmf.com.br\/index.php\/2026\/04\/24\/audiencia-publica-debate-novidades-para-o-sao-pedro-de-jaiba-2026\/","name":"Audi\u00eancia P\u00fablica debate novidades para o S\u00e3o Pedro de Ja\u00edba 2026 - Portal MF","isPartOf":{"@id":"https:\/\/portalmf.com.br\/#website"},"primaryImageOfPage":{"@id":"https:\/\/portalmf.com.br\/index.php\/2026\/04\/24\/audiencia-publica-debate-novidades-para-o-sao-pedro-de-jaiba-2026\/#primaryimage"},"image":{"@id":"https:\/\/portalmf.com.br\/index.php\/2026\/04\/24\/audiencia-publica-debate-novidades-para-o-sao-pedro-de-jaiba-2026\/#primaryimage"},"thumbnailUrl":"https:\/\/portalmf.com.br\/wp-content\/uploads\/2026\/04\/Audiencia-Publica-debate-novidades-para-o-Sao-Pedro-de-Jaiba-2026-2.jpeg","datePublished":"2026-04-24T18:50:29+00:00","dateModified":"2026-04-24T18:50:31+00:00","author":{"@id":"https:\/\/portalmf.com.br\/#\/schema\/person\/9ec101baf56233e53520c26de5d6f6f0"},"breadcrumb":{"@id":"https:\/\/portalmf.com.br\/index.php\/2026\/04\/24\/audiencia-publica-debate-novidades-para-o-sao-pedro-de-jaiba-2026\/#breadcrumb"},"inLanguage":"pt-BR","potentialAction":[{"@type":"ReadAction","target":["https:\/\/portalmf.com.br\/index.php\/2026\/04\/24\/audiencia-publica-debate-novidades-para-o-sao-pedro-de-jaiba-2026\/"]}]},{"@type":"ImageObject","inLanguage":"pt-BR","@id":"https:\/\/portalmf.com.br\/index.php\/2026\/04\/24\/audiencia-publica-debate-novidades-para-o-sao-pedro-de-jaiba-2026\/#primaryimage","url":"https:\/\/portalmf.com.br\/wp-content\/uploads\/2026\/04\/Audiencia-Publica-debate-novidades-para-o-Sao-Pedro-de-Jaiba-2026-2.jpeg","contentUrl":"https:\/\/portalmf.com.br\/wp-content\/uploads\/2026\/04\/Audiencia-Publica-debate-novidades-para-o-Sao-Pedro-de-Jaiba-2026-2.jpeg","width":1280,"height":960},{"@type":"BreadcrumbList","@id":"https:\/\/portalmf.com.br\/index.php\/2026\/04\/24\/audiencia-publica-debate-novidades-para-o-sao-pedro-de-jaiba-2026\/#breadcrumb","itemListElement":[{"@type":"ListItem","position":1,"name":"In\u00edcio","item":"https:\/\/portalmf.com.br\/"},{"@type":"ListItem","position":2,"name":"Audi\u00eancia P\u00fablica debate novidades para o S\u00e3o Pedro de Ja\u00edba 2026"}]},{"@type":"WebSite","@id":"https:\/\/portalmf.com.br\/#website","url":"https:\/\/portalmf.com.br\/","name":"Portal MF","description":"Voc\u00ea conectado com a informa\u00e7\u00e3o","potentialAction":[{"@type":"SearchAction","target":{"@type":"EntryPoint","urlTemplate":"https:\/\/portalmf.com.br\/?s={search_term_string}"},"query-input":"required name=search_term_string"}],"inLanguage":"pt-BR"},{"@type":"Person","@id":"https:\/\/portalmf.com.br\/#\/schema\/person\/9ec101baf56233e53520c26de5d6f6f0","name":"Reda\u00e7\u00e3o Portal MF","image":{"@type":"ImageObject","inLanguage":"pt-BR","@id":"https:\/\/portalmf.com.br\/#\/schema\/person\/image\/","url":"https:\/\/secure.gravatar.com\/avatar\/41b9aaeb2100835f7c64362330f74c7f?s=96&d=mm&r=g","contentUrl":"https:\/\/secure.gravatar.com\/avatar\/41b9aaeb2100835f7c64362330f74c7f?s=96&d=mm&r=g","caption":"Reda\u00e7\u00e3o Portal MF"},"description":"Sejam bem-vindos o portal de informa\u00e7\u00f5es de entretenimento de Feira de Santana, desde 2006 realiza coberturas dos principais eventos com entrevistas exclusivas com as principais personalidades mundiais. Fique conectado tamb\u00e9m nas redes sociais.","sameAs":["http:\/\/www.portalmf.com.br\/","https:\/\/www.facebook.com\/portalmfoficial","https:\/\/www.instagram.com\/portalmf\/","https:\/\/x.com\/https:\/\/x.com\/portalmfoficial","https:\/\/www.youtube.com\/@portalmfoficial"],"url":"https:\/\/portalmf.com.br\/index.php\/author\/junior\/"}]}},"_links":{"self":[{"href":"https:\/\/portalmf.com.br\/index.php\/wp-json\/wp\/v2\/posts\/43553"}],"collection":[{"href":"https:\/\/portalmf.com.br\/index.php\/wp-json\/wp\/v2\/posts"}],"about":[{"href":"https:\/\/portalmf.com.br\/index.php\/wp-json\/wp\/v2\/types\/post"}],"author":[{"embeddable":true,"href":"https:\/\/portalmf.com.br\/index.php\/wp-json\/wp\/v2\/users\/3"}],"replies":[{"embeddable":true,"href":"https:\/\/portalmf.com.br\/index.php\/wp-json\/wp\/v2\/comments?post=43553"}],"version-history":[{"count":1,"href":"https:\/\/portalmf.com.br\/index.php\/wp-json\/wp\/v2\/posts\/43553\/revisions"}],"predecessor-version":[{"id":43555,"href":"https:\/\/portalmf.com.br\/index.php\/wp-json\/wp\/v2\/posts\/43553\/revisions\/43555"}],"wp:featuredmedia":[{"embeddable":true,"href":"https:\/\/portalmf.com.br\/index.php\/wp-json\/wp\/v2\/media\/43554"}],"wp:attachment":[{"href":"https:\/\/portalmf.com.br\/index.php\/wp-json\/wp\/v2\/media?parent=43553"}],"wp:term":[{"taxonomy":"category","embeddable":true,"href":"https:\/\/portalmf.com.br\/index.php\/wp-json\/wp\/v2\/categories?post=43553"},{"taxonomy":"post_tag","embeddable":true,"href":"https:\/\/portalmf.com.br\/index.php\/wp-json\/wp\/v2\/tags?post=43553"}],"curies":[{"name":"wp","href":"https:\/\/api.w.org\/{rel}","templated":true}]}}