{"id":43550,"date":"2026-04-25T06:27:00","date_gmt":"2026-04-25T09:27:00","guid":{"rendered":"https:\/\/portalmf.com.br\/?p=43550"},"modified":"2026-04-25T08:58:53","modified_gmt":"2026-04-25T11:58:53","slug":"banda-papo-retto-lanca-sangue-de-carcara-e-anuncia-nova-fase-inspirada-na-resistencia-do-sertao","status":"publish","type":"post","link":"https:\/\/portalmf.com.br\/index.php\/2026\/04\/25\/banda-papo-retto-lanca-sangue-de-carcara-e-anuncia-nova-fase-inspirada-na-resistencia-do-sertao\/","title":{"rendered":"Banda Papo Retto lan\u00e7a \u201cSangue de Carcar\u00e1\u201d e anuncia nova fase inspirada na resist\u00eancia do sert\u00e3o"},"content":{"rendered":"\n<p>A banda feirense Papo Retto acaba de apresentar ao p\u00fablico seu mais novo single, \u201cSangue de Carcar\u00e1\u201d, uma faixa que chega como um verdadeiro manifesto sonoro e marca o in\u00edcio de uma nova fase criativa do grupo. Com forte identidade, a m\u00fasica mistura o rock visceral \u00e0 ess\u00eancia do sert\u00e3o baiano, refor\u00e7ando as ra\u00edzes e a mensagem da banda.<\/p>\n\n\n\n<p>Mais do que uma can\u00e7\u00e3o, <em>\u201cSangue de Carcar\u00e1<\/em>\u201d simboliza resist\u00eancia. Inspirada na figura do carcar\u00e1, ave conhecida por sua for\u00e7a e sobreviv\u00eancia em meio \u00e0s adversidades, a composi\u00e7\u00e3o estabelece um paralelo com a realidade do povo nordestino e dos artistas independentes, destacando a coragem, o orgulho e a luta constante por espa\u00e7o e reconhecimento.<\/p>\n\n\n\n<figure class=\"wp-block-embed is-type-video is-provider-youtube wp-block-embed-youtube wp-embed-aspect-16-9 wp-has-aspect-ratio\"><div class=\"wp-block-embed__wrapper\">\n<iframe title=\"Pesadelo Cont\u00ednuo Lyrics video\" width=\"696\" height=\"392\" src=\"https:\/\/www.youtube.com\/embed\/6XKgRVEQQWo?feature=oembed\" frameborder=\"0\" allow=\"accelerometer; autoplay; clipboard-write; encrypted-media; gyroscope; picture-in-picture; web-share\" referrerpolicy=\"strict-origin-when-cross-origin\" allowfullscreen><\/iframe>\n<\/div><\/figure>\n\n\n\n<p>O lan\u00e7amento tamb\u00e9m abre caminho para um projeto ainda maior. A faixa \u00e9 o primeiro passo de um \u00e1lbum conceitual que ser\u00e1 lan\u00e7ado ainda este ano, inspirado na hist\u00f3rica Guerra de Canudos e na figura emblem\u00e1tica de Ant\u00f4nio Conselheiro. Dentro dessa proposta, o single prepara o p\u00fablico para uma narrativa marcada por intensidade, mem\u00f3ria e resist\u00eancia, elementos que prometem conduzir toda a obra.<\/p>\n\n\n\n<p>Formada por Hulk Sparta (vocal), Bruno Mendes e Thiago Braz (guitarras), T\u00falio (baixo) e Edvan (bateria), a banda acumula 11 anos de estrada, consolidando sua trajet\u00f3ria no cen\u00e1rio independente. Ao longo desse per\u00edodo, o grupo lan\u00e7ou m\u00fasicas autorais como \u201cImposs\u00edvel\u201d e \u201cDiferen\u00e7a que me agrada\u201d, dispon\u00edveis nas principais plataformas digitais.<\/p>\n\n\n\n<p>Segundo Hulk Sparta, a m\u00fasica carrega uma mensagem direta: <em>\u201cO carcar\u00e1 n\u00e3o se rende, ele observa e ataca no momento certo. \u2018Sangue de Carcar\u00e1\u2019 \u00e9 sobre ter a fibra de quem veio do interior da Bahia e entender que nossa arte \u00e9 nossa maior arma de resist\u00eancia\u201d, <\/em>disse o vocalista.<\/p>\n\n\n\n<p>Com mais de uma d\u00e9cada de trajet\u00f3ria em Feira de Santana, a Papo Retto consolida seu espa\u00e7o como um dos principais nomes do rock autoral baiano. <em>\u201cSangue de Carcar\u00e1\u201d<\/em> chega como promessa de destaque nos shows da banda, fortalecendo ainda mais a conex\u00e3o com o p\u00fablico e reafirmando o sentimento de pertencimento que marca sua hist\u00f3ria.<\/p>\n","protected":false},"excerpt":{"rendered":"<p>A banda feirense Papo Retto acaba de apresentar ao p\u00fablico seu mais novo single, \u201cSangue de Carcar\u00e1\u201d, uma faixa que chega como um verdadeiro manifesto sonoro e marca o in\u00edcio de uma nova fase criativa do grupo. Com forte identidade, a m\u00fasica mistura o rock visceral \u00e0 ess\u00eancia do sert\u00e3o baiano, refor\u00e7ando as ra\u00edzes e [&hellip;]<\/p>\n","protected":false},"author":3,"featured_media":43551,"comment_status":"open","ping_status":"open","sticky":false,"template":"","format":"standard","meta":{"_monsterinsights_skip_tracking":false,"_monsterinsights_sitenote_active":false,"_monsterinsights_sitenote_note":"","_monsterinsights_sitenote_category":0,"footnotes":""},"categories":[48,36],"tags":[],"yoast_head":"<!-- This site is optimized with the Yoast SEO plugin v22.9 - https:\/\/yoast.com\/wordpress\/plugins\/seo\/ -->\n<title>Banda Papo Retto lan\u00e7a \u201cSangue de Carcar\u00e1\u201d e anuncia nova fase inspirada na resist\u00eancia do sert\u00e3o - Portal MF<\/title>\n<meta name=\"robots\" content=\"index, follow, max-snippet:-1, max-image-preview:large, max-video-preview:-1\" \/>\n<link rel=\"canonical\" href=\"https:\/\/portalmf.com.br\/index.php\/2026\/04\/25\/banda-papo-retto-lanca-sangue-de-carcara-e-anuncia-nova-fase-inspirada-na-resistencia-do-sertao\/\" \/>\n<meta property=\"og:locale\" content=\"pt_BR\" \/>\n<meta property=\"og:type\" content=\"article\" \/>\n<meta property=\"og:title\" content=\"Banda Papo Retto lan\u00e7a \u201cSangue de Carcar\u00e1\u201d e anuncia nova fase inspirada na resist\u00eancia do sert\u00e3o - Portal MF\" \/>\n<meta property=\"og:description\" content=\"A banda feirense Papo Retto acaba de apresentar ao p\u00fablico seu mais novo single, \u201cSangue de Carcar\u00e1\u201d, uma faixa que chega como um verdadeiro manifesto sonoro e marca o in\u00edcio de uma nova fase criativa do grupo. Com forte identidade, a m\u00fasica mistura o rock visceral \u00e0 ess\u00eancia do sert\u00e3o baiano, refor\u00e7ando as ra\u00edzes e [&hellip;]\" \/>\n<meta property=\"og:url\" content=\"https:\/\/portalmf.com.br\/index.php\/2026\/04\/25\/banda-papo-retto-lanca-sangue-de-carcara-e-anuncia-nova-fase-inspirada-na-resistencia-do-sertao\/\" \/>\n<meta property=\"og:site_name\" content=\"Portal MF\" \/>\n<meta property=\"article:author\" content=\"https:\/\/www.facebook.com\/portalmfoficial\" \/>\n<meta property=\"article:published_time\" content=\"2026-04-25T09:27:00+00:00\" \/>\n<meta property=\"article:modified_time\" content=\"2026-04-25T11:58:53+00:00\" \/>\n<meta property=\"og:image\" content=\"https:\/\/portalmf.com.br\/wp-content\/uploads\/2026\/04\/papo_retto_-e1777055872763.jpg\" \/>\n\t<meta property=\"og:image:width\" content=\"1078\" \/>\n\t<meta property=\"og:image:height\" content=\"764\" \/>\n\t<meta property=\"og:image:type\" content=\"image\/jpeg\" \/>\n<meta name=\"author\" content=\"Reda\u00e7\u00e3o Portal MF\" \/>\n<meta name=\"twitter:card\" content=\"summary_large_image\" \/>\n<meta name=\"twitter:creator\" content=\"@https:\/\/x.com\/portalmfoficial\" \/>\n<meta name=\"twitter:label1\" content=\"Escrito por\" \/>\n\t<meta name=\"twitter:data1\" content=\"Reda\u00e7\u00e3o Portal MF\" \/>\n\t<meta name=\"twitter:label2\" content=\"Est. tempo de leitura\" \/>\n\t<meta name=\"twitter:data2\" content=\"3 minutos\" \/>\n<script type=\"application\/ld+json\" class=\"yoast-schema-graph\">{\"@context\":\"https:\/\/schema.org\",\"@graph\":[{\"@type\":\"WebPage\",\"@id\":\"https:\/\/portalmf.com.br\/index.php\/2026\/04\/25\/banda-papo-retto-lanca-sangue-de-carcara-e-anuncia-nova-fase-inspirada-na-resistencia-do-sertao\/\",\"url\":\"https:\/\/portalmf.com.br\/index.php\/2026\/04\/25\/banda-papo-retto-lanca-sangue-de-carcara-e-anuncia-nova-fase-inspirada-na-resistencia-do-sertao\/\",\"name\":\"Banda Papo Retto lan\u00e7a \u201cSangue de Carcar\u00e1\u201d e anuncia nova fase inspirada na resist\u00eancia do sert\u00e3o - Portal MF\",\"isPartOf\":{\"@id\":\"https:\/\/portalmf.com.br\/#website\"},\"primaryImageOfPage\":{\"@id\":\"https:\/\/portalmf.com.br\/index.php\/2026\/04\/25\/banda-papo-retto-lanca-sangue-de-carcara-e-anuncia-nova-fase-inspirada-na-resistencia-do-sertao\/#primaryimage\"},\"image\":{\"@id\":\"https:\/\/portalmf.com.br\/index.php\/2026\/04\/25\/banda-papo-retto-lanca-sangue-de-carcara-e-anuncia-nova-fase-inspirada-na-resistencia-do-sertao\/#primaryimage\"},\"thumbnailUrl\":\"https:\/\/portalmf.com.br\/wp-content\/uploads\/2026\/04\/papo_retto_-e1777055872763.jpg\",\"datePublished\":\"2026-04-25T09:27:00+00:00\",\"dateModified\":\"2026-04-25T11:58:53+00:00\",\"author\":{\"@id\":\"https:\/\/portalmf.com.br\/#\/schema\/person\/9ec101baf56233e53520c26de5d6f6f0\"},\"breadcrumb\":{\"@id\":\"https:\/\/portalmf.com.br\/index.php\/2026\/04\/25\/banda-papo-retto-lanca-sangue-de-carcara-e-anuncia-nova-fase-inspirada-na-resistencia-do-sertao\/#breadcrumb\"},\"inLanguage\":\"pt-BR\",\"potentialAction\":[{\"@type\":\"ReadAction\",\"target\":[\"https:\/\/portalmf.com.br\/index.php\/2026\/04\/25\/banda-papo-retto-lanca-sangue-de-carcara-e-anuncia-nova-fase-inspirada-na-resistencia-do-sertao\/\"]}]},{\"@type\":\"ImageObject\",\"inLanguage\":\"pt-BR\",\"@id\":\"https:\/\/portalmf.com.br\/index.php\/2026\/04\/25\/banda-papo-retto-lanca-sangue-de-carcara-e-anuncia-nova-fase-inspirada-na-resistencia-do-sertao\/#primaryimage\",\"url\":\"https:\/\/portalmf.com.br\/wp-content\/uploads\/2026\/04\/papo_retto_-e1777055872763.jpg\",\"contentUrl\":\"https:\/\/portalmf.com.br\/wp-content\/uploads\/2026\/04\/papo_retto_-e1777055872763.jpg\",\"width\":1078,\"height\":764},{\"@type\":\"BreadcrumbList\",\"@id\":\"https:\/\/portalmf.com.br\/index.php\/2026\/04\/25\/banda-papo-retto-lanca-sangue-de-carcara-e-anuncia-nova-fase-inspirada-na-resistencia-do-sertao\/#breadcrumb\",\"itemListElement\":[{\"@type\":\"ListItem\",\"position\":1,\"name\":\"In\u00edcio\",\"item\":\"https:\/\/portalmf.com.br\/\"},{\"@type\":\"ListItem\",\"position\":2,\"name\":\"Banda Papo Retto lan\u00e7a \u201cSangue de Carcar\u00e1\u201d e anuncia nova fase inspirada na resist\u00eancia do sert\u00e3o\"}]},{\"@type\":\"WebSite\",\"@id\":\"https:\/\/portalmf.com.br\/#website\",\"url\":\"https:\/\/portalmf.com.br\/\",\"name\":\"Portal MF\",\"description\":\"Voc\u00ea conectado com a informa\u00e7\u00e3o\",\"potentialAction\":[{\"@type\":\"SearchAction\",\"target\":{\"@type\":\"EntryPoint\",\"urlTemplate\":\"https:\/\/portalmf.com.br\/?s={search_term_string}\"},\"query-input\":\"required name=search_term_string\"}],\"inLanguage\":\"pt-BR\"},{\"@type\":\"Person\",\"@id\":\"https:\/\/portalmf.com.br\/#\/schema\/person\/9ec101baf56233e53520c26de5d6f6f0\",\"name\":\"Reda\u00e7\u00e3o Portal MF\",\"image\":{\"@type\":\"ImageObject\",\"inLanguage\":\"pt-BR\",\"@id\":\"https:\/\/portalmf.com.br\/#\/schema\/person\/image\/\",\"url\":\"https:\/\/secure.gravatar.com\/avatar\/41b9aaeb2100835f7c64362330f74c7f?s=96&d=mm&r=g\",\"contentUrl\":\"https:\/\/secure.gravatar.com\/avatar\/41b9aaeb2100835f7c64362330f74c7f?s=96&d=mm&r=g\",\"caption\":\"Reda\u00e7\u00e3o Portal MF\"},\"description\":\"Sejam bem-vindos o portal de informa\u00e7\u00f5es de entretenimento de Feira de Santana, desde 2006 realiza coberturas dos principais eventos com entrevistas exclusivas com as principais personalidades mundiais. Fique conectado tamb\u00e9m nas redes sociais.\",\"sameAs\":[\"http:\/\/www.portalmf.com.br\/\",\"https:\/\/www.facebook.com\/portalmfoficial\",\"https:\/\/www.instagram.com\/portalmf\/\",\"https:\/\/x.com\/https:\/\/x.com\/portalmfoficial\",\"https:\/\/www.youtube.com\/@portalmfoficial\"],\"url\":\"https:\/\/portalmf.com.br\/index.php\/author\/junior\/\"}]}<\/script>\n<!-- \/ Yoast SEO plugin. -->","yoast_head_json":{"title":"Banda Papo Retto lan\u00e7a \u201cSangue de Carcar\u00e1\u201d e anuncia nova fase inspirada na resist\u00eancia do sert\u00e3o - Portal MF","robots":{"index":"index","follow":"follow","max-snippet":"max-snippet:-1","max-image-preview":"max-image-preview:large","max-video-preview":"max-video-preview:-1"},"canonical":"https:\/\/portalmf.com.br\/index.php\/2026\/04\/25\/banda-papo-retto-lanca-sangue-de-carcara-e-anuncia-nova-fase-inspirada-na-resistencia-do-sertao\/","og_locale":"pt_BR","og_type":"article","og_title":"Banda Papo Retto lan\u00e7a \u201cSangue de Carcar\u00e1\u201d e anuncia nova fase inspirada na resist\u00eancia do sert\u00e3o - Portal MF","og_description":"A banda feirense Papo Retto acaba de apresentar ao p\u00fablico seu mais novo single, \u201cSangue de Carcar\u00e1\u201d, uma faixa que chega como um verdadeiro manifesto sonoro e marca o in\u00edcio de uma nova fase criativa do grupo. Com forte identidade, a m\u00fasica mistura o rock visceral \u00e0 ess\u00eancia do sert\u00e3o baiano, refor\u00e7ando as ra\u00edzes e [&hellip;]","og_url":"https:\/\/portalmf.com.br\/index.php\/2026\/04\/25\/banda-papo-retto-lanca-sangue-de-carcara-e-anuncia-nova-fase-inspirada-na-resistencia-do-sertao\/","og_site_name":"Portal MF","article_author":"https:\/\/www.facebook.com\/portalmfoficial","article_published_time":"2026-04-25T09:27:00+00:00","article_modified_time":"2026-04-25T11:58:53+00:00","og_image":[{"width":1078,"height":764,"url":"https:\/\/portalmf.com.br\/wp-content\/uploads\/2026\/04\/papo_retto_-e1777055872763.jpg","type":"image\/jpeg"}],"author":"Reda\u00e7\u00e3o Portal MF","twitter_card":"summary_large_image","twitter_creator":"@https:\/\/x.com\/portalmfoficial","twitter_misc":{"Escrito por":"Reda\u00e7\u00e3o Portal MF","Est. tempo de leitura":"3 minutos"},"schema":{"@context":"https:\/\/schema.org","@graph":[{"@type":"WebPage","@id":"https:\/\/portalmf.com.br\/index.php\/2026\/04\/25\/banda-papo-retto-lanca-sangue-de-carcara-e-anuncia-nova-fase-inspirada-na-resistencia-do-sertao\/","url":"https:\/\/portalmf.com.br\/index.php\/2026\/04\/25\/banda-papo-retto-lanca-sangue-de-carcara-e-anuncia-nova-fase-inspirada-na-resistencia-do-sertao\/","name":"Banda Papo Retto lan\u00e7a \u201cSangue de Carcar\u00e1\u201d e anuncia nova fase inspirada na resist\u00eancia do sert\u00e3o - Portal MF","isPartOf":{"@id":"https:\/\/portalmf.com.br\/#website"},"primaryImageOfPage":{"@id":"https:\/\/portalmf.com.br\/index.php\/2026\/04\/25\/banda-papo-retto-lanca-sangue-de-carcara-e-anuncia-nova-fase-inspirada-na-resistencia-do-sertao\/#primaryimage"},"image":{"@id":"https:\/\/portalmf.com.br\/index.php\/2026\/04\/25\/banda-papo-retto-lanca-sangue-de-carcara-e-anuncia-nova-fase-inspirada-na-resistencia-do-sertao\/#primaryimage"},"thumbnailUrl":"https:\/\/portalmf.com.br\/wp-content\/uploads\/2026\/04\/papo_retto_-e1777055872763.jpg","datePublished":"2026-04-25T09:27:00+00:00","dateModified":"2026-04-25T11:58:53+00:00","author":{"@id":"https:\/\/portalmf.com.br\/#\/schema\/person\/9ec101baf56233e53520c26de5d6f6f0"},"breadcrumb":{"@id":"https:\/\/portalmf.com.br\/index.php\/2026\/04\/25\/banda-papo-retto-lanca-sangue-de-carcara-e-anuncia-nova-fase-inspirada-na-resistencia-do-sertao\/#breadcrumb"},"inLanguage":"pt-BR","potentialAction":[{"@type":"ReadAction","target":["https:\/\/portalmf.com.br\/index.php\/2026\/04\/25\/banda-papo-retto-lanca-sangue-de-carcara-e-anuncia-nova-fase-inspirada-na-resistencia-do-sertao\/"]}]},{"@type":"ImageObject","inLanguage":"pt-BR","@id":"https:\/\/portalmf.com.br\/index.php\/2026\/04\/25\/banda-papo-retto-lanca-sangue-de-carcara-e-anuncia-nova-fase-inspirada-na-resistencia-do-sertao\/#primaryimage","url":"https:\/\/portalmf.com.br\/wp-content\/uploads\/2026\/04\/papo_retto_-e1777055872763.jpg","contentUrl":"https:\/\/portalmf.com.br\/wp-content\/uploads\/2026\/04\/papo_retto_-e1777055872763.jpg","width":1078,"height":764},{"@type":"BreadcrumbList","@id":"https:\/\/portalmf.com.br\/index.php\/2026\/04\/25\/banda-papo-retto-lanca-sangue-de-carcara-e-anuncia-nova-fase-inspirada-na-resistencia-do-sertao\/#breadcrumb","itemListElement":[{"@type":"ListItem","position":1,"name":"In\u00edcio","item":"https:\/\/portalmf.com.br\/"},{"@type":"ListItem","position":2,"name":"Banda Papo Retto lan\u00e7a \u201cSangue de Carcar\u00e1\u201d e anuncia nova fase inspirada na resist\u00eancia do sert\u00e3o"}]},{"@type":"WebSite","@id":"https:\/\/portalmf.com.br\/#website","url":"https:\/\/portalmf.com.br\/","name":"Portal MF","description":"Voc\u00ea conectado com a informa\u00e7\u00e3o","potentialAction":[{"@type":"SearchAction","target":{"@type":"EntryPoint","urlTemplate":"https:\/\/portalmf.com.br\/?s={search_term_string}"},"query-input":"required name=search_term_string"}],"inLanguage":"pt-BR"},{"@type":"Person","@id":"https:\/\/portalmf.com.br\/#\/schema\/person\/9ec101baf56233e53520c26de5d6f6f0","name":"Reda\u00e7\u00e3o Portal MF","image":{"@type":"ImageObject","inLanguage":"pt-BR","@id":"https:\/\/portalmf.com.br\/#\/schema\/person\/image\/","url":"https:\/\/secure.gravatar.com\/avatar\/41b9aaeb2100835f7c64362330f74c7f?s=96&d=mm&r=g","contentUrl":"https:\/\/secure.gravatar.com\/avatar\/41b9aaeb2100835f7c64362330f74c7f?s=96&d=mm&r=g","caption":"Reda\u00e7\u00e3o Portal MF"},"description":"Sejam bem-vindos o portal de informa\u00e7\u00f5es de entretenimento de Feira de Santana, desde 2006 realiza coberturas dos principais eventos com entrevistas exclusivas com as principais personalidades mundiais. Fique conectado tamb\u00e9m nas redes sociais.","sameAs":["http:\/\/www.portalmf.com.br\/","https:\/\/www.facebook.com\/portalmfoficial","https:\/\/www.instagram.com\/portalmf\/","https:\/\/x.com\/https:\/\/x.com\/portalmfoficial","https:\/\/www.youtube.com\/@portalmfoficial"],"url":"https:\/\/portalmf.com.br\/index.php\/author\/junior\/"}]}},"_links":{"self":[{"href":"https:\/\/portalmf.com.br\/index.php\/wp-json\/wp\/v2\/posts\/43550"}],"collection":[{"href":"https:\/\/portalmf.com.br\/index.php\/wp-json\/wp\/v2\/posts"}],"about":[{"href":"https:\/\/portalmf.com.br\/index.php\/wp-json\/wp\/v2\/types\/post"}],"author":[{"embeddable":true,"href":"https:\/\/portalmf.com.br\/index.php\/wp-json\/wp\/v2\/users\/3"}],"replies":[{"embeddable":true,"href":"https:\/\/portalmf.com.br\/index.php\/wp-json\/wp\/v2\/comments?post=43550"}],"version-history":[{"count":2,"href":"https:\/\/portalmf.com.br\/index.php\/wp-json\/wp\/v2\/posts\/43550\/revisions"}],"predecessor-version":[{"id":43583,"href":"https:\/\/portalmf.com.br\/index.php\/wp-json\/wp\/v2\/posts\/43550\/revisions\/43583"}],"wp:featuredmedia":[{"embeddable":true,"href":"https:\/\/portalmf.com.br\/index.php\/wp-json\/wp\/v2\/media\/43551"}],"wp:attachment":[{"href":"https:\/\/portalmf.com.br\/index.php\/wp-json\/wp\/v2\/media?parent=43550"}],"wp:term":[{"taxonomy":"category","embeddable":true,"href":"https:\/\/portalmf.com.br\/index.php\/wp-json\/wp\/v2\/categories?post=43550"},{"taxonomy":"post_tag","embeddable":true,"href":"https:\/\/portalmf.com.br\/index.php\/wp-json\/wp\/v2\/tags?post=43550"}],"curies":[{"name":"wp","href":"https:\/\/api.w.org\/{rel}","templated":true}]}}