{"id":43547,"date":"2026-04-24T08:39:34","date_gmt":"2026-04-24T11:39:34","guid":{"rendered":"https:\/\/portalmf.com.br\/?p=43547"},"modified":"2026-04-24T08:39:34","modified_gmt":"2026-04-24T11:39:34","slug":"grupo-estado-confirma-encerramento-das-operacoes-da-eldorado-fm-em-sao-paulo","status":"publish","type":"post","link":"https:\/\/portalmf.com.br\/index.php\/2026\/04\/24\/grupo-estado-confirma-encerramento-das-operacoes-da-eldorado-fm-em-sao-paulo\/","title":{"rendered":"Grupo Estado confirma encerramento das opera\u00e7\u00f5es da Eldorado FM em S\u00e3o Paulo"},"content":{"rendered":"\n<p>O Grupo Estado confirmou o encerramento das opera\u00e7\u00f5es da Eldorado FM 107.3 de S\u00e3o Paulo a partir do dia 14 de maio. A decis\u00e3o abre caminho para a entrada da R\u00e1dio Bandeirantes FM 86.3 na frequ\u00eancia, que passar\u00e1 a operar no canal a partir do dia 15 do mesmo m\u00eas. A mudan\u00e7a j\u00e1 havia sido antecipada pelo tudoradio.com em janeiro e confirmada por Guillermo Pendino, diretor-geral de programa\u00e7\u00e3o da Band. A informa\u00e7\u00e3o tamb\u00e9m foi repercutida pela Folha de S.Paulo nesta quinta-feira (23). O Grupo Estado chegou a negociar a perman\u00eancia da Eldorado FM em outro canal, mas o acordo n\u00e3o foi concretizado.<\/p>\n\n\n\n<p>Segundo apura\u00e7\u00e3o da reda\u00e7\u00e3o do tudoradio.com, uma reuni\u00e3o com diretores do Grupo Estado foi realizada na \u00faltima sexta-feira (17) para tratar de uma nova frequ\u00eancia para a Eldorado FM na capital paulista. De acordo com as informa\u00e7\u00f5es, a diretoria do grupo jornal\u00edstico considerou a oferta muito alta e decidiu encerrar a opera\u00e7\u00e3o da tradicional marca do dial paulistano.<\/p>\n\n\n\n<p>No comunicado publicado no site do Estad\u00e3o nesta quinta-feira, o grupo ressalta que <em>\u201cA R\u00e1dio Eldorado ocupa, h\u00e1 d\u00e9cadas, um lugar singular na vida cultural de S\u00e3o Paulo. Refer\u00eancia em curadoria musical, jornalismo e programa\u00e7\u00e3o de qualidade, tornou-se um patrim\u00f4nio afetivo e intelectual de gera\u00e7\u00f5es de ouvintes, contribuindo de forma decisiva para a forma\u00e7\u00e3o de repert\u00f3rio, a difus\u00e3o de artistas e o fortalecimento da cena cultural da cidade\u201d.<\/em><\/p>\n\n\n\n<p>O movimento do Grupo Estado vai na contram\u00e3o do que acontece no setor de r\u00e1dio de S\u00e3o Paulo, que \u00e9 de expans\u00e3o e o surgimento de novos projetos. Recentemente o mercado paulista passou a contar com a Forbes Radio FM 105.7 e tamb\u00e9m com o reposicionamento completo da Transam\u00e9rica, agora com o a jornal\u00edstica TMC FM 100.1. Ao mudar sua sintonia para FM 107.3, a pr\u00f3pria R\u00e1dio Bandeirantes amplia seus esfor\u00e7os no mercado de S\u00e3o Paulo, este que tamb\u00e9m passar\u00e1 a contar com a Z Sport News FM 96.5.<\/p>\n\n\n\n<p>Em janeiro, o tudoradio.com publicou que a atual R\u00e1dio Bandeirantes FM 86.3 poderia trocar de frequ\u00eancia neste primeiro semestre de 2026. O portal j\u00e1 vinha acompanhando o andamento de uma consulta p\u00fablica, publicada em 1\u00ba de dezembro, aberta entre os dias 10 e 19 do m\u00eas passado. Com a mudan\u00e7a, a R\u00e1dio Bandeirantes sair\u00e1 do FM estendido, faixa ocupada pela esta\u00e7\u00e3o desde 2023, fixando-se em definitivo no FM 107.3 a partir de maio, mantendo-se como uma concess\u00e3o comercial, enquanto a 86.3 FM passar\u00e1 a ser ocupada por uma concess\u00e3o educativa, assim como ocorre hoje com a FM 107.3.<\/p>\n\n\n\n<p><strong>Confira abaixo, na \u00edntegra, o comunicado do Grupo Estado<\/strong><\/p>\n\n\n\n<p><em><strong>Estad\u00e3o faz comunicado sobre R\u00e1dio Eldorado<\/strong><\/em><\/p>\n\n\n\n<p><em>Movimento sobre a emissora \u00e9 parte de um contexto mais amplo de reposicionamento estrat\u00e9gico do Estad\u00e3o, que vem aumentando de forma consistente sua presen\u00e7a digital<\/em><\/p>\n\n\n\n<p><em>A R\u00e1dio Eldorado ocupa, h\u00e1 d\u00e9cadas, um lugar singular na vida cultural de S\u00e3o Paulo. Refer\u00eancia em curadoria musical, jornalismo e programa\u00e7\u00e3o de qualidade, tornou-se um patrim\u00f4nio afetivo e intelectual de gera\u00e7\u00f5es de ouvintes, contribuindo de forma decisiva para a forma\u00e7\u00e3o de repert\u00f3rio, a difus\u00e3o de artistas e o fortalecimento da cena cultural da cidade.<\/em><\/p>\n\n\n\n<p><em>Nos \u00faltimos anos, sobretudo ap\u00f3s a pandemia, entretanto, observamos mudan\u00e7as profundas nos h\u00e1bitos de consumo de \u00e1udio. O crescimento acelerado das plataformas de streaming musical e a transforma\u00e7\u00e3o no uso dos meios lineares t\u00eam impactado de forma estrutural o papel das r\u00e1dios FM tradicionais.<\/em><\/p>\n\n\n\n<p><em>Atento a essas tend\u00eancias, o Estad\u00e3o vem revendo sua estrat\u00e9gia no segmento de \u00e1udio. Em fun\u00e7\u00e3o do t\u00e9rmino da parceria com a Funda\u00e7\u00e3o Brasil 2000, detentora da frequ\u00eancia 107,3 FM, a opera\u00e7\u00e3o de radiodifus\u00e3o da Eldorado ser\u00e1 encerrada no pr\u00f3ximo dia 15 de maio.<\/em><\/p>\n\n\n\n<p><em>Essa decis\u00e3o se insere em um movimento mais amplo de reposicionamento estrat\u00e9gico do Estad\u00e3o, que vem ampliando de forma consistente sua presen\u00e7a digital. Nos \u00faltimos dois anos, a companhia intensificou sua produ\u00e7\u00e3o audiovisual, por exemplo, com a contrata\u00e7\u00e3o de 14 colunistas com atua\u00e7\u00e3o multiplataforma, respons\u00e1veis por conte\u00fados em texto e v\u00eddeo. Esse esfor\u00e7o permitiu expandir de maneira significativa a presen\u00e7a do Estad\u00e3o em suas plataformas pr\u00f3prias \u2014 site e aplicativo \u2014, bem como em redes sociais e canais de v\u00eddeo.<\/em><\/p>\n\n\n\n<p><em>A aquisi\u00e7\u00e3o da NZN, em outubro de 2025, refor\u00e7ou essa trajet\u00f3ria. Os ativos digitais do TecMundo ampliaram a capacidade de distribui\u00e7\u00e3o e produ\u00e7\u00e3o audiovisual, enquanto a sede da empresa foi convertida em um hub de cria\u00e7\u00e3o na regi\u00e3o de Higien\u00f3polis \u2014 a \u201cBlue House\u201d \u2014 dedicado ao desenvolvimento de novos formatos e linguagens.<\/em><\/p>\n\n\n\n<p><em>O encerramento da opera\u00e7\u00e3o de radiodifus\u00e3o da Eldorado n\u00e3o representa o fim de sua marca. A Eldorado seguir\u00e1 presente em projetos especiais e eventos, preservando seu papel como refer\u00eancia cultural. Alguns de seus principais programas, incluindo iniciativas como Som a Pino e Clube do Livro, ser\u00e3o redesenhados e adaptados para novos formatos, com \u00eanfase em v\u00eddeo e distribui\u00e7\u00e3o digital. Esta transi\u00e7\u00e3o permitir\u00e1 ao Estad\u00e3o oferecer aos seus parceiros comerciais formatos mais segmentados, mensur\u00e1veis e aderentes aos novos h\u00e1bitos de consumo de conte\u00fado.<\/em><\/p>\n\n\n\n<p><em>O Estad\u00e3o expressa seu profundo reconhecimento a todos os profissionais que constru\u00edram a hist\u00f3ria da R\u00e1dio Eldorado, bem como aos ouvintes que, ao longo dos anos, fizeram dela um espa\u00e7o de encontro, descoberta e valoriza\u00e7\u00e3o da m\u00fasica de qualidade.<\/em><\/p>\n\n\n\n<p>Com informa\u00e7\u00f5es do Tudoradio.com<\/p>\n","protected":false},"excerpt":{"rendered":"<p>O Grupo Estado confirmou o encerramento das opera\u00e7\u00f5es da Eldorado FM 107.3 de S\u00e3o Paulo a partir do dia 14 de maio. A decis\u00e3o abre caminho para a entrada da R\u00e1dio Bandeirantes FM 86.3 na frequ\u00eancia, que passar\u00e1 a operar no canal a partir do dia 15 do mesmo m\u00eas. A mudan\u00e7a j\u00e1 havia sido [&hellip;]<\/p>\n","protected":false},"author":3,"featured_media":43548,"comment_status":"open","ping_status":"open","sticky":false,"template":"","format":"standard","meta":{"_monsterinsights_skip_tracking":false,"_monsterinsights_sitenote_active":false,"_monsterinsights_sitenote_note":"","_monsterinsights_sitenote_category":0,"footnotes":""},"categories":[50],"tags":[],"yoast_head":"<!-- This site is optimized with the Yoast SEO plugin v22.9 - https:\/\/yoast.com\/wordpress\/plugins\/seo\/ -->\n<title>Grupo Estado confirma encerramento das opera\u00e7\u00f5es da Eldorado FM em S\u00e3o Paulo - Portal MF<\/title>\n<meta name=\"robots\" content=\"index, follow, max-snippet:-1, max-image-preview:large, max-video-preview:-1\" \/>\n<link rel=\"canonical\" href=\"https:\/\/portalmf.com.br\/index.php\/2026\/04\/24\/grupo-estado-confirma-encerramento-das-operacoes-da-eldorado-fm-em-sao-paulo\/\" \/>\n<meta property=\"og:locale\" content=\"pt_BR\" \/>\n<meta property=\"og:type\" content=\"article\" \/>\n<meta property=\"og:title\" content=\"Grupo Estado confirma encerramento das opera\u00e7\u00f5es da Eldorado FM em S\u00e3o Paulo - Portal MF\" \/>\n<meta property=\"og:description\" content=\"O Grupo Estado confirmou o encerramento das opera\u00e7\u00f5es da Eldorado FM 107.3 de S\u00e3o Paulo a partir do dia 14 de maio. A decis\u00e3o abre caminho para a entrada da R\u00e1dio Bandeirantes FM 86.3 na frequ\u00eancia, que passar\u00e1 a operar no canal a partir do dia 15 do mesmo m\u00eas. A mudan\u00e7a j\u00e1 havia sido [&hellip;]\" \/>\n<meta property=\"og:url\" content=\"https:\/\/portalmf.com.br\/index.php\/2026\/04\/24\/grupo-estado-confirma-encerramento-das-operacoes-da-eldorado-fm-em-sao-paulo\/\" \/>\n<meta property=\"og:site_name\" content=\"Portal MF\" \/>\n<meta property=\"article:author\" content=\"https:\/\/www.facebook.com\/portalmfoficial\" \/>\n<meta property=\"article:published_time\" content=\"2026-04-24T11:39:34+00:00\" \/>\n<meta property=\"og:image\" content=\"https:\/\/portalmf.com.br\/wp-content\/uploads\/2026\/04\/eldorado.jpg\" \/>\n\t<meta property=\"og:image:width\" content=\"330\" \/>\n\t<meta property=\"og:image:height\" content=\"300\" \/>\n\t<meta property=\"og:image:type\" content=\"image\/jpeg\" \/>\n<meta name=\"author\" content=\"Reda\u00e7\u00e3o Portal MF\" \/>\n<meta name=\"twitter:card\" content=\"summary_large_image\" \/>\n<meta name=\"twitter:creator\" content=\"@https:\/\/x.com\/portalmfoficial\" \/>\n<meta name=\"twitter:label1\" content=\"Escrito por\" \/>\n\t<meta name=\"twitter:data1\" content=\"Reda\u00e7\u00e3o Portal MF\" \/>\n\t<meta name=\"twitter:label2\" content=\"Est. tempo de leitura\" \/>\n\t<meta name=\"twitter:data2\" content=\"5 minutos\" \/>\n<script type=\"application\/ld+json\" class=\"yoast-schema-graph\">{\"@context\":\"https:\/\/schema.org\",\"@graph\":[{\"@type\":\"WebPage\",\"@id\":\"https:\/\/portalmf.com.br\/index.php\/2026\/04\/24\/grupo-estado-confirma-encerramento-das-operacoes-da-eldorado-fm-em-sao-paulo\/\",\"url\":\"https:\/\/portalmf.com.br\/index.php\/2026\/04\/24\/grupo-estado-confirma-encerramento-das-operacoes-da-eldorado-fm-em-sao-paulo\/\",\"name\":\"Grupo Estado confirma encerramento das opera\u00e7\u00f5es da Eldorado FM em S\u00e3o Paulo - Portal MF\",\"isPartOf\":{\"@id\":\"https:\/\/portalmf.com.br\/#website\"},\"primaryImageOfPage\":{\"@id\":\"https:\/\/portalmf.com.br\/index.php\/2026\/04\/24\/grupo-estado-confirma-encerramento-das-operacoes-da-eldorado-fm-em-sao-paulo\/#primaryimage\"},\"image\":{\"@id\":\"https:\/\/portalmf.com.br\/index.php\/2026\/04\/24\/grupo-estado-confirma-encerramento-das-operacoes-da-eldorado-fm-em-sao-paulo\/#primaryimage\"},\"thumbnailUrl\":\"https:\/\/portalmf.com.br\/wp-content\/uploads\/2026\/04\/eldorado.jpg\",\"datePublished\":\"2026-04-24T11:39:34+00:00\",\"dateModified\":\"2026-04-24T11:39:34+00:00\",\"author\":{\"@id\":\"https:\/\/portalmf.com.br\/#\/schema\/person\/9ec101baf56233e53520c26de5d6f6f0\"},\"breadcrumb\":{\"@id\":\"https:\/\/portalmf.com.br\/index.php\/2026\/04\/24\/grupo-estado-confirma-encerramento-das-operacoes-da-eldorado-fm-em-sao-paulo\/#breadcrumb\"},\"inLanguage\":\"pt-BR\",\"potentialAction\":[{\"@type\":\"ReadAction\",\"target\":[\"https:\/\/portalmf.com.br\/index.php\/2026\/04\/24\/grupo-estado-confirma-encerramento-das-operacoes-da-eldorado-fm-em-sao-paulo\/\"]}]},{\"@type\":\"ImageObject\",\"inLanguage\":\"pt-BR\",\"@id\":\"https:\/\/portalmf.com.br\/index.php\/2026\/04\/24\/grupo-estado-confirma-encerramento-das-operacoes-da-eldorado-fm-em-sao-paulo\/#primaryimage\",\"url\":\"https:\/\/portalmf.com.br\/wp-content\/uploads\/2026\/04\/eldorado.jpg\",\"contentUrl\":\"https:\/\/portalmf.com.br\/wp-content\/uploads\/2026\/04\/eldorado.jpg\",\"width\":330,\"height\":300},{\"@type\":\"BreadcrumbList\",\"@id\":\"https:\/\/portalmf.com.br\/index.php\/2026\/04\/24\/grupo-estado-confirma-encerramento-das-operacoes-da-eldorado-fm-em-sao-paulo\/#breadcrumb\",\"itemListElement\":[{\"@type\":\"ListItem\",\"position\":1,\"name\":\"In\u00edcio\",\"item\":\"https:\/\/portalmf.com.br\/\"},{\"@type\":\"ListItem\",\"position\":2,\"name\":\"Grupo Estado confirma encerramento das opera\u00e7\u00f5es da Eldorado FM em S\u00e3o Paulo\"}]},{\"@type\":\"WebSite\",\"@id\":\"https:\/\/portalmf.com.br\/#website\",\"url\":\"https:\/\/portalmf.com.br\/\",\"name\":\"Portal MF\",\"description\":\"Voc\u00ea conectado com a informa\u00e7\u00e3o\",\"potentialAction\":[{\"@type\":\"SearchAction\",\"target\":{\"@type\":\"EntryPoint\",\"urlTemplate\":\"https:\/\/portalmf.com.br\/?s={search_term_string}\"},\"query-input\":\"required name=search_term_string\"}],\"inLanguage\":\"pt-BR\"},{\"@type\":\"Person\",\"@id\":\"https:\/\/portalmf.com.br\/#\/schema\/person\/9ec101baf56233e53520c26de5d6f6f0\",\"name\":\"Reda\u00e7\u00e3o Portal MF\",\"image\":{\"@type\":\"ImageObject\",\"inLanguage\":\"pt-BR\",\"@id\":\"https:\/\/portalmf.com.br\/#\/schema\/person\/image\/\",\"url\":\"https:\/\/secure.gravatar.com\/avatar\/41b9aaeb2100835f7c64362330f74c7f?s=96&d=mm&r=g\",\"contentUrl\":\"https:\/\/secure.gravatar.com\/avatar\/41b9aaeb2100835f7c64362330f74c7f?s=96&d=mm&r=g\",\"caption\":\"Reda\u00e7\u00e3o Portal MF\"},\"description\":\"Sejam bem-vindos o portal de informa\u00e7\u00f5es de entretenimento de Feira de Santana, desde 2006 realiza coberturas dos principais eventos com entrevistas exclusivas com as principais personalidades mundiais. Fique conectado tamb\u00e9m nas redes sociais.\",\"sameAs\":[\"http:\/\/www.portalmf.com.br\/\",\"https:\/\/www.facebook.com\/portalmfoficial\",\"https:\/\/www.instagram.com\/portalmf\/\",\"https:\/\/x.com\/https:\/\/x.com\/portalmfoficial\",\"https:\/\/www.youtube.com\/@portalmfoficial\"],\"url\":\"https:\/\/portalmf.com.br\/index.php\/author\/junior\/\"}]}<\/script>\n<!-- \/ Yoast SEO plugin. -->","yoast_head_json":{"title":"Grupo Estado confirma encerramento das opera\u00e7\u00f5es da Eldorado FM em S\u00e3o Paulo - Portal MF","robots":{"index":"index","follow":"follow","max-snippet":"max-snippet:-1","max-image-preview":"max-image-preview:large","max-video-preview":"max-video-preview:-1"},"canonical":"https:\/\/portalmf.com.br\/index.php\/2026\/04\/24\/grupo-estado-confirma-encerramento-das-operacoes-da-eldorado-fm-em-sao-paulo\/","og_locale":"pt_BR","og_type":"article","og_title":"Grupo Estado confirma encerramento das opera\u00e7\u00f5es da Eldorado FM em S\u00e3o Paulo - Portal MF","og_description":"O Grupo Estado confirmou o encerramento das opera\u00e7\u00f5es da Eldorado FM 107.3 de S\u00e3o Paulo a partir do dia 14 de maio. A decis\u00e3o abre caminho para a entrada da R\u00e1dio Bandeirantes FM 86.3 na frequ\u00eancia, que passar\u00e1 a operar no canal a partir do dia 15 do mesmo m\u00eas. A mudan\u00e7a j\u00e1 havia sido [&hellip;]","og_url":"https:\/\/portalmf.com.br\/index.php\/2026\/04\/24\/grupo-estado-confirma-encerramento-das-operacoes-da-eldorado-fm-em-sao-paulo\/","og_site_name":"Portal MF","article_author":"https:\/\/www.facebook.com\/portalmfoficial","article_published_time":"2026-04-24T11:39:34+00:00","og_image":[{"width":330,"height":300,"url":"https:\/\/portalmf.com.br\/wp-content\/uploads\/2026\/04\/eldorado.jpg","type":"image\/jpeg"}],"author":"Reda\u00e7\u00e3o Portal MF","twitter_card":"summary_large_image","twitter_creator":"@https:\/\/x.com\/portalmfoficial","twitter_misc":{"Escrito por":"Reda\u00e7\u00e3o Portal MF","Est. tempo de leitura":"5 minutos"},"schema":{"@context":"https:\/\/schema.org","@graph":[{"@type":"WebPage","@id":"https:\/\/portalmf.com.br\/index.php\/2026\/04\/24\/grupo-estado-confirma-encerramento-das-operacoes-da-eldorado-fm-em-sao-paulo\/","url":"https:\/\/portalmf.com.br\/index.php\/2026\/04\/24\/grupo-estado-confirma-encerramento-das-operacoes-da-eldorado-fm-em-sao-paulo\/","name":"Grupo Estado confirma encerramento das opera\u00e7\u00f5es da Eldorado FM em S\u00e3o Paulo - Portal MF","isPartOf":{"@id":"https:\/\/portalmf.com.br\/#website"},"primaryImageOfPage":{"@id":"https:\/\/portalmf.com.br\/index.php\/2026\/04\/24\/grupo-estado-confirma-encerramento-das-operacoes-da-eldorado-fm-em-sao-paulo\/#primaryimage"},"image":{"@id":"https:\/\/portalmf.com.br\/index.php\/2026\/04\/24\/grupo-estado-confirma-encerramento-das-operacoes-da-eldorado-fm-em-sao-paulo\/#primaryimage"},"thumbnailUrl":"https:\/\/portalmf.com.br\/wp-content\/uploads\/2026\/04\/eldorado.jpg","datePublished":"2026-04-24T11:39:34+00:00","dateModified":"2026-04-24T11:39:34+00:00","author":{"@id":"https:\/\/portalmf.com.br\/#\/schema\/person\/9ec101baf56233e53520c26de5d6f6f0"},"breadcrumb":{"@id":"https:\/\/portalmf.com.br\/index.php\/2026\/04\/24\/grupo-estado-confirma-encerramento-das-operacoes-da-eldorado-fm-em-sao-paulo\/#breadcrumb"},"inLanguage":"pt-BR","potentialAction":[{"@type":"ReadAction","target":["https:\/\/portalmf.com.br\/index.php\/2026\/04\/24\/grupo-estado-confirma-encerramento-das-operacoes-da-eldorado-fm-em-sao-paulo\/"]}]},{"@type":"ImageObject","inLanguage":"pt-BR","@id":"https:\/\/portalmf.com.br\/index.php\/2026\/04\/24\/grupo-estado-confirma-encerramento-das-operacoes-da-eldorado-fm-em-sao-paulo\/#primaryimage","url":"https:\/\/portalmf.com.br\/wp-content\/uploads\/2026\/04\/eldorado.jpg","contentUrl":"https:\/\/portalmf.com.br\/wp-content\/uploads\/2026\/04\/eldorado.jpg","width":330,"height":300},{"@type":"BreadcrumbList","@id":"https:\/\/portalmf.com.br\/index.php\/2026\/04\/24\/grupo-estado-confirma-encerramento-das-operacoes-da-eldorado-fm-em-sao-paulo\/#breadcrumb","itemListElement":[{"@type":"ListItem","position":1,"name":"In\u00edcio","item":"https:\/\/portalmf.com.br\/"},{"@type":"ListItem","position":2,"name":"Grupo Estado confirma encerramento das opera\u00e7\u00f5es da Eldorado FM em S\u00e3o Paulo"}]},{"@type":"WebSite","@id":"https:\/\/portalmf.com.br\/#website","url":"https:\/\/portalmf.com.br\/","name":"Portal MF","description":"Voc\u00ea conectado com a informa\u00e7\u00e3o","potentialAction":[{"@type":"SearchAction","target":{"@type":"EntryPoint","urlTemplate":"https:\/\/portalmf.com.br\/?s={search_term_string}"},"query-input":"required name=search_term_string"}],"inLanguage":"pt-BR"},{"@type":"Person","@id":"https:\/\/portalmf.com.br\/#\/schema\/person\/9ec101baf56233e53520c26de5d6f6f0","name":"Reda\u00e7\u00e3o Portal MF","image":{"@type":"ImageObject","inLanguage":"pt-BR","@id":"https:\/\/portalmf.com.br\/#\/schema\/person\/image\/","url":"https:\/\/secure.gravatar.com\/avatar\/41b9aaeb2100835f7c64362330f74c7f?s=96&d=mm&r=g","contentUrl":"https:\/\/secure.gravatar.com\/avatar\/41b9aaeb2100835f7c64362330f74c7f?s=96&d=mm&r=g","caption":"Reda\u00e7\u00e3o Portal MF"},"description":"Sejam bem-vindos o portal de informa\u00e7\u00f5es de entretenimento de Feira de Santana, desde 2006 realiza coberturas dos principais eventos com entrevistas exclusivas com as principais personalidades mundiais. Fique conectado tamb\u00e9m nas redes sociais.","sameAs":["http:\/\/www.portalmf.com.br\/","https:\/\/www.facebook.com\/portalmfoficial","https:\/\/www.instagram.com\/portalmf\/","https:\/\/x.com\/https:\/\/x.com\/portalmfoficial","https:\/\/www.youtube.com\/@portalmfoficial"],"url":"https:\/\/portalmf.com.br\/index.php\/author\/junior\/"}]}},"_links":{"self":[{"href":"https:\/\/portalmf.com.br\/index.php\/wp-json\/wp\/v2\/posts\/43547"}],"collection":[{"href":"https:\/\/portalmf.com.br\/index.php\/wp-json\/wp\/v2\/posts"}],"about":[{"href":"https:\/\/portalmf.com.br\/index.php\/wp-json\/wp\/v2\/types\/post"}],"author":[{"embeddable":true,"href":"https:\/\/portalmf.com.br\/index.php\/wp-json\/wp\/v2\/users\/3"}],"replies":[{"embeddable":true,"href":"https:\/\/portalmf.com.br\/index.php\/wp-json\/wp\/v2\/comments?post=43547"}],"version-history":[{"count":1,"href":"https:\/\/portalmf.com.br\/index.php\/wp-json\/wp\/v2\/posts\/43547\/revisions"}],"predecessor-version":[{"id":43549,"href":"https:\/\/portalmf.com.br\/index.php\/wp-json\/wp\/v2\/posts\/43547\/revisions\/43549"}],"wp:featuredmedia":[{"embeddable":true,"href":"https:\/\/portalmf.com.br\/index.php\/wp-json\/wp\/v2\/media\/43548"}],"wp:attachment":[{"href":"https:\/\/portalmf.com.br\/index.php\/wp-json\/wp\/v2\/media?parent=43547"}],"wp:term":[{"taxonomy":"category","embeddable":true,"href":"https:\/\/portalmf.com.br\/index.php\/wp-json\/wp\/v2\/categories?post=43547"},{"taxonomy":"post_tag","embeddable":true,"href":"https:\/\/portalmf.com.br\/index.php\/wp-json\/wp\/v2\/tags?post=43547"}],"curies":[{"name":"wp","href":"https:\/\/api.w.org\/{rel}","templated":true}]}}