{"id":43544,"date":"2026-04-24T08:31:48","date_gmt":"2026-04-24T11:31:48","guid":{"rendered":"https:\/\/portalmf.com.br\/?p=43544"},"modified":"2026-04-24T08:31:49","modified_gmt":"2026-04-24T11:31:49","slug":"musical-o-velho-lobo-do-mar-retorna-ao-teatro-do-cuca-nesta-sexta-e-sabado","status":"publish","type":"post","link":"https:\/\/portalmf.com.br\/index.php\/2026\/04\/24\/musical-o-velho-lobo-do-mar-retorna-ao-teatro-do-cuca-nesta-sexta-e-sabado\/","title":{"rendered":"Musical \u201cO Velho Lobo do Mar\u201d retorna ao Teatro do Cuca nesta sexta e s\u00e1bado"},"content":{"rendered":"\n<p>O espet\u00e1culo musical \u201cO Velho Lobo do Mar\u201d volta a cartaz em Feira de Santana para duas apresenta\u00e7\u00f5es nesta sexta e s\u00e1bado, 24 e 25 de abril, \u00e0s 20h, no Teatro do CUCA. Integrando a programa\u00e7\u00e3o do projeto Feira Tem Teatro, a montagem aposta na est\u00e9tica do universo pirata para conduzir o p\u00fablico por uma narrativa marcada por mist\u00e9rio, aventura e reflex\u00e3o. Os ingressos est\u00e3o dispon\u00edveis pelo Sympla com valor promocional antecipado e tamb\u00e9m poder\u00e3o ser adquiridos na bilheteria do teatro nos dias de apresenta\u00e7\u00e3o.<\/p>\n\n\n\n<p>Inspirado nas can\u00e7\u00f5es de Renato God\u00e1, o musical se passa em um navio pirata e acompanha a trajet\u00f3ria de um marinheiro que revisita mem\u00f3rias de um passado turbulento enquanto lida com as incertezas do futuro. O protagonista \u00e9 interpretado por Fernando Souza, tendo sua hist\u00f3ria atravessada por diferentes fases da vida, representadas tamb\u00e9m pelos atores Denner Lobo e Anibal Bastos.<\/p>\n\n\n\n<p>Com texto e dire\u00e7\u00e3o de Geovane Mascarenhas, o espet\u00e1culo articula elementos l\u00fadicos e existenciais, propondo uma experi\u00eancia sensorial e reflexiva. A encena\u00e7\u00e3o dialoga com temas como identidade, escolhas e amadurecimento, em uma narrativa que mistura fantasia e introspec\u00e7\u00e3o.<br>Entre os destaques da montagem est\u00e1 a personagem Press\u00e1gio, interpretada pela atriz J\u00falia Lorrana. Com uma presen\u00e7a simb\u00f3lica, a figura atua como guia espiritual da trama, trazendo \u00e0 cena reflex\u00f5es sobre destino, sinais e responsabilidade individual.<\/p>\n","protected":false},"excerpt":{"rendered":"<p>O espet\u00e1culo musical \u201cO Velho Lobo do Mar\u201d volta a cartaz em Feira de Santana para duas apresenta\u00e7\u00f5es nesta sexta e s\u00e1bado, 24 e 25 de abril, \u00e0s 20h, no Teatro do CUCA. Integrando a programa\u00e7\u00e3o do projeto Feira Tem Teatro, a montagem aposta na est\u00e9tica do universo pirata para conduzir o p\u00fablico por uma [&hellip;]<\/p>\n","protected":false},"author":3,"featured_media":43545,"comment_status":"open","ping_status":"open","sticky":false,"template":"","format":"standard","meta":{"_monsterinsights_skip_tracking":false,"_monsterinsights_sitenote_active":false,"_monsterinsights_sitenote_note":"","_monsterinsights_sitenote_category":0,"footnotes":""},"categories":[40,47],"tags":[],"yoast_head":"<!-- This site is optimized with the Yoast SEO plugin v22.9 - https:\/\/yoast.com\/wordpress\/plugins\/seo\/ -->\n<title>Musical \u201cO Velho Lobo do Mar\u201d retorna ao Teatro do Cuca nesta sexta e s\u00e1bado - Portal MF<\/title>\n<meta name=\"robots\" content=\"index, follow, max-snippet:-1, max-image-preview:large, max-video-preview:-1\" \/>\n<link rel=\"canonical\" href=\"https:\/\/portalmf.com.br\/index.php\/2026\/04\/24\/musical-o-velho-lobo-do-mar-retorna-ao-teatro-do-cuca-nesta-sexta-e-sabado\/\" \/>\n<meta property=\"og:locale\" content=\"pt_BR\" \/>\n<meta property=\"og:type\" content=\"article\" \/>\n<meta property=\"og:title\" content=\"Musical \u201cO Velho Lobo do Mar\u201d retorna ao Teatro do Cuca nesta sexta e s\u00e1bado - Portal MF\" \/>\n<meta property=\"og:description\" content=\"O espet\u00e1culo musical \u201cO Velho Lobo do Mar\u201d volta a cartaz em Feira de Santana para duas apresenta\u00e7\u00f5es nesta sexta e s\u00e1bado, 24 e 25 de abril, \u00e0s 20h, no Teatro do CUCA. Integrando a programa\u00e7\u00e3o do projeto Feira Tem Teatro, a montagem aposta na est\u00e9tica do universo pirata para conduzir o p\u00fablico por uma [&hellip;]\" \/>\n<meta property=\"og:url\" content=\"https:\/\/portalmf.com.br\/index.php\/2026\/04\/24\/musical-o-velho-lobo-do-mar-retorna-ao-teatro-do-cuca-nesta-sexta-e-sabado\/\" \/>\n<meta property=\"og:site_name\" content=\"Portal MF\" \/>\n<meta property=\"article:author\" content=\"https:\/\/www.facebook.com\/portalmfoficial\" \/>\n<meta property=\"article:published_time\" content=\"2026-04-24T11:31:48+00:00\" \/>\n<meta property=\"article:modified_time\" content=\"2026-04-24T11:31:49+00:00\" \/>\n<meta property=\"og:image\" content=\"https:\/\/portalmf.com.br\/wp-content\/uploads\/2026\/04\/Musical-O-Velho-Lobo-do-Mar.jpg\" \/>\n\t<meta property=\"og:image:width\" content=\"1024\" \/>\n\t<meta property=\"og:image:height\" content=\"538\" \/>\n\t<meta property=\"og:image:type\" content=\"image\/jpeg\" \/>\n<meta name=\"author\" content=\"Reda\u00e7\u00e3o Portal MF\" \/>\n<meta name=\"twitter:card\" content=\"summary_large_image\" \/>\n<meta name=\"twitter:creator\" content=\"@https:\/\/x.com\/portalmfoficial\" \/>\n<meta name=\"twitter:label1\" content=\"Escrito por\" \/>\n\t<meta name=\"twitter:data1\" content=\"Reda\u00e7\u00e3o Portal MF\" \/>\n\t<meta name=\"twitter:label2\" content=\"Est. tempo de leitura\" \/>\n\t<meta name=\"twitter:data2\" content=\"2 minutos\" \/>\n<script type=\"application\/ld+json\" class=\"yoast-schema-graph\">{\"@context\":\"https:\/\/schema.org\",\"@graph\":[{\"@type\":\"WebPage\",\"@id\":\"https:\/\/portalmf.com.br\/index.php\/2026\/04\/24\/musical-o-velho-lobo-do-mar-retorna-ao-teatro-do-cuca-nesta-sexta-e-sabado\/\",\"url\":\"https:\/\/portalmf.com.br\/index.php\/2026\/04\/24\/musical-o-velho-lobo-do-mar-retorna-ao-teatro-do-cuca-nesta-sexta-e-sabado\/\",\"name\":\"Musical \u201cO Velho Lobo do Mar\u201d retorna ao Teatro do Cuca nesta sexta e s\u00e1bado - Portal MF\",\"isPartOf\":{\"@id\":\"https:\/\/portalmf.com.br\/#website\"},\"primaryImageOfPage\":{\"@id\":\"https:\/\/portalmf.com.br\/index.php\/2026\/04\/24\/musical-o-velho-lobo-do-mar-retorna-ao-teatro-do-cuca-nesta-sexta-e-sabado\/#primaryimage\"},\"image\":{\"@id\":\"https:\/\/portalmf.com.br\/index.php\/2026\/04\/24\/musical-o-velho-lobo-do-mar-retorna-ao-teatro-do-cuca-nesta-sexta-e-sabado\/#primaryimage\"},\"thumbnailUrl\":\"https:\/\/portalmf.com.br\/wp-content\/uploads\/2026\/04\/Musical-O-Velho-Lobo-do-Mar.jpg\",\"datePublished\":\"2026-04-24T11:31:48+00:00\",\"dateModified\":\"2026-04-24T11:31:49+00:00\",\"author\":{\"@id\":\"https:\/\/portalmf.com.br\/#\/schema\/person\/9ec101baf56233e53520c26de5d6f6f0\"},\"breadcrumb\":{\"@id\":\"https:\/\/portalmf.com.br\/index.php\/2026\/04\/24\/musical-o-velho-lobo-do-mar-retorna-ao-teatro-do-cuca-nesta-sexta-e-sabado\/#breadcrumb\"},\"inLanguage\":\"pt-BR\",\"potentialAction\":[{\"@type\":\"ReadAction\",\"target\":[\"https:\/\/portalmf.com.br\/index.php\/2026\/04\/24\/musical-o-velho-lobo-do-mar-retorna-ao-teatro-do-cuca-nesta-sexta-e-sabado\/\"]}]},{\"@type\":\"ImageObject\",\"inLanguage\":\"pt-BR\",\"@id\":\"https:\/\/portalmf.com.br\/index.php\/2026\/04\/24\/musical-o-velho-lobo-do-mar-retorna-ao-teatro-do-cuca-nesta-sexta-e-sabado\/#primaryimage\",\"url\":\"https:\/\/portalmf.com.br\/wp-content\/uploads\/2026\/04\/Musical-O-Velho-Lobo-do-Mar.jpg\",\"contentUrl\":\"https:\/\/portalmf.com.br\/wp-content\/uploads\/2026\/04\/Musical-O-Velho-Lobo-do-Mar.jpg\",\"width\":1024,\"height\":538},{\"@type\":\"BreadcrumbList\",\"@id\":\"https:\/\/portalmf.com.br\/index.php\/2026\/04\/24\/musical-o-velho-lobo-do-mar-retorna-ao-teatro-do-cuca-nesta-sexta-e-sabado\/#breadcrumb\",\"itemListElement\":[{\"@type\":\"ListItem\",\"position\":1,\"name\":\"In\u00edcio\",\"item\":\"https:\/\/portalmf.com.br\/\"},{\"@type\":\"ListItem\",\"position\":2,\"name\":\"Musical \u201cO Velho Lobo do Mar\u201d retorna ao Teatro do Cuca nesta sexta e s\u00e1bado\"}]},{\"@type\":\"WebSite\",\"@id\":\"https:\/\/portalmf.com.br\/#website\",\"url\":\"https:\/\/portalmf.com.br\/\",\"name\":\"Portal MF\",\"description\":\"Voc\u00ea conectado com a informa\u00e7\u00e3o\",\"potentialAction\":[{\"@type\":\"SearchAction\",\"target\":{\"@type\":\"EntryPoint\",\"urlTemplate\":\"https:\/\/portalmf.com.br\/?s={search_term_string}\"},\"query-input\":\"required name=search_term_string\"}],\"inLanguage\":\"pt-BR\"},{\"@type\":\"Person\",\"@id\":\"https:\/\/portalmf.com.br\/#\/schema\/person\/9ec101baf56233e53520c26de5d6f6f0\",\"name\":\"Reda\u00e7\u00e3o Portal MF\",\"image\":{\"@type\":\"ImageObject\",\"inLanguage\":\"pt-BR\",\"@id\":\"https:\/\/portalmf.com.br\/#\/schema\/person\/image\/\",\"url\":\"https:\/\/secure.gravatar.com\/avatar\/41b9aaeb2100835f7c64362330f74c7f?s=96&d=mm&r=g\",\"contentUrl\":\"https:\/\/secure.gravatar.com\/avatar\/41b9aaeb2100835f7c64362330f74c7f?s=96&d=mm&r=g\",\"caption\":\"Reda\u00e7\u00e3o Portal MF\"},\"description\":\"Sejam bem-vindos o portal de informa\u00e7\u00f5es de entretenimento de Feira de Santana, desde 2006 realiza coberturas dos principais eventos com entrevistas exclusivas com as principais personalidades mundiais. Fique conectado tamb\u00e9m nas redes sociais.\",\"sameAs\":[\"http:\/\/www.portalmf.com.br\/\",\"https:\/\/www.facebook.com\/portalmfoficial\",\"https:\/\/www.instagram.com\/portalmf\/\",\"https:\/\/x.com\/https:\/\/x.com\/portalmfoficial\",\"https:\/\/www.youtube.com\/@portalmfoficial\"],\"url\":\"https:\/\/portalmf.com.br\/index.php\/author\/junior\/\"}]}<\/script>\n<!-- \/ Yoast SEO plugin. -->","yoast_head_json":{"title":"Musical \u201cO Velho Lobo do Mar\u201d retorna ao Teatro do Cuca nesta sexta e s\u00e1bado - Portal MF","robots":{"index":"index","follow":"follow","max-snippet":"max-snippet:-1","max-image-preview":"max-image-preview:large","max-video-preview":"max-video-preview:-1"},"canonical":"https:\/\/portalmf.com.br\/index.php\/2026\/04\/24\/musical-o-velho-lobo-do-mar-retorna-ao-teatro-do-cuca-nesta-sexta-e-sabado\/","og_locale":"pt_BR","og_type":"article","og_title":"Musical \u201cO Velho Lobo do Mar\u201d retorna ao Teatro do Cuca nesta sexta e s\u00e1bado - Portal MF","og_description":"O espet\u00e1culo musical \u201cO Velho Lobo do Mar\u201d volta a cartaz em Feira de Santana para duas apresenta\u00e7\u00f5es nesta sexta e s\u00e1bado, 24 e 25 de abril, \u00e0s 20h, no Teatro do CUCA. Integrando a programa\u00e7\u00e3o do projeto Feira Tem Teatro, a montagem aposta na est\u00e9tica do universo pirata para conduzir o p\u00fablico por uma [&hellip;]","og_url":"https:\/\/portalmf.com.br\/index.php\/2026\/04\/24\/musical-o-velho-lobo-do-mar-retorna-ao-teatro-do-cuca-nesta-sexta-e-sabado\/","og_site_name":"Portal MF","article_author":"https:\/\/www.facebook.com\/portalmfoficial","article_published_time":"2026-04-24T11:31:48+00:00","article_modified_time":"2026-04-24T11:31:49+00:00","og_image":[{"width":1024,"height":538,"url":"https:\/\/portalmf.com.br\/wp-content\/uploads\/2026\/04\/Musical-O-Velho-Lobo-do-Mar.jpg","type":"image\/jpeg"}],"author":"Reda\u00e7\u00e3o Portal MF","twitter_card":"summary_large_image","twitter_creator":"@https:\/\/x.com\/portalmfoficial","twitter_misc":{"Escrito por":"Reda\u00e7\u00e3o Portal MF","Est. tempo de leitura":"2 minutos"},"schema":{"@context":"https:\/\/schema.org","@graph":[{"@type":"WebPage","@id":"https:\/\/portalmf.com.br\/index.php\/2026\/04\/24\/musical-o-velho-lobo-do-mar-retorna-ao-teatro-do-cuca-nesta-sexta-e-sabado\/","url":"https:\/\/portalmf.com.br\/index.php\/2026\/04\/24\/musical-o-velho-lobo-do-mar-retorna-ao-teatro-do-cuca-nesta-sexta-e-sabado\/","name":"Musical \u201cO Velho Lobo do Mar\u201d retorna ao Teatro do Cuca nesta sexta e s\u00e1bado - Portal MF","isPartOf":{"@id":"https:\/\/portalmf.com.br\/#website"},"primaryImageOfPage":{"@id":"https:\/\/portalmf.com.br\/index.php\/2026\/04\/24\/musical-o-velho-lobo-do-mar-retorna-ao-teatro-do-cuca-nesta-sexta-e-sabado\/#primaryimage"},"image":{"@id":"https:\/\/portalmf.com.br\/index.php\/2026\/04\/24\/musical-o-velho-lobo-do-mar-retorna-ao-teatro-do-cuca-nesta-sexta-e-sabado\/#primaryimage"},"thumbnailUrl":"https:\/\/portalmf.com.br\/wp-content\/uploads\/2026\/04\/Musical-O-Velho-Lobo-do-Mar.jpg","datePublished":"2026-04-24T11:31:48+00:00","dateModified":"2026-04-24T11:31:49+00:00","author":{"@id":"https:\/\/portalmf.com.br\/#\/schema\/person\/9ec101baf56233e53520c26de5d6f6f0"},"breadcrumb":{"@id":"https:\/\/portalmf.com.br\/index.php\/2026\/04\/24\/musical-o-velho-lobo-do-mar-retorna-ao-teatro-do-cuca-nesta-sexta-e-sabado\/#breadcrumb"},"inLanguage":"pt-BR","potentialAction":[{"@type":"ReadAction","target":["https:\/\/portalmf.com.br\/index.php\/2026\/04\/24\/musical-o-velho-lobo-do-mar-retorna-ao-teatro-do-cuca-nesta-sexta-e-sabado\/"]}]},{"@type":"ImageObject","inLanguage":"pt-BR","@id":"https:\/\/portalmf.com.br\/index.php\/2026\/04\/24\/musical-o-velho-lobo-do-mar-retorna-ao-teatro-do-cuca-nesta-sexta-e-sabado\/#primaryimage","url":"https:\/\/portalmf.com.br\/wp-content\/uploads\/2026\/04\/Musical-O-Velho-Lobo-do-Mar.jpg","contentUrl":"https:\/\/portalmf.com.br\/wp-content\/uploads\/2026\/04\/Musical-O-Velho-Lobo-do-Mar.jpg","width":1024,"height":538},{"@type":"BreadcrumbList","@id":"https:\/\/portalmf.com.br\/index.php\/2026\/04\/24\/musical-o-velho-lobo-do-mar-retorna-ao-teatro-do-cuca-nesta-sexta-e-sabado\/#breadcrumb","itemListElement":[{"@type":"ListItem","position":1,"name":"In\u00edcio","item":"https:\/\/portalmf.com.br\/"},{"@type":"ListItem","position":2,"name":"Musical \u201cO Velho Lobo do Mar\u201d retorna ao Teatro do Cuca nesta sexta e s\u00e1bado"}]},{"@type":"WebSite","@id":"https:\/\/portalmf.com.br\/#website","url":"https:\/\/portalmf.com.br\/","name":"Portal MF","description":"Voc\u00ea conectado com a informa\u00e7\u00e3o","potentialAction":[{"@type":"SearchAction","target":{"@type":"EntryPoint","urlTemplate":"https:\/\/portalmf.com.br\/?s={search_term_string}"},"query-input":"required name=search_term_string"}],"inLanguage":"pt-BR"},{"@type":"Person","@id":"https:\/\/portalmf.com.br\/#\/schema\/person\/9ec101baf56233e53520c26de5d6f6f0","name":"Reda\u00e7\u00e3o Portal MF","image":{"@type":"ImageObject","inLanguage":"pt-BR","@id":"https:\/\/portalmf.com.br\/#\/schema\/person\/image\/","url":"https:\/\/secure.gravatar.com\/avatar\/41b9aaeb2100835f7c64362330f74c7f?s=96&d=mm&r=g","contentUrl":"https:\/\/secure.gravatar.com\/avatar\/41b9aaeb2100835f7c64362330f74c7f?s=96&d=mm&r=g","caption":"Reda\u00e7\u00e3o Portal MF"},"description":"Sejam bem-vindos o portal de informa\u00e7\u00f5es de entretenimento de Feira de Santana, desde 2006 realiza coberturas dos principais eventos com entrevistas exclusivas com as principais personalidades mundiais. Fique conectado tamb\u00e9m nas redes sociais.","sameAs":["http:\/\/www.portalmf.com.br\/","https:\/\/www.facebook.com\/portalmfoficial","https:\/\/www.instagram.com\/portalmf\/","https:\/\/x.com\/https:\/\/x.com\/portalmfoficial","https:\/\/www.youtube.com\/@portalmfoficial"],"url":"https:\/\/portalmf.com.br\/index.php\/author\/junior\/"}]}},"_links":{"self":[{"href":"https:\/\/portalmf.com.br\/index.php\/wp-json\/wp\/v2\/posts\/43544"}],"collection":[{"href":"https:\/\/portalmf.com.br\/index.php\/wp-json\/wp\/v2\/posts"}],"about":[{"href":"https:\/\/portalmf.com.br\/index.php\/wp-json\/wp\/v2\/types\/post"}],"author":[{"embeddable":true,"href":"https:\/\/portalmf.com.br\/index.php\/wp-json\/wp\/v2\/users\/3"}],"replies":[{"embeddable":true,"href":"https:\/\/portalmf.com.br\/index.php\/wp-json\/wp\/v2\/comments?post=43544"}],"version-history":[{"count":1,"href":"https:\/\/portalmf.com.br\/index.php\/wp-json\/wp\/v2\/posts\/43544\/revisions"}],"predecessor-version":[{"id":43546,"href":"https:\/\/portalmf.com.br\/index.php\/wp-json\/wp\/v2\/posts\/43544\/revisions\/43546"}],"wp:featuredmedia":[{"embeddable":true,"href":"https:\/\/portalmf.com.br\/index.php\/wp-json\/wp\/v2\/media\/43545"}],"wp:attachment":[{"href":"https:\/\/portalmf.com.br\/index.php\/wp-json\/wp\/v2\/media?parent=43544"}],"wp:term":[{"taxonomy":"category","embeddable":true,"href":"https:\/\/portalmf.com.br\/index.php\/wp-json\/wp\/v2\/categories?post=43544"},{"taxonomy":"post_tag","embeddable":true,"href":"https:\/\/portalmf.com.br\/index.php\/wp-json\/wp\/v2\/tags?post=43544"}],"curies":[{"name":"wp","href":"https:\/\/api.w.org\/{rel}","templated":true}]}}