{"id":43541,"date":"2026-04-24T07:20:50","date_gmt":"2026-04-24T10:20:50","guid":{"rendered":"https:\/\/portalmf.com.br\/?p=43541"},"modified":"2026-04-24T07:20:52","modified_gmt":"2026-04-24T10:20:52","slug":"forro-do-talco-com-jo-miranda-neste-domingo","status":"publish","type":"post","link":"https:\/\/portalmf.com.br\/index.php\/2026\/04\/24\/forro-do-talco-com-jo-miranda-neste-domingo\/","title":{"rendered":"Forr\u00f3 do Talco com J\u00f3 Miranda neste domingo"},"content":{"rendered":"\n<p>O Forr\u00f3 do Talco ser\u00e1 realizado neste domingo, 26 de abril, \u00e0s 19h, na Primeira Sa\u00edda.O evento ser\u00e1 comandado pelo cantor e sanfoneiro J\u00f3 Miranda, que apresenta o show \u201cS\u00f3 os Melhores\u201d, com repert\u00f3rio baseado em m\u00fasicas da sua trajet\u00f3ria no forr\u00f3.<br>Criado pelo artista, o projeto mant\u00e9m edi\u00e7\u00f5es regulares na capital baiana e \u00e9 voltado \u00e0 difus\u00e3o do ritmo. A iniciativa re\u00fane p\u00fablico e mant\u00e9m programa\u00e7\u00e3o cont\u00ednua ao longo do ano.<\/p>\n\n\n\n<p>J\u00f3 Miranda iniciou a carreira em 2008 e completa 18 anos de atua\u00e7\u00e3o em 2026. O artista mant\u00e9m agenda de apresenta\u00e7\u00f5es em Salvador e em cidades do interior, com presen\u00e7a no circuito junino.<\/p>\n\n\n\n<p>Em atividade desde 2011, o Forr\u00f3 do Talco realiza edi\u00e7\u00f5es frequentes na cidade. Entre os lan\u00e7amentos do artista, a m\u00fasica \u201cAgrade\u00e7a a Deus\u201d est\u00e1 dispon\u00edvel nas plataformas digitais.<\/p>\n","protected":false},"excerpt":{"rendered":"<p>O Forr\u00f3 do Talco ser\u00e1 realizado neste domingo, 26 de abril, \u00e0s 19h, na Primeira Sa\u00edda.O evento ser\u00e1 comandado pelo cantor e sanfoneiro J\u00f3 Miranda, que apresenta o show \u201cS\u00f3 os Melhores\u201d, com repert\u00f3rio baseado em m\u00fasicas da sua trajet\u00f3ria no forr\u00f3.Criado pelo artista, o projeto mant\u00e9m edi\u00e7\u00f5es regulares na capital baiana e \u00e9 voltado [&hellip;]<\/p>\n","protected":false},"author":3,"featured_media":43542,"comment_status":"open","ping_status":"open","sticky":false,"template":"","format":"standard","meta":{"_monsterinsights_skip_tracking":false,"_monsterinsights_sitenote_active":false,"_monsterinsights_sitenote_note":"","_monsterinsights_sitenote_category":0,"footnotes":""},"categories":[296],"tags":[],"yoast_head":"<!-- This site is optimized with the Yoast SEO plugin v22.9 - https:\/\/yoast.com\/wordpress\/plugins\/seo\/ -->\n<title>Forr\u00f3 do Talco com J\u00f3 Miranda neste domingo - Portal MF<\/title>\n<meta name=\"robots\" content=\"index, follow, max-snippet:-1, max-image-preview:large, max-video-preview:-1\" \/>\n<link rel=\"canonical\" href=\"https:\/\/portalmf.com.br\/index.php\/2026\/04\/24\/forro-do-talco-com-jo-miranda-neste-domingo\/\" \/>\n<meta property=\"og:locale\" content=\"pt_BR\" \/>\n<meta property=\"og:type\" content=\"article\" \/>\n<meta property=\"og:title\" content=\"Forr\u00f3 do Talco com J\u00f3 Miranda neste domingo - Portal MF\" \/>\n<meta property=\"og:description\" content=\"O Forr\u00f3 do Talco ser\u00e1 realizado neste domingo, 26 de abril, \u00e0s 19h, na Primeira Sa\u00edda.O evento ser\u00e1 comandado pelo cantor e sanfoneiro J\u00f3 Miranda, que apresenta o show \u201cS\u00f3 os Melhores\u201d, com repert\u00f3rio baseado em m\u00fasicas da sua trajet\u00f3ria no forr\u00f3.Criado pelo artista, o projeto mant\u00e9m edi\u00e7\u00f5es regulares na capital baiana e \u00e9 voltado [&hellip;]\" \/>\n<meta property=\"og:url\" content=\"https:\/\/portalmf.com.br\/index.php\/2026\/04\/24\/forro-do-talco-com-jo-miranda-neste-domingo\/\" \/>\n<meta property=\"og:site_name\" content=\"Portal MF\" \/>\n<meta property=\"article:author\" content=\"https:\/\/www.facebook.com\/portalmfoficial\" \/>\n<meta property=\"article:published_time\" content=\"2026-04-24T10:20:50+00:00\" \/>\n<meta property=\"article:modified_time\" content=\"2026-04-24T10:20:52+00:00\" \/>\n<meta property=\"og:image\" content=\"https:\/\/portalmf.com.br\/wp-content\/uploads\/2026\/04\/Forro-do-Talco-com-Jo-Miranda-neste-domingo-e1777026040285.jpeg\" \/>\n\t<meta property=\"og:image:width\" content=\"1706\" \/>\n\t<meta property=\"og:image:height\" content=\"1578\" \/>\n\t<meta property=\"og:image:type\" content=\"image\/jpeg\" \/>\n<meta name=\"author\" content=\"Reda\u00e7\u00e3o Portal MF\" \/>\n<meta name=\"twitter:card\" content=\"summary_large_image\" \/>\n<meta name=\"twitter:creator\" content=\"@https:\/\/x.com\/portalmfoficial\" \/>\n<meta name=\"twitter:label1\" content=\"Escrito por\" \/>\n\t<meta name=\"twitter:data1\" content=\"Reda\u00e7\u00e3o Portal MF\" \/>\n\t<meta name=\"twitter:label2\" content=\"Est. tempo de leitura\" \/>\n\t<meta name=\"twitter:data2\" content=\"1 minuto\" \/>\n<script type=\"application\/ld+json\" class=\"yoast-schema-graph\">{\"@context\":\"https:\/\/schema.org\",\"@graph\":[{\"@type\":\"WebPage\",\"@id\":\"https:\/\/portalmf.com.br\/index.php\/2026\/04\/24\/forro-do-talco-com-jo-miranda-neste-domingo\/\",\"url\":\"https:\/\/portalmf.com.br\/index.php\/2026\/04\/24\/forro-do-talco-com-jo-miranda-neste-domingo\/\",\"name\":\"Forr\u00f3 do Talco com J\u00f3 Miranda neste domingo - Portal MF\",\"isPartOf\":{\"@id\":\"https:\/\/portalmf.com.br\/#website\"},\"primaryImageOfPage\":{\"@id\":\"https:\/\/portalmf.com.br\/index.php\/2026\/04\/24\/forro-do-talco-com-jo-miranda-neste-domingo\/#primaryimage\"},\"image\":{\"@id\":\"https:\/\/portalmf.com.br\/index.php\/2026\/04\/24\/forro-do-talco-com-jo-miranda-neste-domingo\/#primaryimage\"},\"thumbnailUrl\":\"https:\/\/portalmf.com.br\/wp-content\/uploads\/2026\/04\/Forro-do-Talco-com-Jo-Miranda-neste-domingo-e1777026040285.jpeg\",\"datePublished\":\"2026-04-24T10:20:50+00:00\",\"dateModified\":\"2026-04-24T10:20:52+00:00\",\"author\":{\"@id\":\"https:\/\/portalmf.com.br\/#\/schema\/person\/9ec101baf56233e53520c26de5d6f6f0\"},\"breadcrumb\":{\"@id\":\"https:\/\/portalmf.com.br\/index.php\/2026\/04\/24\/forro-do-talco-com-jo-miranda-neste-domingo\/#breadcrumb\"},\"inLanguage\":\"pt-BR\",\"potentialAction\":[{\"@type\":\"ReadAction\",\"target\":[\"https:\/\/portalmf.com.br\/index.php\/2026\/04\/24\/forro-do-talco-com-jo-miranda-neste-domingo\/\"]}]},{\"@type\":\"ImageObject\",\"inLanguage\":\"pt-BR\",\"@id\":\"https:\/\/portalmf.com.br\/index.php\/2026\/04\/24\/forro-do-talco-com-jo-miranda-neste-domingo\/#primaryimage\",\"url\":\"https:\/\/portalmf.com.br\/wp-content\/uploads\/2026\/04\/Forro-do-Talco-com-Jo-Miranda-neste-domingo-e1777026040285.jpeg\",\"contentUrl\":\"https:\/\/portalmf.com.br\/wp-content\/uploads\/2026\/04\/Forro-do-Talco-com-Jo-Miranda-neste-domingo-e1777026040285.jpeg\",\"width\":1706,\"height\":1578},{\"@type\":\"BreadcrumbList\",\"@id\":\"https:\/\/portalmf.com.br\/index.php\/2026\/04\/24\/forro-do-talco-com-jo-miranda-neste-domingo\/#breadcrumb\",\"itemListElement\":[{\"@type\":\"ListItem\",\"position\":1,\"name\":\"In\u00edcio\",\"item\":\"https:\/\/portalmf.com.br\/\"},{\"@type\":\"ListItem\",\"position\":2,\"name\":\"Forr\u00f3 do Talco com J\u00f3 Miranda neste domingo\"}]},{\"@type\":\"WebSite\",\"@id\":\"https:\/\/portalmf.com.br\/#website\",\"url\":\"https:\/\/portalmf.com.br\/\",\"name\":\"Portal MF\",\"description\":\"Voc\u00ea conectado com a informa\u00e7\u00e3o\",\"potentialAction\":[{\"@type\":\"SearchAction\",\"target\":{\"@type\":\"EntryPoint\",\"urlTemplate\":\"https:\/\/portalmf.com.br\/?s={search_term_string}\"},\"query-input\":\"required name=search_term_string\"}],\"inLanguage\":\"pt-BR\"},{\"@type\":\"Person\",\"@id\":\"https:\/\/portalmf.com.br\/#\/schema\/person\/9ec101baf56233e53520c26de5d6f6f0\",\"name\":\"Reda\u00e7\u00e3o Portal MF\",\"image\":{\"@type\":\"ImageObject\",\"inLanguage\":\"pt-BR\",\"@id\":\"https:\/\/portalmf.com.br\/#\/schema\/person\/image\/\",\"url\":\"https:\/\/secure.gravatar.com\/avatar\/41b9aaeb2100835f7c64362330f74c7f?s=96&d=mm&r=g\",\"contentUrl\":\"https:\/\/secure.gravatar.com\/avatar\/41b9aaeb2100835f7c64362330f74c7f?s=96&d=mm&r=g\",\"caption\":\"Reda\u00e7\u00e3o Portal MF\"},\"description\":\"Sejam bem-vindos o portal de informa\u00e7\u00f5es de entretenimento de Feira de Santana, desde 2006 realiza coberturas dos principais eventos com entrevistas exclusivas com as principais personalidades mundiais. Fique conectado tamb\u00e9m nas redes sociais.\",\"sameAs\":[\"http:\/\/www.portalmf.com.br\/\",\"https:\/\/www.facebook.com\/portalmfoficial\",\"https:\/\/www.instagram.com\/portalmf\/\",\"https:\/\/x.com\/https:\/\/x.com\/portalmfoficial\",\"https:\/\/www.youtube.com\/@portalmfoficial\"],\"url\":\"https:\/\/portalmf.com.br\/index.php\/author\/junior\/\"}]}<\/script>\n<!-- \/ Yoast SEO plugin. -->","yoast_head_json":{"title":"Forr\u00f3 do Talco com J\u00f3 Miranda neste domingo - Portal MF","robots":{"index":"index","follow":"follow","max-snippet":"max-snippet:-1","max-image-preview":"max-image-preview:large","max-video-preview":"max-video-preview:-1"},"canonical":"https:\/\/portalmf.com.br\/index.php\/2026\/04\/24\/forro-do-talco-com-jo-miranda-neste-domingo\/","og_locale":"pt_BR","og_type":"article","og_title":"Forr\u00f3 do Talco com J\u00f3 Miranda neste domingo - Portal MF","og_description":"O Forr\u00f3 do Talco ser\u00e1 realizado neste domingo, 26 de abril, \u00e0s 19h, na Primeira Sa\u00edda.O evento ser\u00e1 comandado pelo cantor e sanfoneiro J\u00f3 Miranda, que apresenta o show \u201cS\u00f3 os Melhores\u201d, com repert\u00f3rio baseado em m\u00fasicas da sua trajet\u00f3ria no forr\u00f3.Criado pelo artista, o projeto mant\u00e9m edi\u00e7\u00f5es regulares na capital baiana e \u00e9 voltado [&hellip;]","og_url":"https:\/\/portalmf.com.br\/index.php\/2026\/04\/24\/forro-do-talco-com-jo-miranda-neste-domingo\/","og_site_name":"Portal MF","article_author":"https:\/\/www.facebook.com\/portalmfoficial","article_published_time":"2026-04-24T10:20:50+00:00","article_modified_time":"2026-04-24T10:20:52+00:00","og_image":[{"width":1706,"height":1578,"url":"https:\/\/portalmf.com.br\/wp-content\/uploads\/2026\/04\/Forro-do-Talco-com-Jo-Miranda-neste-domingo-e1777026040285.jpeg","type":"image\/jpeg"}],"author":"Reda\u00e7\u00e3o Portal MF","twitter_card":"summary_large_image","twitter_creator":"@https:\/\/x.com\/portalmfoficial","twitter_misc":{"Escrito por":"Reda\u00e7\u00e3o Portal MF","Est. tempo de leitura":"1 minuto"},"schema":{"@context":"https:\/\/schema.org","@graph":[{"@type":"WebPage","@id":"https:\/\/portalmf.com.br\/index.php\/2026\/04\/24\/forro-do-talco-com-jo-miranda-neste-domingo\/","url":"https:\/\/portalmf.com.br\/index.php\/2026\/04\/24\/forro-do-talco-com-jo-miranda-neste-domingo\/","name":"Forr\u00f3 do Talco com J\u00f3 Miranda neste domingo - Portal MF","isPartOf":{"@id":"https:\/\/portalmf.com.br\/#website"},"primaryImageOfPage":{"@id":"https:\/\/portalmf.com.br\/index.php\/2026\/04\/24\/forro-do-talco-com-jo-miranda-neste-domingo\/#primaryimage"},"image":{"@id":"https:\/\/portalmf.com.br\/index.php\/2026\/04\/24\/forro-do-talco-com-jo-miranda-neste-domingo\/#primaryimage"},"thumbnailUrl":"https:\/\/portalmf.com.br\/wp-content\/uploads\/2026\/04\/Forro-do-Talco-com-Jo-Miranda-neste-domingo-e1777026040285.jpeg","datePublished":"2026-04-24T10:20:50+00:00","dateModified":"2026-04-24T10:20:52+00:00","author":{"@id":"https:\/\/portalmf.com.br\/#\/schema\/person\/9ec101baf56233e53520c26de5d6f6f0"},"breadcrumb":{"@id":"https:\/\/portalmf.com.br\/index.php\/2026\/04\/24\/forro-do-talco-com-jo-miranda-neste-domingo\/#breadcrumb"},"inLanguage":"pt-BR","potentialAction":[{"@type":"ReadAction","target":["https:\/\/portalmf.com.br\/index.php\/2026\/04\/24\/forro-do-talco-com-jo-miranda-neste-domingo\/"]}]},{"@type":"ImageObject","inLanguage":"pt-BR","@id":"https:\/\/portalmf.com.br\/index.php\/2026\/04\/24\/forro-do-talco-com-jo-miranda-neste-domingo\/#primaryimage","url":"https:\/\/portalmf.com.br\/wp-content\/uploads\/2026\/04\/Forro-do-Talco-com-Jo-Miranda-neste-domingo-e1777026040285.jpeg","contentUrl":"https:\/\/portalmf.com.br\/wp-content\/uploads\/2026\/04\/Forro-do-Talco-com-Jo-Miranda-neste-domingo-e1777026040285.jpeg","width":1706,"height":1578},{"@type":"BreadcrumbList","@id":"https:\/\/portalmf.com.br\/index.php\/2026\/04\/24\/forro-do-talco-com-jo-miranda-neste-domingo\/#breadcrumb","itemListElement":[{"@type":"ListItem","position":1,"name":"In\u00edcio","item":"https:\/\/portalmf.com.br\/"},{"@type":"ListItem","position":2,"name":"Forr\u00f3 do Talco com J\u00f3 Miranda neste domingo"}]},{"@type":"WebSite","@id":"https:\/\/portalmf.com.br\/#website","url":"https:\/\/portalmf.com.br\/","name":"Portal MF","description":"Voc\u00ea conectado com a informa\u00e7\u00e3o","potentialAction":[{"@type":"SearchAction","target":{"@type":"EntryPoint","urlTemplate":"https:\/\/portalmf.com.br\/?s={search_term_string}"},"query-input":"required name=search_term_string"}],"inLanguage":"pt-BR"},{"@type":"Person","@id":"https:\/\/portalmf.com.br\/#\/schema\/person\/9ec101baf56233e53520c26de5d6f6f0","name":"Reda\u00e7\u00e3o Portal MF","image":{"@type":"ImageObject","inLanguage":"pt-BR","@id":"https:\/\/portalmf.com.br\/#\/schema\/person\/image\/","url":"https:\/\/secure.gravatar.com\/avatar\/41b9aaeb2100835f7c64362330f74c7f?s=96&d=mm&r=g","contentUrl":"https:\/\/secure.gravatar.com\/avatar\/41b9aaeb2100835f7c64362330f74c7f?s=96&d=mm&r=g","caption":"Reda\u00e7\u00e3o Portal MF"},"description":"Sejam bem-vindos o portal de informa\u00e7\u00f5es de entretenimento de Feira de Santana, desde 2006 realiza coberturas dos principais eventos com entrevistas exclusivas com as principais personalidades mundiais. Fique conectado tamb\u00e9m nas redes sociais.","sameAs":["http:\/\/www.portalmf.com.br\/","https:\/\/www.facebook.com\/portalmfoficial","https:\/\/www.instagram.com\/portalmf\/","https:\/\/x.com\/https:\/\/x.com\/portalmfoficial","https:\/\/www.youtube.com\/@portalmfoficial"],"url":"https:\/\/portalmf.com.br\/index.php\/author\/junior\/"}]}},"_links":{"self":[{"href":"https:\/\/portalmf.com.br\/index.php\/wp-json\/wp\/v2\/posts\/43541"}],"collection":[{"href":"https:\/\/portalmf.com.br\/index.php\/wp-json\/wp\/v2\/posts"}],"about":[{"href":"https:\/\/portalmf.com.br\/index.php\/wp-json\/wp\/v2\/types\/post"}],"author":[{"embeddable":true,"href":"https:\/\/portalmf.com.br\/index.php\/wp-json\/wp\/v2\/users\/3"}],"replies":[{"embeddable":true,"href":"https:\/\/portalmf.com.br\/index.php\/wp-json\/wp\/v2\/comments?post=43541"}],"version-history":[{"count":1,"href":"https:\/\/portalmf.com.br\/index.php\/wp-json\/wp\/v2\/posts\/43541\/revisions"}],"predecessor-version":[{"id":43543,"href":"https:\/\/portalmf.com.br\/index.php\/wp-json\/wp\/v2\/posts\/43541\/revisions\/43543"}],"wp:featuredmedia":[{"embeddable":true,"href":"https:\/\/portalmf.com.br\/index.php\/wp-json\/wp\/v2\/media\/43542"}],"wp:attachment":[{"href":"https:\/\/portalmf.com.br\/index.php\/wp-json\/wp\/v2\/media?parent=43541"}],"wp:term":[{"taxonomy":"category","embeddable":true,"href":"https:\/\/portalmf.com.br\/index.php\/wp-json\/wp\/v2\/categories?post=43541"},{"taxonomy":"post_tag","embeddable":true,"href":"https:\/\/portalmf.com.br\/index.php\/wp-json\/wp\/v2\/tags?post=43541"}],"curies":[{"name":"wp","href":"https:\/\/api.w.org\/{rel}","templated":true}]}}