{"id":43539,"date":"2026-04-22T07:15:59","date_gmt":"2026-04-22T10:15:59","guid":{"rendered":"https:\/\/portalmf.com.br\/?p=43539"},"modified":"2026-04-24T07:17:43","modified_gmt":"2026-04-24T10:17:43","slug":"olodum-celebra-47-anos-com-programacao-diversificada","status":"publish","type":"post","link":"https:\/\/portalmf.com.br\/index.php\/2026\/04\/22\/olodum-celebra-47-anos-com-programacao-diversificada\/","title":{"rendered":"Olodum celebra 47 anos com programa\u00e7\u00e3o diversificada"},"content":{"rendered":"\n<p>O Olodum realiza entre os dias 22 e 26 de abril, no Pelourinho, a programa\u00e7\u00e3o oficial pelos 47 anos de funda\u00e7\u00e3o da entidade, celebrados em 25 de abril. A agenda re\u00fane visitas guiadas, atividades formativas, coletiva de imprensa, lan\u00e7amento de materiais pedag\u00f3gicos, inaugura\u00e7\u00e3o de novo espa\u00e7o cultural e o tradicional ensaio da banda no Largo do Pelourinho.<\/p>\n\n\n\n<p>As a\u00e7\u00f5es come\u00e7am nos dias 22 e 23 de abril, com visitas guiadas \u00e0 exposi\u00e7\u00e3o instalada no CDMO, voltadas para estudantes da Universidade Federal da Bahia e do Col\u00e9gio Azevedo Fernandes. No segundo dia, a programa\u00e7\u00e3o contar\u00e1 tamb\u00e9m com workshop educativo, ampliando o di\u00e1logo entre juventude, mem\u00f3ria e produ\u00e7\u00e3o cultural.<\/p>\n\n\n\n<p>Na manh\u00e3 do dia 24, \u00e0s 10h, o Olodum promove coletiva de imprensa para anunciar oficialmente o tema do Carnaval 2027 e apresentar o calend\u00e1rio de a\u00e7\u00f5es previsto at\u00e9 o ano de 2027. No mesmo dia, ser\u00e1 inaugurado o Est\u00fadio Fela Kuti, novo equipamento voltado \u00e0 produ\u00e7\u00e3o art\u00edstica e audiovisual da institui\u00e7\u00e3o.<\/p>\n\n\n\n<p>No mesmo dia, \u00e0s 18h, acontece o relan\u00e7amento das cartilhas do Kit Revoltas Negras, com publica\u00e7\u00f5es dedicadas a epis\u00f3dios marcantes da hist\u00f3ria brasileira, como B\u00fazios, Mal\u00eas, Chibata e Zumbi, al\u00e9m de novo kit pedag\u00f3gico voltado ao ambiente escolar.<\/p>\n\n\n\n<p>No dia 25, data do anivers\u00e1rio da entidade, ser\u00e1 realizada uma aula p\u00fablica gratuita da Escola Olodum, \u00e0s 14h, em frente \u00e0 sede da institui\u00e7\u00e3o. A atividade refor\u00e7a o trabalho social e educacional desenvolvido pelo grupo ao longo de sua trajet\u00f3ria.<\/p>\n\n\n\n<p>Encerrando a programa\u00e7\u00e3o, no domingo, 26, \u00e0s 15h, o p\u00fablico poder\u00e1 acompanhar o ensaio da banda Olodum no Largo do Pelourinho, evento que integra o calend\u00e1rio cultural permanente do Centro Hist\u00f3rico de Salvador e marca a celebra\u00e7\u00e3o popular dos 47 anos do grupo.<\/p>\n\n\n\n<p>Fundado em 1979, o Olodum consolidou-se como uma das principais refer\u00eancias da cultura afro-brasileira, com atua\u00e7\u00e3o art\u00edstica, social e educacional reconhecida no Brasil e no exterior.<\/p>\n","protected":false},"excerpt":{"rendered":"<p>O Olodum realiza entre os dias 22 e 26 de abril, no Pelourinho, a programa\u00e7\u00e3o oficial pelos 47 anos de funda\u00e7\u00e3o da entidade, celebrados em 25 de abril. A agenda re\u00fane visitas guiadas, atividades formativas, coletiva de imprensa, lan\u00e7amento de materiais pedag\u00f3gicos, inaugura\u00e7\u00e3o de novo espa\u00e7o cultural e o tradicional ensaio da banda no Largo [&hellip;]<\/p>\n","protected":false},"author":3,"featured_media":34022,"comment_status":"open","ping_status":"open","sticky":false,"template":"","format":"standard","meta":{"_monsterinsights_skip_tracking":false,"_monsterinsights_sitenote_active":false,"_monsterinsights_sitenote_note":"","_monsterinsights_sitenote_category":0,"footnotes":""},"categories":[36],"tags":[],"yoast_head":"<!-- This site is optimized with the Yoast SEO plugin v22.9 - https:\/\/yoast.com\/wordpress\/plugins\/seo\/ -->\n<title>Olodum celebra 47 anos com programa\u00e7\u00e3o diversificada - Portal MF<\/title>\n<meta name=\"robots\" content=\"index, follow, max-snippet:-1, max-image-preview:large, max-video-preview:-1\" \/>\n<link rel=\"canonical\" href=\"https:\/\/portalmf.com.br\/index.php\/2026\/04\/22\/olodum-celebra-47-anos-com-programacao-diversificada\/\" \/>\n<meta property=\"og:locale\" content=\"pt_BR\" \/>\n<meta property=\"og:type\" content=\"article\" \/>\n<meta property=\"og:title\" content=\"Olodum celebra 47 anos com programa\u00e7\u00e3o diversificada - Portal MF\" \/>\n<meta property=\"og:description\" content=\"O Olodum realiza entre os dias 22 e 26 de abril, no Pelourinho, a programa\u00e7\u00e3o oficial pelos 47 anos de funda\u00e7\u00e3o da entidade, celebrados em 25 de abril. A agenda re\u00fane visitas guiadas, atividades formativas, coletiva de imprensa, lan\u00e7amento de materiais pedag\u00f3gicos, inaugura\u00e7\u00e3o de novo espa\u00e7o cultural e o tradicional ensaio da banda no Largo [&hellip;]\" \/>\n<meta property=\"og:url\" content=\"https:\/\/portalmf.com.br\/index.php\/2026\/04\/22\/olodum-celebra-47-anos-com-programacao-diversificada\/\" \/>\n<meta property=\"og:site_name\" content=\"Portal MF\" \/>\n<meta property=\"article:author\" content=\"https:\/\/www.facebook.com\/portalmfoficial\" \/>\n<meta property=\"article:published_time\" content=\"2026-04-22T10:15:59+00:00\" \/>\n<meta property=\"article:modified_time\" content=\"2026-04-24T10:17:43+00:00\" \/>\n<meta property=\"og:image\" content=\"https:\/\/portalmf.com.br\/wp-content\/uploads\/2025\/02\/olodum_2025-1.jpg\" \/>\n\t<meta property=\"og:image:width\" content=\"1599\" \/>\n\t<meta property=\"og:image:height\" content=\"1065\" \/>\n\t<meta property=\"og:image:type\" content=\"image\/jpeg\" \/>\n<meta name=\"author\" content=\"Reda\u00e7\u00e3o Portal MF\" \/>\n<meta name=\"twitter:card\" content=\"summary_large_image\" \/>\n<meta name=\"twitter:creator\" content=\"@https:\/\/x.com\/portalmfoficial\" \/>\n<meta name=\"twitter:label1\" content=\"Escrito por\" \/>\n\t<meta name=\"twitter:data1\" content=\"Reda\u00e7\u00e3o Portal MF\" \/>\n\t<meta name=\"twitter:label2\" content=\"Est. tempo de leitura\" \/>\n\t<meta name=\"twitter:data2\" content=\"2 minutos\" \/>\n<script type=\"application\/ld+json\" class=\"yoast-schema-graph\">{\"@context\":\"https:\/\/schema.org\",\"@graph\":[{\"@type\":\"WebPage\",\"@id\":\"https:\/\/portalmf.com.br\/index.php\/2026\/04\/22\/olodum-celebra-47-anos-com-programacao-diversificada\/\",\"url\":\"https:\/\/portalmf.com.br\/index.php\/2026\/04\/22\/olodum-celebra-47-anos-com-programacao-diversificada\/\",\"name\":\"Olodum celebra 47 anos com programa\u00e7\u00e3o diversificada - Portal MF\",\"isPartOf\":{\"@id\":\"https:\/\/portalmf.com.br\/#website\"},\"primaryImageOfPage\":{\"@id\":\"https:\/\/portalmf.com.br\/index.php\/2026\/04\/22\/olodum-celebra-47-anos-com-programacao-diversificada\/#primaryimage\"},\"image\":{\"@id\":\"https:\/\/portalmf.com.br\/index.php\/2026\/04\/22\/olodum-celebra-47-anos-com-programacao-diversificada\/#primaryimage\"},\"thumbnailUrl\":\"https:\/\/portalmf.com.br\/wp-content\/uploads\/2025\/02\/olodum_2025-1.jpg\",\"datePublished\":\"2026-04-22T10:15:59+00:00\",\"dateModified\":\"2026-04-24T10:17:43+00:00\",\"author\":{\"@id\":\"https:\/\/portalmf.com.br\/#\/schema\/person\/9ec101baf56233e53520c26de5d6f6f0\"},\"breadcrumb\":{\"@id\":\"https:\/\/portalmf.com.br\/index.php\/2026\/04\/22\/olodum-celebra-47-anos-com-programacao-diversificada\/#breadcrumb\"},\"inLanguage\":\"pt-BR\",\"potentialAction\":[{\"@type\":\"ReadAction\",\"target\":[\"https:\/\/portalmf.com.br\/index.php\/2026\/04\/22\/olodum-celebra-47-anos-com-programacao-diversificada\/\"]}]},{\"@type\":\"ImageObject\",\"inLanguage\":\"pt-BR\",\"@id\":\"https:\/\/portalmf.com.br\/index.php\/2026\/04\/22\/olodum-celebra-47-anos-com-programacao-diversificada\/#primaryimage\",\"url\":\"https:\/\/portalmf.com.br\/wp-content\/uploads\/2025\/02\/olodum_2025-1.jpg\",\"contentUrl\":\"https:\/\/portalmf.com.br\/wp-content\/uploads\/2025\/02\/olodum_2025-1.jpg\",\"width\":1599,\"height\":1065},{\"@type\":\"BreadcrumbList\",\"@id\":\"https:\/\/portalmf.com.br\/index.php\/2026\/04\/22\/olodum-celebra-47-anos-com-programacao-diversificada\/#breadcrumb\",\"itemListElement\":[{\"@type\":\"ListItem\",\"position\":1,\"name\":\"In\u00edcio\",\"item\":\"https:\/\/portalmf.com.br\/\"},{\"@type\":\"ListItem\",\"position\":2,\"name\":\"Olodum celebra 47 anos com programa\u00e7\u00e3o diversificada\"}]},{\"@type\":\"WebSite\",\"@id\":\"https:\/\/portalmf.com.br\/#website\",\"url\":\"https:\/\/portalmf.com.br\/\",\"name\":\"Portal MF\",\"description\":\"Voc\u00ea conectado com a informa\u00e7\u00e3o\",\"potentialAction\":[{\"@type\":\"SearchAction\",\"target\":{\"@type\":\"EntryPoint\",\"urlTemplate\":\"https:\/\/portalmf.com.br\/?s={search_term_string}\"},\"query-input\":\"required name=search_term_string\"}],\"inLanguage\":\"pt-BR\"},{\"@type\":\"Person\",\"@id\":\"https:\/\/portalmf.com.br\/#\/schema\/person\/9ec101baf56233e53520c26de5d6f6f0\",\"name\":\"Reda\u00e7\u00e3o Portal MF\",\"image\":{\"@type\":\"ImageObject\",\"inLanguage\":\"pt-BR\",\"@id\":\"https:\/\/portalmf.com.br\/#\/schema\/person\/image\/\",\"url\":\"https:\/\/secure.gravatar.com\/avatar\/41b9aaeb2100835f7c64362330f74c7f?s=96&d=mm&r=g\",\"contentUrl\":\"https:\/\/secure.gravatar.com\/avatar\/41b9aaeb2100835f7c64362330f74c7f?s=96&d=mm&r=g\",\"caption\":\"Reda\u00e7\u00e3o Portal MF\"},\"description\":\"Sejam bem-vindos o portal de informa\u00e7\u00f5es de entretenimento de Feira de Santana, desde 2006 realiza coberturas dos principais eventos com entrevistas exclusivas com as principais personalidades mundiais. Fique conectado tamb\u00e9m nas redes sociais.\",\"sameAs\":[\"http:\/\/www.portalmf.com.br\/\",\"https:\/\/www.facebook.com\/portalmfoficial\",\"https:\/\/www.instagram.com\/portalmf\/\",\"https:\/\/x.com\/https:\/\/x.com\/portalmfoficial\",\"https:\/\/www.youtube.com\/@portalmfoficial\"],\"url\":\"https:\/\/portalmf.com.br\/index.php\/author\/junior\/\"}]}<\/script>\n<!-- \/ Yoast SEO plugin. -->","yoast_head_json":{"title":"Olodum celebra 47 anos com programa\u00e7\u00e3o diversificada - Portal MF","robots":{"index":"index","follow":"follow","max-snippet":"max-snippet:-1","max-image-preview":"max-image-preview:large","max-video-preview":"max-video-preview:-1"},"canonical":"https:\/\/portalmf.com.br\/index.php\/2026\/04\/22\/olodum-celebra-47-anos-com-programacao-diversificada\/","og_locale":"pt_BR","og_type":"article","og_title":"Olodum celebra 47 anos com programa\u00e7\u00e3o diversificada - Portal MF","og_description":"O Olodum realiza entre os dias 22 e 26 de abril, no Pelourinho, a programa\u00e7\u00e3o oficial pelos 47 anos de funda\u00e7\u00e3o da entidade, celebrados em 25 de abril. A agenda re\u00fane visitas guiadas, atividades formativas, coletiva de imprensa, lan\u00e7amento de materiais pedag\u00f3gicos, inaugura\u00e7\u00e3o de novo espa\u00e7o cultural e o tradicional ensaio da banda no Largo [&hellip;]","og_url":"https:\/\/portalmf.com.br\/index.php\/2026\/04\/22\/olodum-celebra-47-anos-com-programacao-diversificada\/","og_site_name":"Portal MF","article_author":"https:\/\/www.facebook.com\/portalmfoficial","article_published_time":"2026-04-22T10:15:59+00:00","article_modified_time":"2026-04-24T10:17:43+00:00","og_image":[{"width":1599,"height":1065,"url":"https:\/\/portalmf.com.br\/wp-content\/uploads\/2025\/02\/olodum_2025-1.jpg","type":"image\/jpeg"}],"author":"Reda\u00e7\u00e3o Portal MF","twitter_card":"summary_large_image","twitter_creator":"@https:\/\/x.com\/portalmfoficial","twitter_misc":{"Escrito por":"Reda\u00e7\u00e3o Portal MF","Est. tempo de leitura":"2 minutos"},"schema":{"@context":"https:\/\/schema.org","@graph":[{"@type":"WebPage","@id":"https:\/\/portalmf.com.br\/index.php\/2026\/04\/22\/olodum-celebra-47-anos-com-programacao-diversificada\/","url":"https:\/\/portalmf.com.br\/index.php\/2026\/04\/22\/olodum-celebra-47-anos-com-programacao-diversificada\/","name":"Olodum celebra 47 anos com programa\u00e7\u00e3o diversificada - Portal MF","isPartOf":{"@id":"https:\/\/portalmf.com.br\/#website"},"primaryImageOfPage":{"@id":"https:\/\/portalmf.com.br\/index.php\/2026\/04\/22\/olodum-celebra-47-anos-com-programacao-diversificada\/#primaryimage"},"image":{"@id":"https:\/\/portalmf.com.br\/index.php\/2026\/04\/22\/olodum-celebra-47-anos-com-programacao-diversificada\/#primaryimage"},"thumbnailUrl":"https:\/\/portalmf.com.br\/wp-content\/uploads\/2025\/02\/olodum_2025-1.jpg","datePublished":"2026-04-22T10:15:59+00:00","dateModified":"2026-04-24T10:17:43+00:00","author":{"@id":"https:\/\/portalmf.com.br\/#\/schema\/person\/9ec101baf56233e53520c26de5d6f6f0"},"breadcrumb":{"@id":"https:\/\/portalmf.com.br\/index.php\/2026\/04\/22\/olodum-celebra-47-anos-com-programacao-diversificada\/#breadcrumb"},"inLanguage":"pt-BR","potentialAction":[{"@type":"ReadAction","target":["https:\/\/portalmf.com.br\/index.php\/2026\/04\/22\/olodum-celebra-47-anos-com-programacao-diversificada\/"]}]},{"@type":"ImageObject","inLanguage":"pt-BR","@id":"https:\/\/portalmf.com.br\/index.php\/2026\/04\/22\/olodum-celebra-47-anos-com-programacao-diversificada\/#primaryimage","url":"https:\/\/portalmf.com.br\/wp-content\/uploads\/2025\/02\/olodum_2025-1.jpg","contentUrl":"https:\/\/portalmf.com.br\/wp-content\/uploads\/2025\/02\/olodum_2025-1.jpg","width":1599,"height":1065},{"@type":"BreadcrumbList","@id":"https:\/\/portalmf.com.br\/index.php\/2026\/04\/22\/olodum-celebra-47-anos-com-programacao-diversificada\/#breadcrumb","itemListElement":[{"@type":"ListItem","position":1,"name":"In\u00edcio","item":"https:\/\/portalmf.com.br\/"},{"@type":"ListItem","position":2,"name":"Olodum celebra 47 anos com programa\u00e7\u00e3o diversificada"}]},{"@type":"WebSite","@id":"https:\/\/portalmf.com.br\/#website","url":"https:\/\/portalmf.com.br\/","name":"Portal MF","description":"Voc\u00ea conectado com a informa\u00e7\u00e3o","potentialAction":[{"@type":"SearchAction","target":{"@type":"EntryPoint","urlTemplate":"https:\/\/portalmf.com.br\/?s={search_term_string}"},"query-input":"required name=search_term_string"}],"inLanguage":"pt-BR"},{"@type":"Person","@id":"https:\/\/portalmf.com.br\/#\/schema\/person\/9ec101baf56233e53520c26de5d6f6f0","name":"Reda\u00e7\u00e3o Portal MF","image":{"@type":"ImageObject","inLanguage":"pt-BR","@id":"https:\/\/portalmf.com.br\/#\/schema\/person\/image\/","url":"https:\/\/secure.gravatar.com\/avatar\/41b9aaeb2100835f7c64362330f74c7f?s=96&d=mm&r=g","contentUrl":"https:\/\/secure.gravatar.com\/avatar\/41b9aaeb2100835f7c64362330f74c7f?s=96&d=mm&r=g","caption":"Reda\u00e7\u00e3o Portal MF"},"description":"Sejam bem-vindos o portal de informa\u00e7\u00f5es de entretenimento de Feira de Santana, desde 2006 realiza coberturas dos principais eventos com entrevistas exclusivas com as principais personalidades mundiais. Fique conectado tamb\u00e9m nas redes sociais.","sameAs":["http:\/\/www.portalmf.com.br\/","https:\/\/www.facebook.com\/portalmfoficial","https:\/\/www.instagram.com\/portalmf\/","https:\/\/x.com\/https:\/\/x.com\/portalmfoficial","https:\/\/www.youtube.com\/@portalmfoficial"],"url":"https:\/\/portalmf.com.br\/index.php\/author\/junior\/"}]}},"_links":{"self":[{"href":"https:\/\/portalmf.com.br\/index.php\/wp-json\/wp\/v2\/posts\/43539"}],"collection":[{"href":"https:\/\/portalmf.com.br\/index.php\/wp-json\/wp\/v2\/posts"}],"about":[{"href":"https:\/\/portalmf.com.br\/index.php\/wp-json\/wp\/v2\/types\/post"}],"author":[{"embeddable":true,"href":"https:\/\/portalmf.com.br\/index.php\/wp-json\/wp\/v2\/users\/3"}],"replies":[{"embeddable":true,"href":"https:\/\/portalmf.com.br\/index.php\/wp-json\/wp\/v2\/comments?post=43539"}],"version-history":[{"count":1,"href":"https:\/\/portalmf.com.br\/index.php\/wp-json\/wp\/v2\/posts\/43539\/revisions"}],"predecessor-version":[{"id":43540,"href":"https:\/\/portalmf.com.br\/index.php\/wp-json\/wp\/v2\/posts\/43539\/revisions\/43540"}],"wp:featuredmedia":[{"embeddable":true,"href":"https:\/\/portalmf.com.br\/index.php\/wp-json\/wp\/v2\/media\/34022"}],"wp:attachment":[{"href":"https:\/\/portalmf.com.br\/index.php\/wp-json\/wp\/v2\/media?parent=43539"}],"wp:term":[{"taxonomy":"category","embeddable":true,"href":"https:\/\/portalmf.com.br\/index.php\/wp-json\/wp\/v2\/categories?post=43539"},{"taxonomy":"post_tag","embeddable":true,"href":"https:\/\/portalmf.com.br\/index.php\/wp-json\/wp\/v2\/tags?post=43539"}],"curies":[{"name":"wp","href":"https:\/\/api.w.org\/{rel}","templated":true}]}}