{"id":43534,"date":"2026-04-24T07:09:54","date_gmt":"2026-04-24T10:09:54","guid":{"rendered":"https:\/\/portalmf.com.br\/?p=43534"},"modified":"2026-04-24T07:09:56","modified_gmt":"2026-04-24T10:09:56","slug":"os-sungas-anunciam-retorno-com-linnoy-em-coletiva-emocionante","status":"publish","type":"post","link":"https:\/\/portalmf.com.br\/index.php\/2026\/04\/24\/os-sungas-anunciam-retorno-com-linnoy-em-coletiva-emocionante\/","title":{"rendered":"Os Sungas anunciam retorno com Linnoy em coletiva emocionante"},"content":{"rendered":"\n<p>Na tarde desta quinta-feira (23), a banda Os Sungas reuniu imprensa e convidados no bar Pirambeira, no bairro da Pituba, em Salvador, para anunciar oficialmente seu retorno aos palcos com o comando de Linnoy.<\/p>\n\n\n\n<p>O encontro foi marcado por um clima de emo\u00e7\u00e3o e celebra\u00e7\u00e3o, especialmente durante a fala do cantor original do grupo. Visivelmente tocado, ele agradeceu a presen\u00e7a dos convidados e destacou a import\u00e2ncia do momento na trajet\u00f3ria da banda.<\/p>\n\n\n\n<figure class=\"wp-block-image size-large\"><img fetchpriority=\"high\" decoding=\"async\" width=\"1024\" height=\"683\" src=\"https:\/\/portalmf.com.br\/wp-content\/uploads\/2026\/04\/Os_Sungas_-2-1024x683.jpg\" alt=\"\" class=\"wp-image-43535\" srcset=\"https:\/\/portalmf.com.br\/wp-content\/uploads\/2026\/04\/Os_Sungas_-2-1024x683.jpg 1024w, https:\/\/portalmf.com.br\/wp-content\/uploads\/2026\/04\/Os_Sungas_-2-300x200.jpg 300w, https:\/\/portalmf.com.br\/wp-content\/uploads\/2026\/04\/Os_Sungas_-2-768x512.jpg 768w, https:\/\/portalmf.com.br\/wp-content\/uploads\/2026\/04\/Os_Sungas_-2-1536x1024.jpg 1536w, https:\/\/portalmf.com.br\/wp-content\/uploads\/2026\/04\/Os_Sungas_-2-696x464.jpg 696w, https:\/\/portalmf.com.br\/wp-content\/uploads\/2026\/04\/Os_Sungas_-2-1068x712.jpg 1068w, https:\/\/portalmf.com.br\/wp-content\/uploads\/2026\/04\/Os_Sungas_-2.jpg 1920w\" sizes=\"(max-width: 1024px) 100vw, 1024px\" \/><figcaption class=\"wp-element-caption\">Foto: Jairo Adoleta<\/figcaption><\/figure>\n\n\n\n<p><em>\u201cEsse momento \u00e9 muito especial pra mim. Voltar com Os Sungas, rever tanta gente querida e sentir esse carinho de perto \u00e9 algo que n\u00e3o tem pre\u00e7o. A m\u00fasica sempre foi a nossa ess\u00eancia, e esse retorno vem carregado de verdade e de muita vontade de fazer hist\u00f3ria novamente\u201d<\/em>, afirmou Linnoy.<\/p>\n\n\n\n<figure class=\"wp-block-image size-large\"><img decoding=\"async\" width=\"1024\" height=\"683\" src=\"https:\/\/portalmf.com.br\/wp-content\/uploads\/2026\/04\/Os_Sungas_-4-1024x683.jpg\" alt=\"\" class=\"wp-image-43536\" srcset=\"https:\/\/portalmf.com.br\/wp-content\/uploads\/2026\/04\/Os_Sungas_-4-1024x683.jpg 1024w, https:\/\/portalmf.com.br\/wp-content\/uploads\/2026\/04\/Os_Sungas_-4-300x200.jpg 300w, https:\/\/portalmf.com.br\/wp-content\/uploads\/2026\/04\/Os_Sungas_-4-768x512.jpg 768w, https:\/\/portalmf.com.br\/wp-content\/uploads\/2026\/04\/Os_Sungas_-4-1536x1024.jpg 1536w, https:\/\/portalmf.com.br\/wp-content\/uploads\/2026\/04\/Os_Sungas_-4-696x464.jpg 696w, https:\/\/portalmf.com.br\/wp-content\/uploads\/2026\/04\/Os_Sungas_-4-1068x712.jpg 1068w, https:\/\/portalmf.com.br\/wp-content\/uploads\/2026\/04\/Os_Sungas_-4.jpg 1920w\" sizes=\"(max-width: 1024px) 100vw, 1024px\" \/><figcaption class=\"wp-element-caption\"><strong>Foto: Jairo Adoleta<\/strong><\/figcaption><\/figure>\n\n\n\n<p>Durante a coletiva, o artista tamb\u00e9m apresentou seu novo EP, \u201cNossa Praia\u201d, composto por cinco faixas, sendo duas in\u00e9ditas, refor\u00e7ando a nova fase da sua carreira.<\/p>\n\n\n\n<p>O retorno dos Sungas marca um reencontro com a pr\u00f3pria hist\u00f3ria do grupo e sinaliza uma nova etapa, que promete trazer ainda mais novidades para os f\u00e3s nos pr\u00f3ximos meses.<\/p>\n","protected":false},"excerpt":{"rendered":"<p>Na tarde desta quinta-feira (23), a banda Os Sungas reuniu imprensa e convidados no bar Pirambeira, no bairro da Pituba, em Salvador, para anunciar oficialmente seu retorno aos palcos com o comando de Linnoy. O encontro foi marcado por um clima de emo\u00e7\u00e3o e celebra\u00e7\u00e3o, especialmente durante a fala do cantor original do grupo. Visivelmente [&hellip;]<\/p>\n","protected":false},"author":3,"featured_media":43537,"comment_status":"open","ping_status":"open","sticky":false,"template":"","format":"standard","meta":{"_monsterinsights_skip_tracking":false,"_monsterinsights_sitenote_active":false,"_monsterinsights_sitenote_note":"","_monsterinsights_sitenote_category":0,"footnotes":""},"categories":[48,36],"tags":[],"yoast_head":"<!-- This site is optimized with the Yoast SEO plugin v22.9 - https:\/\/yoast.com\/wordpress\/plugins\/seo\/ -->\n<title>Os Sungas anunciam retorno com Linnoy em coletiva emocionante - Portal MF<\/title>\n<meta name=\"robots\" content=\"index, follow, max-snippet:-1, max-image-preview:large, max-video-preview:-1\" \/>\n<link rel=\"canonical\" href=\"https:\/\/portalmf.com.br\/index.php\/2026\/04\/24\/os-sungas-anunciam-retorno-com-linnoy-em-coletiva-emocionante\/\" \/>\n<meta property=\"og:locale\" content=\"pt_BR\" \/>\n<meta property=\"og:type\" content=\"article\" \/>\n<meta property=\"og:title\" content=\"Os Sungas anunciam retorno com Linnoy em coletiva emocionante - Portal MF\" \/>\n<meta property=\"og:description\" content=\"Na tarde desta quinta-feira (23), a banda Os Sungas reuniu imprensa e convidados no bar Pirambeira, no bairro da Pituba, em Salvador, para anunciar oficialmente seu retorno aos palcos com o comando de Linnoy. O encontro foi marcado por um clima de emo\u00e7\u00e3o e celebra\u00e7\u00e3o, especialmente durante a fala do cantor original do grupo. Visivelmente [&hellip;]\" \/>\n<meta property=\"og:url\" content=\"https:\/\/portalmf.com.br\/index.php\/2026\/04\/24\/os-sungas-anunciam-retorno-com-linnoy-em-coletiva-emocionante\/\" \/>\n<meta property=\"og:site_name\" content=\"Portal MF\" \/>\n<meta property=\"article:author\" content=\"https:\/\/www.facebook.com\/portalmfoficial\" \/>\n<meta property=\"article:published_time\" content=\"2026-04-24T10:09:54+00:00\" \/>\n<meta property=\"article:modified_time\" content=\"2026-04-24T10:09:56+00:00\" \/>\n<meta property=\"og:image\" content=\"https:\/\/portalmf.com.br\/wp-content\/uploads\/2026\/04\/Os_Sungas_-1.jpg\" \/>\n\t<meta property=\"og:image:width\" content=\"1848\" \/>\n\t<meta property=\"og:image:height\" content=\"1232\" \/>\n\t<meta property=\"og:image:type\" content=\"image\/jpeg\" \/>\n<meta name=\"author\" content=\"Reda\u00e7\u00e3o Portal MF\" \/>\n<meta name=\"twitter:card\" content=\"summary_large_image\" \/>\n<meta name=\"twitter:creator\" content=\"@https:\/\/x.com\/portalmfoficial\" \/>\n<meta name=\"twitter:label1\" content=\"Escrito por\" \/>\n\t<meta name=\"twitter:data1\" content=\"Reda\u00e7\u00e3o Portal MF\" \/>\n\t<meta name=\"twitter:label2\" content=\"Est. tempo de leitura\" \/>\n\t<meta name=\"twitter:data2\" content=\"2 minutos\" \/>\n<script type=\"application\/ld+json\" class=\"yoast-schema-graph\">{\"@context\":\"https:\/\/schema.org\",\"@graph\":[{\"@type\":\"WebPage\",\"@id\":\"https:\/\/portalmf.com.br\/index.php\/2026\/04\/24\/os-sungas-anunciam-retorno-com-linnoy-em-coletiva-emocionante\/\",\"url\":\"https:\/\/portalmf.com.br\/index.php\/2026\/04\/24\/os-sungas-anunciam-retorno-com-linnoy-em-coletiva-emocionante\/\",\"name\":\"Os Sungas anunciam retorno com Linnoy em coletiva emocionante - Portal MF\",\"isPartOf\":{\"@id\":\"https:\/\/portalmf.com.br\/#website\"},\"primaryImageOfPage\":{\"@id\":\"https:\/\/portalmf.com.br\/index.php\/2026\/04\/24\/os-sungas-anunciam-retorno-com-linnoy-em-coletiva-emocionante\/#primaryimage\"},\"image\":{\"@id\":\"https:\/\/portalmf.com.br\/index.php\/2026\/04\/24\/os-sungas-anunciam-retorno-com-linnoy-em-coletiva-emocionante\/#primaryimage\"},\"thumbnailUrl\":\"https:\/\/portalmf.com.br\/wp-content\/uploads\/2026\/04\/Os_Sungas_-1.jpg\",\"datePublished\":\"2026-04-24T10:09:54+00:00\",\"dateModified\":\"2026-04-24T10:09:56+00:00\",\"author\":{\"@id\":\"https:\/\/portalmf.com.br\/#\/schema\/person\/9ec101baf56233e53520c26de5d6f6f0\"},\"breadcrumb\":{\"@id\":\"https:\/\/portalmf.com.br\/index.php\/2026\/04\/24\/os-sungas-anunciam-retorno-com-linnoy-em-coletiva-emocionante\/#breadcrumb\"},\"inLanguage\":\"pt-BR\",\"potentialAction\":[{\"@type\":\"ReadAction\",\"target\":[\"https:\/\/portalmf.com.br\/index.php\/2026\/04\/24\/os-sungas-anunciam-retorno-com-linnoy-em-coletiva-emocionante\/\"]}]},{\"@type\":\"ImageObject\",\"inLanguage\":\"pt-BR\",\"@id\":\"https:\/\/portalmf.com.br\/index.php\/2026\/04\/24\/os-sungas-anunciam-retorno-com-linnoy-em-coletiva-emocionante\/#primaryimage\",\"url\":\"https:\/\/portalmf.com.br\/wp-content\/uploads\/2026\/04\/Os_Sungas_-1.jpg\",\"contentUrl\":\"https:\/\/portalmf.com.br\/wp-content\/uploads\/2026\/04\/Os_Sungas_-1.jpg\",\"width\":1848,\"height\":1232},{\"@type\":\"BreadcrumbList\",\"@id\":\"https:\/\/portalmf.com.br\/index.php\/2026\/04\/24\/os-sungas-anunciam-retorno-com-linnoy-em-coletiva-emocionante\/#breadcrumb\",\"itemListElement\":[{\"@type\":\"ListItem\",\"position\":1,\"name\":\"In\u00edcio\",\"item\":\"https:\/\/portalmf.com.br\/\"},{\"@type\":\"ListItem\",\"position\":2,\"name\":\"Os Sungas anunciam retorno com Linnoy em coletiva emocionante\"}]},{\"@type\":\"WebSite\",\"@id\":\"https:\/\/portalmf.com.br\/#website\",\"url\":\"https:\/\/portalmf.com.br\/\",\"name\":\"Portal MF\",\"description\":\"Voc\u00ea conectado com a informa\u00e7\u00e3o\",\"potentialAction\":[{\"@type\":\"SearchAction\",\"target\":{\"@type\":\"EntryPoint\",\"urlTemplate\":\"https:\/\/portalmf.com.br\/?s={search_term_string}\"},\"query-input\":\"required name=search_term_string\"}],\"inLanguage\":\"pt-BR\"},{\"@type\":\"Person\",\"@id\":\"https:\/\/portalmf.com.br\/#\/schema\/person\/9ec101baf56233e53520c26de5d6f6f0\",\"name\":\"Reda\u00e7\u00e3o Portal MF\",\"image\":{\"@type\":\"ImageObject\",\"inLanguage\":\"pt-BR\",\"@id\":\"https:\/\/portalmf.com.br\/#\/schema\/person\/image\/\",\"url\":\"https:\/\/secure.gravatar.com\/avatar\/41b9aaeb2100835f7c64362330f74c7f?s=96&d=mm&r=g\",\"contentUrl\":\"https:\/\/secure.gravatar.com\/avatar\/41b9aaeb2100835f7c64362330f74c7f?s=96&d=mm&r=g\",\"caption\":\"Reda\u00e7\u00e3o Portal MF\"},\"description\":\"Sejam bem-vindos o portal de informa\u00e7\u00f5es de entretenimento de Feira de Santana, desde 2006 realiza coberturas dos principais eventos com entrevistas exclusivas com as principais personalidades mundiais. Fique conectado tamb\u00e9m nas redes sociais.\",\"sameAs\":[\"http:\/\/www.portalmf.com.br\/\",\"https:\/\/www.facebook.com\/portalmfoficial\",\"https:\/\/www.instagram.com\/portalmf\/\",\"https:\/\/x.com\/https:\/\/x.com\/portalmfoficial\",\"https:\/\/www.youtube.com\/@portalmfoficial\"],\"url\":\"https:\/\/portalmf.com.br\/index.php\/author\/junior\/\"}]}<\/script>\n<!-- \/ Yoast SEO plugin. -->","yoast_head_json":{"title":"Os Sungas anunciam retorno com Linnoy em coletiva emocionante - Portal MF","robots":{"index":"index","follow":"follow","max-snippet":"max-snippet:-1","max-image-preview":"max-image-preview:large","max-video-preview":"max-video-preview:-1"},"canonical":"https:\/\/portalmf.com.br\/index.php\/2026\/04\/24\/os-sungas-anunciam-retorno-com-linnoy-em-coletiva-emocionante\/","og_locale":"pt_BR","og_type":"article","og_title":"Os Sungas anunciam retorno com Linnoy em coletiva emocionante - Portal MF","og_description":"Na tarde desta quinta-feira (23), a banda Os Sungas reuniu imprensa e convidados no bar Pirambeira, no bairro da Pituba, em Salvador, para anunciar oficialmente seu retorno aos palcos com o comando de Linnoy. O encontro foi marcado por um clima de emo\u00e7\u00e3o e celebra\u00e7\u00e3o, especialmente durante a fala do cantor original do grupo. Visivelmente [&hellip;]","og_url":"https:\/\/portalmf.com.br\/index.php\/2026\/04\/24\/os-sungas-anunciam-retorno-com-linnoy-em-coletiva-emocionante\/","og_site_name":"Portal MF","article_author":"https:\/\/www.facebook.com\/portalmfoficial","article_published_time":"2026-04-24T10:09:54+00:00","article_modified_time":"2026-04-24T10:09:56+00:00","og_image":[{"width":1848,"height":1232,"url":"https:\/\/portalmf.com.br\/wp-content\/uploads\/2026\/04\/Os_Sungas_-1.jpg","type":"image\/jpeg"}],"author":"Reda\u00e7\u00e3o Portal MF","twitter_card":"summary_large_image","twitter_creator":"@https:\/\/x.com\/portalmfoficial","twitter_misc":{"Escrito por":"Reda\u00e7\u00e3o Portal MF","Est. tempo de leitura":"2 minutos"},"schema":{"@context":"https:\/\/schema.org","@graph":[{"@type":"WebPage","@id":"https:\/\/portalmf.com.br\/index.php\/2026\/04\/24\/os-sungas-anunciam-retorno-com-linnoy-em-coletiva-emocionante\/","url":"https:\/\/portalmf.com.br\/index.php\/2026\/04\/24\/os-sungas-anunciam-retorno-com-linnoy-em-coletiva-emocionante\/","name":"Os Sungas anunciam retorno com Linnoy em coletiva emocionante - Portal MF","isPartOf":{"@id":"https:\/\/portalmf.com.br\/#website"},"primaryImageOfPage":{"@id":"https:\/\/portalmf.com.br\/index.php\/2026\/04\/24\/os-sungas-anunciam-retorno-com-linnoy-em-coletiva-emocionante\/#primaryimage"},"image":{"@id":"https:\/\/portalmf.com.br\/index.php\/2026\/04\/24\/os-sungas-anunciam-retorno-com-linnoy-em-coletiva-emocionante\/#primaryimage"},"thumbnailUrl":"https:\/\/portalmf.com.br\/wp-content\/uploads\/2026\/04\/Os_Sungas_-1.jpg","datePublished":"2026-04-24T10:09:54+00:00","dateModified":"2026-04-24T10:09:56+00:00","author":{"@id":"https:\/\/portalmf.com.br\/#\/schema\/person\/9ec101baf56233e53520c26de5d6f6f0"},"breadcrumb":{"@id":"https:\/\/portalmf.com.br\/index.php\/2026\/04\/24\/os-sungas-anunciam-retorno-com-linnoy-em-coletiva-emocionante\/#breadcrumb"},"inLanguage":"pt-BR","potentialAction":[{"@type":"ReadAction","target":["https:\/\/portalmf.com.br\/index.php\/2026\/04\/24\/os-sungas-anunciam-retorno-com-linnoy-em-coletiva-emocionante\/"]}]},{"@type":"ImageObject","inLanguage":"pt-BR","@id":"https:\/\/portalmf.com.br\/index.php\/2026\/04\/24\/os-sungas-anunciam-retorno-com-linnoy-em-coletiva-emocionante\/#primaryimage","url":"https:\/\/portalmf.com.br\/wp-content\/uploads\/2026\/04\/Os_Sungas_-1.jpg","contentUrl":"https:\/\/portalmf.com.br\/wp-content\/uploads\/2026\/04\/Os_Sungas_-1.jpg","width":1848,"height":1232},{"@type":"BreadcrumbList","@id":"https:\/\/portalmf.com.br\/index.php\/2026\/04\/24\/os-sungas-anunciam-retorno-com-linnoy-em-coletiva-emocionante\/#breadcrumb","itemListElement":[{"@type":"ListItem","position":1,"name":"In\u00edcio","item":"https:\/\/portalmf.com.br\/"},{"@type":"ListItem","position":2,"name":"Os Sungas anunciam retorno com Linnoy em coletiva emocionante"}]},{"@type":"WebSite","@id":"https:\/\/portalmf.com.br\/#website","url":"https:\/\/portalmf.com.br\/","name":"Portal MF","description":"Voc\u00ea conectado com a informa\u00e7\u00e3o","potentialAction":[{"@type":"SearchAction","target":{"@type":"EntryPoint","urlTemplate":"https:\/\/portalmf.com.br\/?s={search_term_string}"},"query-input":"required name=search_term_string"}],"inLanguage":"pt-BR"},{"@type":"Person","@id":"https:\/\/portalmf.com.br\/#\/schema\/person\/9ec101baf56233e53520c26de5d6f6f0","name":"Reda\u00e7\u00e3o Portal MF","image":{"@type":"ImageObject","inLanguage":"pt-BR","@id":"https:\/\/portalmf.com.br\/#\/schema\/person\/image\/","url":"https:\/\/secure.gravatar.com\/avatar\/41b9aaeb2100835f7c64362330f74c7f?s=96&d=mm&r=g","contentUrl":"https:\/\/secure.gravatar.com\/avatar\/41b9aaeb2100835f7c64362330f74c7f?s=96&d=mm&r=g","caption":"Reda\u00e7\u00e3o Portal MF"},"description":"Sejam bem-vindos o portal de informa\u00e7\u00f5es de entretenimento de Feira de Santana, desde 2006 realiza coberturas dos principais eventos com entrevistas exclusivas com as principais personalidades mundiais. Fique conectado tamb\u00e9m nas redes sociais.","sameAs":["http:\/\/www.portalmf.com.br\/","https:\/\/www.facebook.com\/portalmfoficial","https:\/\/www.instagram.com\/portalmf\/","https:\/\/x.com\/https:\/\/x.com\/portalmfoficial","https:\/\/www.youtube.com\/@portalmfoficial"],"url":"https:\/\/portalmf.com.br\/index.php\/author\/junior\/"}]}},"_links":{"self":[{"href":"https:\/\/portalmf.com.br\/index.php\/wp-json\/wp\/v2\/posts\/43534"}],"collection":[{"href":"https:\/\/portalmf.com.br\/index.php\/wp-json\/wp\/v2\/posts"}],"about":[{"href":"https:\/\/portalmf.com.br\/index.php\/wp-json\/wp\/v2\/types\/post"}],"author":[{"embeddable":true,"href":"https:\/\/portalmf.com.br\/index.php\/wp-json\/wp\/v2\/users\/3"}],"replies":[{"embeddable":true,"href":"https:\/\/portalmf.com.br\/index.php\/wp-json\/wp\/v2\/comments?post=43534"}],"version-history":[{"count":1,"href":"https:\/\/portalmf.com.br\/index.php\/wp-json\/wp\/v2\/posts\/43534\/revisions"}],"predecessor-version":[{"id":43538,"href":"https:\/\/portalmf.com.br\/index.php\/wp-json\/wp\/v2\/posts\/43534\/revisions\/43538"}],"wp:featuredmedia":[{"embeddable":true,"href":"https:\/\/portalmf.com.br\/index.php\/wp-json\/wp\/v2\/media\/43537"}],"wp:attachment":[{"href":"https:\/\/portalmf.com.br\/index.php\/wp-json\/wp\/v2\/media?parent=43534"}],"wp:term":[{"taxonomy":"category","embeddable":true,"href":"https:\/\/portalmf.com.br\/index.php\/wp-json\/wp\/v2\/categories?post=43534"},{"taxonomy":"post_tag","embeddable":true,"href":"https:\/\/portalmf.com.br\/index.php\/wp-json\/wp\/v2\/tags?post=43534"}],"curies":[{"name":"wp","href":"https:\/\/api.w.org\/{rel}","templated":true}]}}