{"id":43491,"date":"2026-04-21T07:38:53","date_gmt":"2026-04-21T10:38:53","guid":{"rendered":"https:\/\/portalmf.com.br\/?p=43491"},"modified":"2026-04-21T07:38:55","modified_gmt":"2026-04-21T10:38:55","slug":"marcus-sena-lanca-a-aposta-romantica-desculpe-me","status":"publish","type":"post","link":"https:\/\/portalmf.com.br\/index.php\/2026\/04\/21\/marcus-sena-lanca-a-aposta-romantica-desculpe-me\/","title":{"rendered":"Marcus Sena lan\u00e7a a aposta rom\u00e2ntica \u201cDesculpe-me\u201d"},"content":{"rendered":"\n<p>O artista Marcus Sena lan\u00e7ou a m\u00fasica \u201cDesculpe-me\u201d, que j\u00e1 est\u00e1 dispon\u00edvel no YouTube e a caminho das principais plataformas digitais. A can\u00e7\u00e3o foi composta no in\u00edcio do outono de 2026 e surgiu a partir da necessidade de deixar para tr\u00e1s pessoas que j\u00e1 n\u00e3o fazem sentido permanecer na vida.<\/p>\n\n\n\n<p>Segundo o artista, a principal mensagem da m\u00fasica \u00e9 sobre aceitar o fim de um ciclo. \u201cDesculpe-me\u201d segue a linha da MPB, com influ\u00eancias regionais, estilo que Marcus Sena afirma representar sua identidade musical.<\/p>\n\n\n\n<figure class=\"wp-block-embed is-type-video is-provider-youtube wp-block-embed-youtube wp-embed-aspect-16-9 wp-has-aspect-ratio\"><div class=\"wp-block-embed__wrapper\">\n<iframe title=\"MARCUS SENA: DESCULPE-ME\" width=\"696\" height=\"392\" src=\"https:\/\/www.youtube.com\/embed\/xfsBjfCKDPE?feature=oembed\" frameborder=\"0\" allow=\"accelerometer; autoplay; clipboard-write; encrypted-media; gyroscope; picture-in-picture; web-share\" referrerpolicy=\"strict-origin-when-cross-origin\" allowfullscreen><\/iframe>\n<\/div><\/figure>\n\n\n\n<p>A grava\u00e7\u00e3o da m\u00fasica \u201cDesculpe-me\u201d contou com Alex Pires no viol\u00e3o e na guitarra, Adson J\u00fanior na bateria, D\u00e9bora Rodrigues no contrabaixo e o pr\u00f3prio Marcus Sena no teclado. A mixagem e masteriza\u00e7\u00e3o ficaram por conta de Paulo Bind\u00e1.<\/p>\n\n\n\n<h3 class=\"wp-block-heading\">Natural de Riach\u00e3o<\/h3>\n\n\n\n<p>Do Jacuipe e radicado em Feira de Santana, o cantor tem 17 anos de carreira. Entre os destaques de sua trajet\u00f3ria est\u00e3o a vit\u00f3ria no festival feirense Vozes da Terra e duas participa\u00e7\u00f5es como semifinalista. Ele tamb\u00e9m participou da Micareta de Feira, no trio da cidade, ao lado da cantora Paula Sanfer, ex-integrante da Timbalada.<\/p>\n\n\n\n<p>Outro momento relevante foi a oportunidade de abrir um show de Oswaldo Montenegro. Al\u00e9m da carreira solo, Marcus j\u00e1 atuou como vocalista do projeto \u201cNordeste Encanto\u201d. Com o lan\u00e7amento de \u201cDesculpe-me\u201d, Marcus Sena apresenta ao p\u00fablico mais um trabalho autoral que o consolida como um dos importantes nomes da MPB no interior da Bahia.<\/p>\n","protected":false},"excerpt":{"rendered":"<p>O artista Marcus Sena lan\u00e7ou a m\u00fasica \u201cDesculpe-me\u201d, que j\u00e1 est\u00e1 dispon\u00edvel no YouTube e a caminho das principais plataformas digitais. A can\u00e7\u00e3o foi composta no in\u00edcio do outono de 2026 e surgiu a partir da necessidade de deixar para tr\u00e1s pessoas que j\u00e1 n\u00e3o fazem sentido permanecer na vida. Segundo o artista, a principal [&hellip;]<\/p>\n","protected":false},"author":3,"featured_media":43492,"comment_status":"open","ping_status":"open","sticky":false,"template":"","format":"standard","meta":{"_monsterinsights_skip_tracking":false,"_monsterinsights_sitenote_active":false,"_monsterinsights_sitenote_note":"","_monsterinsights_sitenote_category":0,"footnotes":""},"categories":[47,36],"tags":[],"yoast_head":"<!-- This site is optimized with the Yoast SEO plugin v22.9 - https:\/\/yoast.com\/wordpress\/plugins\/seo\/ -->\n<title>Marcus Sena lan\u00e7a a aposta rom\u00e2ntica \u201cDesculpe-me\u201d - Portal MF<\/title>\n<meta name=\"robots\" content=\"index, follow, max-snippet:-1, max-image-preview:large, max-video-preview:-1\" \/>\n<link rel=\"canonical\" href=\"https:\/\/portalmf.com.br\/index.php\/2026\/04\/21\/marcus-sena-lanca-a-aposta-romantica-desculpe-me\/\" \/>\n<meta property=\"og:locale\" content=\"pt_BR\" \/>\n<meta property=\"og:type\" content=\"article\" \/>\n<meta property=\"og:title\" content=\"Marcus Sena lan\u00e7a a aposta rom\u00e2ntica \u201cDesculpe-me\u201d - Portal MF\" \/>\n<meta property=\"og:description\" content=\"O artista Marcus Sena lan\u00e7ou a m\u00fasica \u201cDesculpe-me\u201d, que j\u00e1 est\u00e1 dispon\u00edvel no YouTube e a caminho das principais plataformas digitais. A can\u00e7\u00e3o foi composta no in\u00edcio do outono de 2026 e surgiu a partir da necessidade de deixar para tr\u00e1s pessoas que j\u00e1 n\u00e3o fazem sentido permanecer na vida. Segundo o artista, a principal [&hellip;]\" \/>\n<meta property=\"og:url\" content=\"https:\/\/portalmf.com.br\/index.php\/2026\/04\/21\/marcus-sena-lanca-a-aposta-romantica-desculpe-me\/\" \/>\n<meta property=\"og:site_name\" content=\"Portal MF\" \/>\n<meta property=\"article:author\" content=\"https:\/\/www.facebook.com\/portalmfoficial\" \/>\n<meta property=\"article:published_time\" content=\"2026-04-21T10:38:53+00:00\" \/>\n<meta property=\"article:modified_time\" content=\"2026-04-21T10:38:55+00:00\" \/>\n<meta property=\"og:image\" content=\"https:\/\/portalmf.com.br\/wp-content\/uploads\/2026\/04\/Marcus-Sena-lanca-a-aposta-romantica.jpg\" \/>\n\t<meta property=\"og:image:width\" content=\"1600\" \/>\n\t<meta property=\"og:image:height\" content=\"960\" \/>\n\t<meta property=\"og:image:type\" content=\"image\/jpeg\" \/>\n<meta name=\"author\" content=\"Reda\u00e7\u00e3o Portal MF\" \/>\n<meta name=\"twitter:card\" content=\"summary_large_image\" \/>\n<meta name=\"twitter:creator\" content=\"@https:\/\/x.com\/portalmfoficial\" \/>\n<meta name=\"twitter:label1\" content=\"Escrito por\" \/>\n\t<meta name=\"twitter:data1\" content=\"Reda\u00e7\u00e3o Portal MF\" \/>\n\t<meta name=\"twitter:label2\" content=\"Est. tempo de leitura\" \/>\n\t<meta name=\"twitter:data2\" content=\"2 minutos\" \/>\n<script type=\"application\/ld+json\" class=\"yoast-schema-graph\">{\"@context\":\"https:\/\/schema.org\",\"@graph\":[{\"@type\":\"WebPage\",\"@id\":\"https:\/\/portalmf.com.br\/index.php\/2026\/04\/21\/marcus-sena-lanca-a-aposta-romantica-desculpe-me\/\",\"url\":\"https:\/\/portalmf.com.br\/index.php\/2026\/04\/21\/marcus-sena-lanca-a-aposta-romantica-desculpe-me\/\",\"name\":\"Marcus Sena lan\u00e7a a aposta rom\u00e2ntica \u201cDesculpe-me\u201d - Portal MF\",\"isPartOf\":{\"@id\":\"https:\/\/portalmf.com.br\/#website\"},\"primaryImageOfPage\":{\"@id\":\"https:\/\/portalmf.com.br\/index.php\/2026\/04\/21\/marcus-sena-lanca-a-aposta-romantica-desculpe-me\/#primaryimage\"},\"image\":{\"@id\":\"https:\/\/portalmf.com.br\/index.php\/2026\/04\/21\/marcus-sena-lanca-a-aposta-romantica-desculpe-me\/#primaryimage\"},\"thumbnailUrl\":\"https:\/\/portalmf.com.br\/wp-content\/uploads\/2026\/04\/Marcus-Sena-lanca-a-aposta-romantica.jpg\",\"datePublished\":\"2026-04-21T10:38:53+00:00\",\"dateModified\":\"2026-04-21T10:38:55+00:00\",\"author\":{\"@id\":\"https:\/\/portalmf.com.br\/#\/schema\/person\/9ec101baf56233e53520c26de5d6f6f0\"},\"breadcrumb\":{\"@id\":\"https:\/\/portalmf.com.br\/index.php\/2026\/04\/21\/marcus-sena-lanca-a-aposta-romantica-desculpe-me\/#breadcrumb\"},\"inLanguage\":\"pt-BR\",\"potentialAction\":[{\"@type\":\"ReadAction\",\"target\":[\"https:\/\/portalmf.com.br\/index.php\/2026\/04\/21\/marcus-sena-lanca-a-aposta-romantica-desculpe-me\/\"]}]},{\"@type\":\"ImageObject\",\"inLanguage\":\"pt-BR\",\"@id\":\"https:\/\/portalmf.com.br\/index.php\/2026\/04\/21\/marcus-sena-lanca-a-aposta-romantica-desculpe-me\/#primaryimage\",\"url\":\"https:\/\/portalmf.com.br\/wp-content\/uploads\/2026\/04\/Marcus-Sena-lanca-a-aposta-romantica.jpg\",\"contentUrl\":\"https:\/\/portalmf.com.br\/wp-content\/uploads\/2026\/04\/Marcus-Sena-lanca-a-aposta-romantica.jpg\",\"width\":1600,\"height\":960},{\"@type\":\"BreadcrumbList\",\"@id\":\"https:\/\/portalmf.com.br\/index.php\/2026\/04\/21\/marcus-sena-lanca-a-aposta-romantica-desculpe-me\/#breadcrumb\",\"itemListElement\":[{\"@type\":\"ListItem\",\"position\":1,\"name\":\"In\u00edcio\",\"item\":\"https:\/\/portalmf.com.br\/\"},{\"@type\":\"ListItem\",\"position\":2,\"name\":\"Marcus Sena lan\u00e7a a aposta rom\u00e2ntica \u201cDesculpe-me\u201d\"}]},{\"@type\":\"WebSite\",\"@id\":\"https:\/\/portalmf.com.br\/#website\",\"url\":\"https:\/\/portalmf.com.br\/\",\"name\":\"Portal MF\",\"description\":\"Voc\u00ea conectado com a informa\u00e7\u00e3o\",\"potentialAction\":[{\"@type\":\"SearchAction\",\"target\":{\"@type\":\"EntryPoint\",\"urlTemplate\":\"https:\/\/portalmf.com.br\/?s={search_term_string}\"},\"query-input\":\"required name=search_term_string\"}],\"inLanguage\":\"pt-BR\"},{\"@type\":\"Person\",\"@id\":\"https:\/\/portalmf.com.br\/#\/schema\/person\/9ec101baf56233e53520c26de5d6f6f0\",\"name\":\"Reda\u00e7\u00e3o Portal MF\",\"image\":{\"@type\":\"ImageObject\",\"inLanguage\":\"pt-BR\",\"@id\":\"https:\/\/portalmf.com.br\/#\/schema\/person\/image\/\",\"url\":\"https:\/\/secure.gravatar.com\/avatar\/41b9aaeb2100835f7c64362330f74c7f?s=96&d=mm&r=g\",\"contentUrl\":\"https:\/\/secure.gravatar.com\/avatar\/41b9aaeb2100835f7c64362330f74c7f?s=96&d=mm&r=g\",\"caption\":\"Reda\u00e7\u00e3o Portal MF\"},\"description\":\"Sejam bem-vindos o portal de informa\u00e7\u00f5es de entretenimento de Feira de Santana, desde 2006 realiza coberturas dos principais eventos com entrevistas exclusivas com as principais personalidades mundiais. Fique conectado tamb\u00e9m nas redes sociais.\",\"sameAs\":[\"http:\/\/www.portalmf.com.br\/\",\"https:\/\/www.facebook.com\/portalmfoficial\",\"https:\/\/www.instagram.com\/portalmf\/\",\"https:\/\/x.com\/https:\/\/x.com\/portalmfoficial\",\"https:\/\/www.youtube.com\/@portalmfoficial\"],\"url\":\"https:\/\/portalmf.com.br\/index.php\/author\/junior\/\"}]}<\/script>\n<!-- \/ Yoast SEO plugin. -->","yoast_head_json":{"title":"Marcus Sena lan\u00e7a a aposta rom\u00e2ntica \u201cDesculpe-me\u201d - Portal MF","robots":{"index":"index","follow":"follow","max-snippet":"max-snippet:-1","max-image-preview":"max-image-preview:large","max-video-preview":"max-video-preview:-1"},"canonical":"https:\/\/portalmf.com.br\/index.php\/2026\/04\/21\/marcus-sena-lanca-a-aposta-romantica-desculpe-me\/","og_locale":"pt_BR","og_type":"article","og_title":"Marcus Sena lan\u00e7a a aposta rom\u00e2ntica \u201cDesculpe-me\u201d - Portal MF","og_description":"O artista Marcus Sena lan\u00e7ou a m\u00fasica \u201cDesculpe-me\u201d, que j\u00e1 est\u00e1 dispon\u00edvel no YouTube e a caminho das principais plataformas digitais. A can\u00e7\u00e3o foi composta no in\u00edcio do outono de 2026 e surgiu a partir da necessidade de deixar para tr\u00e1s pessoas que j\u00e1 n\u00e3o fazem sentido permanecer na vida. Segundo o artista, a principal [&hellip;]","og_url":"https:\/\/portalmf.com.br\/index.php\/2026\/04\/21\/marcus-sena-lanca-a-aposta-romantica-desculpe-me\/","og_site_name":"Portal MF","article_author":"https:\/\/www.facebook.com\/portalmfoficial","article_published_time":"2026-04-21T10:38:53+00:00","article_modified_time":"2026-04-21T10:38:55+00:00","og_image":[{"width":1600,"height":960,"url":"https:\/\/portalmf.com.br\/wp-content\/uploads\/2026\/04\/Marcus-Sena-lanca-a-aposta-romantica.jpg","type":"image\/jpeg"}],"author":"Reda\u00e7\u00e3o Portal MF","twitter_card":"summary_large_image","twitter_creator":"@https:\/\/x.com\/portalmfoficial","twitter_misc":{"Escrito por":"Reda\u00e7\u00e3o Portal MF","Est. tempo de leitura":"2 minutos"},"schema":{"@context":"https:\/\/schema.org","@graph":[{"@type":"WebPage","@id":"https:\/\/portalmf.com.br\/index.php\/2026\/04\/21\/marcus-sena-lanca-a-aposta-romantica-desculpe-me\/","url":"https:\/\/portalmf.com.br\/index.php\/2026\/04\/21\/marcus-sena-lanca-a-aposta-romantica-desculpe-me\/","name":"Marcus Sena lan\u00e7a a aposta rom\u00e2ntica \u201cDesculpe-me\u201d - Portal MF","isPartOf":{"@id":"https:\/\/portalmf.com.br\/#website"},"primaryImageOfPage":{"@id":"https:\/\/portalmf.com.br\/index.php\/2026\/04\/21\/marcus-sena-lanca-a-aposta-romantica-desculpe-me\/#primaryimage"},"image":{"@id":"https:\/\/portalmf.com.br\/index.php\/2026\/04\/21\/marcus-sena-lanca-a-aposta-romantica-desculpe-me\/#primaryimage"},"thumbnailUrl":"https:\/\/portalmf.com.br\/wp-content\/uploads\/2026\/04\/Marcus-Sena-lanca-a-aposta-romantica.jpg","datePublished":"2026-04-21T10:38:53+00:00","dateModified":"2026-04-21T10:38:55+00:00","author":{"@id":"https:\/\/portalmf.com.br\/#\/schema\/person\/9ec101baf56233e53520c26de5d6f6f0"},"breadcrumb":{"@id":"https:\/\/portalmf.com.br\/index.php\/2026\/04\/21\/marcus-sena-lanca-a-aposta-romantica-desculpe-me\/#breadcrumb"},"inLanguage":"pt-BR","potentialAction":[{"@type":"ReadAction","target":["https:\/\/portalmf.com.br\/index.php\/2026\/04\/21\/marcus-sena-lanca-a-aposta-romantica-desculpe-me\/"]}]},{"@type":"ImageObject","inLanguage":"pt-BR","@id":"https:\/\/portalmf.com.br\/index.php\/2026\/04\/21\/marcus-sena-lanca-a-aposta-romantica-desculpe-me\/#primaryimage","url":"https:\/\/portalmf.com.br\/wp-content\/uploads\/2026\/04\/Marcus-Sena-lanca-a-aposta-romantica.jpg","contentUrl":"https:\/\/portalmf.com.br\/wp-content\/uploads\/2026\/04\/Marcus-Sena-lanca-a-aposta-romantica.jpg","width":1600,"height":960},{"@type":"BreadcrumbList","@id":"https:\/\/portalmf.com.br\/index.php\/2026\/04\/21\/marcus-sena-lanca-a-aposta-romantica-desculpe-me\/#breadcrumb","itemListElement":[{"@type":"ListItem","position":1,"name":"In\u00edcio","item":"https:\/\/portalmf.com.br\/"},{"@type":"ListItem","position":2,"name":"Marcus Sena lan\u00e7a a aposta rom\u00e2ntica \u201cDesculpe-me\u201d"}]},{"@type":"WebSite","@id":"https:\/\/portalmf.com.br\/#website","url":"https:\/\/portalmf.com.br\/","name":"Portal MF","description":"Voc\u00ea conectado com a informa\u00e7\u00e3o","potentialAction":[{"@type":"SearchAction","target":{"@type":"EntryPoint","urlTemplate":"https:\/\/portalmf.com.br\/?s={search_term_string}"},"query-input":"required name=search_term_string"}],"inLanguage":"pt-BR"},{"@type":"Person","@id":"https:\/\/portalmf.com.br\/#\/schema\/person\/9ec101baf56233e53520c26de5d6f6f0","name":"Reda\u00e7\u00e3o Portal MF","image":{"@type":"ImageObject","inLanguage":"pt-BR","@id":"https:\/\/portalmf.com.br\/#\/schema\/person\/image\/","url":"https:\/\/secure.gravatar.com\/avatar\/41b9aaeb2100835f7c64362330f74c7f?s=96&d=mm&r=g","contentUrl":"https:\/\/secure.gravatar.com\/avatar\/41b9aaeb2100835f7c64362330f74c7f?s=96&d=mm&r=g","caption":"Reda\u00e7\u00e3o Portal MF"},"description":"Sejam bem-vindos o portal de informa\u00e7\u00f5es de entretenimento de Feira de Santana, desde 2006 realiza coberturas dos principais eventos com entrevistas exclusivas com as principais personalidades mundiais. Fique conectado tamb\u00e9m nas redes sociais.","sameAs":["http:\/\/www.portalmf.com.br\/","https:\/\/www.facebook.com\/portalmfoficial","https:\/\/www.instagram.com\/portalmf\/","https:\/\/x.com\/https:\/\/x.com\/portalmfoficial","https:\/\/www.youtube.com\/@portalmfoficial"],"url":"https:\/\/portalmf.com.br\/index.php\/author\/junior\/"}]}},"_links":{"self":[{"href":"https:\/\/portalmf.com.br\/index.php\/wp-json\/wp\/v2\/posts\/43491"}],"collection":[{"href":"https:\/\/portalmf.com.br\/index.php\/wp-json\/wp\/v2\/posts"}],"about":[{"href":"https:\/\/portalmf.com.br\/index.php\/wp-json\/wp\/v2\/types\/post"}],"author":[{"embeddable":true,"href":"https:\/\/portalmf.com.br\/index.php\/wp-json\/wp\/v2\/users\/3"}],"replies":[{"embeddable":true,"href":"https:\/\/portalmf.com.br\/index.php\/wp-json\/wp\/v2\/comments?post=43491"}],"version-history":[{"count":1,"href":"https:\/\/portalmf.com.br\/index.php\/wp-json\/wp\/v2\/posts\/43491\/revisions"}],"predecessor-version":[{"id":43493,"href":"https:\/\/portalmf.com.br\/index.php\/wp-json\/wp\/v2\/posts\/43491\/revisions\/43493"}],"wp:featuredmedia":[{"embeddable":true,"href":"https:\/\/portalmf.com.br\/index.php\/wp-json\/wp\/v2\/media\/43492"}],"wp:attachment":[{"href":"https:\/\/portalmf.com.br\/index.php\/wp-json\/wp\/v2\/media?parent=43491"}],"wp:term":[{"taxonomy":"category","embeddable":true,"href":"https:\/\/portalmf.com.br\/index.php\/wp-json\/wp\/v2\/categories?post=43491"},{"taxonomy":"post_tag","embeddable":true,"href":"https:\/\/portalmf.com.br\/index.php\/wp-json\/wp\/v2\/tags?post=43491"}],"curies":[{"name":"wp","href":"https:\/\/api.w.org\/{rel}","templated":true}]}}