{"id":43485,"date":"2026-04-21T04:37:43","date_gmt":"2026-04-21T07:37:43","guid":{"rendered":"https:\/\/portalmf.com.br\/?p=43485"},"modified":"2026-04-21T04:37:44","modified_gmt":"2026-04-21T07:37:44","slug":"brasil-e-alemanha-firmam-acordo-sobre-minerais-criticos-e-terras-raras","status":"publish","type":"post","link":"https:\/\/portalmf.com.br\/index.php\/2026\/04\/21\/brasil-e-alemanha-firmam-acordo-sobre-minerais-criticos-e-terras-raras\/","title":{"rendered":"Brasil e Alemanha firmam acordo sobre minerais cr\u00edticos e terras raras"},"content":{"rendered":"\n<p>Brasil e Alemanha assinaram nesta segunda-feira (20), em Hannover, uma declara\u00e7\u00e3o conjunta de inten\u00e7\u00f5es para ampliar a coopera\u00e7\u00e3o cient\u00edfica e tecnol\u00f3gica na \u00e1rea de minerais cr\u00edticos e estrat\u00e9gicos, considerados essenciais para a transi\u00e7\u00e3o energ\u00e9tica e o desenvolvimento de tecnologias emergentes.<\/p>\n\n\n\n<p>O ato foi firmado durante visita oficial do presidente Luiz In\u00e1cio Lula da Silva, que se reuniu com o chanceler federal do pa\u00eds europeu, Friedrich Merz.<\/p>\n\n\n\n<p>O acordo, firmado entre o Minist\u00e9rio da Ci\u00eancia, Tecnologia e Inova\u00e7\u00e3o (MCTI) do Brasil e o Minist\u00e9rio Federal da Pesquisa, Tecnologia e Espa\u00e7o da Alemanha, estabelece as bases para intensificar a\u00e7\u00f5es conjuntas em pesquisa, desenvolvimento e inova\u00e7\u00e3o ao longo de toda a cadeia produtiva desses insumos.<\/p>\n\n\n\n<p>Os minerais cr\u00edticos s\u00e3o elementos essenciais para tecnologias modernas, defesa e transi\u00e7\u00e3o energ\u00e9tica, como fabrica\u00e7\u00e3o de baterias, pain\u00e9is solares e turbinas, cuja oferta enfrenta riscos de escassez ou depend\u00eancia de poucos fornecedores.<\/p>\n\n\n\n<p>O Brasil est\u00e1 entre as maiores reservas dessas mat\u00e9rias-primas no planeta. O assunto foi mencionado por Lula em declara\u00e7\u00e3o a jornalistas ap\u00f3s o encontro bilateral com Merz. O presidente brasileiro enfatizou a necessidade de que a explora\u00e7\u00e3o dos minerais n\u00e3o seja apenas a venda da mat\u00e9ria-prima.<\/p>\n\n\n\n<p><em>&#8220;Nossas reservas tamb\u00e9m nos tornam atores incontorn\u00e1veis no debate sobre minerais cr\u00edticos. Queremos atrair cadeias de processamento para o territ\u00f3rio brasileiro, sem fazer exporta\u00e7\u00f5es excludentes. A colabora\u00e7\u00e3o em setores intensivos em tecnologia \u00e9 uma prioridade para um pa\u00eds que n\u00e3o quer se limitar a ser um mero exportador de commodities&#8221;,<\/em> afirmou.<\/p>\n\n\n\n<p>Pelo acordo de coopera\u00e7\u00e3o, tamb\u00e9m citado por Merz na declara\u00e7\u00e3o \u00e0 imprensa, Brasil e Alemanha prometem expandir ainda mais a pesquisa, o desenvolvimento e a inova\u00e7\u00e3o nas \u00e1reas de explora\u00e7\u00e3o, extra\u00e7\u00e3o e processamento de minerais cr\u00edticos, como terras raras e outros metais e minerais.<\/p>\n\n\n\n<p>Ambos os pa\u00edses reconhecem a import\u00e2ncia estrat\u00e9gica das atividades de pesquisa, desenvolvimento e inova\u00e7\u00e3o para aumentar o valor agregado ao longo das cadeias de valor dos minerais cr\u00edticos e estrat\u00e9gicos, contribuindo para o desenvolvimento industrial sustent\u00e1vel, a soberania tecnol\u00f3gica e o fortalecimento das capacidades industriais internas.<\/p>\n\n\n\n<p>Entre os compromissos firmados, est\u00e1 o apoio \u00e0 inova\u00e7\u00e3o, em particular por pequenas e m\u00e9dias empresas em ambos os pa\u00edses, in\u00edcio de projetos conjuntos de pesquisa, desenvolvimento e inova\u00e7\u00e3o para a gest\u00e3o respons\u00e1vel de minerais cr\u00edticos, interc\u00e2mbio de cientistas, pessoal t\u00e9cnico de p\u00f3s-gradua\u00e7\u00e3o. Um novo programa bilateral de financiamento direto \u00e0s institui\u00e7\u00f5es e empresas nacionais dos dois pa\u00edses dever\u00e1 ser elaborado ainda em 2026, prev\u00ea o acordo.<\/p>\n\n\n\n<p><strong>Outros acordos<\/strong><\/p>\n\n\n\n<p>Al\u00e9m do acordo de coopera\u00e7\u00e3o sobre minerais cr\u00edticos, Brasil e Alemanha adotaram outros 14 atos conjuntos durante a viagem oficial de Lula ao pa\u00eds europeu.<\/p>\n\n\n\n<p>Entre eles, est\u00e1 um acordo de coopera\u00e7\u00e3o para fortalecer o combate a crimes ambientais, como desmatamento, tr\u00e1fico de fauna e flora, pesca e minera\u00e7\u00e3o ilegais. Outro acordo trata sobre coopera\u00e7\u00e3o na \u00e1rea de intelig\u00eancia artificial, com foco em governo digital e aplica\u00e7\u00f5es industriais.<\/p>\n\n\n\n<p>Tamb\u00e9m foi firmada uma carta de inten\u00e7\u00f5es em que o governo alem\u00e3o prop\u00f5e ampliar o aporte de recursos ao Fundo de Combate \u00e0s Mudan\u00e7as Clim\u00e1ticas, coordenado pelo governo brasileiro e operacionalizado pelo Banco Nacional de Desenvolvimento Econ\u00f4mico e Social. O objetivo ser\u00e1 financiar projetos, estudos e iniciativas voltados \u00e0 redu\u00e7\u00e3o das emiss\u00f5es de gases de efeito estufa e \u00e0 adapta\u00e7\u00e3o aos efeitos das mudan\u00e7as clim\u00e1ticas no Brasil. Do lado alem\u00e3o, o banco de desenvolvimento do pa\u00eds, o KfW, dever\u00e1 aportar cerca de 500 milh\u00f5es de euros no fundo.<\/p>\n\n\n\n<p>Os dois governos tamb\u00e9m assinaram documentos de coopera\u00e7\u00e3o nas \u00e1reas de defesa, pesquisa oce\u00e2nica, apoio a micro e pequenas empresas, pesquisa aeroespacial, tecnologias qu\u00e2nticas, economia circular, entre outros.<\/p>\n\n\n\n<p>Em sua segunda viagem oficial \u00e0 Alemanha no atual mandato, Lula foi recebido com honras militares em Hannover, para se reunir com Merz. O Brasil \u00e9 um dos poucos pa\u00edses com quem a Alemanha tem um acordo de parceria estrat\u00e9gica, considerado o mais alto grau de rela\u00e7\u00e3o diplom\u00e1tica entre pa\u00edses.<\/p>\n\n\n\n<p><em>&#8220;Essa proximidade \u00e9 mais importante do que nunca nesses tempos de tantas mudan\u00e7as na ordem mundial. Queremos fortalecer o benef\u00edcio comum e expandir nossa rede. Queremos ser parceiros fortes e com ideias afins&#8221;,<\/em> disse o chanceler alem\u00e3o na declara\u00e7\u00e3o \u00e0 imprensa.<\/p>\n\n\n\n<p>Al\u00e9m do encontro bilateral, Lula discursou na abertura da maior feira industrial do mundo, a Hannover Messe, que este ano destaca o Brasil. Ele tamb\u00e9m participou de um encontro com empres\u00e1rios brasileiros e alem\u00e3es, em que enfatizou as oportunidades no setor de biocombust\u00edveis.<\/p>\n\n\n\n<p>Com informa\u00e7\u00f5es da Ag\u00eancia Brasil<\/p>\n","protected":false},"excerpt":{"rendered":"<p>Brasil e Alemanha assinaram nesta segunda-feira (20), em Hannover, uma declara\u00e7\u00e3o conjunta de inten\u00e7\u00f5es para ampliar a coopera\u00e7\u00e3o cient\u00edfica e tecnol\u00f3gica na \u00e1rea de minerais cr\u00edticos e estrat\u00e9gicos, considerados essenciais para a transi\u00e7\u00e3o energ\u00e9tica e o desenvolvimento de tecnologias emergentes. O ato foi firmado durante visita oficial do presidente Luiz In\u00e1cio Lula da Silva, que [&hellip;]<\/p>\n","protected":false},"author":3,"featured_media":43486,"comment_status":"open","ping_status":"open","sticky":false,"template":"","format":"standard","meta":{"_monsterinsights_skip_tracking":false,"_monsterinsights_sitenote_active":false,"_monsterinsights_sitenote_note":"","_monsterinsights_sitenote_category":0,"footnotes":""},"categories":[34],"tags":[],"yoast_head":"<!-- This site is optimized with the Yoast SEO plugin v22.9 - https:\/\/yoast.com\/wordpress\/plugins\/seo\/ -->\n<title>Brasil e Alemanha firmam acordo sobre minerais cr\u00edticos e terras raras - Portal MF<\/title>\n<meta name=\"robots\" content=\"index, follow, max-snippet:-1, max-image-preview:large, max-video-preview:-1\" \/>\n<link rel=\"canonical\" href=\"https:\/\/portalmf.com.br\/index.php\/2026\/04\/21\/brasil-e-alemanha-firmam-acordo-sobre-minerais-criticos-e-terras-raras\/\" \/>\n<meta property=\"og:locale\" content=\"pt_BR\" \/>\n<meta property=\"og:type\" content=\"article\" \/>\n<meta property=\"og:title\" content=\"Brasil e Alemanha firmam acordo sobre minerais cr\u00edticos e terras raras - Portal MF\" \/>\n<meta property=\"og:description\" content=\"Brasil e Alemanha assinaram nesta segunda-feira (20), em Hannover, uma declara\u00e7\u00e3o conjunta de inten\u00e7\u00f5es para ampliar a coopera\u00e7\u00e3o cient\u00edfica e tecnol\u00f3gica na \u00e1rea de minerais cr\u00edticos e estrat\u00e9gicos, considerados essenciais para a transi\u00e7\u00e3o energ\u00e9tica e o desenvolvimento de tecnologias emergentes. O ato foi firmado durante visita oficial do presidente Luiz In\u00e1cio Lula da Silva, que [&hellip;]\" \/>\n<meta property=\"og:url\" content=\"https:\/\/portalmf.com.br\/index.php\/2026\/04\/21\/brasil-e-alemanha-firmam-acordo-sobre-minerais-criticos-e-terras-raras\/\" \/>\n<meta property=\"og:site_name\" content=\"Portal MF\" \/>\n<meta property=\"article:author\" content=\"https:\/\/www.facebook.com\/portalmfoficial\" \/>\n<meta property=\"article:published_time\" content=\"2026-04-21T07:37:43+00:00\" \/>\n<meta property=\"article:modified_time\" content=\"2026-04-21T07:37:44+00:00\" \/>\n<meta property=\"og:image\" content=\"https:\/\/portalmf.com.br\/wp-content\/uploads\/2026\/04\/Brasil-e-Alemanha-firmam-acordo-sobre-minerais-criticos-e-terras-raras.jpg\" \/>\n\t<meta property=\"og:image:width\" content=\"1170\" \/>\n\t<meta property=\"og:image:height\" content=\"700\" \/>\n\t<meta property=\"og:image:type\" content=\"image\/jpeg\" \/>\n<meta name=\"author\" content=\"Reda\u00e7\u00e3o Portal MF\" \/>\n<meta name=\"twitter:card\" content=\"summary_large_image\" \/>\n<meta name=\"twitter:creator\" content=\"@https:\/\/x.com\/portalmfoficial\" \/>\n<meta name=\"twitter:label1\" content=\"Escrito por\" \/>\n\t<meta name=\"twitter:data1\" content=\"Reda\u00e7\u00e3o Portal MF\" \/>\n\t<meta name=\"twitter:label2\" content=\"Est. tempo de leitura\" \/>\n\t<meta name=\"twitter:data2\" content=\"5 minutos\" \/>\n<script type=\"application\/ld+json\" class=\"yoast-schema-graph\">{\"@context\":\"https:\/\/schema.org\",\"@graph\":[{\"@type\":\"WebPage\",\"@id\":\"https:\/\/portalmf.com.br\/index.php\/2026\/04\/21\/brasil-e-alemanha-firmam-acordo-sobre-minerais-criticos-e-terras-raras\/\",\"url\":\"https:\/\/portalmf.com.br\/index.php\/2026\/04\/21\/brasil-e-alemanha-firmam-acordo-sobre-minerais-criticos-e-terras-raras\/\",\"name\":\"Brasil e Alemanha firmam acordo sobre minerais cr\u00edticos e terras raras - Portal MF\",\"isPartOf\":{\"@id\":\"https:\/\/portalmf.com.br\/#website\"},\"primaryImageOfPage\":{\"@id\":\"https:\/\/portalmf.com.br\/index.php\/2026\/04\/21\/brasil-e-alemanha-firmam-acordo-sobre-minerais-criticos-e-terras-raras\/#primaryimage\"},\"image\":{\"@id\":\"https:\/\/portalmf.com.br\/index.php\/2026\/04\/21\/brasil-e-alemanha-firmam-acordo-sobre-minerais-criticos-e-terras-raras\/#primaryimage\"},\"thumbnailUrl\":\"https:\/\/portalmf.com.br\/wp-content\/uploads\/2026\/04\/Brasil-e-Alemanha-firmam-acordo-sobre-minerais-criticos-e-terras-raras.jpg\",\"datePublished\":\"2026-04-21T07:37:43+00:00\",\"dateModified\":\"2026-04-21T07:37:44+00:00\",\"author\":{\"@id\":\"https:\/\/portalmf.com.br\/#\/schema\/person\/9ec101baf56233e53520c26de5d6f6f0\"},\"breadcrumb\":{\"@id\":\"https:\/\/portalmf.com.br\/index.php\/2026\/04\/21\/brasil-e-alemanha-firmam-acordo-sobre-minerais-criticos-e-terras-raras\/#breadcrumb\"},\"inLanguage\":\"pt-BR\",\"potentialAction\":[{\"@type\":\"ReadAction\",\"target\":[\"https:\/\/portalmf.com.br\/index.php\/2026\/04\/21\/brasil-e-alemanha-firmam-acordo-sobre-minerais-criticos-e-terras-raras\/\"]}]},{\"@type\":\"ImageObject\",\"inLanguage\":\"pt-BR\",\"@id\":\"https:\/\/portalmf.com.br\/index.php\/2026\/04\/21\/brasil-e-alemanha-firmam-acordo-sobre-minerais-criticos-e-terras-raras\/#primaryimage\",\"url\":\"https:\/\/portalmf.com.br\/wp-content\/uploads\/2026\/04\/Brasil-e-Alemanha-firmam-acordo-sobre-minerais-criticos-e-terras-raras.jpg\",\"contentUrl\":\"https:\/\/portalmf.com.br\/wp-content\/uploads\/2026\/04\/Brasil-e-Alemanha-firmam-acordo-sobre-minerais-criticos-e-terras-raras.jpg\",\"width\":1170,\"height\":700},{\"@type\":\"BreadcrumbList\",\"@id\":\"https:\/\/portalmf.com.br\/index.php\/2026\/04\/21\/brasil-e-alemanha-firmam-acordo-sobre-minerais-criticos-e-terras-raras\/#breadcrumb\",\"itemListElement\":[{\"@type\":\"ListItem\",\"position\":1,\"name\":\"In\u00edcio\",\"item\":\"https:\/\/portalmf.com.br\/\"},{\"@type\":\"ListItem\",\"position\":2,\"name\":\"Brasil e Alemanha firmam acordo sobre minerais cr\u00edticos e terras raras\"}]},{\"@type\":\"WebSite\",\"@id\":\"https:\/\/portalmf.com.br\/#website\",\"url\":\"https:\/\/portalmf.com.br\/\",\"name\":\"Portal MF\",\"description\":\"Voc\u00ea conectado com a informa\u00e7\u00e3o\",\"potentialAction\":[{\"@type\":\"SearchAction\",\"target\":{\"@type\":\"EntryPoint\",\"urlTemplate\":\"https:\/\/portalmf.com.br\/?s={search_term_string}\"},\"query-input\":\"required name=search_term_string\"}],\"inLanguage\":\"pt-BR\"},{\"@type\":\"Person\",\"@id\":\"https:\/\/portalmf.com.br\/#\/schema\/person\/9ec101baf56233e53520c26de5d6f6f0\",\"name\":\"Reda\u00e7\u00e3o Portal MF\",\"image\":{\"@type\":\"ImageObject\",\"inLanguage\":\"pt-BR\",\"@id\":\"https:\/\/portalmf.com.br\/#\/schema\/person\/image\/\",\"url\":\"https:\/\/secure.gravatar.com\/avatar\/41b9aaeb2100835f7c64362330f74c7f?s=96&d=mm&r=g\",\"contentUrl\":\"https:\/\/secure.gravatar.com\/avatar\/41b9aaeb2100835f7c64362330f74c7f?s=96&d=mm&r=g\",\"caption\":\"Reda\u00e7\u00e3o Portal MF\"},\"description\":\"Sejam bem-vindos o portal de informa\u00e7\u00f5es de entretenimento de Feira de Santana, desde 2006 realiza coberturas dos principais eventos com entrevistas exclusivas com as principais personalidades mundiais. Fique conectado tamb\u00e9m nas redes sociais.\",\"sameAs\":[\"http:\/\/www.portalmf.com.br\/\",\"https:\/\/www.facebook.com\/portalmfoficial\",\"https:\/\/www.instagram.com\/portalmf\/\",\"https:\/\/x.com\/https:\/\/x.com\/portalmfoficial\",\"https:\/\/www.youtube.com\/@portalmfoficial\"],\"url\":\"https:\/\/portalmf.com.br\/index.php\/author\/junior\/\"}]}<\/script>\n<!-- \/ Yoast SEO plugin. -->","yoast_head_json":{"title":"Brasil e Alemanha firmam acordo sobre minerais cr\u00edticos e terras raras - Portal MF","robots":{"index":"index","follow":"follow","max-snippet":"max-snippet:-1","max-image-preview":"max-image-preview:large","max-video-preview":"max-video-preview:-1"},"canonical":"https:\/\/portalmf.com.br\/index.php\/2026\/04\/21\/brasil-e-alemanha-firmam-acordo-sobre-minerais-criticos-e-terras-raras\/","og_locale":"pt_BR","og_type":"article","og_title":"Brasil e Alemanha firmam acordo sobre minerais cr\u00edticos e terras raras - Portal MF","og_description":"Brasil e Alemanha assinaram nesta segunda-feira (20), em Hannover, uma declara\u00e7\u00e3o conjunta de inten\u00e7\u00f5es para ampliar a coopera\u00e7\u00e3o cient\u00edfica e tecnol\u00f3gica na \u00e1rea de minerais cr\u00edticos e estrat\u00e9gicos, considerados essenciais para a transi\u00e7\u00e3o energ\u00e9tica e o desenvolvimento de tecnologias emergentes. O ato foi firmado durante visita oficial do presidente Luiz In\u00e1cio Lula da Silva, que [&hellip;]","og_url":"https:\/\/portalmf.com.br\/index.php\/2026\/04\/21\/brasil-e-alemanha-firmam-acordo-sobre-minerais-criticos-e-terras-raras\/","og_site_name":"Portal MF","article_author":"https:\/\/www.facebook.com\/portalmfoficial","article_published_time":"2026-04-21T07:37:43+00:00","article_modified_time":"2026-04-21T07:37:44+00:00","og_image":[{"width":1170,"height":700,"url":"https:\/\/portalmf.com.br\/wp-content\/uploads\/2026\/04\/Brasil-e-Alemanha-firmam-acordo-sobre-minerais-criticos-e-terras-raras.jpg","type":"image\/jpeg"}],"author":"Reda\u00e7\u00e3o Portal MF","twitter_card":"summary_large_image","twitter_creator":"@https:\/\/x.com\/portalmfoficial","twitter_misc":{"Escrito por":"Reda\u00e7\u00e3o Portal MF","Est. tempo de leitura":"5 minutos"},"schema":{"@context":"https:\/\/schema.org","@graph":[{"@type":"WebPage","@id":"https:\/\/portalmf.com.br\/index.php\/2026\/04\/21\/brasil-e-alemanha-firmam-acordo-sobre-minerais-criticos-e-terras-raras\/","url":"https:\/\/portalmf.com.br\/index.php\/2026\/04\/21\/brasil-e-alemanha-firmam-acordo-sobre-minerais-criticos-e-terras-raras\/","name":"Brasil e Alemanha firmam acordo sobre minerais cr\u00edticos e terras raras - Portal MF","isPartOf":{"@id":"https:\/\/portalmf.com.br\/#website"},"primaryImageOfPage":{"@id":"https:\/\/portalmf.com.br\/index.php\/2026\/04\/21\/brasil-e-alemanha-firmam-acordo-sobre-minerais-criticos-e-terras-raras\/#primaryimage"},"image":{"@id":"https:\/\/portalmf.com.br\/index.php\/2026\/04\/21\/brasil-e-alemanha-firmam-acordo-sobre-minerais-criticos-e-terras-raras\/#primaryimage"},"thumbnailUrl":"https:\/\/portalmf.com.br\/wp-content\/uploads\/2026\/04\/Brasil-e-Alemanha-firmam-acordo-sobre-minerais-criticos-e-terras-raras.jpg","datePublished":"2026-04-21T07:37:43+00:00","dateModified":"2026-04-21T07:37:44+00:00","author":{"@id":"https:\/\/portalmf.com.br\/#\/schema\/person\/9ec101baf56233e53520c26de5d6f6f0"},"breadcrumb":{"@id":"https:\/\/portalmf.com.br\/index.php\/2026\/04\/21\/brasil-e-alemanha-firmam-acordo-sobre-minerais-criticos-e-terras-raras\/#breadcrumb"},"inLanguage":"pt-BR","potentialAction":[{"@type":"ReadAction","target":["https:\/\/portalmf.com.br\/index.php\/2026\/04\/21\/brasil-e-alemanha-firmam-acordo-sobre-minerais-criticos-e-terras-raras\/"]}]},{"@type":"ImageObject","inLanguage":"pt-BR","@id":"https:\/\/portalmf.com.br\/index.php\/2026\/04\/21\/brasil-e-alemanha-firmam-acordo-sobre-minerais-criticos-e-terras-raras\/#primaryimage","url":"https:\/\/portalmf.com.br\/wp-content\/uploads\/2026\/04\/Brasil-e-Alemanha-firmam-acordo-sobre-minerais-criticos-e-terras-raras.jpg","contentUrl":"https:\/\/portalmf.com.br\/wp-content\/uploads\/2026\/04\/Brasil-e-Alemanha-firmam-acordo-sobre-minerais-criticos-e-terras-raras.jpg","width":1170,"height":700},{"@type":"BreadcrumbList","@id":"https:\/\/portalmf.com.br\/index.php\/2026\/04\/21\/brasil-e-alemanha-firmam-acordo-sobre-minerais-criticos-e-terras-raras\/#breadcrumb","itemListElement":[{"@type":"ListItem","position":1,"name":"In\u00edcio","item":"https:\/\/portalmf.com.br\/"},{"@type":"ListItem","position":2,"name":"Brasil e Alemanha firmam acordo sobre minerais cr\u00edticos e terras raras"}]},{"@type":"WebSite","@id":"https:\/\/portalmf.com.br\/#website","url":"https:\/\/portalmf.com.br\/","name":"Portal MF","description":"Voc\u00ea conectado com a informa\u00e7\u00e3o","potentialAction":[{"@type":"SearchAction","target":{"@type":"EntryPoint","urlTemplate":"https:\/\/portalmf.com.br\/?s={search_term_string}"},"query-input":"required name=search_term_string"}],"inLanguage":"pt-BR"},{"@type":"Person","@id":"https:\/\/portalmf.com.br\/#\/schema\/person\/9ec101baf56233e53520c26de5d6f6f0","name":"Reda\u00e7\u00e3o Portal MF","image":{"@type":"ImageObject","inLanguage":"pt-BR","@id":"https:\/\/portalmf.com.br\/#\/schema\/person\/image\/","url":"https:\/\/secure.gravatar.com\/avatar\/41b9aaeb2100835f7c64362330f74c7f?s=96&d=mm&r=g","contentUrl":"https:\/\/secure.gravatar.com\/avatar\/41b9aaeb2100835f7c64362330f74c7f?s=96&d=mm&r=g","caption":"Reda\u00e7\u00e3o Portal MF"},"description":"Sejam bem-vindos o portal de informa\u00e7\u00f5es de entretenimento de Feira de Santana, desde 2006 realiza coberturas dos principais eventos com entrevistas exclusivas com as principais personalidades mundiais. Fique conectado tamb\u00e9m nas redes sociais.","sameAs":["http:\/\/www.portalmf.com.br\/","https:\/\/www.facebook.com\/portalmfoficial","https:\/\/www.instagram.com\/portalmf\/","https:\/\/x.com\/https:\/\/x.com\/portalmfoficial","https:\/\/www.youtube.com\/@portalmfoficial"],"url":"https:\/\/portalmf.com.br\/index.php\/author\/junior\/"}]}},"_links":{"self":[{"href":"https:\/\/portalmf.com.br\/index.php\/wp-json\/wp\/v2\/posts\/43485"}],"collection":[{"href":"https:\/\/portalmf.com.br\/index.php\/wp-json\/wp\/v2\/posts"}],"about":[{"href":"https:\/\/portalmf.com.br\/index.php\/wp-json\/wp\/v2\/types\/post"}],"author":[{"embeddable":true,"href":"https:\/\/portalmf.com.br\/index.php\/wp-json\/wp\/v2\/users\/3"}],"replies":[{"embeddable":true,"href":"https:\/\/portalmf.com.br\/index.php\/wp-json\/wp\/v2\/comments?post=43485"}],"version-history":[{"count":1,"href":"https:\/\/portalmf.com.br\/index.php\/wp-json\/wp\/v2\/posts\/43485\/revisions"}],"predecessor-version":[{"id":43487,"href":"https:\/\/portalmf.com.br\/index.php\/wp-json\/wp\/v2\/posts\/43485\/revisions\/43487"}],"wp:featuredmedia":[{"embeddable":true,"href":"https:\/\/portalmf.com.br\/index.php\/wp-json\/wp\/v2\/media\/43486"}],"wp:attachment":[{"href":"https:\/\/portalmf.com.br\/index.php\/wp-json\/wp\/v2\/media?parent=43485"}],"wp:term":[{"taxonomy":"category","embeddable":true,"href":"https:\/\/portalmf.com.br\/index.php\/wp-json\/wp\/v2\/categories?post=43485"},{"taxonomy":"post_tag","embeddable":true,"href":"https:\/\/portalmf.com.br\/index.php\/wp-json\/wp\/v2\/tags?post=43485"}],"curies":[{"name":"wp","href":"https:\/\/api.w.org\/{rel}","templated":true}]}}