{"id":43476,"date":"2026-04-20T17:23:39","date_gmt":"2026-04-20T20:23:39","guid":{"rendered":"https:\/\/portalmf.com.br\/?p=43476"},"modified":"2026-04-20T17:23:40","modified_gmt":"2026-04-20T20:23:40","slug":"bell-marques-rafa-e-pipo-comandam-evento-inedito-no-rio-nesta-quinta-feira","status":"publish","type":"post","link":"https:\/\/portalmf.com.br\/index.php\/2026\/04\/20\/bell-marques-rafa-e-pipo-comandam-evento-inedito-no-rio-nesta-quinta-feira\/","title":{"rendered":"Bell Marques, Rafa e Pipo comandam evento in\u00e9dito no Rio nesta quinta-feira"},"content":{"rendered":"\n<p>Pela primeira vez na Cidade Maravilhosa, a Corrida 100% Voc\u00ea estreia no dia 23 de abril, com circuito no Aterro do Flamengo. Unindo esporte, m\u00fasica e entretenimento, o evento chega ao Rio de Janeiro consolidado como um dos circuitos de corrida que mais crescem no pa\u00eds, com expectativa de reunir milhares de participantes em um dos cart\u00f5es-postais mais emblem\u00e1ticos do Brasil.<\/p>\n\n\n\n<p>Criada a partir da paix\u00e3o de Bell Marques e de seus filhos, Rafa e Pipo Marques, pela corrida de rua, a 100% Voc\u00ea nasceu em Salvador e rapidamente ganhou proje\u00e7\u00e3o nacional. A estreia aconteceu na capital baiana com 4 mil corredores e, desde ent\u00e3o, o projeto se expandiu para diversas regi\u00f5es do pa\u00eds.<\/p>\n\n\n\n<p>Somente em 2025, foram realizadas 12 edi\u00e7\u00f5es, reunindo mais de 110 mil corredores cadastrados ao longo do ano. O circuito j\u00e1 passou por cidades como Salvador, S\u00e3o Lu\u00eds, Bras\u00edlia, Aracaju, Fortaleza, Recife, Natal, Macei\u00f3, Goi\u00e2nia, Jo\u00e3o Pessoa, Teresina e Bel\u00e9m, com p\u00fablicos entre 4 mil e 15 mil participantes por etapa.<\/p>\n\n\n\n<p>Para 2026, a previs\u00e3o \u00e9 ainda maior: o calend\u00e1rio contempla mais de 25 cidades, com proje\u00e7\u00e3o superior a 200 mil corredores ao longo do ano e m\u00e9dia de 5 mil participantes por edi\u00e7\u00e3o.<\/p>\n\n\n\n<p><em>\u201cA corrida nasceu de uma paix\u00e3o nossa pelo esporte e pela qualidade de vida. Ver esse projeto crescer e chegar ao Rio de Janeiro \u00e9 uma alegria enorme. A gente acredita que a corrida n\u00e3o termina na linha de chegada, ela continua na transforma\u00e7\u00e3o que provoca na vida das pessoas\u201d,<\/em> afirma Bell Marques.<\/p>\n\n\n\n<p>Com percursos de 5 km e 10 km, al\u00e9m da categoria PCD, a Corrida 100% Voc\u00ea refor\u00e7a seu compromisso com inclus\u00e3o e diversidade.<\/p>\n\n\n\n<p><em>\u201cA gente percebe que a corrida virou um ponto de encontro de fam\u00edlias e amigos. \u00c9 muito bonito ver pessoas de diferentes idades e hist\u00f3rias dividindo o mesmo prop\u00f3sito\u201d, <\/em>destaca Rafa Marques.<\/p>\n\n\n\n<p>Al\u00e9m da prova, o evento se diferencia pela atmosfera de celebra\u00e7\u00e3o, com ativa\u00e7\u00f5es de marca, estrutura de entretenimento e shows que, ao longo das edi\u00e7\u00f5es, j\u00e1 somam mais de 30 horas de apresenta\u00e7\u00f5es. A corrida tamb\u00e9m acumula forte presen\u00e7a digital, ampliando o alcance da experi\u00eancia para al\u00e9m do percurso.<\/p>\n\n\n\n<p><em>\u201cO nosso objetivo sempre foi unir wellness e entretenimento. Queremos que cada cidade viva uma experi\u00eancia completa, que misture sa\u00fade, m\u00fasica e pertencimento. O Rio tem uma energia \u00fanica, e temos certeza de que ser\u00e1 uma edi\u00e7\u00e3o hist\u00f3rica\u201d, <\/em>completa Pipo Marques.<\/p>\n\n\n\n<p>Encerrando a programa\u00e7\u00e3o, o p\u00fablico poder\u00e1 celebrar em grande estilo: ap\u00f3s a corrida, Bell, Rafa e Pipo sobem ao palco para um show especial, transformando o Aterro do Flamengo em uma grande festa a c\u00e9u aberto e garantindo que a experi\u00eancia da Corrida 100% Voc\u00ea v\u00e1 muito al\u00e9m da linha de chegada.<\/p>\n\n\n\n<p>Hor\u00e1rios<\/p>\n\n\n\n<p>Aquecimento: 06h45<\/p>\n\n\n\n<p>Largadas:<\/p>\n\n\n\n<p>07h00 \u2013 PCD (5 km e 10 km)<\/p>\n\n\n\n<p>07h10 \u2013 10 km Geral<\/p>\n\n\n\n<p>07h30 \u2013 5 km Geral<\/p>\n\n\n\n<p>Hor\u00e1rios sujeitos a altera\u00e7\u00e3o.<\/p>\n\n\n\n<p>Per\u00edodo de inscri\u00e7\u00f5es<\/p>\n\n\n\n<p>At\u00e9 22\/04\/2026 (sujeito \u00e0 disponibilidade)<\/p>\n\n\n\n<p>Arena do Atleta<\/p>\n\n\n\n<p>Acesso exclusivo com camisa oficial e n\u00famero de peito.<\/p>\n","protected":false},"excerpt":{"rendered":"<p>Pela primeira vez na Cidade Maravilhosa, a Corrida 100% Voc\u00ea estreia no dia 23 de abril, com circuito no Aterro do Flamengo. Unindo esporte, m\u00fasica e entretenimento, o evento chega ao Rio de Janeiro consolidado como um dos circuitos de corrida que mais crescem no pa\u00eds, com expectativa de reunir milhares de participantes em um [&hellip;]<\/p>\n","protected":false},"author":3,"featured_media":43477,"comment_status":"open","ping_status":"open","sticky":false,"template":"","format":"standard","meta":{"_monsterinsights_skip_tracking":false,"_monsterinsights_sitenote_active":false,"_monsterinsights_sitenote_note":"","_monsterinsights_sitenote_category":0,"footnotes":""},"categories":[48,45],"tags":[],"yoast_head":"<!-- This site is optimized with the Yoast SEO plugin v22.9 - https:\/\/yoast.com\/wordpress\/plugins\/seo\/ -->\n<title>Bell Marques, Rafa e Pipo comandam evento in\u00e9dito no Rio nesta quinta-feira - Portal MF<\/title>\n<meta name=\"robots\" content=\"index, follow, max-snippet:-1, max-image-preview:large, max-video-preview:-1\" \/>\n<link rel=\"canonical\" href=\"https:\/\/portalmf.com.br\/index.php\/2026\/04\/20\/bell-marques-rafa-e-pipo-comandam-evento-inedito-no-rio-nesta-quinta-feira\/\" \/>\n<meta property=\"og:locale\" content=\"pt_BR\" \/>\n<meta property=\"og:type\" content=\"article\" \/>\n<meta property=\"og:title\" content=\"Bell Marques, Rafa e Pipo comandam evento in\u00e9dito no Rio nesta quinta-feira - Portal MF\" \/>\n<meta property=\"og:description\" content=\"Pela primeira vez na Cidade Maravilhosa, a Corrida 100% Voc\u00ea estreia no dia 23 de abril, com circuito no Aterro do Flamengo. Unindo esporte, m\u00fasica e entretenimento, o evento chega ao Rio de Janeiro consolidado como um dos circuitos de corrida que mais crescem no pa\u00eds, com expectativa de reunir milhares de participantes em um [&hellip;]\" \/>\n<meta property=\"og:url\" content=\"https:\/\/portalmf.com.br\/index.php\/2026\/04\/20\/bell-marques-rafa-e-pipo-comandam-evento-inedito-no-rio-nesta-quinta-feira\/\" \/>\n<meta property=\"og:site_name\" content=\"Portal MF\" \/>\n<meta property=\"article:author\" content=\"https:\/\/www.facebook.com\/portalmfoficial\" \/>\n<meta property=\"article:published_time\" content=\"2026-04-20T20:23:39+00:00\" \/>\n<meta property=\"article:modified_time\" content=\"2026-04-20T20:23:40+00:00\" \/>\n<meta property=\"og:image\" content=\"https:\/\/portalmf.com.br\/wp-content\/uploads\/2026\/04\/Screenshot_4-10-1536x768-1.jpg\" \/>\n\t<meta property=\"og:image:width\" content=\"1536\" \/>\n\t<meta property=\"og:image:height\" content=\"768\" \/>\n\t<meta property=\"og:image:type\" content=\"image\/jpeg\" \/>\n<meta name=\"author\" content=\"Reda\u00e7\u00e3o Portal MF\" \/>\n<meta name=\"twitter:card\" content=\"summary_large_image\" \/>\n<meta name=\"twitter:creator\" content=\"@https:\/\/x.com\/portalmfoficial\" \/>\n<meta name=\"twitter:label1\" content=\"Escrito por\" \/>\n\t<meta name=\"twitter:data1\" content=\"Reda\u00e7\u00e3o Portal MF\" \/>\n\t<meta name=\"twitter:label2\" content=\"Est. tempo de leitura\" \/>\n\t<meta name=\"twitter:data2\" content=\"3 minutos\" \/>\n<script type=\"application\/ld+json\" class=\"yoast-schema-graph\">{\"@context\":\"https:\/\/schema.org\",\"@graph\":[{\"@type\":\"WebPage\",\"@id\":\"https:\/\/portalmf.com.br\/index.php\/2026\/04\/20\/bell-marques-rafa-e-pipo-comandam-evento-inedito-no-rio-nesta-quinta-feira\/\",\"url\":\"https:\/\/portalmf.com.br\/index.php\/2026\/04\/20\/bell-marques-rafa-e-pipo-comandam-evento-inedito-no-rio-nesta-quinta-feira\/\",\"name\":\"Bell Marques, Rafa e Pipo comandam evento in\u00e9dito no Rio nesta quinta-feira - Portal MF\",\"isPartOf\":{\"@id\":\"https:\/\/portalmf.com.br\/#website\"},\"primaryImageOfPage\":{\"@id\":\"https:\/\/portalmf.com.br\/index.php\/2026\/04\/20\/bell-marques-rafa-e-pipo-comandam-evento-inedito-no-rio-nesta-quinta-feira\/#primaryimage\"},\"image\":{\"@id\":\"https:\/\/portalmf.com.br\/index.php\/2026\/04\/20\/bell-marques-rafa-e-pipo-comandam-evento-inedito-no-rio-nesta-quinta-feira\/#primaryimage\"},\"thumbnailUrl\":\"https:\/\/portalmf.com.br\/wp-content\/uploads\/2026\/04\/Screenshot_4-10-1536x768-1.jpg\",\"datePublished\":\"2026-04-20T20:23:39+00:00\",\"dateModified\":\"2026-04-20T20:23:40+00:00\",\"author\":{\"@id\":\"https:\/\/portalmf.com.br\/#\/schema\/person\/9ec101baf56233e53520c26de5d6f6f0\"},\"breadcrumb\":{\"@id\":\"https:\/\/portalmf.com.br\/index.php\/2026\/04\/20\/bell-marques-rafa-e-pipo-comandam-evento-inedito-no-rio-nesta-quinta-feira\/#breadcrumb\"},\"inLanguage\":\"pt-BR\",\"potentialAction\":[{\"@type\":\"ReadAction\",\"target\":[\"https:\/\/portalmf.com.br\/index.php\/2026\/04\/20\/bell-marques-rafa-e-pipo-comandam-evento-inedito-no-rio-nesta-quinta-feira\/\"]}]},{\"@type\":\"ImageObject\",\"inLanguage\":\"pt-BR\",\"@id\":\"https:\/\/portalmf.com.br\/index.php\/2026\/04\/20\/bell-marques-rafa-e-pipo-comandam-evento-inedito-no-rio-nesta-quinta-feira\/#primaryimage\",\"url\":\"https:\/\/portalmf.com.br\/wp-content\/uploads\/2026\/04\/Screenshot_4-10-1536x768-1.jpg\",\"contentUrl\":\"https:\/\/portalmf.com.br\/wp-content\/uploads\/2026\/04\/Screenshot_4-10-1536x768-1.jpg\",\"width\":1536,\"height\":768},{\"@type\":\"BreadcrumbList\",\"@id\":\"https:\/\/portalmf.com.br\/index.php\/2026\/04\/20\/bell-marques-rafa-e-pipo-comandam-evento-inedito-no-rio-nesta-quinta-feira\/#breadcrumb\",\"itemListElement\":[{\"@type\":\"ListItem\",\"position\":1,\"name\":\"In\u00edcio\",\"item\":\"https:\/\/portalmf.com.br\/\"},{\"@type\":\"ListItem\",\"position\":2,\"name\":\"Bell Marques, Rafa e Pipo comandam evento in\u00e9dito no Rio nesta quinta-feira\"}]},{\"@type\":\"WebSite\",\"@id\":\"https:\/\/portalmf.com.br\/#website\",\"url\":\"https:\/\/portalmf.com.br\/\",\"name\":\"Portal MF\",\"description\":\"Voc\u00ea conectado com a informa\u00e7\u00e3o\",\"potentialAction\":[{\"@type\":\"SearchAction\",\"target\":{\"@type\":\"EntryPoint\",\"urlTemplate\":\"https:\/\/portalmf.com.br\/?s={search_term_string}\"},\"query-input\":\"required name=search_term_string\"}],\"inLanguage\":\"pt-BR\"},{\"@type\":\"Person\",\"@id\":\"https:\/\/portalmf.com.br\/#\/schema\/person\/9ec101baf56233e53520c26de5d6f6f0\",\"name\":\"Reda\u00e7\u00e3o Portal MF\",\"image\":{\"@type\":\"ImageObject\",\"inLanguage\":\"pt-BR\",\"@id\":\"https:\/\/portalmf.com.br\/#\/schema\/person\/image\/\",\"url\":\"https:\/\/secure.gravatar.com\/avatar\/41b9aaeb2100835f7c64362330f74c7f?s=96&d=mm&r=g\",\"contentUrl\":\"https:\/\/secure.gravatar.com\/avatar\/41b9aaeb2100835f7c64362330f74c7f?s=96&d=mm&r=g\",\"caption\":\"Reda\u00e7\u00e3o Portal MF\"},\"description\":\"Sejam bem-vindos o portal de informa\u00e7\u00f5es de entretenimento de Feira de Santana, desde 2006 realiza coberturas dos principais eventos com entrevistas exclusivas com as principais personalidades mundiais. Fique conectado tamb\u00e9m nas redes sociais.\",\"sameAs\":[\"http:\/\/www.portalmf.com.br\/\",\"https:\/\/www.facebook.com\/portalmfoficial\",\"https:\/\/www.instagram.com\/portalmf\/\",\"https:\/\/x.com\/https:\/\/x.com\/portalmfoficial\",\"https:\/\/www.youtube.com\/@portalmfoficial\"],\"url\":\"https:\/\/portalmf.com.br\/index.php\/author\/junior\/\"}]}<\/script>\n<!-- \/ Yoast SEO plugin. -->","yoast_head_json":{"title":"Bell Marques, Rafa e Pipo comandam evento in\u00e9dito no Rio nesta quinta-feira - Portal MF","robots":{"index":"index","follow":"follow","max-snippet":"max-snippet:-1","max-image-preview":"max-image-preview:large","max-video-preview":"max-video-preview:-1"},"canonical":"https:\/\/portalmf.com.br\/index.php\/2026\/04\/20\/bell-marques-rafa-e-pipo-comandam-evento-inedito-no-rio-nesta-quinta-feira\/","og_locale":"pt_BR","og_type":"article","og_title":"Bell Marques, Rafa e Pipo comandam evento in\u00e9dito no Rio nesta quinta-feira - Portal MF","og_description":"Pela primeira vez na Cidade Maravilhosa, a Corrida 100% Voc\u00ea estreia no dia 23 de abril, com circuito no Aterro do Flamengo. Unindo esporte, m\u00fasica e entretenimento, o evento chega ao Rio de Janeiro consolidado como um dos circuitos de corrida que mais crescem no pa\u00eds, com expectativa de reunir milhares de participantes em um [&hellip;]","og_url":"https:\/\/portalmf.com.br\/index.php\/2026\/04\/20\/bell-marques-rafa-e-pipo-comandam-evento-inedito-no-rio-nesta-quinta-feira\/","og_site_name":"Portal MF","article_author":"https:\/\/www.facebook.com\/portalmfoficial","article_published_time":"2026-04-20T20:23:39+00:00","article_modified_time":"2026-04-20T20:23:40+00:00","og_image":[{"width":1536,"height":768,"url":"https:\/\/portalmf.com.br\/wp-content\/uploads\/2026\/04\/Screenshot_4-10-1536x768-1.jpg","type":"image\/jpeg"}],"author":"Reda\u00e7\u00e3o Portal MF","twitter_card":"summary_large_image","twitter_creator":"@https:\/\/x.com\/portalmfoficial","twitter_misc":{"Escrito por":"Reda\u00e7\u00e3o Portal MF","Est. tempo de leitura":"3 minutos"},"schema":{"@context":"https:\/\/schema.org","@graph":[{"@type":"WebPage","@id":"https:\/\/portalmf.com.br\/index.php\/2026\/04\/20\/bell-marques-rafa-e-pipo-comandam-evento-inedito-no-rio-nesta-quinta-feira\/","url":"https:\/\/portalmf.com.br\/index.php\/2026\/04\/20\/bell-marques-rafa-e-pipo-comandam-evento-inedito-no-rio-nesta-quinta-feira\/","name":"Bell Marques, Rafa e Pipo comandam evento in\u00e9dito no Rio nesta quinta-feira - Portal MF","isPartOf":{"@id":"https:\/\/portalmf.com.br\/#website"},"primaryImageOfPage":{"@id":"https:\/\/portalmf.com.br\/index.php\/2026\/04\/20\/bell-marques-rafa-e-pipo-comandam-evento-inedito-no-rio-nesta-quinta-feira\/#primaryimage"},"image":{"@id":"https:\/\/portalmf.com.br\/index.php\/2026\/04\/20\/bell-marques-rafa-e-pipo-comandam-evento-inedito-no-rio-nesta-quinta-feira\/#primaryimage"},"thumbnailUrl":"https:\/\/portalmf.com.br\/wp-content\/uploads\/2026\/04\/Screenshot_4-10-1536x768-1.jpg","datePublished":"2026-04-20T20:23:39+00:00","dateModified":"2026-04-20T20:23:40+00:00","author":{"@id":"https:\/\/portalmf.com.br\/#\/schema\/person\/9ec101baf56233e53520c26de5d6f6f0"},"breadcrumb":{"@id":"https:\/\/portalmf.com.br\/index.php\/2026\/04\/20\/bell-marques-rafa-e-pipo-comandam-evento-inedito-no-rio-nesta-quinta-feira\/#breadcrumb"},"inLanguage":"pt-BR","potentialAction":[{"@type":"ReadAction","target":["https:\/\/portalmf.com.br\/index.php\/2026\/04\/20\/bell-marques-rafa-e-pipo-comandam-evento-inedito-no-rio-nesta-quinta-feira\/"]}]},{"@type":"ImageObject","inLanguage":"pt-BR","@id":"https:\/\/portalmf.com.br\/index.php\/2026\/04\/20\/bell-marques-rafa-e-pipo-comandam-evento-inedito-no-rio-nesta-quinta-feira\/#primaryimage","url":"https:\/\/portalmf.com.br\/wp-content\/uploads\/2026\/04\/Screenshot_4-10-1536x768-1.jpg","contentUrl":"https:\/\/portalmf.com.br\/wp-content\/uploads\/2026\/04\/Screenshot_4-10-1536x768-1.jpg","width":1536,"height":768},{"@type":"BreadcrumbList","@id":"https:\/\/portalmf.com.br\/index.php\/2026\/04\/20\/bell-marques-rafa-e-pipo-comandam-evento-inedito-no-rio-nesta-quinta-feira\/#breadcrumb","itemListElement":[{"@type":"ListItem","position":1,"name":"In\u00edcio","item":"https:\/\/portalmf.com.br\/"},{"@type":"ListItem","position":2,"name":"Bell Marques, Rafa e Pipo comandam evento in\u00e9dito no Rio nesta quinta-feira"}]},{"@type":"WebSite","@id":"https:\/\/portalmf.com.br\/#website","url":"https:\/\/portalmf.com.br\/","name":"Portal MF","description":"Voc\u00ea conectado com a informa\u00e7\u00e3o","potentialAction":[{"@type":"SearchAction","target":{"@type":"EntryPoint","urlTemplate":"https:\/\/portalmf.com.br\/?s={search_term_string}"},"query-input":"required name=search_term_string"}],"inLanguage":"pt-BR"},{"@type":"Person","@id":"https:\/\/portalmf.com.br\/#\/schema\/person\/9ec101baf56233e53520c26de5d6f6f0","name":"Reda\u00e7\u00e3o Portal MF","image":{"@type":"ImageObject","inLanguage":"pt-BR","@id":"https:\/\/portalmf.com.br\/#\/schema\/person\/image\/","url":"https:\/\/secure.gravatar.com\/avatar\/41b9aaeb2100835f7c64362330f74c7f?s=96&d=mm&r=g","contentUrl":"https:\/\/secure.gravatar.com\/avatar\/41b9aaeb2100835f7c64362330f74c7f?s=96&d=mm&r=g","caption":"Reda\u00e7\u00e3o Portal MF"},"description":"Sejam bem-vindos o portal de informa\u00e7\u00f5es de entretenimento de Feira de Santana, desde 2006 realiza coberturas dos principais eventos com entrevistas exclusivas com as principais personalidades mundiais. Fique conectado tamb\u00e9m nas redes sociais.","sameAs":["http:\/\/www.portalmf.com.br\/","https:\/\/www.facebook.com\/portalmfoficial","https:\/\/www.instagram.com\/portalmf\/","https:\/\/x.com\/https:\/\/x.com\/portalmfoficial","https:\/\/www.youtube.com\/@portalmfoficial"],"url":"https:\/\/portalmf.com.br\/index.php\/author\/junior\/"}]}},"_links":{"self":[{"href":"https:\/\/portalmf.com.br\/index.php\/wp-json\/wp\/v2\/posts\/43476"}],"collection":[{"href":"https:\/\/portalmf.com.br\/index.php\/wp-json\/wp\/v2\/posts"}],"about":[{"href":"https:\/\/portalmf.com.br\/index.php\/wp-json\/wp\/v2\/types\/post"}],"author":[{"embeddable":true,"href":"https:\/\/portalmf.com.br\/index.php\/wp-json\/wp\/v2\/users\/3"}],"replies":[{"embeddable":true,"href":"https:\/\/portalmf.com.br\/index.php\/wp-json\/wp\/v2\/comments?post=43476"}],"version-history":[{"count":1,"href":"https:\/\/portalmf.com.br\/index.php\/wp-json\/wp\/v2\/posts\/43476\/revisions"}],"predecessor-version":[{"id":43478,"href":"https:\/\/portalmf.com.br\/index.php\/wp-json\/wp\/v2\/posts\/43476\/revisions\/43478"}],"wp:featuredmedia":[{"embeddable":true,"href":"https:\/\/portalmf.com.br\/index.php\/wp-json\/wp\/v2\/media\/43477"}],"wp:attachment":[{"href":"https:\/\/portalmf.com.br\/index.php\/wp-json\/wp\/v2\/media?parent=43476"}],"wp:term":[{"taxonomy":"category","embeddable":true,"href":"https:\/\/portalmf.com.br\/index.php\/wp-json\/wp\/v2\/categories?post=43476"},{"taxonomy":"post_tag","embeddable":true,"href":"https:\/\/portalmf.com.br\/index.php\/wp-json\/wp\/v2\/tags?post=43476"}],"curies":[{"name":"wp","href":"https:\/\/api.w.org\/{rel}","templated":true}]}}