{"id":43464,"date":"2026-04-20T16:39:11","date_gmt":"2026-04-20T19:39:11","guid":{"rendered":"https:\/\/portalmf.com.br\/?p=43464"},"modified":"2026-04-20T16:39:12","modified_gmt":"2026-04-20T19:39:12","slug":"danniel-vieira-grava-audiovisual-quatro-estacoes-com-seis-cancoes-ineditas","status":"publish","type":"post","link":"https:\/\/portalmf.com.br\/index.php\/2026\/04\/20\/danniel-vieira-grava-audiovisual-quatro-estacoes-com-seis-cancoes-ineditas\/","title":{"rendered":"Danniel Vieira grava audiovisual \u201cQuatro Esta\u00e7\u00f5es\u201d com seis can\u00e7\u00f5es in\u00e9ditas"},"content":{"rendered":"\n<p>Em contagem regressiva para o S\u00e3o Jo\u00e3o, o cantor Danniel Vieira acaba de gravar o audiovisual <em>\u201cQuatro Esta\u00e7\u00f5es\u201d,<\/em> um projeto que marca um momento mais \u00edntimo e maduro da sua carreira. Ao todo, foram registradas 18 faixas, sendo seis m\u00fasicas autorais in\u00e9ditas e 12 regrava\u00e7\u00f5es de outros artistas. A proposta do trabalho \u00e9 falar sobre as diferentes fases do amor a partir de experi\u00eancias reais.<\/p>\n\n\n\n<figure class=\"wp-block-image size-large\"><img fetchpriority=\"high\" decoding=\"async\" width=\"1024\" height=\"682\" src=\"https:\/\/portalmf.com.br\/wp-content\/uploads\/2026\/04\/Danniel-Vieira-grava-audiovisual-Quatro-Estacoes_-2-1024x682.jpeg\" alt=\"\" class=\"wp-image-43466\" srcset=\"https:\/\/portalmf.com.br\/wp-content\/uploads\/2026\/04\/Danniel-Vieira-grava-audiovisual-Quatro-Estacoes_-2-1024x682.jpeg 1024w, https:\/\/portalmf.com.br\/wp-content\/uploads\/2026\/04\/Danniel-Vieira-grava-audiovisual-Quatro-Estacoes_-2-300x200.jpeg 300w, https:\/\/portalmf.com.br\/wp-content\/uploads\/2026\/04\/Danniel-Vieira-grava-audiovisual-Quatro-Estacoes_-2-768x512.jpeg 768w, https:\/\/portalmf.com.br\/wp-content\/uploads\/2026\/04\/Danniel-Vieira-grava-audiovisual-Quatro-Estacoes_-2-1536x1023.jpeg 1536w, https:\/\/portalmf.com.br\/wp-content\/uploads\/2026\/04\/Danniel-Vieira-grava-audiovisual-Quatro-Estacoes_-2-696x464.jpeg 696w, https:\/\/portalmf.com.br\/wp-content\/uploads\/2026\/04\/Danniel-Vieira-grava-audiovisual-Quatro-Estacoes_-2-1068x712.jpeg 1068w, https:\/\/portalmf.com.br\/wp-content\/uploads\/2026\/04\/Danniel-Vieira-grava-audiovisual-Quatro-Estacoes_-2.jpeg 1600w\" sizes=\"(max-width: 1024px) 100vw, 1024px\" \/><figcaption class=\"wp-element-caption\"><strong>Foto: Gabriel Lordelo<\/strong><\/figcaption><\/figure>\n\n\n\n<p>Da intensidade \u00e0 calmaria, da euforia \u00e0 introspec\u00e7\u00e3o, o repert\u00f3rio percorre sentimentos que atravessam o tempo, ideia que tamb\u00e9m aparece em versos como \u201cver\u00e3o que me queima, primavera que inspira, outono que acalma, inverno que arrepia\u201d. <em>\u201cEu sempre cantei o amor, mas nesse projeto eu quis ir al\u00e9m. Falar das fases, do que muda com o tempo, do que a gente aprende. \u00c9 um trabalho muito verdadeiro para mim\u201d<\/em>, explica Danniel.<\/p>\n\n\n\n<p>Gravado com uma est\u00e9tica mais limpa, o audiovisual acompanha esse momento mais sens\u00edvel sem perder a identidade popular do artista. A for\u00e7a do projeto tamb\u00e9m est\u00e1 nas in\u00e9ditas, que chegam com novas parcerias e apostas claras dentro do repert\u00f3rio. Uma delas \u00e9 <em>\u201cNa Hora da Cama\u201d,<\/em> faixa em parceria com Chambinho do Acordeon, um dos grandes nomes do forr\u00f3 e refer\u00eancia quando o assunto \u00e9 m\u00fasica nordestina. A can\u00e7\u00e3o, com pegada mais tradicional, emocionou o p\u00fablico presente na grava\u00e7\u00e3o.<\/p>\n\n\n\n<figure class=\"wp-block-image size-large\"><img decoding=\"async\" width=\"1024\" height=\"682\" src=\"https:\/\/portalmf.com.br\/wp-content\/uploads\/2026\/04\/Danniel-Vieira-grava-audiovisual-Quatro-Estacoes_-feat-Chambinho-1024x682.jpeg\" alt=\"\" class=\"wp-image-43472\" srcset=\"https:\/\/portalmf.com.br\/wp-content\/uploads\/2026\/04\/Danniel-Vieira-grava-audiovisual-Quatro-Estacoes_-feat-Chambinho-1024x682.jpeg 1024w, https:\/\/portalmf.com.br\/wp-content\/uploads\/2026\/04\/Danniel-Vieira-grava-audiovisual-Quatro-Estacoes_-feat-Chambinho-300x200.jpeg 300w, https:\/\/portalmf.com.br\/wp-content\/uploads\/2026\/04\/Danniel-Vieira-grava-audiovisual-Quatro-Estacoes_-feat-Chambinho-768x512.jpeg 768w, https:\/\/portalmf.com.br\/wp-content\/uploads\/2026\/04\/Danniel-Vieira-grava-audiovisual-Quatro-Estacoes_-feat-Chambinho-1536x1023.jpeg 1536w, https:\/\/portalmf.com.br\/wp-content\/uploads\/2026\/04\/Danniel-Vieira-grava-audiovisual-Quatro-Estacoes_-feat-Chambinho-696x464.jpeg 696w, https:\/\/portalmf.com.br\/wp-content\/uploads\/2026\/04\/Danniel-Vieira-grava-audiovisual-Quatro-Estacoes_-feat-Chambinho-1068x712.jpeg 1068w, https:\/\/portalmf.com.br\/wp-content\/uploads\/2026\/04\/Danniel-Vieira-grava-audiovisual-Quatro-Estacoes_-feat-Chambinho.jpeg 1600w\" sizes=\"(max-width: 1024px) 100vw, 1024px\" \/><\/figure>\n\n\n\n<p><em>\u201cChambinho \u00e9 um grande amigo e um artista que representa muito bem a nossa cultura. Quando a gente cantou essa m\u00fasica, foi um momento especial mesmo, deu para sentir a emo\u00e7\u00e3o das pessoas\u201d<\/em>, conta.<\/p>\n\n\n\n<figure class=\"wp-block-image size-large\"><img decoding=\"async\" width=\"1024\" height=\"861\" src=\"https:\/\/portalmf.com.br\/wp-content\/uploads\/2026\/04\/Danniel-Vieira-grava-audiovisual-Quatro-Estacoes_-feat-Gabriel-Fidelis-e1776713901406-1024x861.jpeg\" alt=\"\" class=\"wp-image-43473\" srcset=\"https:\/\/portalmf.com.br\/wp-content\/uploads\/2026\/04\/Danniel-Vieira-grava-audiovisual-Quatro-Estacoes_-feat-Gabriel-Fidelis-e1776713901406-1024x861.jpeg 1024w, https:\/\/portalmf.com.br\/wp-content\/uploads\/2026\/04\/Danniel-Vieira-grava-audiovisual-Quatro-Estacoes_-feat-Gabriel-Fidelis-e1776713901406-300x252.jpeg 300w, https:\/\/portalmf.com.br\/wp-content\/uploads\/2026\/04\/Danniel-Vieira-grava-audiovisual-Quatro-Estacoes_-feat-Gabriel-Fidelis-e1776713901406-768x646.jpeg 768w, https:\/\/portalmf.com.br\/wp-content\/uploads\/2026\/04\/Danniel-Vieira-grava-audiovisual-Quatro-Estacoes_-feat-Gabriel-Fidelis-e1776713901406-696x585.jpeg 696w, https:\/\/portalmf.com.br\/wp-content\/uploads\/2026\/04\/Danniel-Vieira-grava-audiovisual-Quatro-Estacoes_-feat-Gabriel-Fidelis-e1776713901406.jpeg 1066w\" sizes=\"(max-width: 1024px) 100vw, 1024px\" \/><figcaption class=\"wp-element-caption\"><strong>Foto: Gabriel Lordelo<\/strong><\/figcaption><\/figure>\n\n\n\n<p>Outra aposta \u00e9<em> \u201cGalega\u201d,<\/em> gravada com Gabriel Fidelis, nome que vem ganhando destaque como uma das revela\u00e7\u00f5es do arrocha. Com forte presen\u00e7a nas plataformas digitais, especialmente no TikTok, o artista soma irrever\u00eancia ao projeto em uma faixa que chega com potencial de hit.<\/p>\n\n\n\n<p><em>\u201cFidelis vem com uma energia muito forte, \u00e9 uma galera nova que est\u00e1 movimentando o arrocha de um jeito diferente. \u2018Galega\u2019 \u00e9 aquela m\u00fasica para cima, chiclete mesmo, que eu acredito muito\u201d,<\/em> diz Danniel.<\/p>\n\n\n\n<figure class=\"wp-block-image size-large\"><img loading=\"lazy\" decoding=\"async\" width=\"1024\" height=\"682\" src=\"https:\/\/portalmf.com.br\/wp-content\/uploads\/2026\/04\/Danniel-Vieira-grava-audiovisual-Quatro-Estacoes_-feat-Bella-Vieira-1024x682.jpeg\" alt=\"\" class=\"wp-image-43471\" srcset=\"https:\/\/portalmf.com.br\/wp-content\/uploads\/2026\/04\/Danniel-Vieira-grava-audiovisual-Quatro-Estacoes_-feat-Bella-Vieira-1024x682.jpeg 1024w, https:\/\/portalmf.com.br\/wp-content\/uploads\/2026\/04\/Danniel-Vieira-grava-audiovisual-Quatro-Estacoes_-feat-Bella-Vieira-300x200.jpeg 300w, https:\/\/portalmf.com.br\/wp-content\/uploads\/2026\/04\/Danniel-Vieira-grava-audiovisual-Quatro-Estacoes_-feat-Bella-Vieira-768x512.jpeg 768w, https:\/\/portalmf.com.br\/wp-content\/uploads\/2026\/04\/Danniel-Vieira-grava-audiovisual-Quatro-Estacoes_-feat-Bella-Vieira-1536x1023.jpeg 1536w, https:\/\/portalmf.com.br\/wp-content\/uploads\/2026\/04\/Danniel-Vieira-grava-audiovisual-Quatro-Estacoes_-feat-Bella-Vieira-696x464.jpeg 696w, https:\/\/portalmf.com.br\/wp-content\/uploads\/2026\/04\/Danniel-Vieira-grava-audiovisual-Quatro-Estacoes_-feat-Bella-Vieira-1068x712.jpeg 1068w, https:\/\/portalmf.com.br\/wp-content\/uploads\/2026\/04\/Danniel-Vieira-grava-audiovisual-Quatro-Estacoes_-feat-Bella-Vieira.jpeg 1600w\" sizes=\"(max-width: 1024px) 100vw, 1024px\" \/><figcaption class=\"wp-element-caption\"><strong>Foto: Gabriel Lordelo<\/strong><\/figcaption><\/figure>\n\n\n\n<p>O lado mais pessoal do audiovisual aparece na participa\u00e7\u00e3o de Bella Vieira, filha do cantor, em uma das m\u00fasicas in\u00e9ditas. A faixa traz uma mensagem voltada \u00e0 fam\u00edlia e \u00e0 gratid\u00e3o, e deve se tornar um dos momentos mais simb\u00f3licos do projeto.<\/p>\n\n\n\n<p><em>\u201cTer minha filha no audiovisual foi algo que mexeu muito comigo. \u00c9 uma m\u00fasica que fala de fam\u00edlia, de gratid\u00e3o, e acho que muita gente vai se identificar com isso. Tem um significado enorme para mim\u201d,<\/em> afirma. <\/p>\n\n\n\n<p>A grava\u00e7\u00e3o acontece em um momento estrat\u00e9gico da carreira. Com o S\u00e3o Jo\u00e3o se aproximando, \u00e9poca em que Danniel intensifica sua presen\u00e7a nos palcos em todo o Nordeste, o novo audiovisual surge como um refor\u00e7o de repert\u00f3rio e conex\u00e3o com o p\u00fablico.<\/p>\n","protected":false},"excerpt":{"rendered":"<p>Em contagem regressiva para o S\u00e3o Jo\u00e3o, o cantor Danniel Vieira acaba de gravar o audiovisual \u201cQuatro Esta\u00e7\u00f5es\u201d, um projeto que marca um momento mais \u00edntimo e maduro da sua carreira. Ao todo, foram registradas 18 faixas, sendo seis m\u00fasicas autorais in\u00e9ditas e 12 regrava\u00e7\u00f5es de outros artistas. A proposta do trabalho \u00e9 falar sobre [&hellip;]<\/p>\n","protected":false},"author":3,"featured_media":43474,"comment_status":"open","ping_status":"open","sticky":false,"template":"","format":"standard","meta":{"_monsterinsights_skip_tracking":false,"_monsterinsights_sitenote_active":false,"_monsterinsights_sitenote_note":"","_monsterinsights_sitenote_category":0,"footnotes":""},"categories":[48,296],"tags":[],"yoast_head":"<!-- This site is optimized with the Yoast SEO plugin v22.9 - https:\/\/yoast.com\/wordpress\/plugins\/seo\/ -->\n<title>Danniel Vieira grava audiovisual \u201cQuatro Esta\u00e7\u00f5es\u201d com seis can\u00e7\u00f5es in\u00e9ditas - Portal MF<\/title>\n<meta name=\"robots\" content=\"index, follow, max-snippet:-1, max-image-preview:large, max-video-preview:-1\" \/>\n<link rel=\"canonical\" href=\"https:\/\/portalmf.com.br\/index.php\/2026\/04\/20\/danniel-vieira-grava-audiovisual-quatro-estacoes-com-seis-cancoes-ineditas\/\" \/>\n<meta property=\"og:locale\" content=\"pt_BR\" \/>\n<meta property=\"og:type\" content=\"article\" \/>\n<meta property=\"og:title\" content=\"Danniel Vieira grava audiovisual \u201cQuatro Esta\u00e7\u00f5es\u201d com seis can\u00e7\u00f5es in\u00e9ditas - Portal MF\" \/>\n<meta property=\"og:description\" content=\"Em contagem regressiva para o S\u00e3o Jo\u00e3o, o cantor Danniel Vieira acaba de gravar o audiovisual \u201cQuatro Esta\u00e7\u00f5es\u201d, um projeto que marca um momento mais \u00edntimo e maduro da sua carreira. Ao todo, foram registradas 18 faixas, sendo seis m\u00fasicas autorais in\u00e9ditas e 12 regrava\u00e7\u00f5es de outros artistas. A proposta do trabalho \u00e9 falar sobre [&hellip;]\" \/>\n<meta property=\"og:url\" content=\"https:\/\/portalmf.com.br\/index.php\/2026\/04\/20\/danniel-vieira-grava-audiovisual-quatro-estacoes-com-seis-cancoes-ineditas\/\" \/>\n<meta property=\"og:site_name\" content=\"Portal MF\" \/>\n<meta property=\"article:author\" content=\"https:\/\/www.facebook.com\/portalmfoficial\" \/>\n<meta property=\"article:published_time\" content=\"2026-04-20T19:39:11+00:00\" \/>\n<meta property=\"article:modified_time\" content=\"2026-04-20T19:39:12+00:00\" \/>\n<meta property=\"og:image\" content=\"https:\/\/portalmf.com.br\/wp-content\/uploads\/2026\/04\/Danniel-Vieira-grava-audiovisual-Quatro-Estacoes-1.jpeg\" \/>\n\t<meta property=\"og:image:width\" content=\"1600\" \/>\n\t<meta property=\"og:image:height\" content=\"1066\" \/>\n\t<meta property=\"og:image:type\" content=\"image\/jpeg\" \/>\n<meta name=\"author\" content=\"Reda\u00e7\u00e3o Portal MF\" \/>\n<meta name=\"twitter:card\" content=\"summary_large_image\" \/>\n<meta name=\"twitter:creator\" content=\"@https:\/\/x.com\/portalmfoficial\" \/>\n<meta name=\"twitter:label1\" content=\"Escrito por\" \/>\n\t<meta name=\"twitter:data1\" content=\"Reda\u00e7\u00e3o Portal MF\" \/>\n\t<meta name=\"twitter:label2\" content=\"Est. tempo de leitura\" \/>\n\t<meta name=\"twitter:data2\" content=\"4 minutos\" \/>\n<script type=\"application\/ld+json\" class=\"yoast-schema-graph\">{\"@context\":\"https:\/\/schema.org\",\"@graph\":[{\"@type\":\"WebPage\",\"@id\":\"https:\/\/portalmf.com.br\/index.php\/2026\/04\/20\/danniel-vieira-grava-audiovisual-quatro-estacoes-com-seis-cancoes-ineditas\/\",\"url\":\"https:\/\/portalmf.com.br\/index.php\/2026\/04\/20\/danniel-vieira-grava-audiovisual-quatro-estacoes-com-seis-cancoes-ineditas\/\",\"name\":\"Danniel Vieira grava audiovisual \u201cQuatro Esta\u00e7\u00f5es\u201d com seis can\u00e7\u00f5es in\u00e9ditas - Portal MF\",\"isPartOf\":{\"@id\":\"https:\/\/portalmf.com.br\/#website\"},\"primaryImageOfPage\":{\"@id\":\"https:\/\/portalmf.com.br\/index.php\/2026\/04\/20\/danniel-vieira-grava-audiovisual-quatro-estacoes-com-seis-cancoes-ineditas\/#primaryimage\"},\"image\":{\"@id\":\"https:\/\/portalmf.com.br\/index.php\/2026\/04\/20\/danniel-vieira-grava-audiovisual-quatro-estacoes-com-seis-cancoes-ineditas\/#primaryimage\"},\"thumbnailUrl\":\"https:\/\/portalmf.com.br\/wp-content\/uploads\/2026\/04\/Danniel-Vieira-grava-audiovisual-Quatro-Estacoes-1.jpeg\",\"datePublished\":\"2026-04-20T19:39:11+00:00\",\"dateModified\":\"2026-04-20T19:39:12+00:00\",\"author\":{\"@id\":\"https:\/\/portalmf.com.br\/#\/schema\/person\/9ec101baf56233e53520c26de5d6f6f0\"},\"breadcrumb\":{\"@id\":\"https:\/\/portalmf.com.br\/index.php\/2026\/04\/20\/danniel-vieira-grava-audiovisual-quatro-estacoes-com-seis-cancoes-ineditas\/#breadcrumb\"},\"inLanguage\":\"pt-BR\",\"potentialAction\":[{\"@type\":\"ReadAction\",\"target\":[\"https:\/\/portalmf.com.br\/index.php\/2026\/04\/20\/danniel-vieira-grava-audiovisual-quatro-estacoes-com-seis-cancoes-ineditas\/\"]}]},{\"@type\":\"ImageObject\",\"inLanguage\":\"pt-BR\",\"@id\":\"https:\/\/portalmf.com.br\/index.php\/2026\/04\/20\/danniel-vieira-grava-audiovisual-quatro-estacoes-com-seis-cancoes-ineditas\/#primaryimage\",\"url\":\"https:\/\/portalmf.com.br\/wp-content\/uploads\/2026\/04\/Danniel-Vieira-grava-audiovisual-Quatro-Estacoes-1.jpeg\",\"contentUrl\":\"https:\/\/portalmf.com.br\/wp-content\/uploads\/2026\/04\/Danniel-Vieira-grava-audiovisual-Quatro-Estacoes-1.jpeg\",\"width\":1600,\"height\":1066},{\"@type\":\"BreadcrumbList\",\"@id\":\"https:\/\/portalmf.com.br\/index.php\/2026\/04\/20\/danniel-vieira-grava-audiovisual-quatro-estacoes-com-seis-cancoes-ineditas\/#breadcrumb\",\"itemListElement\":[{\"@type\":\"ListItem\",\"position\":1,\"name\":\"In\u00edcio\",\"item\":\"https:\/\/portalmf.com.br\/\"},{\"@type\":\"ListItem\",\"position\":2,\"name\":\"Danniel Vieira grava audiovisual \u201cQuatro Esta\u00e7\u00f5es\u201d com seis can\u00e7\u00f5es in\u00e9ditas\"}]},{\"@type\":\"WebSite\",\"@id\":\"https:\/\/portalmf.com.br\/#website\",\"url\":\"https:\/\/portalmf.com.br\/\",\"name\":\"Portal MF\",\"description\":\"Voc\u00ea conectado com a informa\u00e7\u00e3o\",\"potentialAction\":[{\"@type\":\"SearchAction\",\"target\":{\"@type\":\"EntryPoint\",\"urlTemplate\":\"https:\/\/portalmf.com.br\/?s={search_term_string}\"},\"query-input\":\"required name=search_term_string\"}],\"inLanguage\":\"pt-BR\"},{\"@type\":\"Person\",\"@id\":\"https:\/\/portalmf.com.br\/#\/schema\/person\/9ec101baf56233e53520c26de5d6f6f0\",\"name\":\"Reda\u00e7\u00e3o Portal MF\",\"image\":{\"@type\":\"ImageObject\",\"inLanguage\":\"pt-BR\",\"@id\":\"https:\/\/portalmf.com.br\/#\/schema\/person\/image\/\",\"url\":\"https:\/\/secure.gravatar.com\/avatar\/41b9aaeb2100835f7c64362330f74c7f?s=96&d=mm&r=g\",\"contentUrl\":\"https:\/\/secure.gravatar.com\/avatar\/41b9aaeb2100835f7c64362330f74c7f?s=96&d=mm&r=g\",\"caption\":\"Reda\u00e7\u00e3o Portal MF\"},\"description\":\"Sejam bem-vindos o portal de informa\u00e7\u00f5es de entretenimento de Feira de Santana, desde 2006 realiza coberturas dos principais eventos com entrevistas exclusivas com as principais personalidades mundiais. Fique conectado tamb\u00e9m nas redes sociais.\",\"sameAs\":[\"http:\/\/www.portalmf.com.br\/\",\"https:\/\/www.facebook.com\/portalmfoficial\",\"https:\/\/www.instagram.com\/portalmf\/\",\"https:\/\/x.com\/https:\/\/x.com\/portalmfoficial\",\"https:\/\/www.youtube.com\/@portalmfoficial\"],\"url\":\"https:\/\/portalmf.com.br\/index.php\/author\/junior\/\"}]}<\/script>\n<!-- \/ Yoast SEO plugin. -->","yoast_head_json":{"title":"Danniel Vieira grava audiovisual \u201cQuatro Esta\u00e7\u00f5es\u201d com seis can\u00e7\u00f5es in\u00e9ditas - Portal MF","robots":{"index":"index","follow":"follow","max-snippet":"max-snippet:-1","max-image-preview":"max-image-preview:large","max-video-preview":"max-video-preview:-1"},"canonical":"https:\/\/portalmf.com.br\/index.php\/2026\/04\/20\/danniel-vieira-grava-audiovisual-quatro-estacoes-com-seis-cancoes-ineditas\/","og_locale":"pt_BR","og_type":"article","og_title":"Danniel Vieira grava audiovisual \u201cQuatro Esta\u00e7\u00f5es\u201d com seis can\u00e7\u00f5es in\u00e9ditas - Portal MF","og_description":"Em contagem regressiva para o S\u00e3o Jo\u00e3o, o cantor Danniel Vieira acaba de gravar o audiovisual \u201cQuatro Esta\u00e7\u00f5es\u201d, um projeto que marca um momento mais \u00edntimo e maduro da sua carreira. Ao todo, foram registradas 18 faixas, sendo seis m\u00fasicas autorais in\u00e9ditas e 12 regrava\u00e7\u00f5es de outros artistas. A proposta do trabalho \u00e9 falar sobre [&hellip;]","og_url":"https:\/\/portalmf.com.br\/index.php\/2026\/04\/20\/danniel-vieira-grava-audiovisual-quatro-estacoes-com-seis-cancoes-ineditas\/","og_site_name":"Portal MF","article_author":"https:\/\/www.facebook.com\/portalmfoficial","article_published_time":"2026-04-20T19:39:11+00:00","article_modified_time":"2026-04-20T19:39:12+00:00","og_image":[{"width":1600,"height":1066,"url":"https:\/\/portalmf.com.br\/wp-content\/uploads\/2026\/04\/Danniel-Vieira-grava-audiovisual-Quatro-Estacoes-1.jpeg","type":"image\/jpeg"}],"author":"Reda\u00e7\u00e3o Portal MF","twitter_card":"summary_large_image","twitter_creator":"@https:\/\/x.com\/portalmfoficial","twitter_misc":{"Escrito por":"Reda\u00e7\u00e3o Portal MF","Est. tempo de leitura":"4 minutos"},"schema":{"@context":"https:\/\/schema.org","@graph":[{"@type":"WebPage","@id":"https:\/\/portalmf.com.br\/index.php\/2026\/04\/20\/danniel-vieira-grava-audiovisual-quatro-estacoes-com-seis-cancoes-ineditas\/","url":"https:\/\/portalmf.com.br\/index.php\/2026\/04\/20\/danniel-vieira-grava-audiovisual-quatro-estacoes-com-seis-cancoes-ineditas\/","name":"Danniel Vieira grava audiovisual \u201cQuatro Esta\u00e7\u00f5es\u201d com seis can\u00e7\u00f5es in\u00e9ditas - Portal MF","isPartOf":{"@id":"https:\/\/portalmf.com.br\/#website"},"primaryImageOfPage":{"@id":"https:\/\/portalmf.com.br\/index.php\/2026\/04\/20\/danniel-vieira-grava-audiovisual-quatro-estacoes-com-seis-cancoes-ineditas\/#primaryimage"},"image":{"@id":"https:\/\/portalmf.com.br\/index.php\/2026\/04\/20\/danniel-vieira-grava-audiovisual-quatro-estacoes-com-seis-cancoes-ineditas\/#primaryimage"},"thumbnailUrl":"https:\/\/portalmf.com.br\/wp-content\/uploads\/2026\/04\/Danniel-Vieira-grava-audiovisual-Quatro-Estacoes-1.jpeg","datePublished":"2026-04-20T19:39:11+00:00","dateModified":"2026-04-20T19:39:12+00:00","author":{"@id":"https:\/\/portalmf.com.br\/#\/schema\/person\/9ec101baf56233e53520c26de5d6f6f0"},"breadcrumb":{"@id":"https:\/\/portalmf.com.br\/index.php\/2026\/04\/20\/danniel-vieira-grava-audiovisual-quatro-estacoes-com-seis-cancoes-ineditas\/#breadcrumb"},"inLanguage":"pt-BR","potentialAction":[{"@type":"ReadAction","target":["https:\/\/portalmf.com.br\/index.php\/2026\/04\/20\/danniel-vieira-grava-audiovisual-quatro-estacoes-com-seis-cancoes-ineditas\/"]}]},{"@type":"ImageObject","inLanguage":"pt-BR","@id":"https:\/\/portalmf.com.br\/index.php\/2026\/04\/20\/danniel-vieira-grava-audiovisual-quatro-estacoes-com-seis-cancoes-ineditas\/#primaryimage","url":"https:\/\/portalmf.com.br\/wp-content\/uploads\/2026\/04\/Danniel-Vieira-grava-audiovisual-Quatro-Estacoes-1.jpeg","contentUrl":"https:\/\/portalmf.com.br\/wp-content\/uploads\/2026\/04\/Danniel-Vieira-grava-audiovisual-Quatro-Estacoes-1.jpeg","width":1600,"height":1066},{"@type":"BreadcrumbList","@id":"https:\/\/portalmf.com.br\/index.php\/2026\/04\/20\/danniel-vieira-grava-audiovisual-quatro-estacoes-com-seis-cancoes-ineditas\/#breadcrumb","itemListElement":[{"@type":"ListItem","position":1,"name":"In\u00edcio","item":"https:\/\/portalmf.com.br\/"},{"@type":"ListItem","position":2,"name":"Danniel Vieira grava audiovisual \u201cQuatro Esta\u00e7\u00f5es\u201d com seis can\u00e7\u00f5es in\u00e9ditas"}]},{"@type":"WebSite","@id":"https:\/\/portalmf.com.br\/#website","url":"https:\/\/portalmf.com.br\/","name":"Portal MF","description":"Voc\u00ea conectado com a informa\u00e7\u00e3o","potentialAction":[{"@type":"SearchAction","target":{"@type":"EntryPoint","urlTemplate":"https:\/\/portalmf.com.br\/?s={search_term_string}"},"query-input":"required name=search_term_string"}],"inLanguage":"pt-BR"},{"@type":"Person","@id":"https:\/\/portalmf.com.br\/#\/schema\/person\/9ec101baf56233e53520c26de5d6f6f0","name":"Reda\u00e7\u00e3o Portal MF","image":{"@type":"ImageObject","inLanguage":"pt-BR","@id":"https:\/\/portalmf.com.br\/#\/schema\/person\/image\/","url":"https:\/\/secure.gravatar.com\/avatar\/41b9aaeb2100835f7c64362330f74c7f?s=96&d=mm&r=g","contentUrl":"https:\/\/secure.gravatar.com\/avatar\/41b9aaeb2100835f7c64362330f74c7f?s=96&d=mm&r=g","caption":"Reda\u00e7\u00e3o Portal MF"},"description":"Sejam bem-vindos o portal de informa\u00e7\u00f5es de entretenimento de Feira de Santana, desde 2006 realiza coberturas dos principais eventos com entrevistas exclusivas com as principais personalidades mundiais. Fique conectado tamb\u00e9m nas redes sociais.","sameAs":["http:\/\/www.portalmf.com.br\/","https:\/\/www.facebook.com\/portalmfoficial","https:\/\/www.instagram.com\/portalmf\/","https:\/\/x.com\/https:\/\/x.com\/portalmfoficial","https:\/\/www.youtube.com\/@portalmfoficial"],"url":"https:\/\/portalmf.com.br\/index.php\/author\/junior\/"}]}},"_links":{"self":[{"href":"https:\/\/portalmf.com.br\/index.php\/wp-json\/wp\/v2\/posts\/43464"}],"collection":[{"href":"https:\/\/portalmf.com.br\/index.php\/wp-json\/wp\/v2\/posts"}],"about":[{"href":"https:\/\/portalmf.com.br\/index.php\/wp-json\/wp\/v2\/types\/post"}],"author":[{"embeddable":true,"href":"https:\/\/portalmf.com.br\/index.php\/wp-json\/wp\/v2\/users\/3"}],"replies":[{"embeddable":true,"href":"https:\/\/portalmf.com.br\/index.php\/wp-json\/wp\/v2\/comments?post=43464"}],"version-history":[{"count":1,"href":"https:\/\/portalmf.com.br\/index.php\/wp-json\/wp\/v2\/posts\/43464\/revisions"}],"predecessor-version":[{"id":43475,"href":"https:\/\/portalmf.com.br\/index.php\/wp-json\/wp\/v2\/posts\/43464\/revisions\/43475"}],"wp:featuredmedia":[{"embeddable":true,"href":"https:\/\/portalmf.com.br\/index.php\/wp-json\/wp\/v2\/media\/43474"}],"wp:attachment":[{"href":"https:\/\/portalmf.com.br\/index.php\/wp-json\/wp\/v2\/media?parent=43464"}],"wp:term":[{"taxonomy":"category","embeddable":true,"href":"https:\/\/portalmf.com.br\/index.php\/wp-json\/wp\/v2\/categories?post=43464"},{"taxonomy":"post_tag","embeddable":true,"href":"https:\/\/portalmf.com.br\/index.php\/wp-json\/wp\/v2\/tags?post=43464"}],"curies":[{"name":"wp","href":"https:\/\/api.w.org\/{rel}","templated":true}]}}