{"id":43453,"date":"2026-04-19T09:07:37","date_gmt":"2026-04-19T12:07:37","guid":{"rendered":"https:\/\/portalmf.com.br\/?p=43453"},"modified":"2026-04-19T09:07:38","modified_gmt":"2026-04-19T12:07:38","slug":"flamengo-aposenta-camisa-14-de-oscar","status":"publish","type":"post","link":"https:\/\/portalmf.com.br\/index.php\/2026\/04\/19\/flamengo-aposenta-camisa-14-de-oscar\/","title":{"rendered":"Flamengo aposenta camisa 14 de Oscar"},"content":{"rendered":"\n<p>O Flamengo anunciou que n\u00e3o vai mais utilizar a camisa 14 na equipe de basquete de forma definitiva. A a\u00e7\u00e3o \u00e9 uma homenagem ao \u00eddolo Oscar, que morreu&nbsp;nesta sexta-feira (17). O astro jogou pelo rubro-negro entre 1999 e 2003.<img decoding=\"async\" src=\"https:\/\/agenciabrasil.ebc.com.br\/ebc.png?id=1686580&amp;o=node\"><img decoding=\"async\" src=\"https:\/\/agenciabrasil.ebc.com.br\/ebc.gif?id=1686580&amp;o=node\"><\/p>\n\n\n\n<p><strong>A aposentadoria definitiva da camisa foi uma decis\u00e3o do Conselho Diretor do Flamengo por humanidade.<\/strong><\/p>\n\n\n\n<blockquote class=\"wp-block-quote\">\n<p>&#8220;\u00cddolo eterno, Oscar marcou \u00e9poca com o Manto Sagrado entre 1999 e 2003, deixando um legado que transcende as quadras e seguir\u00e1 inspirando gera\u00e7\u00f5es, diz nota oficial do clube.&nbsp;<\/p>\n<\/blockquote>\n\n\n\n<p>Acrescenta que o atleta&nbsp;\u00e9&nbsp;patrim\u00f4nio do esporte do Flamengo, do Brasil e do mundo. &#8220;Sua hist\u00f3ria ajudou a moldar o basquete como o conhecemos hoje e seguir\u00e1 como refer\u00eancia eterna de excel\u00eancia, talento e paix\u00e3o&#8221;.<\/p>\n\n\n\n<p>Por\u00e9m, as lembran\u00e7as do \u00eddolo que fez hist\u00f3ria no basquete, n\u00e3o ficar\u00e3o restritas \u00e0 modalidade. Na rodada deste domingo (19) do Campeonato Brasileiro de Futebol, quando o Flamengo enfrenta o Bahia, Arrascaeta usar\u00e1 a camisa 14 para homenagear o \u00eddolo do basquete brasileiro.<\/p>\n","protected":false},"excerpt":{"rendered":"<p>O Flamengo anunciou que n\u00e3o vai mais utilizar a camisa 14 na equipe de basquete de forma definitiva. A a\u00e7\u00e3o \u00e9 uma homenagem ao \u00eddolo Oscar, que morreu&nbsp;nesta sexta-feira (17). O astro jogou pelo rubro-negro entre 1999 e 2003. A aposentadoria definitiva da camisa foi uma decis\u00e3o do Conselho Diretor do Flamengo por humanidade. &#8220;\u00cddolo [&hellip;]<\/p>\n","protected":false},"author":3,"featured_media":43426,"comment_status":"open","ping_status":"open","sticky":false,"template":"","format":"standard","meta":{"_monsterinsights_skip_tracking":false,"_monsterinsights_sitenote_active":false,"_monsterinsights_sitenote_note":"","_monsterinsights_sitenote_category":0,"footnotes":""},"categories":[42],"tags":[],"yoast_head":"<!-- This site is optimized with the Yoast SEO plugin v22.9 - https:\/\/yoast.com\/wordpress\/plugins\/seo\/ -->\n<title>Flamengo aposenta camisa 14 de Oscar - Portal MF<\/title>\n<meta name=\"robots\" content=\"index, follow, max-snippet:-1, max-image-preview:large, max-video-preview:-1\" \/>\n<link rel=\"canonical\" href=\"https:\/\/portalmf.com.br\/index.php\/2026\/04\/19\/flamengo-aposenta-camisa-14-de-oscar\/\" \/>\n<meta property=\"og:locale\" content=\"pt_BR\" \/>\n<meta property=\"og:type\" content=\"article\" \/>\n<meta property=\"og:title\" content=\"Flamengo aposenta camisa 14 de Oscar - Portal MF\" \/>\n<meta property=\"og:description\" content=\"O Flamengo anunciou que n\u00e3o vai mais utilizar a camisa 14 na equipe de basquete de forma definitiva. A a\u00e7\u00e3o \u00e9 uma homenagem ao \u00eddolo Oscar, que morreu&nbsp;nesta sexta-feira (17). O astro jogou pelo rubro-negro entre 1999 e 2003. A aposentadoria definitiva da camisa foi uma decis\u00e3o do Conselho Diretor do Flamengo por humanidade. &#8220;\u00cddolo [&hellip;]\" \/>\n<meta property=\"og:url\" content=\"https:\/\/portalmf.com.br\/index.php\/2026\/04\/19\/flamengo-aposenta-camisa-14-de-oscar\/\" \/>\n<meta property=\"og:site_name\" content=\"Portal MF\" \/>\n<meta property=\"article:author\" content=\"https:\/\/www.facebook.com\/portalmfoficial\" \/>\n<meta property=\"article:published_time\" content=\"2026-04-19T12:07:37+00:00\" \/>\n<meta property=\"article:modified_time\" content=\"2026-04-19T12:07:38+00:00\" \/>\n<meta property=\"og:image\" content=\"https:\/\/portalmf.com.br\/wp-content\/uploads\/2026\/04\/Oscar-Schmidt-2.jpg\" \/>\n\t<meta property=\"og:image:width\" content=\"1280\" \/>\n\t<meta property=\"og:image:height\" content=\"853\" \/>\n\t<meta property=\"og:image:type\" content=\"image\/jpeg\" \/>\n<meta name=\"author\" content=\"Reda\u00e7\u00e3o Portal MF\" \/>\n<meta name=\"twitter:card\" content=\"summary_large_image\" \/>\n<meta name=\"twitter:creator\" content=\"@https:\/\/x.com\/portalmfoficial\" \/>\n<meta name=\"twitter:label1\" content=\"Escrito por\" \/>\n\t<meta name=\"twitter:data1\" content=\"Reda\u00e7\u00e3o Portal MF\" \/>\n\t<meta name=\"twitter:label2\" content=\"Est. tempo de leitura\" \/>\n\t<meta name=\"twitter:data2\" content=\"2 minutos\" \/>\n<script type=\"application\/ld+json\" class=\"yoast-schema-graph\">{\"@context\":\"https:\/\/schema.org\",\"@graph\":[{\"@type\":\"WebPage\",\"@id\":\"https:\/\/portalmf.com.br\/index.php\/2026\/04\/19\/flamengo-aposenta-camisa-14-de-oscar\/\",\"url\":\"https:\/\/portalmf.com.br\/index.php\/2026\/04\/19\/flamengo-aposenta-camisa-14-de-oscar\/\",\"name\":\"Flamengo aposenta camisa 14 de Oscar - Portal MF\",\"isPartOf\":{\"@id\":\"https:\/\/portalmf.com.br\/#website\"},\"primaryImageOfPage\":{\"@id\":\"https:\/\/portalmf.com.br\/index.php\/2026\/04\/19\/flamengo-aposenta-camisa-14-de-oscar\/#primaryimage\"},\"image\":{\"@id\":\"https:\/\/portalmf.com.br\/index.php\/2026\/04\/19\/flamengo-aposenta-camisa-14-de-oscar\/#primaryimage\"},\"thumbnailUrl\":\"https:\/\/portalmf.com.br\/wp-content\/uploads\/2026\/04\/Oscar-Schmidt-2.jpg\",\"datePublished\":\"2026-04-19T12:07:37+00:00\",\"dateModified\":\"2026-04-19T12:07:38+00:00\",\"author\":{\"@id\":\"https:\/\/portalmf.com.br\/#\/schema\/person\/9ec101baf56233e53520c26de5d6f6f0\"},\"breadcrumb\":{\"@id\":\"https:\/\/portalmf.com.br\/index.php\/2026\/04\/19\/flamengo-aposenta-camisa-14-de-oscar\/#breadcrumb\"},\"inLanguage\":\"pt-BR\",\"potentialAction\":[{\"@type\":\"ReadAction\",\"target\":[\"https:\/\/portalmf.com.br\/index.php\/2026\/04\/19\/flamengo-aposenta-camisa-14-de-oscar\/\"]}]},{\"@type\":\"ImageObject\",\"inLanguage\":\"pt-BR\",\"@id\":\"https:\/\/portalmf.com.br\/index.php\/2026\/04\/19\/flamengo-aposenta-camisa-14-de-oscar\/#primaryimage\",\"url\":\"https:\/\/portalmf.com.br\/wp-content\/uploads\/2026\/04\/Oscar-Schmidt-2.jpg\",\"contentUrl\":\"https:\/\/portalmf.com.br\/wp-content\/uploads\/2026\/04\/Oscar-Schmidt-2.jpg\",\"width\":1280,\"height\":853},{\"@type\":\"BreadcrumbList\",\"@id\":\"https:\/\/portalmf.com.br\/index.php\/2026\/04\/19\/flamengo-aposenta-camisa-14-de-oscar\/#breadcrumb\",\"itemListElement\":[{\"@type\":\"ListItem\",\"position\":1,\"name\":\"In\u00edcio\",\"item\":\"https:\/\/portalmf.com.br\/\"},{\"@type\":\"ListItem\",\"position\":2,\"name\":\"Flamengo aposenta camisa 14 de Oscar\"}]},{\"@type\":\"WebSite\",\"@id\":\"https:\/\/portalmf.com.br\/#website\",\"url\":\"https:\/\/portalmf.com.br\/\",\"name\":\"Portal MF\",\"description\":\"Voc\u00ea conectado com a informa\u00e7\u00e3o\",\"potentialAction\":[{\"@type\":\"SearchAction\",\"target\":{\"@type\":\"EntryPoint\",\"urlTemplate\":\"https:\/\/portalmf.com.br\/?s={search_term_string}\"},\"query-input\":\"required name=search_term_string\"}],\"inLanguage\":\"pt-BR\"},{\"@type\":\"Person\",\"@id\":\"https:\/\/portalmf.com.br\/#\/schema\/person\/9ec101baf56233e53520c26de5d6f6f0\",\"name\":\"Reda\u00e7\u00e3o Portal MF\",\"image\":{\"@type\":\"ImageObject\",\"inLanguage\":\"pt-BR\",\"@id\":\"https:\/\/portalmf.com.br\/#\/schema\/person\/image\/\",\"url\":\"https:\/\/secure.gravatar.com\/avatar\/41b9aaeb2100835f7c64362330f74c7f?s=96&d=mm&r=g\",\"contentUrl\":\"https:\/\/secure.gravatar.com\/avatar\/41b9aaeb2100835f7c64362330f74c7f?s=96&d=mm&r=g\",\"caption\":\"Reda\u00e7\u00e3o Portal MF\"},\"description\":\"Sejam bem-vindos o portal de informa\u00e7\u00f5es de entretenimento de Feira de Santana, desde 2006 realiza coberturas dos principais eventos com entrevistas exclusivas com as principais personalidades mundiais. Fique conectado tamb\u00e9m nas redes sociais.\",\"sameAs\":[\"http:\/\/www.portalmf.com.br\/\",\"https:\/\/www.facebook.com\/portalmfoficial\",\"https:\/\/www.instagram.com\/portalmf\/\",\"https:\/\/x.com\/https:\/\/x.com\/portalmfoficial\",\"https:\/\/www.youtube.com\/@portalmfoficial\"],\"url\":\"https:\/\/portalmf.com.br\/index.php\/author\/junior\/\"}]}<\/script>\n<!-- \/ Yoast SEO plugin. -->","yoast_head_json":{"title":"Flamengo aposenta camisa 14 de Oscar - Portal MF","robots":{"index":"index","follow":"follow","max-snippet":"max-snippet:-1","max-image-preview":"max-image-preview:large","max-video-preview":"max-video-preview:-1"},"canonical":"https:\/\/portalmf.com.br\/index.php\/2026\/04\/19\/flamengo-aposenta-camisa-14-de-oscar\/","og_locale":"pt_BR","og_type":"article","og_title":"Flamengo aposenta camisa 14 de Oscar - Portal MF","og_description":"O Flamengo anunciou que n\u00e3o vai mais utilizar a camisa 14 na equipe de basquete de forma definitiva. A a\u00e7\u00e3o \u00e9 uma homenagem ao \u00eddolo Oscar, que morreu&nbsp;nesta sexta-feira (17). O astro jogou pelo rubro-negro entre 1999 e 2003. A aposentadoria definitiva da camisa foi uma decis\u00e3o do Conselho Diretor do Flamengo por humanidade. &#8220;\u00cddolo [&hellip;]","og_url":"https:\/\/portalmf.com.br\/index.php\/2026\/04\/19\/flamengo-aposenta-camisa-14-de-oscar\/","og_site_name":"Portal MF","article_author":"https:\/\/www.facebook.com\/portalmfoficial","article_published_time":"2026-04-19T12:07:37+00:00","article_modified_time":"2026-04-19T12:07:38+00:00","og_image":[{"width":1280,"height":853,"url":"https:\/\/portalmf.com.br\/wp-content\/uploads\/2026\/04\/Oscar-Schmidt-2.jpg","type":"image\/jpeg"}],"author":"Reda\u00e7\u00e3o Portal MF","twitter_card":"summary_large_image","twitter_creator":"@https:\/\/x.com\/portalmfoficial","twitter_misc":{"Escrito por":"Reda\u00e7\u00e3o Portal MF","Est. tempo de leitura":"2 minutos"},"schema":{"@context":"https:\/\/schema.org","@graph":[{"@type":"WebPage","@id":"https:\/\/portalmf.com.br\/index.php\/2026\/04\/19\/flamengo-aposenta-camisa-14-de-oscar\/","url":"https:\/\/portalmf.com.br\/index.php\/2026\/04\/19\/flamengo-aposenta-camisa-14-de-oscar\/","name":"Flamengo aposenta camisa 14 de Oscar - Portal MF","isPartOf":{"@id":"https:\/\/portalmf.com.br\/#website"},"primaryImageOfPage":{"@id":"https:\/\/portalmf.com.br\/index.php\/2026\/04\/19\/flamengo-aposenta-camisa-14-de-oscar\/#primaryimage"},"image":{"@id":"https:\/\/portalmf.com.br\/index.php\/2026\/04\/19\/flamengo-aposenta-camisa-14-de-oscar\/#primaryimage"},"thumbnailUrl":"https:\/\/portalmf.com.br\/wp-content\/uploads\/2026\/04\/Oscar-Schmidt-2.jpg","datePublished":"2026-04-19T12:07:37+00:00","dateModified":"2026-04-19T12:07:38+00:00","author":{"@id":"https:\/\/portalmf.com.br\/#\/schema\/person\/9ec101baf56233e53520c26de5d6f6f0"},"breadcrumb":{"@id":"https:\/\/portalmf.com.br\/index.php\/2026\/04\/19\/flamengo-aposenta-camisa-14-de-oscar\/#breadcrumb"},"inLanguage":"pt-BR","potentialAction":[{"@type":"ReadAction","target":["https:\/\/portalmf.com.br\/index.php\/2026\/04\/19\/flamengo-aposenta-camisa-14-de-oscar\/"]}]},{"@type":"ImageObject","inLanguage":"pt-BR","@id":"https:\/\/portalmf.com.br\/index.php\/2026\/04\/19\/flamengo-aposenta-camisa-14-de-oscar\/#primaryimage","url":"https:\/\/portalmf.com.br\/wp-content\/uploads\/2026\/04\/Oscar-Schmidt-2.jpg","contentUrl":"https:\/\/portalmf.com.br\/wp-content\/uploads\/2026\/04\/Oscar-Schmidt-2.jpg","width":1280,"height":853},{"@type":"BreadcrumbList","@id":"https:\/\/portalmf.com.br\/index.php\/2026\/04\/19\/flamengo-aposenta-camisa-14-de-oscar\/#breadcrumb","itemListElement":[{"@type":"ListItem","position":1,"name":"In\u00edcio","item":"https:\/\/portalmf.com.br\/"},{"@type":"ListItem","position":2,"name":"Flamengo aposenta camisa 14 de Oscar"}]},{"@type":"WebSite","@id":"https:\/\/portalmf.com.br\/#website","url":"https:\/\/portalmf.com.br\/","name":"Portal MF","description":"Voc\u00ea conectado com a informa\u00e7\u00e3o","potentialAction":[{"@type":"SearchAction","target":{"@type":"EntryPoint","urlTemplate":"https:\/\/portalmf.com.br\/?s={search_term_string}"},"query-input":"required name=search_term_string"}],"inLanguage":"pt-BR"},{"@type":"Person","@id":"https:\/\/portalmf.com.br\/#\/schema\/person\/9ec101baf56233e53520c26de5d6f6f0","name":"Reda\u00e7\u00e3o Portal MF","image":{"@type":"ImageObject","inLanguage":"pt-BR","@id":"https:\/\/portalmf.com.br\/#\/schema\/person\/image\/","url":"https:\/\/secure.gravatar.com\/avatar\/41b9aaeb2100835f7c64362330f74c7f?s=96&d=mm&r=g","contentUrl":"https:\/\/secure.gravatar.com\/avatar\/41b9aaeb2100835f7c64362330f74c7f?s=96&d=mm&r=g","caption":"Reda\u00e7\u00e3o Portal MF"},"description":"Sejam bem-vindos o portal de informa\u00e7\u00f5es de entretenimento de Feira de Santana, desde 2006 realiza coberturas dos principais eventos com entrevistas exclusivas com as principais personalidades mundiais. Fique conectado tamb\u00e9m nas redes sociais.","sameAs":["http:\/\/www.portalmf.com.br\/","https:\/\/www.facebook.com\/portalmfoficial","https:\/\/www.instagram.com\/portalmf\/","https:\/\/x.com\/https:\/\/x.com\/portalmfoficial","https:\/\/www.youtube.com\/@portalmfoficial"],"url":"https:\/\/portalmf.com.br\/index.php\/author\/junior\/"}]}},"_links":{"self":[{"href":"https:\/\/portalmf.com.br\/index.php\/wp-json\/wp\/v2\/posts\/43453"}],"collection":[{"href":"https:\/\/portalmf.com.br\/index.php\/wp-json\/wp\/v2\/posts"}],"about":[{"href":"https:\/\/portalmf.com.br\/index.php\/wp-json\/wp\/v2\/types\/post"}],"author":[{"embeddable":true,"href":"https:\/\/portalmf.com.br\/index.php\/wp-json\/wp\/v2\/users\/3"}],"replies":[{"embeddable":true,"href":"https:\/\/portalmf.com.br\/index.php\/wp-json\/wp\/v2\/comments?post=43453"}],"version-history":[{"count":1,"href":"https:\/\/portalmf.com.br\/index.php\/wp-json\/wp\/v2\/posts\/43453\/revisions"}],"predecessor-version":[{"id":43454,"href":"https:\/\/portalmf.com.br\/index.php\/wp-json\/wp\/v2\/posts\/43453\/revisions\/43454"}],"wp:featuredmedia":[{"embeddable":true,"href":"https:\/\/portalmf.com.br\/index.php\/wp-json\/wp\/v2\/media\/43426"}],"wp:attachment":[{"href":"https:\/\/portalmf.com.br\/index.php\/wp-json\/wp\/v2\/media?parent=43453"}],"wp:term":[{"taxonomy":"category","embeddable":true,"href":"https:\/\/portalmf.com.br\/index.php\/wp-json\/wp\/v2\/categories?post=43453"},{"taxonomy":"post_tag","embeddable":true,"href":"https:\/\/portalmf.com.br\/index.php\/wp-json\/wp\/v2\/tags?post=43453"}],"curies":[{"name":"wp","href":"https:\/\/api.w.org\/{rel}","templated":true}]}}