{"id":43438,"date":"2026-04-18T08:05:24","date_gmt":"2026-04-18T11:05:24","guid":{"rendered":"https:\/\/portalmf.com.br\/?p=43438"},"modified":"2026-04-18T08:05:24","modified_gmt":"2026-04-18T11:05:24","slug":"clube-do-livro-fortalece-leitura-e-protagonismo-estudantil-na-bienal-do-livro-da-bahia-2026","status":"publish","type":"post","link":"https:\/\/portalmf.com.br\/index.php\/2026\/04\/18\/clube-do-livro-fortalece-leitura-e-protagonismo-estudantil-na-bienal-do-livro-da-bahia-2026\/","title":{"rendered":"Clube do Livro fortalece leitura e protagonismo estudantil na Bienal do Livro da Bahia 2026"},"content":{"rendered":"\n<p>O contato direto com livros, autores e diferentes experi\u00eancias liter\u00e1rias movimenta o terceiro dia da Bienal do Livro da Bahia 2026, nesta sexta-feira (17), em Salvador. A presen\u00e7a de milhares de estudantes e professores da rede estadual transforma o evento em espa\u00e7o de forma\u00e7\u00e3o, descoberta e pertencimento. Em comum, muitos desses participantes compartilham viv\u00eancias constru\u00eddas a partir do Clube do Livro nas escolas. A pr\u00e1tica fortalece o h\u00e1bito da leitura e amplia o repert\u00f3rio cultural dos jovens. A distribui\u00e7\u00e3o pela Secretaria da Educa\u00e7\u00e3o do Estado (SEC) de vale-livro no valor de R$ 100 para estudantes e professores amplia o acesso e contribui para consolidar a cultura leitora dentro e fora da escola.<\/p>\n\n\n\n<p>A coordenadora de Livros e Biblioteca da SEC, Alessandra Santana, destaca que os clubes de leitura ampliam o acesso ao acervo das bibliotecas e estimulam a autonomia dos estudantes na escolha das obras. \u201cAs principais a\u00e7\u00f5es s\u00e3o realizadas diretamente nas escolas, envolvendo bibliotec\u00e1rios, professores e coordenadores pedag\u00f3gicos. Atrav\u00e9s dos clubes de leitura, incentivamos os estudantes a explorarem o acervo da biblioteca, a ter acesso a livros e a conhecer diferentes g\u00eaneros liter\u00e1rios de seu interesse\u201d. Ela ainda ressalta que muitos estudantes passam a se interessar pelos livros a partir dessas experi\u00eancias coletivas e que j\u00e1 existem mais de 300 clubes em funcionamento na rede.<\/p>\n\n\n\n<p>O Clube do Livro integra o Clube do Protagonismo, novidade do ano letivo de 2026, que incentiva a cria\u00e7\u00e3o de grupos tem\u00e1ticos nas unidades escolares. A proposta amplia espa\u00e7os de aprendizagem colaborativa e fortalece o protagonismo estudantil em diferentes \u00e1reas, como Ci\u00eancias, Rob\u00f3tica, Matem\u00e1tica, Astronomia, entre outras. Nesse ambiente, a leitura se consolida como eixo estruturante do pensamento cr\u00edtico. A viv\u00eancia de 10 mil estudantes e cinco mil professores na Bienal potencializa a\u00e7\u00f5es que j\u00e1 fazem parte do cotidiano das escolas da rede estadual.<\/p>\n\n\n\n<p>Para o professor Eli da Silva, do Col\u00e9gio Estadual de Ibirapitanga, a literatura \u00e9 um elemento transformador. Nesta sexta-feira (17), o professor acompanhou os estudantes Lara Souza e No\u00e9 Oliveira, no Espa\u00e7o Deixa Eu Falar, no estande do Governo do Estado, onde apresentaram a obra \u201cDesordem e Retrocesso\u201d, desenvolvida por meio do Tempo de Arte Liter\u00e1ria (TAL), um dos projetos estruturantes presentes em todas as unidades de ensino da rede estadual da Bahia.<\/p>\n\n\n\n<p>Lara ressalta a import\u00e2ncia da iniciativa para sua forma\u00e7\u00e3o como cidad\u00e3. \u201cComo jovens acreditamos que o senso cr\u00edtico \u00e9 fundamental para o exerc\u00edcio da cidadania\u201d. J\u00e1 o estudante No\u00e9 Oliveira destaca a emo\u00e7\u00e3o de apresentar o trabalho. \u201c<em>\u00c9 muito gratificante estar aqui. Foi uma grande surpresa ver nossa obra alcan\u00e7ar esse espa\u00e7o\u201d. <\/em>Ambos defendem a amplia\u00e7\u00e3o do h\u00e1bito da leitura na comunidade escolar e j\u00e1 participam dos passos iniciais para a cria\u00e7\u00e3o da Feira Liter\u00e1ria de Ibirapitanga, proposta que envolve toda a comunidade escolar.<\/p>\n\n\n\n<p>Experi\u00eancias como a do Col\u00e9gio Estadual de Tempo Integral Gon\u00e7alo Muniz, em Cama\u00e7ari, tamb\u00e9m evidenciam o impacto do Clube do Livro. O professor Andr\u00e9 Monteiro dos Santos, ao acompanhar 40 estudantes da unidade de ensino \u00e0 Bienal, nesta sexta-feira (17), destacou que a iniciativa vem sendo fortalecida desde 2019 com a amplia\u00e7\u00e3o do acervo e o uso de plataformas digitais. <em>\u201cA leitura \u00e9 fundamental, pois promove a criatividade e amplia o repert\u00f3rio dos estudantes\u201d. <\/em>Ele ainda ressalta que a participa\u00e7\u00e3o na Bienal possibilitou a muitos alunos o primeiro contato com a compra de um livro, ampliando horizontes e fortalecendo o v\u00ednculo com a leitura ao longo do ano letivo.<\/p>\n\n\n\n<p><em><strong>Fonte: Ascom\/SEC<\/strong><\/em><\/p>\n","protected":false},"excerpt":{"rendered":"<p>O contato direto com livros, autores e diferentes experi\u00eancias liter\u00e1rias movimenta o terceiro dia da Bienal do Livro da Bahia 2026, nesta sexta-feira (17), em Salvador. A presen\u00e7a de milhares de estudantes e professores da rede estadual transforma o evento em espa\u00e7o de forma\u00e7\u00e3o, descoberta e pertencimento. Em comum, muitos desses participantes compartilham viv\u00eancias constru\u00eddas [&hellip;]<\/p>\n","protected":false},"author":3,"featured_media":43439,"comment_status":"open","ping_status":"open","sticky":false,"template":"","format":"standard","meta":{"_monsterinsights_skip_tracking":false,"_monsterinsights_sitenote_active":false,"_monsterinsights_sitenote_note":"","_monsterinsights_sitenote_category":0,"footnotes":""},"categories":[40],"tags":[],"yoast_head":"<!-- This site is optimized with the Yoast SEO plugin v22.9 - https:\/\/yoast.com\/wordpress\/plugins\/seo\/ -->\n<title>Clube do Livro fortalece leitura e protagonismo estudantil na Bienal do Livro da Bahia 2026 - Portal MF<\/title>\n<meta name=\"robots\" content=\"index, follow, max-snippet:-1, max-image-preview:large, max-video-preview:-1\" \/>\n<link rel=\"canonical\" href=\"https:\/\/portalmf.com.br\/index.php\/2026\/04\/18\/clube-do-livro-fortalece-leitura-e-protagonismo-estudantil-na-bienal-do-livro-da-bahia-2026\/\" \/>\n<meta property=\"og:locale\" content=\"pt_BR\" \/>\n<meta property=\"og:type\" content=\"article\" \/>\n<meta property=\"og:title\" content=\"Clube do Livro fortalece leitura e protagonismo estudantil na Bienal do Livro da Bahia 2026 - Portal MF\" \/>\n<meta property=\"og:description\" content=\"O contato direto com livros, autores e diferentes experi\u00eancias liter\u00e1rias movimenta o terceiro dia da Bienal do Livro da Bahia 2026, nesta sexta-feira (17), em Salvador. A presen\u00e7a de milhares de estudantes e professores da rede estadual transforma o evento em espa\u00e7o de forma\u00e7\u00e3o, descoberta e pertencimento. Em comum, muitos desses participantes compartilham viv\u00eancias constru\u00eddas [&hellip;]\" \/>\n<meta property=\"og:url\" content=\"https:\/\/portalmf.com.br\/index.php\/2026\/04\/18\/clube-do-livro-fortalece-leitura-e-protagonismo-estudantil-na-bienal-do-livro-da-bahia-2026\/\" \/>\n<meta property=\"og:site_name\" content=\"Portal MF\" \/>\n<meta property=\"article:author\" content=\"https:\/\/www.facebook.com\/portalmfoficial\" \/>\n<meta property=\"article:published_time\" content=\"2026-04-18T11:05:24+00:00\" \/>\n<meta property=\"og:image\" content=\"https:\/\/portalmf.com.br\/wp-content\/uploads\/2026\/04\/Clube-do-Livro-fortalece-leitura-e-protagonismo-estudantil-na-Bienal-e1776510310337.jpeg\" \/>\n\t<meta property=\"og:image:width\" content=\"1200\" \/>\n\t<meta property=\"og:image:height\" content=\"680\" \/>\n\t<meta property=\"og:image:type\" content=\"image\/jpeg\" \/>\n<meta name=\"author\" content=\"Reda\u00e7\u00e3o Portal MF\" \/>\n<meta name=\"twitter:card\" content=\"summary_large_image\" \/>\n<meta name=\"twitter:creator\" content=\"@https:\/\/x.com\/portalmfoficial\" \/>\n<meta name=\"twitter:label1\" content=\"Escrito por\" \/>\n\t<meta name=\"twitter:data1\" content=\"Reda\u00e7\u00e3o Portal MF\" \/>\n\t<meta name=\"twitter:label2\" content=\"Est. tempo de leitura\" \/>\n\t<meta name=\"twitter:data2\" content=\"4 minutos\" \/>\n<script type=\"application\/ld+json\" class=\"yoast-schema-graph\">{\"@context\":\"https:\/\/schema.org\",\"@graph\":[{\"@type\":\"WebPage\",\"@id\":\"https:\/\/portalmf.com.br\/index.php\/2026\/04\/18\/clube-do-livro-fortalece-leitura-e-protagonismo-estudantil-na-bienal-do-livro-da-bahia-2026\/\",\"url\":\"https:\/\/portalmf.com.br\/index.php\/2026\/04\/18\/clube-do-livro-fortalece-leitura-e-protagonismo-estudantil-na-bienal-do-livro-da-bahia-2026\/\",\"name\":\"Clube do Livro fortalece leitura e protagonismo estudantil na Bienal do Livro da Bahia 2026 - Portal MF\",\"isPartOf\":{\"@id\":\"https:\/\/portalmf.com.br\/#website\"},\"primaryImageOfPage\":{\"@id\":\"https:\/\/portalmf.com.br\/index.php\/2026\/04\/18\/clube-do-livro-fortalece-leitura-e-protagonismo-estudantil-na-bienal-do-livro-da-bahia-2026\/#primaryimage\"},\"image\":{\"@id\":\"https:\/\/portalmf.com.br\/index.php\/2026\/04\/18\/clube-do-livro-fortalece-leitura-e-protagonismo-estudantil-na-bienal-do-livro-da-bahia-2026\/#primaryimage\"},\"thumbnailUrl\":\"https:\/\/portalmf.com.br\/wp-content\/uploads\/2026\/04\/Clube-do-Livro-fortalece-leitura-e-protagonismo-estudantil-na-Bienal-e1776510310337.jpeg\",\"datePublished\":\"2026-04-18T11:05:24+00:00\",\"dateModified\":\"2026-04-18T11:05:24+00:00\",\"author\":{\"@id\":\"https:\/\/portalmf.com.br\/#\/schema\/person\/9ec101baf56233e53520c26de5d6f6f0\"},\"breadcrumb\":{\"@id\":\"https:\/\/portalmf.com.br\/index.php\/2026\/04\/18\/clube-do-livro-fortalece-leitura-e-protagonismo-estudantil-na-bienal-do-livro-da-bahia-2026\/#breadcrumb\"},\"inLanguage\":\"pt-BR\",\"potentialAction\":[{\"@type\":\"ReadAction\",\"target\":[\"https:\/\/portalmf.com.br\/index.php\/2026\/04\/18\/clube-do-livro-fortalece-leitura-e-protagonismo-estudantil-na-bienal-do-livro-da-bahia-2026\/\"]}]},{\"@type\":\"ImageObject\",\"inLanguage\":\"pt-BR\",\"@id\":\"https:\/\/portalmf.com.br\/index.php\/2026\/04\/18\/clube-do-livro-fortalece-leitura-e-protagonismo-estudantil-na-bienal-do-livro-da-bahia-2026\/#primaryimage\",\"url\":\"https:\/\/portalmf.com.br\/wp-content\/uploads\/2026\/04\/Clube-do-Livro-fortalece-leitura-e-protagonismo-estudantil-na-Bienal-e1776510310337.jpeg\",\"contentUrl\":\"https:\/\/portalmf.com.br\/wp-content\/uploads\/2026\/04\/Clube-do-Livro-fortalece-leitura-e-protagonismo-estudantil-na-Bienal-e1776510310337.jpeg\",\"width\":1200,\"height\":680},{\"@type\":\"BreadcrumbList\",\"@id\":\"https:\/\/portalmf.com.br\/index.php\/2026\/04\/18\/clube-do-livro-fortalece-leitura-e-protagonismo-estudantil-na-bienal-do-livro-da-bahia-2026\/#breadcrumb\",\"itemListElement\":[{\"@type\":\"ListItem\",\"position\":1,\"name\":\"In\u00edcio\",\"item\":\"https:\/\/portalmf.com.br\/\"},{\"@type\":\"ListItem\",\"position\":2,\"name\":\"Clube do Livro fortalece leitura e protagonismo estudantil na Bienal do Livro da Bahia 2026\"}]},{\"@type\":\"WebSite\",\"@id\":\"https:\/\/portalmf.com.br\/#website\",\"url\":\"https:\/\/portalmf.com.br\/\",\"name\":\"Portal MF\",\"description\":\"Voc\u00ea conectado com a informa\u00e7\u00e3o\",\"potentialAction\":[{\"@type\":\"SearchAction\",\"target\":{\"@type\":\"EntryPoint\",\"urlTemplate\":\"https:\/\/portalmf.com.br\/?s={search_term_string}\"},\"query-input\":\"required name=search_term_string\"}],\"inLanguage\":\"pt-BR\"},{\"@type\":\"Person\",\"@id\":\"https:\/\/portalmf.com.br\/#\/schema\/person\/9ec101baf56233e53520c26de5d6f6f0\",\"name\":\"Reda\u00e7\u00e3o Portal MF\",\"image\":{\"@type\":\"ImageObject\",\"inLanguage\":\"pt-BR\",\"@id\":\"https:\/\/portalmf.com.br\/#\/schema\/person\/image\/\",\"url\":\"https:\/\/secure.gravatar.com\/avatar\/41b9aaeb2100835f7c64362330f74c7f?s=96&d=mm&r=g\",\"contentUrl\":\"https:\/\/secure.gravatar.com\/avatar\/41b9aaeb2100835f7c64362330f74c7f?s=96&d=mm&r=g\",\"caption\":\"Reda\u00e7\u00e3o Portal MF\"},\"description\":\"Sejam bem-vindos o portal de informa\u00e7\u00f5es de entretenimento de Feira de Santana, desde 2006 realiza coberturas dos principais eventos com entrevistas exclusivas com as principais personalidades mundiais. Fique conectado tamb\u00e9m nas redes sociais.\",\"sameAs\":[\"http:\/\/www.portalmf.com.br\/\",\"https:\/\/www.facebook.com\/portalmfoficial\",\"https:\/\/www.instagram.com\/portalmf\/\",\"https:\/\/x.com\/https:\/\/x.com\/portalmfoficial\",\"https:\/\/www.youtube.com\/@portalmfoficial\"],\"url\":\"https:\/\/portalmf.com.br\/index.php\/author\/junior\/\"}]}<\/script>\n<!-- \/ Yoast SEO plugin. -->","yoast_head_json":{"title":"Clube do Livro fortalece leitura e protagonismo estudantil na Bienal do Livro da Bahia 2026 - Portal MF","robots":{"index":"index","follow":"follow","max-snippet":"max-snippet:-1","max-image-preview":"max-image-preview:large","max-video-preview":"max-video-preview:-1"},"canonical":"https:\/\/portalmf.com.br\/index.php\/2026\/04\/18\/clube-do-livro-fortalece-leitura-e-protagonismo-estudantil-na-bienal-do-livro-da-bahia-2026\/","og_locale":"pt_BR","og_type":"article","og_title":"Clube do Livro fortalece leitura e protagonismo estudantil na Bienal do Livro da Bahia 2026 - Portal MF","og_description":"O contato direto com livros, autores e diferentes experi\u00eancias liter\u00e1rias movimenta o terceiro dia da Bienal do Livro da Bahia 2026, nesta sexta-feira (17), em Salvador. A presen\u00e7a de milhares de estudantes e professores da rede estadual transforma o evento em espa\u00e7o de forma\u00e7\u00e3o, descoberta e pertencimento. Em comum, muitos desses participantes compartilham viv\u00eancias constru\u00eddas [&hellip;]","og_url":"https:\/\/portalmf.com.br\/index.php\/2026\/04\/18\/clube-do-livro-fortalece-leitura-e-protagonismo-estudantil-na-bienal-do-livro-da-bahia-2026\/","og_site_name":"Portal MF","article_author":"https:\/\/www.facebook.com\/portalmfoficial","article_published_time":"2026-04-18T11:05:24+00:00","og_image":[{"width":1200,"height":680,"url":"https:\/\/portalmf.com.br\/wp-content\/uploads\/2026\/04\/Clube-do-Livro-fortalece-leitura-e-protagonismo-estudantil-na-Bienal-e1776510310337.jpeg","type":"image\/jpeg"}],"author":"Reda\u00e7\u00e3o Portal MF","twitter_card":"summary_large_image","twitter_creator":"@https:\/\/x.com\/portalmfoficial","twitter_misc":{"Escrito por":"Reda\u00e7\u00e3o Portal MF","Est. tempo de leitura":"4 minutos"},"schema":{"@context":"https:\/\/schema.org","@graph":[{"@type":"WebPage","@id":"https:\/\/portalmf.com.br\/index.php\/2026\/04\/18\/clube-do-livro-fortalece-leitura-e-protagonismo-estudantil-na-bienal-do-livro-da-bahia-2026\/","url":"https:\/\/portalmf.com.br\/index.php\/2026\/04\/18\/clube-do-livro-fortalece-leitura-e-protagonismo-estudantil-na-bienal-do-livro-da-bahia-2026\/","name":"Clube do Livro fortalece leitura e protagonismo estudantil na Bienal do Livro da Bahia 2026 - Portal MF","isPartOf":{"@id":"https:\/\/portalmf.com.br\/#website"},"primaryImageOfPage":{"@id":"https:\/\/portalmf.com.br\/index.php\/2026\/04\/18\/clube-do-livro-fortalece-leitura-e-protagonismo-estudantil-na-bienal-do-livro-da-bahia-2026\/#primaryimage"},"image":{"@id":"https:\/\/portalmf.com.br\/index.php\/2026\/04\/18\/clube-do-livro-fortalece-leitura-e-protagonismo-estudantil-na-bienal-do-livro-da-bahia-2026\/#primaryimage"},"thumbnailUrl":"https:\/\/portalmf.com.br\/wp-content\/uploads\/2026\/04\/Clube-do-Livro-fortalece-leitura-e-protagonismo-estudantil-na-Bienal-e1776510310337.jpeg","datePublished":"2026-04-18T11:05:24+00:00","dateModified":"2026-04-18T11:05:24+00:00","author":{"@id":"https:\/\/portalmf.com.br\/#\/schema\/person\/9ec101baf56233e53520c26de5d6f6f0"},"breadcrumb":{"@id":"https:\/\/portalmf.com.br\/index.php\/2026\/04\/18\/clube-do-livro-fortalece-leitura-e-protagonismo-estudantil-na-bienal-do-livro-da-bahia-2026\/#breadcrumb"},"inLanguage":"pt-BR","potentialAction":[{"@type":"ReadAction","target":["https:\/\/portalmf.com.br\/index.php\/2026\/04\/18\/clube-do-livro-fortalece-leitura-e-protagonismo-estudantil-na-bienal-do-livro-da-bahia-2026\/"]}]},{"@type":"ImageObject","inLanguage":"pt-BR","@id":"https:\/\/portalmf.com.br\/index.php\/2026\/04\/18\/clube-do-livro-fortalece-leitura-e-protagonismo-estudantil-na-bienal-do-livro-da-bahia-2026\/#primaryimage","url":"https:\/\/portalmf.com.br\/wp-content\/uploads\/2026\/04\/Clube-do-Livro-fortalece-leitura-e-protagonismo-estudantil-na-Bienal-e1776510310337.jpeg","contentUrl":"https:\/\/portalmf.com.br\/wp-content\/uploads\/2026\/04\/Clube-do-Livro-fortalece-leitura-e-protagonismo-estudantil-na-Bienal-e1776510310337.jpeg","width":1200,"height":680},{"@type":"BreadcrumbList","@id":"https:\/\/portalmf.com.br\/index.php\/2026\/04\/18\/clube-do-livro-fortalece-leitura-e-protagonismo-estudantil-na-bienal-do-livro-da-bahia-2026\/#breadcrumb","itemListElement":[{"@type":"ListItem","position":1,"name":"In\u00edcio","item":"https:\/\/portalmf.com.br\/"},{"@type":"ListItem","position":2,"name":"Clube do Livro fortalece leitura e protagonismo estudantil na Bienal do Livro da Bahia 2026"}]},{"@type":"WebSite","@id":"https:\/\/portalmf.com.br\/#website","url":"https:\/\/portalmf.com.br\/","name":"Portal MF","description":"Voc\u00ea conectado com a informa\u00e7\u00e3o","potentialAction":[{"@type":"SearchAction","target":{"@type":"EntryPoint","urlTemplate":"https:\/\/portalmf.com.br\/?s={search_term_string}"},"query-input":"required name=search_term_string"}],"inLanguage":"pt-BR"},{"@type":"Person","@id":"https:\/\/portalmf.com.br\/#\/schema\/person\/9ec101baf56233e53520c26de5d6f6f0","name":"Reda\u00e7\u00e3o Portal MF","image":{"@type":"ImageObject","inLanguage":"pt-BR","@id":"https:\/\/portalmf.com.br\/#\/schema\/person\/image\/","url":"https:\/\/secure.gravatar.com\/avatar\/41b9aaeb2100835f7c64362330f74c7f?s=96&d=mm&r=g","contentUrl":"https:\/\/secure.gravatar.com\/avatar\/41b9aaeb2100835f7c64362330f74c7f?s=96&d=mm&r=g","caption":"Reda\u00e7\u00e3o Portal MF"},"description":"Sejam bem-vindos o portal de informa\u00e7\u00f5es de entretenimento de Feira de Santana, desde 2006 realiza coberturas dos principais eventos com entrevistas exclusivas com as principais personalidades mundiais. Fique conectado tamb\u00e9m nas redes sociais.","sameAs":["http:\/\/www.portalmf.com.br\/","https:\/\/www.facebook.com\/portalmfoficial","https:\/\/www.instagram.com\/portalmf\/","https:\/\/x.com\/https:\/\/x.com\/portalmfoficial","https:\/\/www.youtube.com\/@portalmfoficial"],"url":"https:\/\/portalmf.com.br\/index.php\/author\/junior\/"}]}},"_links":{"self":[{"href":"https:\/\/portalmf.com.br\/index.php\/wp-json\/wp\/v2\/posts\/43438"}],"collection":[{"href":"https:\/\/portalmf.com.br\/index.php\/wp-json\/wp\/v2\/posts"}],"about":[{"href":"https:\/\/portalmf.com.br\/index.php\/wp-json\/wp\/v2\/types\/post"}],"author":[{"embeddable":true,"href":"https:\/\/portalmf.com.br\/index.php\/wp-json\/wp\/v2\/users\/3"}],"replies":[{"embeddable":true,"href":"https:\/\/portalmf.com.br\/index.php\/wp-json\/wp\/v2\/comments?post=43438"}],"version-history":[{"count":1,"href":"https:\/\/portalmf.com.br\/index.php\/wp-json\/wp\/v2\/posts\/43438\/revisions"}],"predecessor-version":[{"id":43440,"href":"https:\/\/portalmf.com.br\/index.php\/wp-json\/wp\/v2\/posts\/43438\/revisions\/43440"}],"wp:featuredmedia":[{"embeddable":true,"href":"https:\/\/portalmf.com.br\/index.php\/wp-json\/wp\/v2\/media\/43439"}],"wp:attachment":[{"href":"https:\/\/portalmf.com.br\/index.php\/wp-json\/wp\/v2\/media?parent=43438"}],"wp:term":[{"taxonomy":"category","embeddable":true,"href":"https:\/\/portalmf.com.br\/index.php\/wp-json\/wp\/v2\/categories?post=43438"},{"taxonomy":"post_tag","embeddable":true,"href":"https:\/\/portalmf.com.br\/index.php\/wp-json\/wp\/v2\/tags?post=43438"}],"curies":[{"name":"wp","href":"https:\/\/api.w.org\/{rel}","templated":true}]}}