{"id":43434,"date":"2026-04-18T07:59:07","date_gmt":"2026-04-18T10:59:07","guid":{"rendered":"https:\/\/portalmf.com.br\/?p=43434"},"modified":"2026-04-18T07:59:08","modified_gmt":"2026-04-18T10:59:08","slug":"oscar-uniu-o-pais-em-torno-das-quadras-diz-lula","status":"publish","type":"post","link":"https:\/\/portalmf.com.br\/index.php\/2026\/04\/18\/oscar-uniu-o-pais-em-torno-das-quadras-diz-lula\/","title":{"rendered":"Oscar &#8220;uniu o pa\u00eds em torno das quadras&#8221;, diz Lula"},"content":{"rendered":"\n<p>O presidente Luiz In\u00e1cio Lula da Silva divulgou nesta sexta-feira (17), em sua rede social, mensagem de pesar pela morte de Oscar Schmidt, \u00eddolo do basquete brasileiro e que morreu hoje.<\/p>\n\n\n\n<p>Lula disse que o ex-jogador foi um &#8220;exemplo de obstina\u00e7\u00e3o, talento e de amor \u00e0 camisa da Sele\u00e7\u00e3o&#8221; e &#8220;uniu o pa\u00eds em torno das quadras, com arremessos inesquec\u00edveis e lideran\u00e7a indiscut\u00edvel&#8221;.<\/p>\n\n\n\n<p><em>&#8220;Sua dedica\u00e7\u00e3o elevou o nome do pa\u00eds e fez dele inspira\u00e7\u00e3o para gera\u00e7\u00f5es de atletas e amantes do esporte. Neste momento de pesar, deixo minha solidariedade \u00e0 fam\u00edlia, aos amigos e \u00e0 legi\u00e3o de f\u00e3s que ele conquistou no esporte&#8221;,<\/em> afirmou o presidente.<\/p>\n\n\n\n<p>Na sele\u00e7\u00e3o principal de basquete do Brasil, Oscar, conhecido como M\u00e3o Santa, foi campe\u00e3o sul-americano e ganhou medalha de bronze. Em 1979, ganhou um dos t\u00edtulos mais importantes de sua carreira: a Copa William Jones, o mundial interclubes de basquete. No ano seguinte, disputou sua primeira Olimp\u00edada, em Moscou.<\/p>\n\n\n\n<p>Disputou outras quatro olimp\u00edadas: Los Angeles (1984), Seul (1988), Barcelona (1992) e Atlanta (1996), sempre se destacando como cestinha da competi\u00e7\u00e3o. Em 2003, Oscar se aposentou das quadras.<\/p>\n\n\n\n<p>Morte<\/p>\n\n\n\n<p>Oscar Schmidt, um dos maiores nomes da hist\u00f3ria do basquete mundial, faleceu nesta sexta-feira (17), em Santana de Parna\u00edba (SP), na Grande S\u00e3o Paulo.<\/p>\n\n\n\n<p>De acordo com a prefeitura de Santana de Parna\u00edba, Oscar passou mal em sua resid\u00eancia e foi encaminhado ao Hospital e Maternidade Municipal Santa Ana (HMSA) pelo Servi\u00e7o de Resgate, \u201cj\u00e1 em parada cardiorrespirat\u00f3ria (PCR), chegando \u00e0 unidade sem vida\u201d.<\/p>\n\n\n\n<p>Segundo a assessoria do atleta, a despedida se dar\u00e1 de forma reservada, restrita aos familiares, em respeito ao desejo da fam\u00edlia por um momento \u00edntimo de recolhimento. O atleta enfrentou um tumor cerebral por cerca de 15 anos.<\/p>\n\n\n\n<p>Com informa\u00e7\u00f5es da Ag\u00eancia Brasil<\/p>\n","protected":false},"excerpt":{"rendered":"<p>O presidente Luiz In\u00e1cio Lula da Silva divulgou nesta sexta-feira (17), em sua rede social, mensagem de pesar pela morte de Oscar Schmidt, \u00eddolo do basquete brasileiro e que morreu hoje. Lula disse que o ex-jogador foi um &#8220;exemplo de obstina\u00e7\u00e3o, talento e de amor \u00e0 camisa da Sele\u00e7\u00e3o&#8221; e &#8220;uniu o pa\u00eds em torno [&hellip;]<\/p>\n","protected":false},"author":3,"featured_media":43436,"comment_status":"open","ping_status":"open","sticky":false,"template":"","format":"standard","meta":{"_monsterinsights_skip_tracking":false,"_monsterinsights_sitenote_active":false,"_monsterinsights_sitenote_note":"","_monsterinsights_sitenote_category":0,"footnotes":""},"categories":[42],"tags":[],"yoast_head":"<!-- This site is optimized with the Yoast SEO plugin v22.9 - https:\/\/yoast.com\/wordpress\/plugins\/seo\/ -->\n<title>Oscar &quot;uniu o pa\u00eds em torno das quadras&quot;, diz Lula - Portal MF<\/title>\n<meta name=\"robots\" content=\"index, follow, max-snippet:-1, max-image-preview:large, max-video-preview:-1\" \/>\n<link rel=\"canonical\" href=\"https:\/\/portalmf.com.br\/index.php\/2026\/04\/18\/oscar-uniu-o-pais-em-torno-das-quadras-diz-lula\/\" \/>\n<meta property=\"og:locale\" content=\"pt_BR\" \/>\n<meta property=\"og:type\" content=\"article\" \/>\n<meta property=\"og:title\" content=\"Oscar &quot;uniu o pa\u00eds em torno das quadras&quot;, diz Lula - Portal MF\" \/>\n<meta property=\"og:description\" content=\"O presidente Luiz In\u00e1cio Lula da Silva divulgou nesta sexta-feira (17), em sua rede social, mensagem de pesar pela morte de Oscar Schmidt, \u00eddolo do basquete brasileiro e que morreu hoje. Lula disse que o ex-jogador foi um &#8220;exemplo de obstina\u00e7\u00e3o, talento e de amor \u00e0 camisa da Sele\u00e7\u00e3o&#8221; e &#8220;uniu o pa\u00eds em torno [&hellip;]\" \/>\n<meta property=\"og:url\" content=\"https:\/\/portalmf.com.br\/index.php\/2026\/04\/18\/oscar-uniu-o-pais-em-torno-das-quadras-diz-lula\/\" \/>\n<meta property=\"og:site_name\" content=\"Portal MF\" \/>\n<meta property=\"article:author\" content=\"https:\/\/www.facebook.com\/portalmfoficial\" \/>\n<meta property=\"article:published_time\" content=\"2026-04-18T10:59:07+00:00\" \/>\n<meta property=\"article:modified_time\" content=\"2026-04-18T10:59:08+00:00\" \/>\n<meta property=\"og:image\" content=\"https:\/\/portalmf.com.br\/wp-content\/uploads\/2026\/04\/Oscar-Schmidt-1-e1776509526216.jpg\" \/>\n\t<meta property=\"og:image:width\" content=\"1365\" \/>\n\t<meta property=\"og:image:height\" content=\"1170\" \/>\n\t<meta property=\"og:image:type\" content=\"image\/jpeg\" \/>\n<meta name=\"author\" content=\"Reda\u00e7\u00e3o Portal MF\" \/>\n<meta name=\"twitter:card\" content=\"summary_large_image\" \/>\n<meta name=\"twitter:creator\" content=\"@https:\/\/x.com\/portalmfoficial\" \/>\n<meta name=\"twitter:label1\" content=\"Escrito por\" \/>\n\t<meta name=\"twitter:data1\" content=\"Reda\u00e7\u00e3o Portal MF\" \/>\n\t<meta name=\"twitter:label2\" content=\"Est. tempo de leitura\" \/>\n\t<meta name=\"twitter:data2\" content=\"2 minutos\" \/>\n<script type=\"application\/ld+json\" class=\"yoast-schema-graph\">{\"@context\":\"https:\/\/schema.org\",\"@graph\":[{\"@type\":\"WebPage\",\"@id\":\"https:\/\/portalmf.com.br\/index.php\/2026\/04\/18\/oscar-uniu-o-pais-em-torno-das-quadras-diz-lula\/\",\"url\":\"https:\/\/portalmf.com.br\/index.php\/2026\/04\/18\/oscar-uniu-o-pais-em-torno-das-quadras-diz-lula\/\",\"name\":\"Oscar \\\"uniu o pa\u00eds em torno das quadras\\\", diz Lula - Portal MF\",\"isPartOf\":{\"@id\":\"https:\/\/portalmf.com.br\/#website\"},\"primaryImageOfPage\":{\"@id\":\"https:\/\/portalmf.com.br\/index.php\/2026\/04\/18\/oscar-uniu-o-pais-em-torno-das-quadras-diz-lula\/#primaryimage\"},\"image\":{\"@id\":\"https:\/\/portalmf.com.br\/index.php\/2026\/04\/18\/oscar-uniu-o-pais-em-torno-das-quadras-diz-lula\/#primaryimage\"},\"thumbnailUrl\":\"https:\/\/portalmf.com.br\/wp-content\/uploads\/2026\/04\/Oscar-Schmidt-1-e1776509526216.jpg\",\"datePublished\":\"2026-04-18T10:59:07+00:00\",\"dateModified\":\"2026-04-18T10:59:08+00:00\",\"author\":{\"@id\":\"https:\/\/portalmf.com.br\/#\/schema\/person\/9ec101baf56233e53520c26de5d6f6f0\"},\"breadcrumb\":{\"@id\":\"https:\/\/portalmf.com.br\/index.php\/2026\/04\/18\/oscar-uniu-o-pais-em-torno-das-quadras-diz-lula\/#breadcrumb\"},\"inLanguage\":\"pt-BR\",\"potentialAction\":[{\"@type\":\"ReadAction\",\"target\":[\"https:\/\/portalmf.com.br\/index.php\/2026\/04\/18\/oscar-uniu-o-pais-em-torno-das-quadras-diz-lula\/\"]}]},{\"@type\":\"ImageObject\",\"inLanguage\":\"pt-BR\",\"@id\":\"https:\/\/portalmf.com.br\/index.php\/2026\/04\/18\/oscar-uniu-o-pais-em-torno-das-quadras-diz-lula\/#primaryimage\",\"url\":\"https:\/\/portalmf.com.br\/wp-content\/uploads\/2026\/04\/Oscar-Schmidt-1-e1776509526216.jpg\",\"contentUrl\":\"https:\/\/portalmf.com.br\/wp-content\/uploads\/2026\/04\/Oscar-Schmidt-1-e1776509526216.jpg\",\"width\":1365,\"height\":1170},{\"@type\":\"BreadcrumbList\",\"@id\":\"https:\/\/portalmf.com.br\/index.php\/2026\/04\/18\/oscar-uniu-o-pais-em-torno-das-quadras-diz-lula\/#breadcrumb\",\"itemListElement\":[{\"@type\":\"ListItem\",\"position\":1,\"name\":\"In\u00edcio\",\"item\":\"https:\/\/portalmf.com.br\/\"},{\"@type\":\"ListItem\",\"position\":2,\"name\":\"Oscar &#8220;uniu o pa\u00eds em torno das quadras&#8221;, diz Lula\"}]},{\"@type\":\"WebSite\",\"@id\":\"https:\/\/portalmf.com.br\/#website\",\"url\":\"https:\/\/portalmf.com.br\/\",\"name\":\"Portal MF\",\"description\":\"Voc\u00ea conectado com a informa\u00e7\u00e3o\",\"potentialAction\":[{\"@type\":\"SearchAction\",\"target\":{\"@type\":\"EntryPoint\",\"urlTemplate\":\"https:\/\/portalmf.com.br\/?s={search_term_string}\"},\"query-input\":\"required name=search_term_string\"}],\"inLanguage\":\"pt-BR\"},{\"@type\":\"Person\",\"@id\":\"https:\/\/portalmf.com.br\/#\/schema\/person\/9ec101baf56233e53520c26de5d6f6f0\",\"name\":\"Reda\u00e7\u00e3o Portal MF\",\"image\":{\"@type\":\"ImageObject\",\"inLanguage\":\"pt-BR\",\"@id\":\"https:\/\/portalmf.com.br\/#\/schema\/person\/image\/\",\"url\":\"https:\/\/secure.gravatar.com\/avatar\/41b9aaeb2100835f7c64362330f74c7f?s=96&d=mm&r=g\",\"contentUrl\":\"https:\/\/secure.gravatar.com\/avatar\/41b9aaeb2100835f7c64362330f74c7f?s=96&d=mm&r=g\",\"caption\":\"Reda\u00e7\u00e3o Portal MF\"},\"description\":\"Sejam bem-vindos o portal de informa\u00e7\u00f5es de entretenimento de Feira de Santana, desde 2006 realiza coberturas dos principais eventos com entrevistas exclusivas com as principais personalidades mundiais. Fique conectado tamb\u00e9m nas redes sociais.\",\"sameAs\":[\"http:\/\/www.portalmf.com.br\/\",\"https:\/\/www.facebook.com\/portalmfoficial\",\"https:\/\/www.instagram.com\/portalmf\/\",\"https:\/\/x.com\/https:\/\/x.com\/portalmfoficial\",\"https:\/\/www.youtube.com\/@portalmfoficial\"],\"url\":\"https:\/\/portalmf.com.br\/index.php\/author\/junior\/\"}]}<\/script>\n<!-- \/ Yoast SEO plugin. -->","yoast_head_json":{"title":"Oscar \"uniu o pa\u00eds em torno das quadras\", diz Lula - Portal MF","robots":{"index":"index","follow":"follow","max-snippet":"max-snippet:-1","max-image-preview":"max-image-preview:large","max-video-preview":"max-video-preview:-1"},"canonical":"https:\/\/portalmf.com.br\/index.php\/2026\/04\/18\/oscar-uniu-o-pais-em-torno-das-quadras-diz-lula\/","og_locale":"pt_BR","og_type":"article","og_title":"Oscar \"uniu o pa\u00eds em torno das quadras\", diz Lula - Portal MF","og_description":"O presidente Luiz In\u00e1cio Lula da Silva divulgou nesta sexta-feira (17), em sua rede social, mensagem de pesar pela morte de Oscar Schmidt, \u00eddolo do basquete brasileiro e que morreu hoje. Lula disse que o ex-jogador foi um &#8220;exemplo de obstina\u00e7\u00e3o, talento e de amor \u00e0 camisa da Sele\u00e7\u00e3o&#8221; e &#8220;uniu o pa\u00eds em torno [&hellip;]","og_url":"https:\/\/portalmf.com.br\/index.php\/2026\/04\/18\/oscar-uniu-o-pais-em-torno-das-quadras-diz-lula\/","og_site_name":"Portal MF","article_author":"https:\/\/www.facebook.com\/portalmfoficial","article_published_time":"2026-04-18T10:59:07+00:00","article_modified_time":"2026-04-18T10:59:08+00:00","og_image":[{"width":1365,"height":1170,"url":"https:\/\/portalmf.com.br\/wp-content\/uploads\/2026\/04\/Oscar-Schmidt-1-e1776509526216.jpg","type":"image\/jpeg"}],"author":"Reda\u00e7\u00e3o Portal MF","twitter_card":"summary_large_image","twitter_creator":"@https:\/\/x.com\/portalmfoficial","twitter_misc":{"Escrito por":"Reda\u00e7\u00e3o Portal MF","Est. tempo de leitura":"2 minutos"},"schema":{"@context":"https:\/\/schema.org","@graph":[{"@type":"WebPage","@id":"https:\/\/portalmf.com.br\/index.php\/2026\/04\/18\/oscar-uniu-o-pais-em-torno-das-quadras-diz-lula\/","url":"https:\/\/portalmf.com.br\/index.php\/2026\/04\/18\/oscar-uniu-o-pais-em-torno-das-quadras-diz-lula\/","name":"Oscar \"uniu o pa\u00eds em torno das quadras\", diz Lula - Portal MF","isPartOf":{"@id":"https:\/\/portalmf.com.br\/#website"},"primaryImageOfPage":{"@id":"https:\/\/portalmf.com.br\/index.php\/2026\/04\/18\/oscar-uniu-o-pais-em-torno-das-quadras-diz-lula\/#primaryimage"},"image":{"@id":"https:\/\/portalmf.com.br\/index.php\/2026\/04\/18\/oscar-uniu-o-pais-em-torno-das-quadras-diz-lula\/#primaryimage"},"thumbnailUrl":"https:\/\/portalmf.com.br\/wp-content\/uploads\/2026\/04\/Oscar-Schmidt-1-e1776509526216.jpg","datePublished":"2026-04-18T10:59:07+00:00","dateModified":"2026-04-18T10:59:08+00:00","author":{"@id":"https:\/\/portalmf.com.br\/#\/schema\/person\/9ec101baf56233e53520c26de5d6f6f0"},"breadcrumb":{"@id":"https:\/\/portalmf.com.br\/index.php\/2026\/04\/18\/oscar-uniu-o-pais-em-torno-das-quadras-diz-lula\/#breadcrumb"},"inLanguage":"pt-BR","potentialAction":[{"@type":"ReadAction","target":["https:\/\/portalmf.com.br\/index.php\/2026\/04\/18\/oscar-uniu-o-pais-em-torno-das-quadras-diz-lula\/"]}]},{"@type":"ImageObject","inLanguage":"pt-BR","@id":"https:\/\/portalmf.com.br\/index.php\/2026\/04\/18\/oscar-uniu-o-pais-em-torno-das-quadras-diz-lula\/#primaryimage","url":"https:\/\/portalmf.com.br\/wp-content\/uploads\/2026\/04\/Oscar-Schmidt-1-e1776509526216.jpg","contentUrl":"https:\/\/portalmf.com.br\/wp-content\/uploads\/2026\/04\/Oscar-Schmidt-1-e1776509526216.jpg","width":1365,"height":1170},{"@type":"BreadcrumbList","@id":"https:\/\/portalmf.com.br\/index.php\/2026\/04\/18\/oscar-uniu-o-pais-em-torno-das-quadras-diz-lula\/#breadcrumb","itemListElement":[{"@type":"ListItem","position":1,"name":"In\u00edcio","item":"https:\/\/portalmf.com.br\/"},{"@type":"ListItem","position":2,"name":"Oscar &#8220;uniu o pa\u00eds em torno das quadras&#8221;, diz Lula"}]},{"@type":"WebSite","@id":"https:\/\/portalmf.com.br\/#website","url":"https:\/\/portalmf.com.br\/","name":"Portal MF","description":"Voc\u00ea conectado com a informa\u00e7\u00e3o","potentialAction":[{"@type":"SearchAction","target":{"@type":"EntryPoint","urlTemplate":"https:\/\/portalmf.com.br\/?s={search_term_string}"},"query-input":"required name=search_term_string"}],"inLanguage":"pt-BR"},{"@type":"Person","@id":"https:\/\/portalmf.com.br\/#\/schema\/person\/9ec101baf56233e53520c26de5d6f6f0","name":"Reda\u00e7\u00e3o Portal MF","image":{"@type":"ImageObject","inLanguage":"pt-BR","@id":"https:\/\/portalmf.com.br\/#\/schema\/person\/image\/","url":"https:\/\/secure.gravatar.com\/avatar\/41b9aaeb2100835f7c64362330f74c7f?s=96&d=mm&r=g","contentUrl":"https:\/\/secure.gravatar.com\/avatar\/41b9aaeb2100835f7c64362330f74c7f?s=96&d=mm&r=g","caption":"Reda\u00e7\u00e3o Portal MF"},"description":"Sejam bem-vindos o portal de informa\u00e7\u00f5es de entretenimento de Feira de Santana, desde 2006 realiza coberturas dos principais eventos com entrevistas exclusivas com as principais personalidades mundiais. Fique conectado tamb\u00e9m nas redes sociais.","sameAs":["http:\/\/www.portalmf.com.br\/","https:\/\/www.facebook.com\/portalmfoficial","https:\/\/www.instagram.com\/portalmf\/","https:\/\/x.com\/https:\/\/x.com\/portalmfoficial","https:\/\/www.youtube.com\/@portalmfoficial"],"url":"https:\/\/portalmf.com.br\/index.php\/author\/junior\/"}]}},"_links":{"self":[{"href":"https:\/\/portalmf.com.br\/index.php\/wp-json\/wp\/v2\/posts\/43434"}],"collection":[{"href":"https:\/\/portalmf.com.br\/index.php\/wp-json\/wp\/v2\/posts"}],"about":[{"href":"https:\/\/portalmf.com.br\/index.php\/wp-json\/wp\/v2\/types\/post"}],"author":[{"embeddable":true,"href":"https:\/\/portalmf.com.br\/index.php\/wp-json\/wp\/v2\/users\/3"}],"replies":[{"embeddable":true,"href":"https:\/\/portalmf.com.br\/index.php\/wp-json\/wp\/v2\/comments?post=43434"}],"version-history":[{"count":1,"href":"https:\/\/portalmf.com.br\/index.php\/wp-json\/wp\/v2\/posts\/43434\/revisions"}],"predecessor-version":[{"id":43437,"href":"https:\/\/portalmf.com.br\/index.php\/wp-json\/wp\/v2\/posts\/43434\/revisions\/43437"}],"wp:featuredmedia":[{"embeddable":true,"href":"https:\/\/portalmf.com.br\/index.php\/wp-json\/wp\/v2\/media\/43436"}],"wp:attachment":[{"href":"https:\/\/portalmf.com.br\/index.php\/wp-json\/wp\/v2\/media?parent=43434"}],"wp:term":[{"taxonomy":"category","embeddable":true,"href":"https:\/\/portalmf.com.br\/index.php\/wp-json\/wp\/v2\/categories?post=43434"},{"taxonomy":"post_tag","embeddable":true,"href":"https:\/\/portalmf.com.br\/index.php\/wp-json\/wp\/v2\/tags?post=43434"}],"curies":[{"name":"wp","href":"https:\/\/api.w.org\/{rel}","templated":true}]}}