{"id":43428,"date":"2026-04-17T17:37:15","date_gmt":"2026-04-17T20:37:15","guid":{"rendered":"https:\/\/portalmf.com.br\/?p=43428"},"modified":"2026-04-17T17:37:17","modified_gmt":"2026-04-17T20:37:17","slug":"o-genio-do-crime-ganha-trailer-oficial","status":"publish","type":"post","link":"https:\/\/portalmf.com.br\/index.php\/2026\/04\/17\/o-genio-do-crime-ganha-trailer-oficial\/","title":{"rendered":"\u00a0\u200b\u201cO G\u00eanio do Crime\u201d ganha trailer oficial"},"content":{"rendered":"\n<p>O G\u00eanio do Crime est\u00e1 \u00e0 solta pelas ruas de S\u00e3o Paulo, envolvido em um engenhoso esquema de falsifica\u00e7\u00e3o de uma rara figurinha da Copa do Mundo. O trailer oficial, divulgado hoje pela Paris Filmes, apresenta os \u00fanicos capazes de desvendar o mist\u00e9rio que amea\u00e7a levar \u00e0 fal\u00eancia a tradicional f\u00e1brica Escanteio: Jo\u00e3o, Edmundo, Berenice e Pituca (Francisco Galv\u00e3o, Samuel Estevam, Bella Alelaf e Breno Kaneto), integrantes da Turma do Gordo.<\/p>\n\n\n\n<p>Investiga\u00e7\u00e3o, planos criativos e persegui\u00e7\u00f5es n\u00e3o v\u00e3o faltar nesta aventura, mas nada ser\u00e1 simples. O perspicaz detetive Mister Mist\u00e9rio (Marcos Veras) tamb\u00e9m est\u00e1 no encal\u00e7o do caso, disputando com os jovens investigadores a descoberta de quem est\u00e1 por tr\u00e1s da falsifica\u00e7\u00e3o. Quem ser\u00e1 mais r\u00e1pido ao juntar pistas, se infiltrar em conversas secretas e, ainda assim, manter-se a salvo?<\/p>\n\n\n\n<figure class=\"wp-block-embed is-type-video is-provider-youtube wp-block-embed-youtube wp-embed-aspect-16-9 wp-has-aspect-ratio\"><div class=\"wp-block-embed__wrapper\">\n<iframe title=\"O G\u00eanio do Crime | Trailer Oficial\" width=\"696\" height=\"392\" src=\"https:\/\/www.youtube.com\/embed\/fU7JkJyw4oo?feature=oembed\" frameborder=\"0\" allow=\"accelerometer; autoplay; clipboard-write; encrypted-media; gyroscope; picture-in-picture; web-share\" referrerpolicy=\"strict-origin-when-cross-origin\" allowfullscreen><\/iframe>\n<\/div><\/figure>\n\n\n\n<p>\u201cO G\u00eanio do Crime\u201d, que estreia em 14 de maio nos cinemas, \u00e9 um projeto de Tiago Mello\u200b&nbsp;(\u201c3%\u201d),\u200b&nbsp;respons\u00e1vel tamb\u00e9m pela produ\u00e7\u00e3o,\u200b&nbsp;com \u200bd\u200bire\u00e7\u00e3o de Lipe Binder (\u201cBetinho: No Fio da Navalha\u201d, \u201cImp\u00e9rio\u201d),\u200b&nbsp;dire\u00e7\u00e3o de fotografia de Pedro Sotero (Bacurau), dire\u00e7\u00e3o de arte de Thales Junqueira (O Agente Secreto) e roteiro de Ana Reber (\u201cDepois do Universo\u201d).<\/p>\n\n\n\n<p>Produzido pela Boutique Filmes, em&nbsp;\u200bcoprodu\u00e7\u00e3o com a Globo Filmes, e distribu\u00eddo pela Paris Filmes, o longa conta ainda no elenco com Ailton Gra\u00e7a, Douglas Silva e Rafael Losso.<\/p>\n\n\n\n<p>O projeto foi realizado com recursos do Fomento Cult SP ProAC, programa do Governo do Estado de S\u00e3o Paulo, por meio da Secretaria da Cultura, Economia e Ind\u00fastria Criativas, e conta com apoio da Ag\u00eancia Nacional do Cinema (ANCINE), com recursos do Fundo Setorial do Audiovisual e da Lei do Audiovisual.<\/p>\n","protected":false},"excerpt":{"rendered":"<p>O G\u00eanio do Crime est\u00e1 \u00e0 solta pelas ruas de S\u00e3o Paulo, envolvido em um engenhoso esquema de falsifica\u00e7\u00e3o de uma rara figurinha da Copa do Mundo. O trailer oficial, divulgado hoje pela Paris Filmes, apresenta os \u00fanicos capazes de desvendar o mist\u00e9rio que amea\u00e7a levar \u00e0 fal\u00eancia a tradicional f\u00e1brica Escanteio: Jo\u00e3o, Edmundo, Berenice [&hellip;]<\/p>\n","protected":false},"author":3,"featured_media":43429,"comment_status":"open","ping_status":"open","sticky":false,"template":"","format":"standard","meta":{"_monsterinsights_skip_tracking":false,"_monsterinsights_sitenote_active":false,"_monsterinsights_sitenote_note":"","_monsterinsights_sitenote_category":0,"footnotes":""},"categories":[38],"tags":[],"yoast_head":"<!-- This site is optimized with the Yoast SEO plugin v22.9 - https:\/\/yoast.com\/wordpress\/plugins\/seo\/ -->\n<title>\u00a0\u200b\u201cO G\u00eanio do Crime\u201d ganha trailer oficial - Portal MF<\/title>\n<meta name=\"robots\" content=\"index, follow, max-snippet:-1, max-image-preview:large, max-video-preview:-1\" \/>\n<link rel=\"canonical\" href=\"https:\/\/portalmf.com.br\/index.php\/2026\/04\/17\/o-genio-do-crime-ganha-trailer-oficial\/\" \/>\n<meta property=\"og:locale\" content=\"pt_BR\" \/>\n<meta property=\"og:type\" content=\"article\" \/>\n<meta property=\"og:title\" content=\"\u00a0\u200b\u201cO G\u00eanio do Crime\u201d ganha trailer oficial - Portal MF\" \/>\n<meta property=\"og:description\" content=\"O G\u00eanio do Crime est\u00e1 \u00e0 solta pelas ruas de S\u00e3o Paulo, envolvido em um engenhoso esquema de falsifica\u00e7\u00e3o de uma rara figurinha da Copa do Mundo. O trailer oficial, divulgado hoje pela Paris Filmes, apresenta os \u00fanicos capazes de desvendar o mist\u00e9rio que amea\u00e7a levar \u00e0 fal\u00eancia a tradicional f\u00e1brica Escanteio: Jo\u00e3o, Edmundo, Berenice [&hellip;]\" \/>\n<meta property=\"og:url\" content=\"https:\/\/portalmf.com.br\/index.php\/2026\/04\/17\/o-genio-do-crime-ganha-trailer-oficial\/\" \/>\n<meta property=\"og:site_name\" content=\"Portal MF\" \/>\n<meta property=\"article:author\" content=\"https:\/\/www.facebook.com\/portalmfoficial\" \/>\n<meta property=\"article:published_time\" content=\"2026-04-17T20:37:15+00:00\" \/>\n<meta property=\"article:modified_time\" content=\"2026-04-17T20:37:17+00:00\" \/>\n<meta property=\"og:image\" content=\"https:\/\/portalmf.com.br\/wp-content\/uploads\/2026\/04\/unnamed-3.jpg\" \/>\n\t<meta property=\"og:image:width\" content=\"800\" \/>\n\t<meta property=\"og:image:height\" content=\"533\" \/>\n\t<meta property=\"og:image:type\" content=\"image\/jpeg\" \/>\n<meta name=\"author\" content=\"Reda\u00e7\u00e3o Portal MF\" \/>\n<meta name=\"twitter:card\" content=\"summary_large_image\" \/>\n<meta name=\"twitter:creator\" content=\"@https:\/\/x.com\/portalmfoficial\" \/>\n<meta name=\"twitter:label1\" content=\"Escrito por\" \/>\n\t<meta name=\"twitter:data1\" content=\"Reda\u00e7\u00e3o Portal MF\" \/>\n\t<meta name=\"twitter:label2\" content=\"Est. tempo de leitura\" \/>\n\t<meta name=\"twitter:data2\" content=\"2 minutos\" \/>\n<script type=\"application\/ld+json\" class=\"yoast-schema-graph\">{\"@context\":\"https:\/\/schema.org\",\"@graph\":[{\"@type\":\"WebPage\",\"@id\":\"https:\/\/portalmf.com.br\/index.php\/2026\/04\/17\/o-genio-do-crime-ganha-trailer-oficial\/\",\"url\":\"https:\/\/portalmf.com.br\/index.php\/2026\/04\/17\/o-genio-do-crime-ganha-trailer-oficial\/\",\"name\":\"\u00a0\u200b\u201cO G\u00eanio do Crime\u201d ganha trailer oficial - Portal MF\",\"isPartOf\":{\"@id\":\"https:\/\/portalmf.com.br\/#website\"},\"primaryImageOfPage\":{\"@id\":\"https:\/\/portalmf.com.br\/index.php\/2026\/04\/17\/o-genio-do-crime-ganha-trailer-oficial\/#primaryimage\"},\"image\":{\"@id\":\"https:\/\/portalmf.com.br\/index.php\/2026\/04\/17\/o-genio-do-crime-ganha-trailer-oficial\/#primaryimage\"},\"thumbnailUrl\":\"https:\/\/portalmf.com.br\/wp-content\/uploads\/2026\/04\/unnamed-3.jpg\",\"datePublished\":\"2026-04-17T20:37:15+00:00\",\"dateModified\":\"2026-04-17T20:37:17+00:00\",\"author\":{\"@id\":\"https:\/\/portalmf.com.br\/#\/schema\/person\/9ec101baf56233e53520c26de5d6f6f0\"},\"breadcrumb\":{\"@id\":\"https:\/\/portalmf.com.br\/index.php\/2026\/04\/17\/o-genio-do-crime-ganha-trailer-oficial\/#breadcrumb\"},\"inLanguage\":\"pt-BR\",\"potentialAction\":[{\"@type\":\"ReadAction\",\"target\":[\"https:\/\/portalmf.com.br\/index.php\/2026\/04\/17\/o-genio-do-crime-ganha-trailer-oficial\/\"]}]},{\"@type\":\"ImageObject\",\"inLanguage\":\"pt-BR\",\"@id\":\"https:\/\/portalmf.com.br\/index.php\/2026\/04\/17\/o-genio-do-crime-ganha-trailer-oficial\/#primaryimage\",\"url\":\"https:\/\/portalmf.com.br\/wp-content\/uploads\/2026\/04\/unnamed-3.jpg\",\"contentUrl\":\"https:\/\/portalmf.com.br\/wp-content\/uploads\/2026\/04\/unnamed-3.jpg\",\"width\":800,\"height\":533,\"caption\":\"SAO PAULO, SP, BRASIL, 09-07-2025: CONTEUDO TELA - Abertura do programa do Mister Mist\u00e9rio. . Durante a Copa do Mundo, o \u00e1lbum de figurinhas \u00e9 a maior febre entre os alunos do Col\u00e9gio Tr\u00eas Bandeiras. Gordo, l\u00edder de um grupo empenhado em completar o \u00e1lbum, descobre uma opera\u00e7\u00e3o de falsifica\u00e7\u00e3o de figurinhas, at\u00e9 ent\u00e3o, imposs\u00edvel de ser desvendada. Ao lado dos amigos \u2014 e de Berenice, uma garota esperta por quem se apaixona \u2014 ele embarca numa investiga\u00e7\u00e3o cheia de suspense, aventura e humor, onde a paix\u00e3o pelo futebol se une \u00e0 busca por justi\u00e7a.Baseado em um dos maiores cl\u00e1ssicos da literatura brasileira, com mais de 1 milh\u00e3o de c\u00f3pias vendidas, a obra de Jo\u00e3o Carlos Marinho \u00e9 refer\u00eancia para diversas gera\u00e7\u00f5es e agora ganha uma superprodu\u00e7\u00e3o para as telonas. (Foto: Fabio Braga\/Piv\u00f4 Audiovisual) DIVULGA\u00c7\u00c3O.\"},{\"@type\":\"BreadcrumbList\",\"@id\":\"https:\/\/portalmf.com.br\/index.php\/2026\/04\/17\/o-genio-do-crime-ganha-trailer-oficial\/#breadcrumb\",\"itemListElement\":[{\"@type\":\"ListItem\",\"position\":1,\"name\":\"In\u00edcio\",\"item\":\"https:\/\/portalmf.com.br\/\"},{\"@type\":\"ListItem\",\"position\":2,\"name\":\"\u00a0\u200b\u201cO G\u00eanio do Crime\u201d ganha trailer oficial\"}]},{\"@type\":\"WebSite\",\"@id\":\"https:\/\/portalmf.com.br\/#website\",\"url\":\"https:\/\/portalmf.com.br\/\",\"name\":\"Portal MF\",\"description\":\"Voc\u00ea conectado com a informa\u00e7\u00e3o\",\"potentialAction\":[{\"@type\":\"SearchAction\",\"target\":{\"@type\":\"EntryPoint\",\"urlTemplate\":\"https:\/\/portalmf.com.br\/?s={search_term_string}\"},\"query-input\":\"required name=search_term_string\"}],\"inLanguage\":\"pt-BR\"},{\"@type\":\"Person\",\"@id\":\"https:\/\/portalmf.com.br\/#\/schema\/person\/9ec101baf56233e53520c26de5d6f6f0\",\"name\":\"Reda\u00e7\u00e3o Portal MF\",\"image\":{\"@type\":\"ImageObject\",\"inLanguage\":\"pt-BR\",\"@id\":\"https:\/\/portalmf.com.br\/#\/schema\/person\/image\/\",\"url\":\"https:\/\/secure.gravatar.com\/avatar\/41b9aaeb2100835f7c64362330f74c7f?s=96&d=mm&r=g\",\"contentUrl\":\"https:\/\/secure.gravatar.com\/avatar\/41b9aaeb2100835f7c64362330f74c7f?s=96&d=mm&r=g\",\"caption\":\"Reda\u00e7\u00e3o Portal MF\"},\"description\":\"Sejam bem-vindos o portal de informa\u00e7\u00f5es de entretenimento de Feira de Santana, desde 2006 realiza coberturas dos principais eventos com entrevistas exclusivas com as principais personalidades mundiais. Fique conectado tamb\u00e9m nas redes sociais.\",\"sameAs\":[\"http:\/\/www.portalmf.com.br\/\",\"https:\/\/www.facebook.com\/portalmfoficial\",\"https:\/\/www.instagram.com\/portalmf\/\",\"https:\/\/x.com\/https:\/\/x.com\/portalmfoficial\",\"https:\/\/www.youtube.com\/@portalmfoficial\"],\"url\":\"https:\/\/portalmf.com.br\/index.php\/author\/junior\/\"}]}<\/script>\n<!-- \/ Yoast SEO plugin. -->","yoast_head_json":{"title":"\u00a0\u200b\u201cO G\u00eanio do Crime\u201d ganha trailer oficial - Portal MF","robots":{"index":"index","follow":"follow","max-snippet":"max-snippet:-1","max-image-preview":"max-image-preview:large","max-video-preview":"max-video-preview:-1"},"canonical":"https:\/\/portalmf.com.br\/index.php\/2026\/04\/17\/o-genio-do-crime-ganha-trailer-oficial\/","og_locale":"pt_BR","og_type":"article","og_title":"\u00a0\u200b\u201cO G\u00eanio do Crime\u201d ganha trailer oficial - Portal MF","og_description":"O G\u00eanio do Crime est\u00e1 \u00e0 solta pelas ruas de S\u00e3o Paulo, envolvido em um engenhoso esquema de falsifica\u00e7\u00e3o de uma rara figurinha da Copa do Mundo. O trailer oficial, divulgado hoje pela Paris Filmes, apresenta os \u00fanicos capazes de desvendar o mist\u00e9rio que amea\u00e7a levar \u00e0 fal\u00eancia a tradicional f\u00e1brica Escanteio: Jo\u00e3o, Edmundo, Berenice [&hellip;]","og_url":"https:\/\/portalmf.com.br\/index.php\/2026\/04\/17\/o-genio-do-crime-ganha-trailer-oficial\/","og_site_name":"Portal MF","article_author":"https:\/\/www.facebook.com\/portalmfoficial","article_published_time":"2026-04-17T20:37:15+00:00","article_modified_time":"2026-04-17T20:37:17+00:00","og_image":[{"width":800,"height":533,"url":"https:\/\/portalmf.com.br\/wp-content\/uploads\/2026\/04\/unnamed-3.jpg","type":"image\/jpeg"}],"author":"Reda\u00e7\u00e3o Portal MF","twitter_card":"summary_large_image","twitter_creator":"@https:\/\/x.com\/portalmfoficial","twitter_misc":{"Escrito por":"Reda\u00e7\u00e3o Portal MF","Est. tempo de leitura":"2 minutos"},"schema":{"@context":"https:\/\/schema.org","@graph":[{"@type":"WebPage","@id":"https:\/\/portalmf.com.br\/index.php\/2026\/04\/17\/o-genio-do-crime-ganha-trailer-oficial\/","url":"https:\/\/portalmf.com.br\/index.php\/2026\/04\/17\/o-genio-do-crime-ganha-trailer-oficial\/","name":"\u00a0\u200b\u201cO G\u00eanio do Crime\u201d ganha trailer oficial - Portal MF","isPartOf":{"@id":"https:\/\/portalmf.com.br\/#website"},"primaryImageOfPage":{"@id":"https:\/\/portalmf.com.br\/index.php\/2026\/04\/17\/o-genio-do-crime-ganha-trailer-oficial\/#primaryimage"},"image":{"@id":"https:\/\/portalmf.com.br\/index.php\/2026\/04\/17\/o-genio-do-crime-ganha-trailer-oficial\/#primaryimage"},"thumbnailUrl":"https:\/\/portalmf.com.br\/wp-content\/uploads\/2026\/04\/unnamed-3.jpg","datePublished":"2026-04-17T20:37:15+00:00","dateModified":"2026-04-17T20:37:17+00:00","author":{"@id":"https:\/\/portalmf.com.br\/#\/schema\/person\/9ec101baf56233e53520c26de5d6f6f0"},"breadcrumb":{"@id":"https:\/\/portalmf.com.br\/index.php\/2026\/04\/17\/o-genio-do-crime-ganha-trailer-oficial\/#breadcrumb"},"inLanguage":"pt-BR","potentialAction":[{"@type":"ReadAction","target":["https:\/\/portalmf.com.br\/index.php\/2026\/04\/17\/o-genio-do-crime-ganha-trailer-oficial\/"]}]},{"@type":"ImageObject","inLanguage":"pt-BR","@id":"https:\/\/portalmf.com.br\/index.php\/2026\/04\/17\/o-genio-do-crime-ganha-trailer-oficial\/#primaryimage","url":"https:\/\/portalmf.com.br\/wp-content\/uploads\/2026\/04\/unnamed-3.jpg","contentUrl":"https:\/\/portalmf.com.br\/wp-content\/uploads\/2026\/04\/unnamed-3.jpg","width":800,"height":533,"caption":"SAO PAULO, SP, BRASIL, 09-07-2025: CONTEUDO TELA - Abertura do programa do Mister Mist\u00e9rio. . Durante a Copa do Mundo, o \u00e1lbum de figurinhas \u00e9 a maior febre entre os alunos do Col\u00e9gio Tr\u00eas Bandeiras. Gordo, l\u00edder de um grupo empenhado em completar o \u00e1lbum, descobre uma opera\u00e7\u00e3o de falsifica\u00e7\u00e3o de figurinhas, at\u00e9 ent\u00e3o, imposs\u00edvel de ser desvendada. Ao lado dos amigos \u2014 e de Berenice, uma garota esperta por quem se apaixona \u2014 ele embarca numa investiga\u00e7\u00e3o cheia de suspense, aventura e humor, onde a paix\u00e3o pelo futebol se une \u00e0 busca por justi\u00e7a.Baseado em um dos maiores cl\u00e1ssicos da literatura brasileira, com mais de 1 milh\u00e3o de c\u00f3pias vendidas, a obra de Jo\u00e3o Carlos Marinho \u00e9 refer\u00eancia para diversas gera\u00e7\u00f5es e agora ganha uma superprodu\u00e7\u00e3o para as telonas. (Foto: Fabio Braga\/Piv\u00f4 Audiovisual) DIVULGA\u00c7\u00c3O."},{"@type":"BreadcrumbList","@id":"https:\/\/portalmf.com.br\/index.php\/2026\/04\/17\/o-genio-do-crime-ganha-trailer-oficial\/#breadcrumb","itemListElement":[{"@type":"ListItem","position":1,"name":"In\u00edcio","item":"https:\/\/portalmf.com.br\/"},{"@type":"ListItem","position":2,"name":"\u00a0\u200b\u201cO G\u00eanio do Crime\u201d ganha trailer oficial"}]},{"@type":"WebSite","@id":"https:\/\/portalmf.com.br\/#website","url":"https:\/\/portalmf.com.br\/","name":"Portal MF","description":"Voc\u00ea conectado com a informa\u00e7\u00e3o","potentialAction":[{"@type":"SearchAction","target":{"@type":"EntryPoint","urlTemplate":"https:\/\/portalmf.com.br\/?s={search_term_string}"},"query-input":"required name=search_term_string"}],"inLanguage":"pt-BR"},{"@type":"Person","@id":"https:\/\/portalmf.com.br\/#\/schema\/person\/9ec101baf56233e53520c26de5d6f6f0","name":"Reda\u00e7\u00e3o Portal MF","image":{"@type":"ImageObject","inLanguage":"pt-BR","@id":"https:\/\/portalmf.com.br\/#\/schema\/person\/image\/","url":"https:\/\/secure.gravatar.com\/avatar\/41b9aaeb2100835f7c64362330f74c7f?s=96&d=mm&r=g","contentUrl":"https:\/\/secure.gravatar.com\/avatar\/41b9aaeb2100835f7c64362330f74c7f?s=96&d=mm&r=g","caption":"Reda\u00e7\u00e3o Portal MF"},"description":"Sejam bem-vindos o portal de informa\u00e7\u00f5es de entretenimento de Feira de Santana, desde 2006 realiza coberturas dos principais eventos com entrevistas exclusivas com as principais personalidades mundiais. Fique conectado tamb\u00e9m nas redes sociais.","sameAs":["http:\/\/www.portalmf.com.br\/","https:\/\/www.facebook.com\/portalmfoficial","https:\/\/www.instagram.com\/portalmf\/","https:\/\/x.com\/https:\/\/x.com\/portalmfoficial","https:\/\/www.youtube.com\/@portalmfoficial"],"url":"https:\/\/portalmf.com.br\/index.php\/author\/junior\/"}]}},"_links":{"self":[{"href":"https:\/\/portalmf.com.br\/index.php\/wp-json\/wp\/v2\/posts\/43428"}],"collection":[{"href":"https:\/\/portalmf.com.br\/index.php\/wp-json\/wp\/v2\/posts"}],"about":[{"href":"https:\/\/portalmf.com.br\/index.php\/wp-json\/wp\/v2\/types\/post"}],"author":[{"embeddable":true,"href":"https:\/\/portalmf.com.br\/index.php\/wp-json\/wp\/v2\/users\/3"}],"replies":[{"embeddable":true,"href":"https:\/\/portalmf.com.br\/index.php\/wp-json\/wp\/v2\/comments?post=43428"}],"version-history":[{"count":1,"href":"https:\/\/portalmf.com.br\/index.php\/wp-json\/wp\/v2\/posts\/43428\/revisions"}],"predecessor-version":[{"id":43430,"href":"https:\/\/portalmf.com.br\/index.php\/wp-json\/wp\/v2\/posts\/43428\/revisions\/43430"}],"wp:featuredmedia":[{"embeddable":true,"href":"https:\/\/portalmf.com.br\/index.php\/wp-json\/wp\/v2\/media\/43429"}],"wp:attachment":[{"href":"https:\/\/portalmf.com.br\/index.php\/wp-json\/wp\/v2\/media?parent=43428"}],"wp:term":[{"taxonomy":"category","embeddable":true,"href":"https:\/\/portalmf.com.br\/index.php\/wp-json\/wp\/v2\/categories?post=43428"},{"taxonomy":"post_tag","embeddable":true,"href":"https:\/\/portalmf.com.br\/index.php\/wp-json\/wp\/v2\/tags?post=43428"}],"curies":[{"name":"wp","href":"https:\/\/api.w.org\/{rel}","templated":true}]}}