{"id":43416,"date":"2026-04-17T11:35:58","date_gmt":"2026-04-17T14:35:58","guid":{"rendered":"https:\/\/portalmf.com.br\/?p=43416"},"modified":"2026-04-17T11:35:59","modified_gmt":"2026-04-17T14:35:59","slug":"com-relatoria-de-marcio-marinho-camara-aprova-pdl-que-protege-a-producao-nacional-de-cacau","status":"publish","type":"post","link":"https:\/\/portalmf.com.br\/index.php\/2026\/04\/17\/com-relatoria-de-marcio-marinho-camara-aprova-pdl-que-protege-a-producao-nacional-de-cacau\/","title":{"rendered":"Com relatoria de M\u00e1rcio Marinho, C\u00e2mara aprova PDL que protege a produ\u00e7\u00e3o nacional de cacau"},"content":{"rendered":"\n<p><br>O plen\u00e1rio da C\u00e2mara dos Deputados aprovou o Projeto de Decreto Legislativo (PDL) 330\/2022, que refor\u00e7a o controle sanit\u00e1rio sobre a importa\u00e7\u00e3o de cacau, especialmente da Costa do Marfim. A mat\u00e9ria foi relatada em plen\u00e1rio pelo deputado federal M\u00e1rcio Marinho (Republicanos-BA).<\/p>\n\n\n\n<p>A aprova\u00e7\u00e3o ocorre ap\u00f3s mobiliza\u00e7\u00e3o de produtores de cacau em todo o pa\u00eds, com destaque para a Bahia, maior estado produtor. O setor vinha alertando para os impactos da Instru\u00e7\u00e3o Normativa n\u00ba 125\/2021, do Minist\u00e9rio da Agricultura, que flexibilizou exig\u00eancias para a entrada do produto estrangeiro, gerando inseguran\u00e7a no mercado e press\u00e3o sobre a produ\u00e7\u00e3o nacional.<\/p>\n\n\n\n<p>Como relator, M\u00e1rcio Marinho defendeu a atua\u00e7\u00e3o do Parlamento para corrigir os efeitos de uma norma administrativa que extrapolou os limites do poder regulamentar. Para o deputado, o PDL n\u00e3o fecha o mercado, mas restabelece crit\u00e9rios justos e rigor sanit\u00e1rio, protegendo quem produz no Brasil.<\/p>\n\n\n\n<p><em>\u201cEsse projeto garante seguran\u00e7a jur\u00eddica e respeito ao produtor brasileiro. N\u00e3o \u00e9 contra o com\u00e9rcio, \u00e9 a favor de regras equilibradas, que n\u00e3o penalizem quem trabalha certo e sustenta milhares de fam\u00edlias no campo\u201d,<\/em> afirmou.<\/p>\n\n\n\n<p>Durante a vota\u00e7\u00e3o, o presidente da C\u00e2mara, Hugo Motta, destacou a import\u00e2ncia da cadeia do cacau para a economia nacional e parabenizou os parlamentares envolvidos na constru\u00e7\u00e3o do acordo que levou \u00e0 aprova\u00e7\u00e3o do PDL.<\/p>\n\n\n\n<p><em>\u201cQuero saudar toda a comunidade que tem liga\u00e7\u00e3o com o cacau no Brasil, um setor que gera emprego e renda e tem enorme import\u00e2ncia para a nossa economia. Parabenizo o deputado M\u00e1rcio Marinho e todos aqueles que constru\u00edram a aprova\u00e7\u00e3o deste Projeto de Decreto Legislativo, um compromisso que assumimos de pautar quando estive recentemente na Bahia, ouvindo de perto a realidade e a for\u00e7a desse setor t\u00e3o importante da economia brasileira\u201d,<\/em> disse.<\/p>\n\n\n\n<p>A decis\u00e3o do plen\u00e1rio foi interpretada como uma resposta direta \u00e0s demandas do setor produtivo e \u00e0 necessidade de equilibrar o mercado, refor\u00e7ando os controles sanit\u00e1rios e protegendo a produ\u00e7\u00e3o nacional.<\/p>\n\n\n\n<p>Com a aprova\u00e7\u00e3o, ficam sustados os efeitos da norma que facilitava a importa\u00e7\u00e3o do cacau estrangeiro. Para agricultores familiares, pequenos e m\u00e9dios produtores, a medida representa um avan\u00e7o importante para garantir previsibilidade, estabilidade e fortalecimento da cadeia do cacau no Brasil. A proposta segue agora para o Senado.<\/p>\n","protected":false},"excerpt":{"rendered":"<p>O plen\u00e1rio da C\u00e2mara dos Deputados aprovou o Projeto de Decreto Legislativo (PDL) 330\/2022, que refor\u00e7a o controle sanit\u00e1rio sobre a importa\u00e7\u00e3o de cacau, especialmente da Costa do Marfim. A mat\u00e9ria foi relatada em plen\u00e1rio pelo deputado federal M\u00e1rcio Marinho (Republicanos-BA). A aprova\u00e7\u00e3o ocorre ap\u00f3s mobiliza\u00e7\u00e3o de produtores de cacau em todo o pa\u00eds, com [&hellip;]<\/p>\n","protected":false},"author":3,"featured_media":43417,"comment_status":"open","ping_status":"open","sticky":false,"template":"","format":"standard","meta":{"_monsterinsights_skip_tracking":false,"_monsterinsights_sitenote_active":false,"_monsterinsights_sitenote_note":"","_monsterinsights_sitenote_category":0,"footnotes":""},"categories":[34],"tags":[],"yoast_head":"<!-- This site is optimized with the Yoast SEO plugin v22.9 - https:\/\/yoast.com\/wordpress\/plugins\/seo\/ -->\n<title>Com relatoria de M\u00e1rcio Marinho, C\u00e2mara aprova PDL que protege a produ\u00e7\u00e3o nacional de cacau - Portal MF<\/title>\n<meta name=\"robots\" content=\"index, follow, max-snippet:-1, max-image-preview:large, max-video-preview:-1\" \/>\n<link rel=\"canonical\" href=\"https:\/\/portalmf.com.br\/index.php\/2026\/04\/17\/com-relatoria-de-marcio-marinho-camara-aprova-pdl-que-protege-a-producao-nacional-de-cacau\/\" \/>\n<meta property=\"og:locale\" content=\"pt_BR\" \/>\n<meta property=\"og:type\" content=\"article\" \/>\n<meta property=\"og:title\" content=\"Com relatoria de M\u00e1rcio Marinho, C\u00e2mara aprova PDL que protege a produ\u00e7\u00e3o nacional de cacau - Portal MF\" \/>\n<meta property=\"og:description\" content=\"O plen\u00e1rio da C\u00e2mara dos Deputados aprovou o Projeto de Decreto Legislativo (PDL) 330\/2022, que refor\u00e7a o controle sanit\u00e1rio sobre a importa\u00e7\u00e3o de cacau, especialmente da Costa do Marfim. A mat\u00e9ria foi relatada em plen\u00e1rio pelo deputado federal M\u00e1rcio Marinho (Republicanos-BA). A aprova\u00e7\u00e3o ocorre ap\u00f3s mobiliza\u00e7\u00e3o de produtores de cacau em todo o pa\u00eds, com [&hellip;]\" \/>\n<meta property=\"og:url\" content=\"https:\/\/portalmf.com.br\/index.php\/2026\/04\/17\/com-relatoria-de-marcio-marinho-camara-aprova-pdl-que-protege-a-producao-nacional-de-cacau\/\" \/>\n<meta property=\"og:site_name\" content=\"Portal MF\" \/>\n<meta property=\"article:author\" content=\"https:\/\/www.facebook.com\/portalmfoficial\" \/>\n<meta property=\"article:published_time\" content=\"2026-04-17T14:35:58+00:00\" \/>\n<meta property=\"article:modified_time\" content=\"2026-04-17T14:35:59+00:00\" \/>\n<meta property=\"og:image\" content=\"https:\/\/portalmf.com.br\/wp-content\/uploads\/2026\/04\/WhatsApp-Image-2026-04-16-at-10.28.13.jpeg\" \/>\n\t<meta property=\"og:image:width\" content=\"1600\" \/>\n\t<meta property=\"og:image:height\" content=\"1066\" \/>\n\t<meta property=\"og:image:type\" content=\"image\/jpeg\" \/>\n<meta name=\"author\" content=\"Reda\u00e7\u00e3o Portal MF\" \/>\n<meta name=\"twitter:card\" content=\"summary_large_image\" \/>\n<meta name=\"twitter:creator\" content=\"@https:\/\/x.com\/portalmfoficial\" \/>\n<meta name=\"twitter:label1\" content=\"Escrito por\" \/>\n\t<meta name=\"twitter:data1\" content=\"Reda\u00e7\u00e3o Portal MF\" \/>\n\t<meta name=\"twitter:label2\" content=\"Est. tempo de leitura\" \/>\n\t<meta name=\"twitter:data2\" content=\"3 minutos\" \/>\n<script type=\"application\/ld+json\" class=\"yoast-schema-graph\">{\"@context\":\"https:\/\/schema.org\",\"@graph\":[{\"@type\":\"WebPage\",\"@id\":\"https:\/\/portalmf.com.br\/index.php\/2026\/04\/17\/com-relatoria-de-marcio-marinho-camara-aprova-pdl-que-protege-a-producao-nacional-de-cacau\/\",\"url\":\"https:\/\/portalmf.com.br\/index.php\/2026\/04\/17\/com-relatoria-de-marcio-marinho-camara-aprova-pdl-que-protege-a-producao-nacional-de-cacau\/\",\"name\":\"Com relatoria de M\u00e1rcio Marinho, C\u00e2mara aprova PDL que protege a produ\u00e7\u00e3o nacional de cacau - Portal MF\",\"isPartOf\":{\"@id\":\"https:\/\/portalmf.com.br\/#website\"},\"primaryImageOfPage\":{\"@id\":\"https:\/\/portalmf.com.br\/index.php\/2026\/04\/17\/com-relatoria-de-marcio-marinho-camara-aprova-pdl-que-protege-a-producao-nacional-de-cacau\/#primaryimage\"},\"image\":{\"@id\":\"https:\/\/portalmf.com.br\/index.php\/2026\/04\/17\/com-relatoria-de-marcio-marinho-camara-aprova-pdl-que-protege-a-producao-nacional-de-cacau\/#primaryimage\"},\"thumbnailUrl\":\"https:\/\/portalmf.com.br\/wp-content\/uploads\/2026\/04\/WhatsApp-Image-2026-04-16-at-10.28.13.jpeg\",\"datePublished\":\"2026-04-17T14:35:58+00:00\",\"dateModified\":\"2026-04-17T14:35:59+00:00\",\"author\":{\"@id\":\"https:\/\/portalmf.com.br\/#\/schema\/person\/9ec101baf56233e53520c26de5d6f6f0\"},\"breadcrumb\":{\"@id\":\"https:\/\/portalmf.com.br\/index.php\/2026\/04\/17\/com-relatoria-de-marcio-marinho-camara-aprova-pdl-que-protege-a-producao-nacional-de-cacau\/#breadcrumb\"},\"inLanguage\":\"pt-BR\",\"potentialAction\":[{\"@type\":\"ReadAction\",\"target\":[\"https:\/\/portalmf.com.br\/index.php\/2026\/04\/17\/com-relatoria-de-marcio-marinho-camara-aprova-pdl-que-protege-a-producao-nacional-de-cacau\/\"]}]},{\"@type\":\"ImageObject\",\"inLanguage\":\"pt-BR\",\"@id\":\"https:\/\/portalmf.com.br\/index.php\/2026\/04\/17\/com-relatoria-de-marcio-marinho-camara-aprova-pdl-que-protege-a-producao-nacional-de-cacau\/#primaryimage\",\"url\":\"https:\/\/portalmf.com.br\/wp-content\/uploads\/2026\/04\/WhatsApp-Image-2026-04-16-at-10.28.13.jpeg\",\"contentUrl\":\"https:\/\/portalmf.com.br\/wp-content\/uploads\/2026\/04\/WhatsApp-Image-2026-04-16-at-10.28.13.jpeg\",\"width\":1600,\"height\":1066},{\"@type\":\"BreadcrumbList\",\"@id\":\"https:\/\/portalmf.com.br\/index.php\/2026\/04\/17\/com-relatoria-de-marcio-marinho-camara-aprova-pdl-que-protege-a-producao-nacional-de-cacau\/#breadcrumb\",\"itemListElement\":[{\"@type\":\"ListItem\",\"position\":1,\"name\":\"In\u00edcio\",\"item\":\"https:\/\/portalmf.com.br\/\"},{\"@type\":\"ListItem\",\"position\":2,\"name\":\"Com relatoria de M\u00e1rcio Marinho, C\u00e2mara aprova PDL que protege a produ\u00e7\u00e3o nacional de cacau\"}]},{\"@type\":\"WebSite\",\"@id\":\"https:\/\/portalmf.com.br\/#website\",\"url\":\"https:\/\/portalmf.com.br\/\",\"name\":\"Portal MF\",\"description\":\"Voc\u00ea conectado com a informa\u00e7\u00e3o\",\"potentialAction\":[{\"@type\":\"SearchAction\",\"target\":{\"@type\":\"EntryPoint\",\"urlTemplate\":\"https:\/\/portalmf.com.br\/?s={search_term_string}\"},\"query-input\":\"required name=search_term_string\"}],\"inLanguage\":\"pt-BR\"},{\"@type\":\"Person\",\"@id\":\"https:\/\/portalmf.com.br\/#\/schema\/person\/9ec101baf56233e53520c26de5d6f6f0\",\"name\":\"Reda\u00e7\u00e3o Portal MF\",\"image\":{\"@type\":\"ImageObject\",\"inLanguage\":\"pt-BR\",\"@id\":\"https:\/\/portalmf.com.br\/#\/schema\/person\/image\/\",\"url\":\"https:\/\/secure.gravatar.com\/avatar\/41b9aaeb2100835f7c64362330f74c7f?s=96&d=mm&r=g\",\"contentUrl\":\"https:\/\/secure.gravatar.com\/avatar\/41b9aaeb2100835f7c64362330f74c7f?s=96&d=mm&r=g\",\"caption\":\"Reda\u00e7\u00e3o Portal MF\"},\"description\":\"Sejam bem-vindos o portal de informa\u00e7\u00f5es de entretenimento de Feira de Santana, desde 2006 realiza coberturas dos principais eventos com entrevistas exclusivas com as principais personalidades mundiais. Fique conectado tamb\u00e9m nas redes sociais.\",\"sameAs\":[\"http:\/\/www.portalmf.com.br\/\",\"https:\/\/www.facebook.com\/portalmfoficial\",\"https:\/\/www.instagram.com\/portalmf\/\",\"https:\/\/x.com\/https:\/\/x.com\/portalmfoficial\",\"https:\/\/www.youtube.com\/@portalmfoficial\"],\"url\":\"https:\/\/portalmf.com.br\/index.php\/author\/junior\/\"}]}<\/script>\n<!-- \/ Yoast SEO plugin. -->","yoast_head_json":{"title":"Com relatoria de M\u00e1rcio Marinho, C\u00e2mara aprova PDL que protege a produ\u00e7\u00e3o nacional de cacau - Portal MF","robots":{"index":"index","follow":"follow","max-snippet":"max-snippet:-1","max-image-preview":"max-image-preview:large","max-video-preview":"max-video-preview:-1"},"canonical":"https:\/\/portalmf.com.br\/index.php\/2026\/04\/17\/com-relatoria-de-marcio-marinho-camara-aprova-pdl-que-protege-a-producao-nacional-de-cacau\/","og_locale":"pt_BR","og_type":"article","og_title":"Com relatoria de M\u00e1rcio Marinho, C\u00e2mara aprova PDL que protege a produ\u00e7\u00e3o nacional de cacau - Portal MF","og_description":"O plen\u00e1rio da C\u00e2mara dos Deputados aprovou o Projeto de Decreto Legislativo (PDL) 330\/2022, que refor\u00e7a o controle sanit\u00e1rio sobre a importa\u00e7\u00e3o de cacau, especialmente da Costa do Marfim. A mat\u00e9ria foi relatada em plen\u00e1rio pelo deputado federal M\u00e1rcio Marinho (Republicanos-BA). A aprova\u00e7\u00e3o ocorre ap\u00f3s mobiliza\u00e7\u00e3o de produtores de cacau em todo o pa\u00eds, com [&hellip;]","og_url":"https:\/\/portalmf.com.br\/index.php\/2026\/04\/17\/com-relatoria-de-marcio-marinho-camara-aprova-pdl-que-protege-a-producao-nacional-de-cacau\/","og_site_name":"Portal MF","article_author":"https:\/\/www.facebook.com\/portalmfoficial","article_published_time":"2026-04-17T14:35:58+00:00","article_modified_time":"2026-04-17T14:35:59+00:00","og_image":[{"width":1600,"height":1066,"url":"https:\/\/portalmf.com.br\/wp-content\/uploads\/2026\/04\/WhatsApp-Image-2026-04-16-at-10.28.13.jpeg","type":"image\/jpeg"}],"author":"Reda\u00e7\u00e3o Portal MF","twitter_card":"summary_large_image","twitter_creator":"@https:\/\/x.com\/portalmfoficial","twitter_misc":{"Escrito por":"Reda\u00e7\u00e3o Portal MF","Est. tempo de leitura":"3 minutos"},"schema":{"@context":"https:\/\/schema.org","@graph":[{"@type":"WebPage","@id":"https:\/\/portalmf.com.br\/index.php\/2026\/04\/17\/com-relatoria-de-marcio-marinho-camara-aprova-pdl-que-protege-a-producao-nacional-de-cacau\/","url":"https:\/\/portalmf.com.br\/index.php\/2026\/04\/17\/com-relatoria-de-marcio-marinho-camara-aprova-pdl-que-protege-a-producao-nacional-de-cacau\/","name":"Com relatoria de M\u00e1rcio Marinho, C\u00e2mara aprova PDL que protege a produ\u00e7\u00e3o nacional de cacau - Portal MF","isPartOf":{"@id":"https:\/\/portalmf.com.br\/#website"},"primaryImageOfPage":{"@id":"https:\/\/portalmf.com.br\/index.php\/2026\/04\/17\/com-relatoria-de-marcio-marinho-camara-aprova-pdl-que-protege-a-producao-nacional-de-cacau\/#primaryimage"},"image":{"@id":"https:\/\/portalmf.com.br\/index.php\/2026\/04\/17\/com-relatoria-de-marcio-marinho-camara-aprova-pdl-que-protege-a-producao-nacional-de-cacau\/#primaryimage"},"thumbnailUrl":"https:\/\/portalmf.com.br\/wp-content\/uploads\/2026\/04\/WhatsApp-Image-2026-04-16-at-10.28.13.jpeg","datePublished":"2026-04-17T14:35:58+00:00","dateModified":"2026-04-17T14:35:59+00:00","author":{"@id":"https:\/\/portalmf.com.br\/#\/schema\/person\/9ec101baf56233e53520c26de5d6f6f0"},"breadcrumb":{"@id":"https:\/\/portalmf.com.br\/index.php\/2026\/04\/17\/com-relatoria-de-marcio-marinho-camara-aprova-pdl-que-protege-a-producao-nacional-de-cacau\/#breadcrumb"},"inLanguage":"pt-BR","potentialAction":[{"@type":"ReadAction","target":["https:\/\/portalmf.com.br\/index.php\/2026\/04\/17\/com-relatoria-de-marcio-marinho-camara-aprova-pdl-que-protege-a-producao-nacional-de-cacau\/"]}]},{"@type":"ImageObject","inLanguage":"pt-BR","@id":"https:\/\/portalmf.com.br\/index.php\/2026\/04\/17\/com-relatoria-de-marcio-marinho-camara-aprova-pdl-que-protege-a-producao-nacional-de-cacau\/#primaryimage","url":"https:\/\/portalmf.com.br\/wp-content\/uploads\/2026\/04\/WhatsApp-Image-2026-04-16-at-10.28.13.jpeg","contentUrl":"https:\/\/portalmf.com.br\/wp-content\/uploads\/2026\/04\/WhatsApp-Image-2026-04-16-at-10.28.13.jpeg","width":1600,"height":1066},{"@type":"BreadcrumbList","@id":"https:\/\/portalmf.com.br\/index.php\/2026\/04\/17\/com-relatoria-de-marcio-marinho-camara-aprova-pdl-que-protege-a-producao-nacional-de-cacau\/#breadcrumb","itemListElement":[{"@type":"ListItem","position":1,"name":"In\u00edcio","item":"https:\/\/portalmf.com.br\/"},{"@type":"ListItem","position":2,"name":"Com relatoria de M\u00e1rcio Marinho, C\u00e2mara aprova PDL que protege a produ\u00e7\u00e3o nacional de cacau"}]},{"@type":"WebSite","@id":"https:\/\/portalmf.com.br\/#website","url":"https:\/\/portalmf.com.br\/","name":"Portal MF","description":"Voc\u00ea conectado com a informa\u00e7\u00e3o","potentialAction":[{"@type":"SearchAction","target":{"@type":"EntryPoint","urlTemplate":"https:\/\/portalmf.com.br\/?s={search_term_string}"},"query-input":"required name=search_term_string"}],"inLanguage":"pt-BR"},{"@type":"Person","@id":"https:\/\/portalmf.com.br\/#\/schema\/person\/9ec101baf56233e53520c26de5d6f6f0","name":"Reda\u00e7\u00e3o Portal MF","image":{"@type":"ImageObject","inLanguage":"pt-BR","@id":"https:\/\/portalmf.com.br\/#\/schema\/person\/image\/","url":"https:\/\/secure.gravatar.com\/avatar\/41b9aaeb2100835f7c64362330f74c7f?s=96&d=mm&r=g","contentUrl":"https:\/\/secure.gravatar.com\/avatar\/41b9aaeb2100835f7c64362330f74c7f?s=96&d=mm&r=g","caption":"Reda\u00e7\u00e3o Portal MF"},"description":"Sejam bem-vindos o portal de informa\u00e7\u00f5es de entretenimento de Feira de Santana, desde 2006 realiza coberturas dos principais eventos com entrevistas exclusivas com as principais personalidades mundiais. Fique conectado tamb\u00e9m nas redes sociais.","sameAs":["http:\/\/www.portalmf.com.br\/","https:\/\/www.facebook.com\/portalmfoficial","https:\/\/www.instagram.com\/portalmf\/","https:\/\/x.com\/https:\/\/x.com\/portalmfoficial","https:\/\/www.youtube.com\/@portalmfoficial"],"url":"https:\/\/portalmf.com.br\/index.php\/author\/junior\/"}]}},"_links":{"self":[{"href":"https:\/\/portalmf.com.br\/index.php\/wp-json\/wp\/v2\/posts\/43416"}],"collection":[{"href":"https:\/\/portalmf.com.br\/index.php\/wp-json\/wp\/v2\/posts"}],"about":[{"href":"https:\/\/portalmf.com.br\/index.php\/wp-json\/wp\/v2\/types\/post"}],"author":[{"embeddable":true,"href":"https:\/\/portalmf.com.br\/index.php\/wp-json\/wp\/v2\/users\/3"}],"replies":[{"embeddable":true,"href":"https:\/\/portalmf.com.br\/index.php\/wp-json\/wp\/v2\/comments?post=43416"}],"version-history":[{"count":1,"href":"https:\/\/portalmf.com.br\/index.php\/wp-json\/wp\/v2\/posts\/43416\/revisions"}],"predecessor-version":[{"id":43418,"href":"https:\/\/portalmf.com.br\/index.php\/wp-json\/wp\/v2\/posts\/43416\/revisions\/43418"}],"wp:featuredmedia":[{"embeddable":true,"href":"https:\/\/portalmf.com.br\/index.php\/wp-json\/wp\/v2\/media\/43417"}],"wp:attachment":[{"href":"https:\/\/portalmf.com.br\/index.php\/wp-json\/wp\/v2\/media?parent=43416"}],"wp:term":[{"taxonomy":"category","embeddable":true,"href":"https:\/\/portalmf.com.br\/index.php\/wp-json\/wp\/v2\/categories?post=43416"},{"taxonomy":"post_tag","embeddable":true,"href":"https:\/\/portalmf.com.br\/index.php\/wp-json\/wp\/v2\/tags?post=43416"}],"curies":[{"name":"wp","href":"https:\/\/api.w.org\/{rel}","templated":true}]}}