{"id":43409,"date":"2026-04-17T06:47:00","date_gmt":"2026-04-17T09:47:00","guid":{"rendered":"https:\/\/portalmf.com.br\/?p=43409"},"modified":"2026-04-17T11:25:19","modified_gmt":"2026-04-17T14:25:19","slug":"classico-e-contemporaneo-se-encontram-em-novo-forro-que-ganha-forca-no-periodo-junino","status":"publish","type":"post","link":"https:\/\/portalmf.com.br\/index.php\/2026\/04\/17\/classico-e-contemporaneo-se-encontram-em-novo-forro-que-ganha-forca-no-periodo-junino\/","title":{"rendered":"Cl\u00e1ssico e contempor\u00e2neo se encontram em novo forr\u00f3 que ganha for\u00e7a no per\u00edodo junino"},"content":{"rendered":"\n<p>Em meio ao aquecimento dos festejos juninos, uma faixa tem chamado aten\u00e7\u00e3o ao unir diferentes tempos do forr\u00f3 em uma mesma constru\u00e7\u00e3o musical. \u201cForr\u00f3 Bem Safadinho\u201d, dispon\u00edvel nas plataformas digitais , vem conquistando o p\u00fablico com uma proposta que conecta tradi\u00e7\u00e3o e atualidade de forma direta e envolvente. Resultado do encontro entre a banda Tio Man\u00e9 e o consagrado Trio Nordestino, a m\u00fasica tem registrado uma resposta positiva desde o lan\u00e7amento, com crescente identifica\u00e7\u00e3o do p\u00fablico, especialmente nas apresenta\u00e7\u00f5es ao vivo e no ambiente digital.<\/p>\n\n\n\n<p>A faixa, composta por Jailson Borges, aposta em uma sonoridade que resgata elementos cl\u00e1ssicos do g\u00eanero, ao mesmo tempo em que imprime leveza, irrever\u00eancia e uma comunica\u00e7\u00e3o acess\u00edvel.<\/p>\n\n\n\n<p>Mais do que uma colabora\u00e7\u00e3o, o single se firma como um ponto de converg\u00eancia entre gera\u00e7\u00f5es, refor\u00e7ando a continuidade do forr\u00f3 como express\u00e3o cultural viva. A presen\u00e7a do Trio Nordestino agrega \u00e0 can\u00e7\u00e3o uma camada de legitimidade hist\u00f3rica, enquanto a interpreta\u00e7\u00e3o da banda Tio Man\u00e9 contribui com uma leitura contempor\u00e2nea.<br>Com cad\u00eancia envolvente e atmosfera que remete ao tradicional \u2018dan\u00e7ar agarradinho\u2019, a can\u00e7\u00e3o se consolida como uma das apostas do per\u00edodo, acompanhando o ritmo das festas e ampliando seu alcance junto ao p\u00fablico. \u00c0 frente da banda Tio Man\u00e9, o cantor Tiago Cardoso destaca o impacto imediato da m\u00fasica.<\/p>\n\n\n\n<p><em>\u201cA gente percebeu muito r\u00e1pido a conex\u00e3o com o p\u00fablico. \u00c9 uma m\u00fasica que funciona, que cria clima, que aproxima. E ter o Trio Nordestino com a gente nisso tudo torna ainda mais especial\u201d,<\/em> afirma.<\/p>\n\n\n\n<p>Em trajet\u00f3ria de crescimento, a banda Tio Man\u00e9 segue investindo em um repert\u00f3rio que equilibra refer\u00eancias e novidades, construindo uma identidade que dialoga com diferentes p\u00fablicos sem perder de vista a ess\u00eancia do forr\u00f3. Em breve, a banda vai come\u00e7ar a divulgar seus destinos na turn\u00ea de S\u00e3o Jo\u00e3o, que promete rodar pelos quatro cantos da Bahia.<\/p>\n","protected":false},"excerpt":{"rendered":"<p>Em meio ao aquecimento dos festejos juninos, uma faixa tem chamado aten\u00e7\u00e3o ao unir diferentes tempos do forr\u00f3 em uma mesma constru\u00e7\u00e3o musical. \u201cForr\u00f3 Bem Safadinho\u201d, dispon\u00edvel nas plataformas digitais , vem conquistando o p\u00fablico com uma proposta que conecta tradi\u00e7\u00e3o e atualidade de forma direta e envolvente. Resultado do encontro entre a banda Tio [&hellip;]<\/p>\n","protected":false},"author":3,"featured_media":43024,"comment_status":"open","ping_status":"open","sticky":false,"template":"","format":"standard","meta":{"_monsterinsights_skip_tracking":false,"_monsterinsights_sitenote_active":false,"_monsterinsights_sitenote_note":"","_monsterinsights_sitenote_category":0,"footnotes":""},"categories":[47,296],"tags":[],"yoast_head":"<!-- This site is optimized with the Yoast SEO plugin v22.9 - https:\/\/yoast.com\/wordpress\/plugins\/seo\/ -->\n<title>Cl\u00e1ssico e contempor\u00e2neo se encontram em novo forr\u00f3 que ganha for\u00e7a no per\u00edodo junino - Portal MF<\/title>\n<meta name=\"robots\" content=\"index, follow, max-snippet:-1, max-image-preview:large, max-video-preview:-1\" \/>\n<link rel=\"canonical\" href=\"https:\/\/portalmf.com.br\/index.php\/2026\/04\/17\/classico-e-contemporaneo-se-encontram-em-novo-forro-que-ganha-forca-no-periodo-junino\/\" \/>\n<meta property=\"og:locale\" content=\"pt_BR\" \/>\n<meta property=\"og:type\" content=\"article\" \/>\n<meta property=\"og:title\" content=\"Cl\u00e1ssico e contempor\u00e2neo se encontram em novo forr\u00f3 que ganha for\u00e7a no per\u00edodo junino - Portal MF\" \/>\n<meta property=\"og:description\" content=\"Em meio ao aquecimento dos festejos juninos, uma faixa tem chamado aten\u00e7\u00e3o ao unir diferentes tempos do forr\u00f3 em uma mesma constru\u00e7\u00e3o musical. \u201cForr\u00f3 Bem Safadinho\u201d, dispon\u00edvel nas plataformas digitais , vem conquistando o p\u00fablico com uma proposta que conecta tradi\u00e7\u00e3o e atualidade de forma direta e envolvente. Resultado do encontro entre a banda Tio [&hellip;]\" \/>\n<meta property=\"og:url\" content=\"https:\/\/portalmf.com.br\/index.php\/2026\/04\/17\/classico-e-contemporaneo-se-encontram-em-novo-forro-que-ganha-forca-no-periodo-junino\/\" \/>\n<meta property=\"og:site_name\" content=\"Portal MF\" \/>\n<meta property=\"article:author\" content=\"https:\/\/www.facebook.com\/portalmfoficial\" \/>\n<meta property=\"article:published_time\" content=\"2026-04-17T09:47:00+00:00\" \/>\n<meta property=\"article:modified_time\" content=\"2026-04-17T14:25:19+00:00\" \/>\n<meta property=\"og:image\" content=\"https:\/\/portalmf.com.br\/wp-content\/uploads\/2026\/04\/Banda-Tio-Mane-lanca-single-Forro-Bem-Safadinho-Feat-com-Trio-Nordestino-e1775485040864.jpg\" \/>\n\t<meta property=\"og:image:width\" content=\"1200\" \/>\n\t<meta property=\"og:image:height\" content=\"747\" \/>\n\t<meta property=\"og:image:type\" content=\"image\/jpeg\" \/>\n<meta name=\"author\" content=\"Reda\u00e7\u00e3o Portal MF\" \/>\n<meta name=\"twitter:card\" content=\"summary_large_image\" \/>\n<meta name=\"twitter:creator\" content=\"@https:\/\/x.com\/portalmfoficial\" \/>\n<meta name=\"twitter:label1\" content=\"Escrito por\" \/>\n\t<meta name=\"twitter:data1\" content=\"Reda\u00e7\u00e3o Portal MF\" \/>\n\t<meta name=\"twitter:label2\" content=\"Est. tempo de leitura\" \/>\n\t<meta name=\"twitter:data2\" content=\"2 minutos\" \/>\n<script type=\"application\/ld+json\" class=\"yoast-schema-graph\">{\"@context\":\"https:\/\/schema.org\",\"@graph\":[{\"@type\":\"WebPage\",\"@id\":\"https:\/\/portalmf.com.br\/index.php\/2026\/04\/17\/classico-e-contemporaneo-se-encontram-em-novo-forro-que-ganha-forca-no-periodo-junino\/\",\"url\":\"https:\/\/portalmf.com.br\/index.php\/2026\/04\/17\/classico-e-contemporaneo-se-encontram-em-novo-forro-que-ganha-forca-no-periodo-junino\/\",\"name\":\"Cl\u00e1ssico e contempor\u00e2neo se encontram em novo forr\u00f3 que ganha for\u00e7a no per\u00edodo junino - Portal MF\",\"isPartOf\":{\"@id\":\"https:\/\/portalmf.com.br\/#website\"},\"primaryImageOfPage\":{\"@id\":\"https:\/\/portalmf.com.br\/index.php\/2026\/04\/17\/classico-e-contemporaneo-se-encontram-em-novo-forro-que-ganha-forca-no-periodo-junino\/#primaryimage\"},\"image\":{\"@id\":\"https:\/\/portalmf.com.br\/index.php\/2026\/04\/17\/classico-e-contemporaneo-se-encontram-em-novo-forro-que-ganha-forca-no-periodo-junino\/#primaryimage\"},\"thumbnailUrl\":\"https:\/\/portalmf.com.br\/wp-content\/uploads\/2026\/04\/Banda-Tio-Mane-lanca-single-Forro-Bem-Safadinho-Feat-com-Trio-Nordestino-e1775485040864.jpg\",\"datePublished\":\"2026-04-17T09:47:00+00:00\",\"dateModified\":\"2026-04-17T14:25:19+00:00\",\"author\":{\"@id\":\"https:\/\/portalmf.com.br\/#\/schema\/person\/9ec101baf56233e53520c26de5d6f6f0\"},\"breadcrumb\":{\"@id\":\"https:\/\/portalmf.com.br\/index.php\/2026\/04\/17\/classico-e-contemporaneo-se-encontram-em-novo-forro-que-ganha-forca-no-periodo-junino\/#breadcrumb\"},\"inLanguage\":\"pt-BR\",\"potentialAction\":[{\"@type\":\"ReadAction\",\"target\":[\"https:\/\/portalmf.com.br\/index.php\/2026\/04\/17\/classico-e-contemporaneo-se-encontram-em-novo-forro-que-ganha-forca-no-periodo-junino\/\"]}]},{\"@type\":\"ImageObject\",\"inLanguage\":\"pt-BR\",\"@id\":\"https:\/\/portalmf.com.br\/index.php\/2026\/04\/17\/classico-e-contemporaneo-se-encontram-em-novo-forro-que-ganha-forca-no-periodo-junino\/#primaryimage\",\"url\":\"https:\/\/portalmf.com.br\/wp-content\/uploads\/2026\/04\/Banda-Tio-Mane-lanca-single-Forro-Bem-Safadinho-Feat-com-Trio-Nordestino-e1775485040864.jpg\",\"contentUrl\":\"https:\/\/portalmf.com.br\/wp-content\/uploads\/2026\/04\/Banda-Tio-Mane-lanca-single-Forro-Bem-Safadinho-Feat-com-Trio-Nordestino-e1775485040864.jpg\",\"width\":1200,\"height\":747},{\"@type\":\"BreadcrumbList\",\"@id\":\"https:\/\/portalmf.com.br\/index.php\/2026\/04\/17\/classico-e-contemporaneo-se-encontram-em-novo-forro-que-ganha-forca-no-periodo-junino\/#breadcrumb\",\"itemListElement\":[{\"@type\":\"ListItem\",\"position\":1,\"name\":\"In\u00edcio\",\"item\":\"https:\/\/portalmf.com.br\/\"},{\"@type\":\"ListItem\",\"position\":2,\"name\":\"Cl\u00e1ssico e contempor\u00e2neo se encontram em novo forr\u00f3 que ganha for\u00e7a no per\u00edodo junino\"}]},{\"@type\":\"WebSite\",\"@id\":\"https:\/\/portalmf.com.br\/#website\",\"url\":\"https:\/\/portalmf.com.br\/\",\"name\":\"Portal MF\",\"description\":\"Voc\u00ea conectado com a informa\u00e7\u00e3o\",\"potentialAction\":[{\"@type\":\"SearchAction\",\"target\":{\"@type\":\"EntryPoint\",\"urlTemplate\":\"https:\/\/portalmf.com.br\/?s={search_term_string}\"},\"query-input\":\"required name=search_term_string\"}],\"inLanguage\":\"pt-BR\"},{\"@type\":\"Person\",\"@id\":\"https:\/\/portalmf.com.br\/#\/schema\/person\/9ec101baf56233e53520c26de5d6f6f0\",\"name\":\"Reda\u00e7\u00e3o Portal MF\",\"image\":{\"@type\":\"ImageObject\",\"inLanguage\":\"pt-BR\",\"@id\":\"https:\/\/portalmf.com.br\/#\/schema\/person\/image\/\",\"url\":\"https:\/\/secure.gravatar.com\/avatar\/41b9aaeb2100835f7c64362330f74c7f?s=96&d=mm&r=g\",\"contentUrl\":\"https:\/\/secure.gravatar.com\/avatar\/41b9aaeb2100835f7c64362330f74c7f?s=96&d=mm&r=g\",\"caption\":\"Reda\u00e7\u00e3o Portal MF\"},\"description\":\"Sejam bem-vindos o portal de informa\u00e7\u00f5es de entretenimento de Feira de Santana, desde 2006 realiza coberturas dos principais eventos com entrevistas exclusivas com as principais personalidades mundiais. Fique conectado tamb\u00e9m nas redes sociais.\",\"sameAs\":[\"http:\/\/www.portalmf.com.br\/\",\"https:\/\/www.facebook.com\/portalmfoficial\",\"https:\/\/www.instagram.com\/portalmf\/\",\"https:\/\/x.com\/https:\/\/x.com\/portalmfoficial\",\"https:\/\/www.youtube.com\/@portalmfoficial\"],\"url\":\"https:\/\/portalmf.com.br\/index.php\/author\/junior\/\"}]}<\/script>\n<!-- \/ Yoast SEO plugin. -->","yoast_head_json":{"title":"Cl\u00e1ssico e contempor\u00e2neo se encontram em novo forr\u00f3 que ganha for\u00e7a no per\u00edodo junino - Portal MF","robots":{"index":"index","follow":"follow","max-snippet":"max-snippet:-1","max-image-preview":"max-image-preview:large","max-video-preview":"max-video-preview:-1"},"canonical":"https:\/\/portalmf.com.br\/index.php\/2026\/04\/17\/classico-e-contemporaneo-se-encontram-em-novo-forro-que-ganha-forca-no-periodo-junino\/","og_locale":"pt_BR","og_type":"article","og_title":"Cl\u00e1ssico e contempor\u00e2neo se encontram em novo forr\u00f3 que ganha for\u00e7a no per\u00edodo junino - Portal MF","og_description":"Em meio ao aquecimento dos festejos juninos, uma faixa tem chamado aten\u00e7\u00e3o ao unir diferentes tempos do forr\u00f3 em uma mesma constru\u00e7\u00e3o musical. \u201cForr\u00f3 Bem Safadinho\u201d, dispon\u00edvel nas plataformas digitais , vem conquistando o p\u00fablico com uma proposta que conecta tradi\u00e7\u00e3o e atualidade de forma direta e envolvente. Resultado do encontro entre a banda Tio [&hellip;]","og_url":"https:\/\/portalmf.com.br\/index.php\/2026\/04\/17\/classico-e-contemporaneo-se-encontram-em-novo-forro-que-ganha-forca-no-periodo-junino\/","og_site_name":"Portal MF","article_author":"https:\/\/www.facebook.com\/portalmfoficial","article_published_time":"2026-04-17T09:47:00+00:00","article_modified_time":"2026-04-17T14:25:19+00:00","og_image":[{"width":1200,"height":747,"url":"https:\/\/portalmf.com.br\/wp-content\/uploads\/2026\/04\/Banda-Tio-Mane-lanca-single-Forro-Bem-Safadinho-Feat-com-Trio-Nordestino-e1775485040864.jpg","type":"image\/jpeg"}],"author":"Reda\u00e7\u00e3o Portal MF","twitter_card":"summary_large_image","twitter_creator":"@https:\/\/x.com\/portalmfoficial","twitter_misc":{"Escrito por":"Reda\u00e7\u00e3o Portal MF","Est. tempo de leitura":"2 minutos"},"schema":{"@context":"https:\/\/schema.org","@graph":[{"@type":"WebPage","@id":"https:\/\/portalmf.com.br\/index.php\/2026\/04\/17\/classico-e-contemporaneo-se-encontram-em-novo-forro-que-ganha-forca-no-periodo-junino\/","url":"https:\/\/portalmf.com.br\/index.php\/2026\/04\/17\/classico-e-contemporaneo-se-encontram-em-novo-forro-que-ganha-forca-no-periodo-junino\/","name":"Cl\u00e1ssico e contempor\u00e2neo se encontram em novo forr\u00f3 que ganha for\u00e7a no per\u00edodo junino - Portal MF","isPartOf":{"@id":"https:\/\/portalmf.com.br\/#website"},"primaryImageOfPage":{"@id":"https:\/\/portalmf.com.br\/index.php\/2026\/04\/17\/classico-e-contemporaneo-se-encontram-em-novo-forro-que-ganha-forca-no-periodo-junino\/#primaryimage"},"image":{"@id":"https:\/\/portalmf.com.br\/index.php\/2026\/04\/17\/classico-e-contemporaneo-se-encontram-em-novo-forro-que-ganha-forca-no-periodo-junino\/#primaryimage"},"thumbnailUrl":"https:\/\/portalmf.com.br\/wp-content\/uploads\/2026\/04\/Banda-Tio-Mane-lanca-single-Forro-Bem-Safadinho-Feat-com-Trio-Nordestino-e1775485040864.jpg","datePublished":"2026-04-17T09:47:00+00:00","dateModified":"2026-04-17T14:25:19+00:00","author":{"@id":"https:\/\/portalmf.com.br\/#\/schema\/person\/9ec101baf56233e53520c26de5d6f6f0"},"breadcrumb":{"@id":"https:\/\/portalmf.com.br\/index.php\/2026\/04\/17\/classico-e-contemporaneo-se-encontram-em-novo-forro-que-ganha-forca-no-periodo-junino\/#breadcrumb"},"inLanguage":"pt-BR","potentialAction":[{"@type":"ReadAction","target":["https:\/\/portalmf.com.br\/index.php\/2026\/04\/17\/classico-e-contemporaneo-se-encontram-em-novo-forro-que-ganha-forca-no-periodo-junino\/"]}]},{"@type":"ImageObject","inLanguage":"pt-BR","@id":"https:\/\/portalmf.com.br\/index.php\/2026\/04\/17\/classico-e-contemporaneo-se-encontram-em-novo-forro-que-ganha-forca-no-periodo-junino\/#primaryimage","url":"https:\/\/portalmf.com.br\/wp-content\/uploads\/2026\/04\/Banda-Tio-Mane-lanca-single-Forro-Bem-Safadinho-Feat-com-Trio-Nordestino-e1775485040864.jpg","contentUrl":"https:\/\/portalmf.com.br\/wp-content\/uploads\/2026\/04\/Banda-Tio-Mane-lanca-single-Forro-Bem-Safadinho-Feat-com-Trio-Nordestino-e1775485040864.jpg","width":1200,"height":747},{"@type":"BreadcrumbList","@id":"https:\/\/portalmf.com.br\/index.php\/2026\/04\/17\/classico-e-contemporaneo-se-encontram-em-novo-forro-que-ganha-forca-no-periodo-junino\/#breadcrumb","itemListElement":[{"@type":"ListItem","position":1,"name":"In\u00edcio","item":"https:\/\/portalmf.com.br\/"},{"@type":"ListItem","position":2,"name":"Cl\u00e1ssico e contempor\u00e2neo se encontram em novo forr\u00f3 que ganha for\u00e7a no per\u00edodo junino"}]},{"@type":"WebSite","@id":"https:\/\/portalmf.com.br\/#website","url":"https:\/\/portalmf.com.br\/","name":"Portal MF","description":"Voc\u00ea conectado com a informa\u00e7\u00e3o","potentialAction":[{"@type":"SearchAction","target":{"@type":"EntryPoint","urlTemplate":"https:\/\/portalmf.com.br\/?s={search_term_string}"},"query-input":"required name=search_term_string"}],"inLanguage":"pt-BR"},{"@type":"Person","@id":"https:\/\/portalmf.com.br\/#\/schema\/person\/9ec101baf56233e53520c26de5d6f6f0","name":"Reda\u00e7\u00e3o Portal MF","image":{"@type":"ImageObject","inLanguage":"pt-BR","@id":"https:\/\/portalmf.com.br\/#\/schema\/person\/image\/","url":"https:\/\/secure.gravatar.com\/avatar\/41b9aaeb2100835f7c64362330f74c7f?s=96&d=mm&r=g","contentUrl":"https:\/\/secure.gravatar.com\/avatar\/41b9aaeb2100835f7c64362330f74c7f?s=96&d=mm&r=g","caption":"Reda\u00e7\u00e3o Portal MF"},"description":"Sejam bem-vindos o portal de informa\u00e7\u00f5es de entretenimento de Feira de Santana, desde 2006 realiza coberturas dos principais eventos com entrevistas exclusivas com as principais personalidades mundiais. Fique conectado tamb\u00e9m nas redes sociais.","sameAs":["http:\/\/www.portalmf.com.br\/","https:\/\/www.facebook.com\/portalmfoficial","https:\/\/www.instagram.com\/portalmf\/","https:\/\/x.com\/https:\/\/x.com\/portalmfoficial","https:\/\/www.youtube.com\/@portalmfoficial"],"url":"https:\/\/portalmf.com.br\/index.php\/author\/junior\/"}]}},"_links":{"self":[{"href":"https:\/\/portalmf.com.br\/index.php\/wp-json\/wp\/v2\/posts\/43409"}],"collection":[{"href":"https:\/\/portalmf.com.br\/index.php\/wp-json\/wp\/v2\/posts"}],"about":[{"href":"https:\/\/portalmf.com.br\/index.php\/wp-json\/wp\/v2\/types\/post"}],"author":[{"embeddable":true,"href":"https:\/\/portalmf.com.br\/index.php\/wp-json\/wp\/v2\/users\/3"}],"replies":[{"embeddable":true,"href":"https:\/\/portalmf.com.br\/index.php\/wp-json\/wp\/v2\/comments?post=43409"}],"version-history":[{"count":1,"href":"https:\/\/portalmf.com.br\/index.php\/wp-json\/wp\/v2\/posts\/43409\/revisions"}],"predecessor-version":[{"id":43410,"href":"https:\/\/portalmf.com.br\/index.php\/wp-json\/wp\/v2\/posts\/43409\/revisions\/43410"}],"wp:featuredmedia":[{"embeddable":true,"href":"https:\/\/portalmf.com.br\/index.php\/wp-json\/wp\/v2\/media\/43024"}],"wp:attachment":[{"href":"https:\/\/portalmf.com.br\/index.php\/wp-json\/wp\/v2\/media?parent=43409"}],"wp:term":[{"taxonomy":"category","embeddable":true,"href":"https:\/\/portalmf.com.br\/index.php\/wp-json\/wp\/v2\/categories?post=43409"},{"taxonomy":"post_tag","embeddable":true,"href":"https:\/\/portalmf.com.br\/index.php\/wp-json\/wp\/v2\/tags?post=43409"}],"curies":[{"name":"wp","href":"https:\/\/api.w.org\/{rel}","templated":true}]}}