{"id":43385,"date":"2026-04-16T20:41:25","date_gmt":"2026-04-16T23:41:25","guid":{"rendered":"https:\/\/portalmf.com.br\/?p=43385"},"modified":"2026-04-16T20:41:26","modified_gmt":"2026-04-16T23:41:26","slug":"vitoria-da-conquista-divulga-programacao-dos-festejos-juninos-de-2026","status":"publish","type":"post","link":"https:\/\/portalmf.com.br\/index.php\/2026\/04\/16\/vitoria-da-conquista-divulga-programacao-dos-festejos-juninos-de-2026\/","title":{"rendered":"Vit\u00f3ria da Conquista divulga programa\u00e7\u00e3o dos festejos Juninos de 2026"},"content":{"rendered":"\n<p>Com uma estrutura que combina uma rede hoteleira diversificada, servi\u00e7os de alta hospitalidade e a j\u00e1 conhecida receptividade de seu povo, o munic\u00edpio reafirma sua voca\u00e7\u00e3o para grandes eventos. O Arrai\u00e1 da Conquista 2026 que acontece de 20 a 24 de junho, foi lan\u00e7ado oficialmente nesta quinta-feira (16), e projeta a cidade como um dos destinos mais completos para quem busca a tradi\u00e7\u00e3o do S\u00e3o Jo\u00e3o aliada ao conforto.<\/p>\n\n\n\n<p>O evento \u00e9 uma realiza\u00e7\u00e3o da Prefeitura Municipal de Vit\u00f3ria da Conquista, com a expertise de produ\u00e7\u00e3o da Salvador Produ\u00e7\u00f5es, empresa refer\u00eancia no setor de entretenimento na Bahia. A parceria garante uma entrega t\u00e9cnica e log\u00edstica de alto padr\u00e3o no Parque de Exposi\u00e7\u00f5es Teopompo de Almeida, onde o clima frio da cidade, com temperaturas que costumam cair drasticamente em junho, cria o cen\u00e1rio ideal para o consumo de iguarias t\u00edpicas e o aconchego das noites de forr\u00f3.<\/p>\n\n\n\n<h2 class=\"wp-block-heading\"><strong>Grade de Estrelas e Valoriza\u00e7\u00e3o Regional<\/strong><\/h2>\n\n\n\n<p>A programa\u00e7\u00e3o de 2026 foi desenhada para equilibrar o peso de \u00edcones nacionais com o talento pulsante dos artistas locais. No palco principal, o p\u00fablico encontrar\u00e1 desde o forr\u00f3 aut\u00eantico de Fl\u00e1vio Jos\u00e9 e Dorgival Dantas at\u00e9 o fen\u00f4meno do piseiro e do arrocha, com Tarc\u00edsio do Acordeon, Pablo e Tierry. A presen\u00e7a de Joelma e Priscila Senna refor\u00e7a a diversidade r\u00edtmica que atrai turistas de todo o pa\u00eds.<\/p>\n\n\n\n<p><em>&#8220;Quando convidamos o pa\u00eds inteiro para conhecer o nosso S\u00e3o Jo\u00e3o, precisamos mostrar o que temos de melhor. A prata da casa est\u00e1 sendo valorizada e a estrutura, que j\u00e1 funcionou no ano passado, ser\u00e1 ainda mais aprimorada&#8221;<\/em>, destacou a prefeita de Vit\u00f3ria da Conquista Sheila Lemos durante o lan\u00e7amento do Arrai\u00e1.<\/p>\n\n\n\n<h2 class=\"wp-block-heading\"><strong>Camarote<\/strong><\/h2>\n\n\n\n<p>O Arrai\u00e1 da Conquista 2026 eleva a experi\u00eancia do p\u00fablico com a estrutura exclusiva do Camarote, pensado para quem n\u00e3o abre m\u00e3o de conforto e vis\u00e3o privilegiada durante as grandes apresenta\u00e7\u00f5es. Com uma produ\u00e7\u00e3o assinada pela Salvador Produ\u00e7\u00f5es, o espa\u00e7o oferece servi\u00e7os diferenciados, \u00e1rea de conviv\u00eancia e uma infraestrutura que permite aproveitar o clima frio da Su\u00ed\u00e7a Baiana com sofistica\u00e7\u00e3o. \u00c9 o ponto de encontro estrat\u00e9gico para quem busca vivenciar a grandiosidade do evento com mais comodidade, garantindo uma perspectiva \u00fanica das estrelas que passar\u00e3o pelo palco principal do Parque de Exposi\u00e7\u00f5es.<\/p>\n\n\n\n<p>Confira a grade de atra\u00e7\u00f5es do Arrai\u00e1 da Conquista 2026:<\/p>\n\n\n\n<p>20 de junho (S\u00e1bado)<\/p>\n\n\n\n<ul>\n<li>Dorgival Dantas<\/li>\n\n\n\n<li>Tarc\u00edsio do Acordeon<\/li>\n\n\n\n<li>Robertinha<\/li>\n<\/ul>\n\n\n\n<p>21 de junho (Domingo)<\/p>\n\n\n\n<ul>\n<li>Pablo<\/li>\n\n\n\n<li>Priscila Senna<\/li>\n\n\n\n<li>Targino Gondim<\/li>\n<\/ul>\n\n\n\n<p>22 de junho (Segunda-feira)<\/p>\n\n\n\n<ul>\n<li>Tierry<\/li>\n\n\n\n<li>Cacau com Leite<\/li>\n\n\n\n<li>Netinho do Forr\u00f3<\/li>\n<\/ul>\n\n\n\n<p>23 de junho (Ter\u00e7a-feira)<\/p>\n\n\n\n<ul>\n<li>Natanzinho Lima<\/li>\n\n\n\n<li>Geraldo Cardoso<\/li>\n\n\n\n<li>Rony Barbosa<\/li>\n\n\n\n<li>Erlan Forroz\u00e3o<\/li>\n<\/ul>\n\n\n\n<p>24 de junho (Quarta-feira)<\/p>\n\n\n\n<ul>\n<li>Joelma<\/li>\n\n\n\n<li>Fl\u00e1vio Jos\u00e9<\/li>\n\n\n\n<li>Beijo Apimentado<\/li>\n<\/ul>\n","protected":false},"excerpt":{"rendered":"<p>Com uma estrutura que combina uma rede hoteleira diversificada, servi\u00e7os de alta hospitalidade e a j\u00e1 conhecida receptividade de seu povo, o munic\u00edpio reafirma sua voca\u00e7\u00e3o para grandes eventos. O Arrai\u00e1 da Conquista 2026 que acontece de 20 a 24 de junho, foi lan\u00e7ado oficialmente nesta quinta-feira (16), e projeta a cidade como um dos [&hellip;]<\/p>\n","protected":false},"author":3,"featured_media":43386,"comment_status":"open","ping_status":"open","sticky":false,"template":"","format":"standard","meta":{"_monsterinsights_skip_tracking":false,"_monsterinsights_sitenote_active":false,"_monsterinsights_sitenote_note":"","_monsterinsights_sitenote_category":0,"footnotes":""},"categories":[296],"tags":[],"yoast_head":"<!-- This site is optimized with the Yoast SEO plugin v22.9 - https:\/\/yoast.com\/wordpress\/plugins\/seo\/ -->\n<title>Vit\u00f3ria da Conquista divulga programa\u00e7\u00e3o dos festejos Juninos de 2026 - Portal MF<\/title>\n<meta name=\"robots\" content=\"index, follow, max-snippet:-1, max-image-preview:large, max-video-preview:-1\" \/>\n<link rel=\"canonical\" href=\"https:\/\/portalmf.com.br\/index.php\/2026\/04\/16\/vitoria-da-conquista-divulga-programacao-dos-festejos-juninos-de-2026\/\" \/>\n<meta property=\"og:locale\" content=\"pt_BR\" \/>\n<meta property=\"og:type\" content=\"article\" \/>\n<meta property=\"og:title\" content=\"Vit\u00f3ria da Conquista divulga programa\u00e7\u00e3o dos festejos Juninos de 2026 - Portal MF\" \/>\n<meta property=\"og:description\" content=\"Com uma estrutura que combina uma rede hoteleira diversificada, servi\u00e7os de alta hospitalidade e a j\u00e1 conhecida receptividade de seu povo, o munic\u00edpio reafirma sua voca\u00e7\u00e3o para grandes eventos. O Arrai\u00e1 da Conquista 2026 que acontece de 20 a 24 de junho, foi lan\u00e7ado oficialmente nesta quinta-feira (16), e projeta a cidade como um dos [&hellip;]\" \/>\n<meta property=\"og:url\" content=\"https:\/\/portalmf.com.br\/index.php\/2026\/04\/16\/vitoria-da-conquista-divulga-programacao-dos-festejos-juninos-de-2026\/\" \/>\n<meta property=\"og:site_name\" content=\"Portal MF\" \/>\n<meta property=\"article:author\" content=\"https:\/\/www.facebook.com\/portalmfoficial\" \/>\n<meta property=\"article:published_time\" content=\"2026-04-16T23:41:25+00:00\" \/>\n<meta property=\"article:modified_time\" content=\"2026-04-16T23:41:26+00:00\" \/>\n<meta property=\"og:image\" content=\"https:\/\/portalmf.com.br\/wp-content\/uploads\/2026\/04\/WhatsApp-Image-2026-04-16-at-20.32.29-e1776382839489.jpeg\" \/>\n\t<meta property=\"og:image:width\" content=\"1080\" \/>\n\t<meta property=\"og:image:height\" content=\"686\" \/>\n\t<meta property=\"og:image:type\" content=\"image\/jpeg\" \/>\n<meta name=\"author\" content=\"Reda\u00e7\u00e3o Portal MF\" \/>\n<meta name=\"twitter:card\" content=\"summary_large_image\" \/>\n<meta name=\"twitter:creator\" content=\"@https:\/\/x.com\/portalmfoficial\" \/>\n<meta name=\"twitter:label1\" content=\"Escrito por\" \/>\n\t<meta name=\"twitter:data1\" content=\"Reda\u00e7\u00e3o Portal MF\" \/>\n\t<meta name=\"twitter:label2\" content=\"Est. tempo de leitura\" \/>\n\t<meta name=\"twitter:data2\" content=\"3 minutos\" \/>\n<script type=\"application\/ld+json\" class=\"yoast-schema-graph\">{\"@context\":\"https:\/\/schema.org\",\"@graph\":[{\"@type\":\"WebPage\",\"@id\":\"https:\/\/portalmf.com.br\/index.php\/2026\/04\/16\/vitoria-da-conquista-divulga-programacao-dos-festejos-juninos-de-2026\/\",\"url\":\"https:\/\/portalmf.com.br\/index.php\/2026\/04\/16\/vitoria-da-conquista-divulga-programacao-dos-festejos-juninos-de-2026\/\",\"name\":\"Vit\u00f3ria da Conquista divulga programa\u00e7\u00e3o dos festejos Juninos de 2026 - Portal MF\",\"isPartOf\":{\"@id\":\"https:\/\/portalmf.com.br\/#website\"},\"primaryImageOfPage\":{\"@id\":\"https:\/\/portalmf.com.br\/index.php\/2026\/04\/16\/vitoria-da-conquista-divulga-programacao-dos-festejos-juninos-de-2026\/#primaryimage\"},\"image\":{\"@id\":\"https:\/\/portalmf.com.br\/index.php\/2026\/04\/16\/vitoria-da-conquista-divulga-programacao-dos-festejos-juninos-de-2026\/#primaryimage\"},\"thumbnailUrl\":\"https:\/\/portalmf.com.br\/wp-content\/uploads\/2026\/04\/WhatsApp-Image-2026-04-16-at-20.32.29-e1776382839489.jpeg\",\"datePublished\":\"2026-04-16T23:41:25+00:00\",\"dateModified\":\"2026-04-16T23:41:26+00:00\",\"author\":{\"@id\":\"https:\/\/portalmf.com.br\/#\/schema\/person\/9ec101baf56233e53520c26de5d6f6f0\"},\"breadcrumb\":{\"@id\":\"https:\/\/portalmf.com.br\/index.php\/2026\/04\/16\/vitoria-da-conquista-divulga-programacao-dos-festejos-juninos-de-2026\/#breadcrumb\"},\"inLanguage\":\"pt-BR\",\"potentialAction\":[{\"@type\":\"ReadAction\",\"target\":[\"https:\/\/portalmf.com.br\/index.php\/2026\/04\/16\/vitoria-da-conquista-divulga-programacao-dos-festejos-juninos-de-2026\/\"]}]},{\"@type\":\"ImageObject\",\"inLanguage\":\"pt-BR\",\"@id\":\"https:\/\/portalmf.com.br\/index.php\/2026\/04\/16\/vitoria-da-conquista-divulga-programacao-dos-festejos-juninos-de-2026\/#primaryimage\",\"url\":\"https:\/\/portalmf.com.br\/wp-content\/uploads\/2026\/04\/WhatsApp-Image-2026-04-16-at-20.32.29-e1776382839489.jpeg\",\"contentUrl\":\"https:\/\/portalmf.com.br\/wp-content\/uploads\/2026\/04\/WhatsApp-Image-2026-04-16-at-20.32.29-e1776382839489.jpeg\",\"width\":1080,\"height\":686},{\"@type\":\"BreadcrumbList\",\"@id\":\"https:\/\/portalmf.com.br\/index.php\/2026\/04\/16\/vitoria-da-conquista-divulga-programacao-dos-festejos-juninos-de-2026\/#breadcrumb\",\"itemListElement\":[{\"@type\":\"ListItem\",\"position\":1,\"name\":\"In\u00edcio\",\"item\":\"https:\/\/portalmf.com.br\/\"},{\"@type\":\"ListItem\",\"position\":2,\"name\":\"Vit\u00f3ria da Conquista divulga programa\u00e7\u00e3o dos festejos Juninos de 2026\"}]},{\"@type\":\"WebSite\",\"@id\":\"https:\/\/portalmf.com.br\/#website\",\"url\":\"https:\/\/portalmf.com.br\/\",\"name\":\"Portal MF\",\"description\":\"Voc\u00ea conectado com a informa\u00e7\u00e3o\",\"potentialAction\":[{\"@type\":\"SearchAction\",\"target\":{\"@type\":\"EntryPoint\",\"urlTemplate\":\"https:\/\/portalmf.com.br\/?s={search_term_string}\"},\"query-input\":\"required name=search_term_string\"}],\"inLanguage\":\"pt-BR\"},{\"@type\":\"Person\",\"@id\":\"https:\/\/portalmf.com.br\/#\/schema\/person\/9ec101baf56233e53520c26de5d6f6f0\",\"name\":\"Reda\u00e7\u00e3o Portal MF\",\"image\":{\"@type\":\"ImageObject\",\"inLanguage\":\"pt-BR\",\"@id\":\"https:\/\/portalmf.com.br\/#\/schema\/person\/image\/\",\"url\":\"https:\/\/secure.gravatar.com\/avatar\/41b9aaeb2100835f7c64362330f74c7f?s=96&d=mm&r=g\",\"contentUrl\":\"https:\/\/secure.gravatar.com\/avatar\/41b9aaeb2100835f7c64362330f74c7f?s=96&d=mm&r=g\",\"caption\":\"Reda\u00e7\u00e3o Portal MF\"},\"description\":\"Sejam bem-vindos o portal de informa\u00e7\u00f5es de entretenimento de Feira de Santana, desde 2006 realiza coberturas dos principais eventos com entrevistas exclusivas com as principais personalidades mundiais. Fique conectado tamb\u00e9m nas redes sociais.\",\"sameAs\":[\"http:\/\/www.portalmf.com.br\/\",\"https:\/\/www.facebook.com\/portalmfoficial\",\"https:\/\/www.instagram.com\/portalmf\/\",\"https:\/\/x.com\/https:\/\/x.com\/portalmfoficial\",\"https:\/\/www.youtube.com\/@portalmfoficial\"],\"url\":\"https:\/\/portalmf.com.br\/index.php\/author\/junior\/\"}]}<\/script>\n<!-- \/ Yoast SEO plugin. -->","yoast_head_json":{"title":"Vit\u00f3ria da Conquista divulga programa\u00e7\u00e3o dos festejos Juninos de 2026 - Portal MF","robots":{"index":"index","follow":"follow","max-snippet":"max-snippet:-1","max-image-preview":"max-image-preview:large","max-video-preview":"max-video-preview:-1"},"canonical":"https:\/\/portalmf.com.br\/index.php\/2026\/04\/16\/vitoria-da-conquista-divulga-programacao-dos-festejos-juninos-de-2026\/","og_locale":"pt_BR","og_type":"article","og_title":"Vit\u00f3ria da Conquista divulga programa\u00e7\u00e3o dos festejos Juninos de 2026 - Portal MF","og_description":"Com uma estrutura que combina uma rede hoteleira diversificada, servi\u00e7os de alta hospitalidade e a j\u00e1 conhecida receptividade de seu povo, o munic\u00edpio reafirma sua voca\u00e7\u00e3o para grandes eventos. O Arrai\u00e1 da Conquista 2026 que acontece de 20 a 24 de junho, foi lan\u00e7ado oficialmente nesta quinta-feira (16), e projeta a cidade como um dos [&hellip;]","og_url":"https:\/\/portalmf.com.br\/index.php\/2026\/04\/16\/vitoria-da-conquista-divulga-programacao-dos-festejos-juninos-de-2026\/","og_site_name":"Portal MF","article_author":"https:\/\/www.facebook.com\/portalmfoficial","article_published_time":"2026-04-16T23:41:25+00:00","article_modified_time":"2026-04-16T23:41:26+00:00","og_image":[{"width":1080,"height":686,"url":"https:\/\/portalmf.com.br\/wp-content\/uploads\/2026\/04\/WhatsApp-Image-2026-04-16-at-20.32.29-e1776382839489.jpeg","type":"image\/jpeg"}],"author":"Reda\u00e7\u00e3o Portal MF","twitter_card":"summary_large_image","twitter_creator":"@https:\/\/x.com\/portalmfoficial","twitter_misc":{"Escrito por":"Reda\u00e7\u00e3o Portal MF","Est. tempo de leitura":"3 minutos"},"schema":{"@context":"https:\/\/schema.org","@graph":[{"@type":"WebPage","@id":"https:\/\/portalmf.com.br\/index.php\/2026\/04\/16\/vitoria-da-conquista-divulga-programacao-dos-festejos-juninos-de-2026\/","url":"https:\/\/portalmf.com.br\/index.php\/2026\/04\/16\/vitoria-da-conquista-divulga-programacao-dos-festejos-juninos-de-2026\/","name":"Vit\u00f3ria da Conquista divulga programa\u00e7\u00e3o dos festejos Juninos de 2026 - Portal MF","isPartOf":{"@id":"https:\/\/portalmf.com.br\/#website"},"primaryImageOfPage":{"@id":"https:\/\/portalmf.com.br\/index.php\/2026\/04\/16\/vitoria-da-conquista-divulga-programacao-dos-festejos-juninos-de-2026\/#primaryimage"},"image":{"@id":"https:\/\/portalmf.com.br\/index.php\/2026\/04\/16\/vitoria-da-conquista-divulga-programacao-dos-festejos-juninos-de-2026\/#primaryimage"},"thumbnailUrl":"https:\/\/portalmf.com.br\/wp-content\/uploads\/2026\/04\/WhatsApp-Image-2026-04-16-at-20.32.29-e1776382839489.jpeg","datePublished":"2026-04-16T23:41:25+00:00","dateModified":"2026-04-16T23:41:26+00:00","author":{"@id":"https:\/\/portalmf.com.br\/#\/schema\/person\/9ec101baf56233e53520c26de5d6f6f0"},"breadcrumb":{"@id":"https:\/\/portalmf.com.br\/index.php\/2026\/04\/16\/vitoria-da-conquista-divulga-programacao-dos-festejos-juninos-de-2026\/#breadcrumb"},"inLanguage":"pt-BR","potentialAction":[{"@type":"ReadAction","target":["https:\/\/portalmf.com.br\/index.php\/2026\/04\/16\/vitoria-da-conquista-divulga-programacao-dos-festejos-juninos-de-2026\/"]}]},{"@type":"ImageObject","inLanguage":"pt-BR","@id":"https:\/\/portalmf.com.br\/index.php\/2026\/04\/16\/vitoria-da-conquista-divulga-programacao-dos-festejos-juninos-de-2026\/#primaryimage","url":"https:\/\/portalmf.com.br\/wp-content\/uploads\/2026\/04\/WhatsApp-Image-2026-04-16-at-20.32.29-e1776382839489.jpeg","contentUrl":"https:\/\/portalmf.com.br\/wp-content\/uploads\/2026\/04\/WhatsApp-Image-2026-04-16-at-20.32.29-e1776382839489.jpeg","width":1080,"height":686},{"@type":"BreadcrumbList","@id":"https:\/\/portalmf.com.br\/index.php\/2026\/04\/16\/vitoria-da-conquista-divulga-programacao-dos-festejos-juninos-de-2026\/#breadcrumb","itemListElement":[{"@type":"ListItem","position":1,"name":"In\u00edcio","item":"https:\/\/portalmf.com.br\/"},{"@type":"ListItem","position":2,"name":"Vit\u00f3ria da Conquista divulga programa\u00e7\u00e3o dos festejos Juninos de 2026"}]},{"@type":"WebSite","@id":"https:\/\/portalmf.com.br\/#website","url":"https:\/\/portalmf.com.br\/","name":"Portal MF","description":"Voc\u00ea conectado com a informa\u00e7\u00e3o","potentialAction":[{"@type":"SearchAction","target":{"@type":"EntryPoint","urlTemplate":"https:\/\/portalmf.com.br\/?s={search_term_string}"},"query-input":"required name=search_term_string"}],"inLanguage":"pt-BR"},{"@type":"Person","@id":"https:\/\/portalmf.com.br\/#\/schema\/person\/9ec101baf56233e53520c26de5d6f6f0","name":"Reda\u00e7\u00e3o Portal MF","image":{"@type":"ImageObject","inLanguage":"pt-BR","@id":"https:\/\/portalmf.com.br\/#\/schema\/person\/image\/","url":"https:\/\/secure.gravatar.com\/avatar\/41b9aaeb2100835f7c64362330f74c7f?s=96&d=mm&r=g","contentUrl":"https:\/\/secure.gravatar.com\/avatar\/41b9aaeb2100835f7c64362330f74c7f?s=96&d=mm&r=g","caption":"Reda\u00e7\u00e3o Portal MF"},"description":"Sejam bem-vindos o portal de informa\u00e7\u00f5es de entretenimento de Feira de Santana, desde 2006 realiza coberturas dos principais eventos com entrevistas exclusivas com as principais personalidades mundiais. Fique conectado tamb\u00e9m nas redes sociais.","sameAs":["http:\/\/www.portalmf.com.br\/","https:\/\/www.facebook.com\/portalmfoficial","https:\/\/www.instagram.com\/portalmf\/","https:\/\/x.com\/https:\/\/x.com\/portalmfoficial","https:\/\/www.youtube.com\/@portalmfoficial"],"url":"https:\/\/portalmf.com.br\/index.php\/author\/junior\/"}]}},"_links":{"self":[{"href":"https:\/\/portalmf.com.br\/index.php\/wp-json\/wp\/v2\/posts\/43385"}],"collection":[{"href":"https:\/\/portalmf.com.br\/index.php\/wp-json\/wp\/v2\/posts"}],"about":[{"href":"https:\/\/portalmf.com.br\/index.php\/wp-json\/wp\/v2\/types\/post"}],"author":[{"embeddable":true,"href":"https:\/\/portalmf.com.br\/index.php\/wp-json\/wp\/v2\/users\/3"}],"replies":[{"embeddable":true,"href":"https:\/\/portalmf.com.br\/index.php\/wp-json\/wp\/v2\/comments?post=43385"}],"version-history":[{"count":1,"href":"https:\/\/portalmf.com.br\/index.php\/wp-json\/wp\/v2\/posts\/43385\/revisions"}],"predecessor-version":[{"id":43387,"href":"https:\/\/portalmf.com.br\/index.php\/wp-json\/wp\/v2\/posts\/43385\/revisions\/43387"}],"wp:featuredmedia":[{"embeddable":true,"href":"https:\/\/portalmf.com.br\/index.php\/wp-json\/wp\/v2\/media\/43386"}],"wp:attachment":[{"href":"https:\/\/portalmf.com.br\/index.php\/wp-json\/wp\/v2\/media?parent=43385"}],"wp:term":[{"taxonomy":"category","embeddable":true,"href":"https:\/\/portalmf.com.br\/index.php\/wp-json\/wp\/v2\/categories?post=43385"},{"taxonomy":"post_tag","embeddable":true,"href":"https:\/\/portalmf.com.br\/index.php\/wp-json\/wp\/v2\/tags?post=43385"}],"curies":[{"name":"wp","href":"https:\/\/api.w.org\/{rel}","templated":true}]}}