{"id":43382,"date":"2026-04-16T20:36:22","date_gmt":"2026-04-16T23:36:22","guid":{"rendered":"https:\/\/portalmf.com.br\/?p=43382"},"modified":"2026-04-16T20:36:23","modified_gmt":"2026-04-16T23:36:23","slug":"climinha-entra-no-clima-junino-e-recebe-joao-gomes-com-o-projeto-pe-de-serrita","status":"publish","type":"post","link":"https:\/\/portalmf.com.br\/index.php\/2026\/04\/16\/climinha-entra-no-clima-junino-e-recebe-joao-gomes-com-o-projeto-pe-de-serrita\/","title":{"rendered":"Climinha entra no clima junino e recebe Jo\u00e3o Gomes com o projeto \u2018P\u00e9 de Serrita\u2019"},"content":{"rendered":"\n<p>O S\u00e3o Jo\u00e3o j\u00e1 come\u00e7a a tomar conta de Salvador, e o Climinha prepara uma edi\u00e7\u00e3o especial para celebrar a temporada. No dia 14 de junho, o evento realiza o \u2018P\u00e9 de Serrita\u2019, trazendo como grande atra\u00e7\u00e3o o cantor Jo\u00e3o Gomes, que se apresenta pela primeira vez no projeto.<\/p>\n\n\n\n<p>Consolidado como uma das festas mais queridas do calend\u00e1rio da cidade, o Climinha aposta agora em uma atmosfera junina, reunindo tradi\u00e7\u00e3o, cenografia tem\u00e1tica e muito forr\u00f3 para embalar o p\u00fablico.<\/p>\n\n\n\n<p>No palco, Jo\u00e3o Gomes promete um repert\u00f3rio repleto de sucessos que marcaram sua carreira, como \u201cMeu Peda\u00e7o de Pecado\u201d, \u201cDengo\u201d, \u201c5 da Manh\u00e3\u201d e outros hits que devem garantir o clima de forr\u00f3, seresta e romantismo da noite.<\/p>\n\n\n\n<p>Os ingressos come\u00e7am a ser vendidos nesta quinta-feira, em lote especial, atrav\u00e9s da plataforma Ingresse.<\/p>\n\n\n\n<p>O Climinha \u00e9 uma realiza\u00e7\u00e3o da Lab Entretenimento, All In Eventos e Nova Produtora. Mais informa\u00e7\u00f5es podem ser obtidas no perfil oficial @climinhasalvador.<\/p>\n","protected":false},"excerpt":{"rendered":"<p>O S\u00e3o Jo\u00e3o j\u00e1 come\u00e7a a tomar conta de Salvador, e o Climinha prepara uma edi\u00e7\u00e3o especial para celebrar a temporada. No dia 14 de junho, o evento realiza o \u2018P\u00e9 de Serrita\u2019, trazendo como grande atra\u00e7\u00e3o o cantor Jo\u00e3o Gomes, que se apresenta pela primeira vez no projeto. Consolidado como uma das festas mais [&hellip;]<\/p>\n","protected":false},"author":3,"featured_media":43383,"comment_status":"open","ping_status":"open","sticky":false,"template":"","format":"standard","meta":{"_monsterinsights_skip_tracking":false,"_monsterinsights_sitenote_active":false,"_monsterinsights_sitenote_note":"","_monsterinsights_sitenote_category":0,"footnotes":""},"categories":[296],"tags":[],"yoast_head":"<!-- This site is optimized with the Yoast SEO plugin v22.9 - https:\/\/yoast.com\/wordpress\/plugins\/seo\/ -->\n<title>Climinha entra no clima junino e recebe Jo\u00e3o Gomes com o projeto \u2018P\u00e9 de Serrita\u2019 - Portal MF<\/title>\n<meta name=\"robots\" content=\"index, follow, max-snippet:-1, max-image-preview:large, max-video-preview:-1\" \/>\n<link rel=\"canonical\" href=\"https:\/\/portalmf.com.br\/index.php\/2026\/04\/16\/climinha-entra-no-clima-junino-e-recebe-joao-gomes-com-o-projeto-pe-de-serrita\/\" \/>\n<meta property=\"og:locale\" content=\"pt_BR\" \/>\n<meta property=\"og:type\" content=\"article\" \/>\n<meta property=\"og:title\" content=\"Climinha entra no clima junino e recebe Jo\u00e3o Gomes com o projeto \u2018P\u00e9 de Serrita\u2019 - Portal MF\" \/>\n<meta property=\"og:description\" content=\"O S\u00e3o Jo\u00e3o j\u00e1 come\u00e7a a tomar conta de Salvador, e o Climinha prepara uma edi\u00e7\u00e3o especial para celebrar a temporada. No dia 14 de junho, o evento realiza o \u2018P\u00e9 de Serrita\u2019, trazendo como grande atra\u00e7\u00e3o o cantor Jo\u00e3o Gomes, que se apresenta pela primeira vez no projeto. Consolidado como uma das festas mais [&hellip;]\" \/>\n<meta property=\"og:url\" content=\"https:\/\/portalmf.com.br\/index.php\/2026\/04\/16\/climinha-entra-no-clima-junino-e-recebe-joao-gomes-com-o-projeto-pe-de-serrita\/\" \/>\n<meta property=\"og:site_name\" content=\"Portal MF\" \/>\n<meta property=\"article:author\" content=\"https:\/\/www.facebook.com\/portalmfoficial\" \/>\n<meta property=\"article:published_time\" content=\"2026-04-16T23:36:22+00:00\" \/>\n<meta property=\"article:modified_time\" content=\"2026-04-16T23:36:23+00:00\" \/>\n<meta property=\"og:image\" content=\"https:\/\/portalmf.com.br\/wp-content\/uploads\/2026\/04\/Climinha-entra-no-clima-junino-e-recebe-Joao-Gomes-com-o-projeto-Pe-de-Serrita-e1776382573270.jpg\" \/>\n\t<meta property=\"og:image:width\" content=\"1200\" \/>\n\t<meta property=\"og:image:height\" content=\"1042\" \/>\n\t<meta property=\"og:image:type\" content=\"image\/jpeg\" \/>\n<meta name=\"author\" content=\"Reda\u00e7\u00e3o Portal MF\" \/>\n<meta name=\"twitter:card\" content=\"summary_large_image\" \/>\n<meta name=\"twitter:creator\" content=\"@https:\/\/x.com\/portalmfoficial\" \/>\n<meta name=\"twitter:label1\" content=\"Escrito por\" \/>\n\t<meta name=\"twitter:data1\" content=\"Reda\u00e7\u00e3o Portal MF\" \/>\n\t<meta name=\"twitter:label2\" content=\"Est. tempo de leitura\" \/>\n\t<meta name=\"twitter:data2\" content=\"2 minutos\" \/>\n<script type=\"application\/ld+json\" class=\"yoast-schema-graph\">{\"@context\":\"https:\/\/schema.org\",\"@graph\":[{\"@type\":\"WebPage\",\"@id\":\"https:\/\/portalmf.com.br\/index.php\/2026\/04\/16\/climinha-entra-no-clima-junino-e-recebe-joao-gomes-com-o-projeto-pe-de-serrita\/\",\"url\":\"https:\/\/portalmf.com.br\/index.php\/2026\/04\/16\/climinha-entra-no-clima-junino-e-recebe-joao-gomes-com-o-projeto-pe-de-serrita\/\",\"name\":\"Climinha entra no clima junino e recebe Jo\u00e3o Gomes com o projeto \u2018P\u00e9 de Serrita\u2019 - Portal MF\",\"isPartOf\":{\"@id\":\"https:\/\/portalmf.com.br\/#website\"},\"primaryImageOfPage\":{\"@id\":\"https:\/\/portalmf.com.br\/index.php\/2026\/04\/16\/climinha-entra-no-clima-junino-e-recebe-joao-gomes-com-o-projeto-pe-de-serrita\/#primaryimage\"},\"image\":{\"@id\":\"https:\/\/portalmf.com.br\/index.php\/2026\/04\/16\/climinha-entra-no-clima-junino-e-recebe-joao-gomes-com-o-projeto-pe-de-serrita\/#primaryimage\"},\"thumbnailUrl\":\"https:\/\/portalmf.com.br\/wp-content\/uploads\/2026\/04\/Climinha-entra-no-clima-junino-e-recebe-Joao-Gomes-com-o-projeto-Pe-de-Serrita-e1776382573270.jpg\",\"datePublished\":\"2026-04-16T23:36:22+00:00\",\"dateModified\":\"2026-04-16T23:36:23+00:00\",\"author\":{\"@id\":\"https:\/\/portalmf.com.br\/#\/schema\/person\/9ec101baf56233e53520c26de5d6f6f0\"},\"breadcrumb\":{\"@id\":\"https:\/\/portalmf.com.br\/index.php\/2026\/04\/16\/climinha-entra-no-clima-junino-e-recebe-joao-gomes-com-o-projeto-pe-de-serrita\/#breadcrumb\"},\"inLanguage\":\"pt-BR\",\"potentialAction\":[{\"@type\":\"ReadAction\",\"target\":[\"https:\/\/portalmf.com.br\/index.php\/2026\/04\/16\/climinha-entra-no-clima-junino-e-recebe-joao-gomes-com-o-projeto-pe-de-serrita\/\"]}]},{\"@type\":\"ImageObject\",\"inLanguage\":\"pt-BR\",\"@id\":\"https:\/\/portalmf.com.br\/index.php\/2026\/04\/16\/climinha-entra-no-clima-junino-e-recebe-joao-gomes-com-o-projeto-pe-de-serrita\/#primaryimage\",\"url\":\"https:\/\/portalmf.com.br\/wp-content\/uploads\/2026\/04\/Climinha-entra-no-clima-junino-e-recebe-Joao-Gomes-com-o-projeto-Pe-de-Serrita-e1776382573270.jpg\",\"contentUrl\":\"https:\/\/portalmf.com.br\/wp-content\/uploads\/2026\/04\/Climinha-entra-no-clima-junino-e-recebe-Joao-Gomes-com-o-projeto-Pe-de-Serrita-e1776382573270.jpg\",\"width\":1200,\"height\":1042},{\"@type\":\"BreadcrumbList\",\"@id\":\"https:\/\/portalmf.com.br\/index.php\/2026\/04\/16\/climinha-entra-no-clima-junino-e-recebe-joao-gomes-com-o-projeto-pe-de-serrita\/#breadcrumb\",\"itemListElement\":[{\"@type\":\"ListItem\",\"position\":1,\"name\":\"In\u00edcio\",\"item\":\"https:\/\/portalmf.com.br\/\"},{\"@type\":\"ListItem\",\"position\":2,\"name\":\"Climinha entra no clima junino e recebe Jo\u00e3o Gomes com o projeto \u2018P\u00e9 de Serrita\u2019\"}]},{\"@type\":\"WebSite\",\"@id\":\"https:\/\/portalmf.com.br\/#website\",\"url\":\"https:\/\/portalmf.com.br\/\",\"name\":\"Portal MF\",\"description\":\"Voc\u00ea conectado com a informa\u00e7\u00e3o\",\"potentialAction\":[{\"@type\":\"SearchAction\",\"target\":{\"@type\":\"EntryPoint\",\"urlTemplate\":\"https:\/\/portalmf.com.br\/?s={search_term_string}\"},\"query-input\":\"required name=search_term_string\"}],\"inLanguage\":\"pt-BR\"},{\"@type\":\"Person\",\"@id\":\"https:\/\/portalmf.com.br\/#\/schema\/person\/9ec101baf56233e53520c26de5d6f6f0\",\"name\":\"Reda\u00e7\u00e3o Portal MF\",\"image\":{\"@type\":\"ImageObject\",\"inLanguage\":\"pt-BR\",\"@id\":\"https:\/\/portalmf.com.br\/#\/schema\/person\/image\/\",\"url\":\"https:\/\/secure.gravatar.com\/avatar\/41b9aaeb2100835f7c64362330f74c7f?s=96&d=mm&r=g\",\"contentUrl\":\"https:\/\/secure.gravatar.com\/avatar\/41b9aaeb2100835f7c64362330f74c7f?s=96&d=mm&r=g\",\"caption\":\"Reda\u00e7\u00e3o Portal MF\"},\"description\":\"Sejam bem-vindos o portal de informa\u00e7\u00f5es de entretenimento de Feira de Santana, desde 2006 realiza coberturas dos principais eventos com entrevistas exclusivas com as principais personalidades mundiais. Fique conectado tamb\u00e9m nas redes sociais.\",\"sameAs\":[\"http:\/\/www.portalmf.com.br\/\",\"https:\/\/www.facebook.com\/portalmfoficial\",\"https:\/\/www.instagram.com\/portalmf\/\",\"https:\/\/x.com\/https:\/\/x.com\/portalmfoficial\",\"https:\/\/www.youtube.com\/@portalmfoficial\"],\"url\":\"https:\/\/portalmf.com.br\/index.php\/author\/junior\/\"}]}<\/script>\n<!-- \/ Yoast SEO plugin. -->","yoast_head_json":{"title":"Climinha entra no clima junino e recebe Jo\u00e3o Gomes com o projeto \u2018P\u00e9 de Serrita\u2019 - Portal MF","robots":{"index":"index","follow":"follow","max-snippet":"max-snippet:-1","max-image-preview":"max-image-preview:large","max-video-preview":"max-video-preview:-1"},"canonical":"https:\/\/portalmf.com.br\/index.php\/2026\/04\/16\/climinha-entra-no-clima-junino-e-recebe-joao-gomes-com-o-projeto-pe-de-serrita\/","og_locale":"pt_BR","og_type":"article","og_title":"Climinha entra no clima junino e recebe Jo\u00e3o Gomes com o projeto \u2018P\u00e9 de Serrita\u2019 - Portal MF","og_description":"O S\u00e3o Jo\u00e3o j\u00e1 come\u00e7a a tomar conta de Salvador, e o Climinha prepara uma edi\u00e7\u00e3o especial para celebrar a temporada. No dia 14 de junho, o evento realiza o \u2018P\u00e9 de Serrita\u2019, trazendo como grande atra\u00e7\u00e3o o cantor Jo\u00e3o Gomes, que se apresenta pela primeira vez no projeto. Consolidado como uma das festas mais [&hellip;]","og_url":"https:\/\/portalmf.com.br\/index.php\/2026\/04\/16\/climinha-entra-no-clima-junino-e-recebe-joao-gomes-com-o-projeto-pe-de-serrita\/","og_site_name":"Portal MF","article_author":"https:\/\/www.facebook.com\/portalmfoficial","article_published_time":"2026-04-16T23:36:22+00:00","article_modified_time":"2026-04-16T23:36:23+00:00","og_image":[{"width":1200,"height":1042,"url":"https:\/\/portalmf.com.br\/wp-content\/uploads\/2026\/04\/Climinha-entra-no-clima-junino-e-recebe-Joao-Gomes-com-o-projeto-Pe-de-Serrita-e1776382573270.jpg","type":"image\/jpeg"}],"author":"Reda\u00e7\u00e3o Portal MF","twitter_card":"summary_large_image","twitter_creator":"@https:\/\/x.com\/portalmfoficial","twitter_misc":{"Escrito por":"Reda\u00e7\u00e3o Portal MF","Est. tempo de leitura":"2 minutos"},"schema":{"@context":"https:\/\/schema.org","@graph":[{"@type":"WebPage","@id":"https:\/\/portalmf.com.br\/index.php\/2026\/04\/16\/climinha-entra-no-clima-junino-e-recebe-joao-gomes-com-o-projeto-pe-de-serrita\/","url":"https:\/\/portalmf.com.br\/index.php\/2026\/04\/16\/climinha-entra-no-clima-junino-e-recebe-joao-gomes-com-o-projeto-pe-de-serrita\/","name":"Climinha entra no clima junino e recebe Jo\u00e3o Gomes com o projeto \u2018P\u00e9 de Serrita\u2019 - Portal MF","isPartOf":{"@id":"https:\/\/portalmf.com.br\/#website"},"primaryImageOfPage":{"@id":"https:\/\/portalmf.com.br\/index.php\/2026\/04\/16\/climinha-entra-no-clima-junino-e-recebe-joao-gomes-com-o-projeto-pe-de-serrita\/#primaryimage"},"image":{"@id":"https:\/\/portalmf.com.br\/index.php\/2026\/04\/16\/climinha-entra-no-clima-junino-e-recebe-joao-gomes-com-o-projeto-pe-de-serrita\/#primaryimage"},"thumbnailUrl":"https:\/\/portalmf.com.br\/wp-content\/uploads\/2026\/04\/Climinha-entra-no-clima-junino-e-recebe-Joao-Gomes-com-o-projeto-Pe-de-Serrita-e1776382573270.jpg","datePublished":"2026-04-16T23:36:22+00:00","dateModified":"2026-04-16T23:36:23+00:00","author":{"@id":"https:\/\/portalmf.com.br\/#\/schema\/person\/9ec101baf56233e53520c26de5d6f6f0"},"breadcrumb":{"@id":"https:\/\/portalmf.com.br\/index.php\/2026\/04\/16\/climinha-entra-no-clima-junino-e-recebe-joao-gomes-com-o-projeto-pe-de-serrita\/#breadcrumb"},"inLanguage":"pt-BR","potentialAction":[{"@type":"ReadAction","target":["https:\/\/portalmf.com.br\/index.php\/2026\/04\/16\/climinha-entra-no-clima-junino-e-recebe-joao-gomes-com-o-projeto-pe-de-serrita\/"]}]},{"@type":"ImageObject","inLanguage":"pt-BR","@id":"https:\/\/portalmf.com.br\/index.php\/2026\/04\/16\/climinha-entra-no-clima-junino-e-recebe-joao-gomes-com-o-projeto-pe-de-serrita\/#primaryimage","url":"https:\/\/portalmf.com.br\/wp-content\/uploads\/2026\/04\/Climinha-entra-no-clima-junino-e-recebe-Joao-Gomes-com-o-projeto-Pe-de-Serrita-e1776382573270.jpg","contentUrl":"https:\/\/portalmf.com.br\/wp-content\/uploads\/2026\/04\/Climinha-entra-no-clima-junino-e-recebe-Joao-Gomes-com-o-projeto-Pe-de-Serrita-e1776382573270.jpg","width":1200,"height":1042},{"@type":"BreadcrumbList","@id":"https:\/\/portalmf.com.br\/index.php\/2026\/04\/16\/climinha-entra-no-clima-junino-e-recebe-joao-gomes-com-o-projeto-pe-de-serrita\/#breadcrumb","itemListElement":[{"@type":"ListItem","position":1,"name":"In\u00edcio","item":"https:\/\/portalmf.com.br\/"},{"@type":"ListItem","position":2,"name":"Climinha entra no clima junino e recebe Jo\u00e3o Gomes com o projeto \u2018P\u00e9 de Serrita\u2019"}]},{"@type":"WebSite","@id":"https:\/\/portalmf.com.br\/#website","url":"https:\/\/portalmf.com.br\/","name":"Portal MF","description":"Voc\u00ea conectado com a informa\u00e7\u00e3o","potentialAction":[{"@type":"SearchAction","target":{"@type":"EntryPoint","urlTemplate":"https:\/\/portalmf.com.br\/?s={search_term_string}"},"query-input":"required name=search_term_string"}],"inLanguage":"pt-BR"},{"@type":"Person","@id":"https:\/\/portalmf.com.br\/#\/schema\/person\/9ec101baf56233e53520c26de5d6f6f0","name":"Reda\u00e7\u00e3o Portal MF","image":{"@type":"ImageObject","inLanguage":"pt-BR","@id":"https:\/\/portalmf.com.br\/#\/schema\/person\/image\/","url":"https:\/\/secure.gravatar.com\/avatar\/41b9aaeb2100835f7c64362330f74c7f?s=96&d=mm&r=g","contentUrl":"https:\/\/secure.gravatar.com\/avatar\/41b9aaeb2100835f7c64362330f74c7f?s=96&d=mm&r=g","caption":"Reda\u00e7\u00e3o Portal MF"},"description":"Sejam bem-vindos o portal de informa\u00e7\u00f5es de entretenimento de Feira de Santana, desde 2006 realiza coberturas dos principais eventos com entrevistas exclusivas com as principais personalidades mundiais. Fique conectado tamb\u00e9m nas redes sociais.","sameAs":["http:\/\/www.portalmf.com.br\/","https:\/\/www.facebook.com\/portalmfoficial","https:\/\/www.instagram.com\/portalmf\/","https:\/\/x.com\/https:\/\/x.com\/portalmfoficial","https:\/\/www.youtube.com\/@portalmfoficial"],"url":"https:\/\/portalmf.com.br\/index.php\/author\/junior\/"}]}},"_links":{"self":[{"href":"https:\/\/portalmf.com.br\/index.php\/wp-json\/wp\/v2\/posts\/43382"}],"collection":[{"href":"https:\/\/portalmf.com.br\/index.php\/wp-json\/wp\/v2\/posts"}],"about":[{"href":"https:\/\/portalmf.com.br\/index.php\/wp-json\/wp\/v2\/types\/post"}],"author":[{"embeddable":true,"href":"https:\/\/portalmf.com.br\/index.php\/wp-json\/wp\/v2\/users\/3"}],"replies":[{"embeddable":true,"href":"https:\/\/portalmf.com.br\/index.php\/wp-json\/wp\/v2\/comments?post=43382"}],"version-history":[{"count":1,"href":"https:\/\/portalmf.com.br\/index.php\/wp-json\/wp\/v2\/posts\/43382\/revisions"}],"predecessor-version":[{"id":43384,"href":"https:\/\/portalmf.com.br\/index.php\/wp-json\/wp\/v2\/posts\/43382\/revisions\/43384"}],"wp:featuredmedia":[{"embeddable":true,"href":"https:\/\/portalmf.com.br\/index.php\/wp-json\/wp\/v2\/media\/43383"}],"wp:attachment":[{"href":"https:\/\/portalmf.com.br\/index.php\/wp-json\/wp\/v2\/media?parent=43382"}],"wp:term":[{"taxonomy":"category","embeddable":true,"href":"https:\/\/portalmf.com.br\/index.php\/wp-json\/wp\/v2\/categories?post=43382"},{"taxonomy":"post_tag","embeddable":true,"href":"https:\/\/portalmf.com.br\/index.php\/wp-json\/wp\/v2\/tags?post=43382"}],"curies":[{"name":"wp","href":"https:\/\/api.w.org\/{rel}","templated":true}]}}