{"id":43345,"date":"2026-04-15T22:11:12","date_gmt":"2026-04-16T01:11:12","guid":{"rendered":"https:\/\/portalmf.com.br\/?p=43345"},"modified":"2026-04-15T22:11:12","modified_gmt":"2026-04-16T01:11:12","slug":"bodega-do-pablo-reune-multidao-em-noite-epica-com-shows-inesqueciveis","status":"publish","type":"post","link":"https:\/\/portalmf.com.br\/index.php\/2026\/04\/15\/bodega-do-pablo-reune-multidao-em-noite-epica-com-shows-inesqueciveis\/","title":{"rendered":"\u2018Bodega do Pablo\u2019 re\u00fane multid\u00e3o em noite \u00e9pica com shows inesquec\u00edveis"},"content":{"rendered":"\n<p>O Wet Eventos foi palco de uma noite hist\u00f3rica com mais uma edi\u00e7\u00e3o memor\u00e1vel da \u2018Bodega do Pablo\u2019. A \u201cBodega das Bodegas\u201d reuniu uma multid\u00e3o no \u00faltimo s\u00e1bado (11), em Salvador, e proporcionou encontros marcantes e shows que embalaram o p\u00fablico at\u00e9 o amanhecer.<\/p>\n\n\n\n<p>O palco da \u2018Bodega\u2019 recebeu apresenta\u00e7\u00f5es de Silfarley, Silvanno Salles e Tayrone, al\u00e9m do anfitri\u00e3o da noite, o cantor Pablo. Dono da festa, o artista comandou um show de mais de tr\u00eas horas, atravessando a madrugada e levando ao p\u00fablico grandes sucessos da sua carreira, fazendo a multid\u00e3o vibrar a cada can\u00e7\u00e3o, entre muita sofr\u00eancia e arrocha.<\/p>\n\n\n\n<p>Um dos momentos mais marcantes da noite foi quando Pablo recebeu, no palco, uma placa em reconhecimento aos impressionantes 6 bilh\u00f5es de plays acumulados nas plataformas digitais, al\u00e9m de 253 milh\u00f5es de execu\u00e7\u00f5es do projeto \u201cBodega das Bodegas\u201d, celebrando o sucesso e a for\u00e7a do seu repert\u00f3rio junto ao p\u00fablico.<\/p>\n\n\n\n<p>Pablo transportou para o Wet a atmosfera das tradicionais bodegas do interior, criando uma experi\u00eancia imersiva e envolvente, perfeita para beber, cantar e dan\u00e7ar. Durante a apresenta\u00e7\u00e3o, o artista recebeu convidados especiais como Priscila Senna, Simone Morena, Milsinho Toque Dez, Silfarley e a dupla Iguinho &amp; Lulinha. Juntos, eles transformaram a noite em um espet\u00e1culo inesquec\u00edvel, que certamente ficar\u00e1 na mem\u00f3ria do p\u00fablico.<\/p>\n\n\n\n<p>\u201cCantar em Salvador \u00e9 sempre muito especial. Estou feliz demais em ver toda essa gente aqui e sentir o carinho de cada um. Estamos vivendo uma noite hist\u00f3rica, que vai ficar marcada na minha mem\u00f3ria e, com certeza, no meu cora\u00e7\u00e3o\u201d, declarou Pablo, emocionado ao acompanhar o p\u00fablico at\u00e9 o amanhecer.<\/p>\n\n\n\n<p>Com uma proposta que vai al\u00e9m dos shows, o evento trouxe para Salvador uma experi\u00eancia completa, com palco tem\u00e1tico e diversos ambientes instagram\u00e1veis, pensados para proporcionar uma verdadeira imers\u00e3o ao p\u00fablico.<\/p>\n","protected":false},"excerpt":{"rendered":"<p>O Wet Eventos foi palco de uma noite hist\u00f3rica com mais uma edi\u00e7\u00e3o memor\u00e1vel da \u2018Bodega do Pablo\u2019. A \u201cBodega das Bodegas\u201d reuniu uma multid\u00e3o no \u00faltimo s\u00e1bado (11), em Salvador, e proporcionou encontros marcantes e shows que embalaram o p\u00fablico at\u00e9 o amanhecer. O palco da \u2018Bodega\u2019 recebeu apresenta\u00e7\u00f5es de Silfarley, Silvanno Salles e [&hellip;]<\/p>\n","protected":false},"author":3,"featured_media":43346,"comment_status":"open","ping_status":"open","sticky":false,"template":"","format":"standard","meta":{"_monsterinsights_skip_tracking":false,"_monsterinsights_sitenote_active":false,"_monsterinsights_sitenote_note":"","_monsterinsights_sitenote_category":0,"footnotes":""},"categories":[45],"tags":[],"yoast_head":"<!-- This site is optimized with the Yoast SEO plugin v22.9 - https:\/\/yoast.com\/wordpress\/plugins\/seo\/ -->\n<title>\u2018Bodega do Pablo\u2019 re\u00fane multid\u00e3o em noite \u00e9pica com shows inesquec\u00edveis - Portal MF<\/title>\n<meta name=\"robots\" content=\"index, follow, max-snippet:-1, max-image-preview:large, max-video-preview:-1\" \/>\n<link rel=\"canonical\" href=\"https:\/\/portalmf.com.br\/index.php\/2026\/04\/15\/bodega-do-pablo-reune-multidao-em-noite-epica-com-shows-inesqueciveis\/\" \/>\n<meta property=\"og:locale\" content=\"pt_BR\" \/>\n<meta property=\"og:type\" content=\"article\" \/>\n<meta property=\"og:title\" content=\"\u2018Bodega do Pablo\u2019 re\u00fane multid\u00e3o em noite \u00e9pica com shows inesquec\u00edveis - Portal MF\" \/>\n<meta property=\"og:description\" content=\"O Wet Eventos foi palco de uma noite hist\u00f3rica com mais uma edi\u00e7\u00e3o memor\u00e1vel da \u2018Bodega do Pablo\u2019. A \u201cBodega das Bodegas\u201d reuniu uma multid\u00e3o no \u00faltimo s\u00e1bado (11), em Salvador, e proporcionou encontros marcantes e shows que embalaram o p\u00fablico at\u00e9 o amanhecer. O palco da \u2018Bodega\u2019 recebeu apresenta\u00e7\u00f5es de Silfarley, Silvanno Salles e [&hellip;]\" \/>\n<meta property=\"og:url\" content=\"https:\/\/portalmf.com.br\/index.php\/2026\/04\/15\/bodega-do-pablo-reune-multidao-em-noite-epica-com-shows-inesqueciveis\/\" \/>\n<meta property=\"og:site_name\" content=\"Portal MF\" \/>\n<meta property=\"article:author\" content=\"https:\/\/www.facebook.com\/portalmfoficial\" \/>\n<meta property=\"article:published_time\" content=\"2026-04-16T01:11:12+00:00\" \/>\n<meta property=\"og:image\" content=\"https:\/\/portalmf.com.br\/wp-content\/uploads\/2026\/04\/\u2018Bodega-do-Pablo-reune-multidao-em-noite-epica-com-shows-inesqueciveis.jpeg\" \/>\n\t<meta property=\"og:image:width\" content=\"1600\" \/>\n\t<meta property=\"og:image:height\" content=\"1066\" \/>\n\t<meta property=\"og:image:type\" content=\"image\/jpeg\" \/>\n<meta name=\"author\" content=\"Reda\u00e7\u00e3o Portal MF\" \/>\n<meta name=\"twitter:card\" content=\"summary_large_image\" \/>\n<meta name=\"twitter:creator\" content=\"@https:\/\/x.com\/portalmfoficial\" \/>\n<meta name=\"twitter:label1\" content=\"Escrito por\" \/>\n\t<meta name=\"twitter:data1\" content=\"Reda\u00e7\u00e3o Portal MF\" \/>\n\t<meta name=\"twitter:label2\" content=\"Est. tempo de leitura\" \/>\n\t<meta name=\"twitter:data2\" content=\"2 minutos\" \/>\n<script type=\"application\/ld+json\" class=\"yoast-schema-graph\">{\"@context\":\"https:\/\/schema.org\",\"@graph\":[{\"@type\":\"WebPage\",\"@id\":\"https:\/\/portalmf.com.br\/index.php\/2026\/04\/15\/bodega-do-pablo-reune-multidao-em-noite-epica-com-shows-inesqueciveis\/\",\"url\":\"https:\/\/portalmf.com.br\/index.php\/2026\/04\/15\/bodega-do-pablo-reune-multidao-em-noite-epica-com-shows-inesqueciveis\/\",\"name\":\"\u2018Bodega do Pablo\u2019 re\u00fane multid\u00e3o em noite \u00e9pica com shows inesquec\u00edveis - Portal MF\",\"isPartOf\":{\"@id\":\"https:\/\/portalmf.com.br\/#website\"},\"primaryImageOfPage\":{\"@id\":\"https:\/\/portalmf.com.br\/index.php\/2026\/04\/15\/bodega-do-pablo-reune-multidao-em-noite-epica-com-shows-inesqueciveis\/#primaryimage\"},\"image\":{\"@id\":\"https:\/\/portalmf.com.br\/index.php\/2026\/04\/15\/bodega-do-pablo-reune-multidao-em-noite-epica-com-shows-inesqueciveis\/#primaryimage\"},\"thumbnailUrl\":\"https:\/\/portalmf.com.br\/wp-content\/uploads\/2026\/04\/\u2018Bodega-do-Pablo-reune-multidao-em-noite-epica-com-shows-inesqueciveis.jpeg\",\"datePublished\":\"2026-04-16T01:11:12+00:00\",\"dateModified\":\"2026-04-16T01:11:12+00:00\",\"author\":{\"@id\":\"https:\/\/portalmf.com.br\/#\/schema\/person\/9ec101baf56233e53520c26de5d6f6f0\"},\"breadcrumb\":{\"@id\":\"https:\/\/portalmf.com.br\/index.php\/2026\/04\/15\/bodega-do-pablo-reune-multidao-em-noite-epica-com-shows-inesqueciveis\/#breadcrumb\"},\"inLanguage\":\"pt-BR\",\"potentialAction\":[{\"@type\":\"ReadAction\",\"target\":[\"https:\/\/portalmf.com.br\/index.php\/2026\/04\/15\/bodega-do-pablo-reune-multidao-em-noite-epica-com-shows-inesqueciveis\/\"]}]},{\"@type\":\"ImageObject\",\"inLanguage\":\"pt-BR\",\"@id\":\"https:\/\/portalmf.com.br\/index.php\/2026\/04\/15\/bodega-do-pablo-reune-multidao-em-noite-epica-com-shows-inesqueciveis\/#primaryimage\",\"url\":\"https:\/\/portalmf.com.br\/wp-content\/uploads\/2026\/04\/\u2018Bodega-do-Pablo-reune-multidao-em-noite-epica-com-shows-inesqueciveis.jpeg\",\"contentUrl\":\"https:\/\/portalmf.com.br\/wp-content\/uploads\/2026\/04\/\u2018Bodega-do-Pablo-reune-multidao-em-noite-epica-com-shows-inesqueciveis.jpeg\",\"width\":1600,\"height\":1066},{\"@type\":\"BreadcrumbList\",\"@id\":\"https:\/\/portalmf.com.br\/index.php\/2026\/04\/15\/bodega-do-pablo-reune-multidao-em-noite-epica-com-shows-inesqueciveis\/#breadcrumb\",\"itemListElement\":[{\"@type\":\"ListItem\",\"position\":1,\"name\":\"In\u00edcio\",\"item\":\"https:\/\/portalmf.com.br\/\"},{\"@type\":\"ListItem\",\"position\":2,\"name\":\"\u2018Bodega do Pablo\u2019 re\u00fane multid\u00e3o em noite \u00e9pica com shows inesquec\u00edveis\"}]},{\"@type\":\"WebSite\",\"@id\":\"https:\/\/portalmf.com.br\/#website\",\"url\":\"https:\/\/portalmf.com.br\/\",\"name\":\"Portal MF\",\"description\":\"Voc\u00ea conectado com a informa\u00e7\u00e3o\",\"potentialAction\":[{\"@type\":\"SearchAction\",\"target\":{\"@type\":\"EntryPoint\",\"urlTemplate\":\"https:\/\/portalmf.com.br\/?s={search_term_string}\"},\"query-input\":\"required name=search_term_string\"}],\"inLanguage\":\"pt-BR\"},{\"@type\":\"Person\",\"@id\":\"https:\/\/portalmf.com.br\/#\/schema\/person\/9ec101baf56233e53520c26de5d6f6f0\",\"name\":\"Reda\u00e7\u00e3o Portal MF\",\"image\":{\"@type\":\"ImageObject\",\"inLanguage\":\"pt-BR\",\"@id\":\"https:\/\/portalmf.com.br\/#\/schema\/person\/image\/\",\"url\":\"https:\/\/secure.gravatar.com\/avatar\/41b9aaeb2100835f7c64362330f74c7f?s=96&d=mm&r=g\",\"contentUrl\":\"https:\/\/secure.gravatar.com\/avatar\/41b9aaeb2100835f7c64362330f74c7f?s=96&d=mm&r=g\",\"caption\":\"Reda\u00e7\u00e3o Portal MF\"},\"description\":\"Sejam bem-vindos o portal de informa\u00e7\u00f5es de entretenimento de Feira de Santana, desde 2006 realiza coberturas dos principais eventos com entrevistas exclusivas com as principais personalidades mundiais. Fique conectado tamb\u00e9m nas redes sociais.\",\"sameAs\":[\"http:\/\/www.portalmf.com.br\/\",\"https:\/\/www.facebook.com\/portalmfoficial\",\"https:\/\/www.instagram.com\/portalmf\/\",\"https:\/\/x.com\/https:\/\/x.com\/portalmfoficial\",\"https:\/\/www.youtube.com\/@portalmfoficial\"],\"url\":\"https:\/\/portalmf.com.br\/index.php\/author\/junior\/\"}]}<\/script>\n<!-- \/ Yoast SEO plugin. -->","yoast_head_json":{"title":"\u2018Bodega do Pablo\u2019 re\u00fane multid\u00e3o em noite \u00e9pica com shows inesquec\u00edveis - Portal MF","robots":{"index":"index","follow":"follow","max-snippet":"max-snippet:-1","max-image-preview":"max-image-preview:large","max-video-preview":"max-video-preview:-1"},"canonical":"https:\/\/portalmf.com.br\/index.php\/2026\/04\/15\/bodega-do-pablo-reune-multidao-em-noite-epica-com-shows-inesqueciveis\/","og_locale":"pt_BR","og_type":"article","og_title":"\u2018Bodega do Pablo\u2019 re\u00fane multid\u00e3o em noite \u00e9pica com shows inesquec\u00edveis - Portal MF","og_description":"O Wet Eventos foi palco de uma noite hist\u00f3rica com mais uma edi\u00e7\u00e3o memor\u00e1vel da \u2018Bodega do Pablo\u2019. A \u201cBodega das Bodegas\u201d reuniu uma multid\u00e3o no \u00faltimo s\u00e1bado (11), em Salvador, e proporcionou encontros marcantes e shows que embalaram o p\u00fablico at\u00e9 o amanhecer. O palco da \u2018Bodega\u2019 recebeu apresenta\u00e7\u00f5es de Silfarley, Silvanno Salles e [&hellip;]","og_url":"https:\/\/portalmf.com.br\/index.php\/2026\/04\/15\/bodega-do-pablo-reune-multidao-em-noite-epica-com-shows-inesqueciveis\/","og_site_name":"Portal MF","article_author":"https:\/\/www.facebook.com\/portalmfoficial","article_published_time":"2026-04-16T01:11:12+00:00","og_image":[{"width":1600,"height":1066,"url":"https:\/\/portalmf.com.br\/wp-content\/uploads\/2026\/04\/\u2018Bodega-do-Pablo-reune-multidao-em-noite-epica-com-shows-inesqueciveis.jpeg","type":"image\/jpeg"}],"author":"Reda\u00e7\u00e3o Portal MF","twitter_card":"summary_large_image","twitter_creator":"@https:\/\/x.com\/portalmfoficial","twitter_misc":{"Escrito por":"Reda\u00e7\u00e3o Portal MF","Est. tempo de leitura":"2 minutos"},"schema":{"@context":"https:\/\/schema.org","@graph":[{"@type":"WebPage","@id":"https:\/\/portalmf.com.br\/index.php\/2026\/04\/15\/bodega-do-pablo-reune-multidao-em-noite-epica-com-shows-inesqueciveis\/","url":"https:\/\/portalmf.com.br\/index.php\/2026\/04\/15\/bodega-do-pablo-reune-multidao-em-noite-epica-com-shows-inesqueciveis\/","name":"\u2018Bodega do Pablo\u2019 re\u00fane multid\u00e3o em noite \u00e9pica com shows inesquec\u00edveis - Portal MF","isPartOf":{"@id":"https:\/\/portalmf.com.br\/#website"},"primaryImageOfPage":{"@id":"https:\/\/portalmf.com.br\/index.php\/2026\/04\/15\/bodega-do-pablo-reune-multidao-em-noite-epica-com-shows-inesqueciveis\/#primaryimage"},"image":{"@id":"https:\/\/portalmf.com.br\/index.php\/2026\/04\/15\/bodega-do-pablo-reune-multidao-em-noite-epica-com-shows-inesqueciveis\/#primaryimage"},"thumbnailUrl":"https:\/\/portalmf.com.br\/wp-content\/uploads\/2026\/04\/\u2018Bodega-do-Pablo-reune-multidao-em-noite-epica-com-shows-inesqueciveis.jpeg","datePublished":"2026-04-16T01:11:12+00:00","dateModified":"2026-04-16T01:11:12+00:00","author":{"@id":"https:\/\/portalmf.com.br\/#\/schema\/person\/9ec101baf56233e53520c26de5d6f6f0"},"breadcrumb":{"@id":"https:\/\/portalmf.com.br\/index.php\/2026\/04\/15\/bodega-do-pablo-reune-multidao-em-noite-epica-com-shows-inesqueciveis\/#breadcrumb"},"inLanguage":"pt-BR","potentialAction":[{"@type":"ReadAction","target":["https:\/\/portalmf.com.br\/index.php\/2026\/04\/15\/bodega-do-pablo-reune-multidao-em-noite-epica-com-shows-inesqueciveis\/"]}]},{"@type":"ImageObject","inLanguage":"pt-BR","@id":"https:\/\/portalmf.com.br\/index.php\/2026\/04\/15\/bodega-do-pablo-reune-multidao-em-noite-epica-com-shows-inesqueciveis\/#primaryimage","url":"https:\/\/portalmf.com.br\/wp-content\/uploads\/2026\/04\/\u2018Bodega-do-Pablo-reune-multidao-em-noite-epica-com-shows-inesqueciveis.jpeg","contentUrl":"https:\/\/portalmf.com.br\/wp-content\/uploads\/2026\/04\/\u2018Bodega-do-Pablo-reune-multidao-em-noite-epica-com-shows-inesqueciveis.jpeg","width":1600,"height":1066},{"@type":"BreadcrumbList","@id":"https:\/\/portalmf.com.br\/index.php\/2026\/04\/15\/bodega-do-pablo-reune-multidao-em-noite-epica-com-shows-inesqueciveis\/#breadcrumb","itemListElement":[{"@type":"ListItem","position":1,"name":"In\u00edcio","item":"https:\/\/portalmf.com.br\/"},{"@type":"ListItem","position":2,"name":"\u2018Bodega do Pablo\u2019 re\u00fane multid\u00e3o em noite \u00e9pica com shows inesquec\u00edveis"}]},{"@type":"WebSite","@id":"https:\/\/portalmf.com.br\/#website","url":"https:\/\/portalmf.com.br\/","name":"Portal MF","description":"Voc\u00ea conectado com a informa\u00e7\u00e3o","potentialAction":[{"@type":"SearchAction","target":{"@type":"EntryPoint","urlTemplate":"https:\/\/portalmf.com.br\/?s={search_term_string}"},"query-input":"required name=search_term_string"}],"inLanguage":"pt-BR"},{"@type":"Person","@id":"https:\/\/portalmf.com.br\/#\/schema\/person\/9ec101baf56233e53520c26de5d6f6f0","name":"Reda\u00e7\u00e3o Portal MF","image":{"@type":"ImageObject","inLanguage":"pt-BR","@id":"https:\/\/portalmf.com.br\/#\/schema\/person\/image\/","url":"https:\/\/secure.gravatar.com\/avatar\/41b9aaeb2100835f7c64362330f74c7f?s=96&d=mm&r=g","contentUrl":"https:\/\/secure.gravatar.com\/avatar\/41b9aaeb2100835f7c64362330f74c7f?s=96&d=mm&r=g","caption":"Reda\u00e7\u00e3o Portal MF"},"description":"Sejam bem-vindos o portal de informa\u00e7\u00f5es de entretenimento de Feira de Santana, desde 2006 realiza coberturas dos principais eventos com entrevistas exclusivas com as principais personalidades mundiais. Fique conectado tamb\u00e9m nas redes sociais.","sameAs":["http:\/\/www.portalmf.com.br\/","https:\/\/www.facebook.com\/portalmfoficial","https:\/\/www.instagram.com\/portalmf\/","https:\/\/x.com\/https:\/\/x.com\/portalmfoficial","https:\/\/www.youtube.com\/@portalmfoficial"],"url":"https:\/\/portalmf.com.br\/index.php\/author\/junior\/"}]}},"_links":{"self":[{"href":"https:\/\/portalmf.com.br\/index.php\/wp-json\/wp\/v2\/posts\/43345"}],"collection":[{"href":"https:\/\/portalmf.com.br\/index.php\/wp-json\/wp\/v2\/posts"}],"about":[{"href":"https:\/\/portalmf.com.br\/index.php\/wp-json\/wp\/v2\/types\/post"}],"author":[{"embeddable":true,"href":"https:\/\/portalmf.com.br\/index.php\/wp-json\/wp\/v2\/users\/3"}],"replies":[{"embeddable":true,"href":"https:\/\/portalmf.com.br\/index.php\/wp-json\/wp\/v2\/comments?post=43345"}],"version-history":[{"count":1,"href":"https:\/\/portalmf.com.br\/index.php\/wp-json\/wp\/v2\/posts\/43345\/revisions"}],"predecessor-version":[{"id":43347,"href":"https:\/\/portalmf.com.br\/index.php\/wp-json\/wp\/v2\/posts\/43345\/revisions\/43347"}],"wp:featuredmedia":[{"embeddable":true,"href":"https:\/\/portalmf.com.br\/index.php\/wp-json\/wp\/v2\/media\/43346"}],"wp:attachment":[{"href":"https:\/\/portalmf.com.br\/index.php\/wp-json\/wp\/v2\/media?parent=43345"}],"wp:term":[{"taxonomy":"category","embeddable":true,"href":"https:\/\/portalmf.com.br\/index.php\/wp-json\/wp\/v2\/categories?post=43345"},{"taxonomy":"post_tag","embeddable":true,"href":"https:\/\/portalmf.com.br\/index.php\/wp-json\/wp\/v2\/tags?post=43345"}],"curies":[{"name":"wp","href":"https:\/\/api.w.org\/{rel}","templated":true}]}}