{"id":43337,"date":"2026-04-15T17:49:00","date_gmt":"2026-04-15T20:49:00","guid":{"rendered":"https:\/\/portalmf.com.br\/?p=43337"},"modified":"2026-04-15T21:50:53","modified_gmt":"2026-04-16T00:50:53","slug":"43337","status":"publish","type":"post","link":"https:\/\/portalmf.com.br\/index.php\/2026\/04\/15\/43337\/","title":{"rendered":""},"content":{"rendered":"\n<p>A rela\u00e7\u00e3o com os nomes de 2.614 servidores municipais, lotados na Secretaria de Educa\u00e7\u00e3o, que est\u00e3o aptos a receber os cr\u00e9ditos oriundos dos precat\u00f3rios do Fundef (Fundo de Manuten\u00e7\u00e3o e Desenvolvimento do Ensino Fundamental e de Valoriza\u00e7\u00e3o do Magist\u00e9rio), foi publicada pela Prefeitura de Feira de Santana.<\/p>\n\n\n\n<p>Precat\u00f3rio \u00e9 uma requisi\u00e7\u00e3o de pagamento emitida pelo Poder Judici\u00e1rio para que o governo (federal, estadual ou municipal), pague uma d\u00edvida resultante de uma condena\u00e7\u00e3o judicial definitiva.<\/p>\n\n\n\n<p>Na rela\u00e7\u00e3o, que foi publicada em edi\u00e7\u00e3o extra no site&nbsp;<a href=\"http:\/\/www.diariooicial.feiradesantana.ba.gov.br\/\">www.diariooicial.feiradesantana.ba.gov.br<\/a>, de ter\u00e7a-feira \u00e0 tardem constam os nomes de professores \u2013 mais de 99%, e secret\u00e1rios escolares e especialistas em educa\u00e7\u00e3o.<\/p>\n\n\n\n<p>Est\u00e3o aptos a receber tais cr\u00e9ditos dos precat\u00f3rios Fundef, os profissionais que est\u00e3o em exerc\u00edcio de janeiro de 1997 a dezembro de 2006.<\/p>\n\n\n\n<p>Fica assegurado o prazo de tr\u00eas dias, contados da data da publica\u00e7\u00e3o da portaria, para interposi\u00e7\u00e3o de recurso administrativo pelos interessados, quanto \u00e0 rela\u00e7\u00e3o constante na lista.<\/p>\n\n\n\n<p>O protocolo deve ser realizado na Secretaria de Administra\u00e7\u00e3o, localizada \u00e0 Avenida Sampaio, 344, Centro, em hor\u00e1rio comercial.<\/p>\n\n\n\n<p>Com informa\u00e7\u00f5es da Secom<\/p>\n","protected":false},"excerpt":{"rendered":"<p>A rela\u00e7\u00e3o com os nomes de 2.614 servidores municipais, lotados na Secretaria de Educa\u00e7\u00e3o, que est\u00e3o aptos a receber os cr\u00e9ditos oriundos dos precat\u00f3rios do Fundef (Fundo de Manuten\u00e7\u00e3o e Desenvolvimento do Ensino Fundamental e de Valoriza\u00e7\u00e3o do Magist\u00e9rio), foi publicada pela Prefeitura de Feira de Santana. Precat\u00f3rio \u00e9 uma requisi\u00e7\u00e3o de pagamento emitida pelo [&hellip;]<\/p>\n","protected":false},"author":3,"featured_media":40112,"comment_status":"open","ping_status":"open","sticky":false,"template":"","format":"standard","meta":{"_monsterinsights_skip_tracking":false,"_monsterinsights_sitenote_active":false,"_monsterinsights_sitenote_note":"","_monsterinsights_sitenote_category":0,"footnotes":""},"categories":[1],"tags":[],"yoast_head":"<!-- This site is optimized with the Yoast SEO plugin v22.9 - https:\/\/yoast.com\/wordpress\/plugins\/seo\/ -->\n<title>- Portal MF<\/title>\n<meta name=\"robots\" content=\"index, follow, max-snippet:-1, max-image-preview:large, max-video-preview:-1\" \/>\n<link rel=\"canonical\" href=\"https:\/\/portalmf.com.br\/index.php\/2026\/04\/15\/43337\/\" \/>\n<meta property=\"og:locale\" content=\"pt_BR\" \/>\n<meta property=\"og:type\" content=\"article\" \/>\n<meta property=\"og:title\" content=\"- Portal MF\" \/>\n<meta property=\"og:description\" content=\"A rela\u00e7\u00e3o com os nomes de 2.614 servidores municipais, lotados na Secretaria de Educa\u00e7\u00e3o, que est\u00e3o aptos a receber os cr\u00e9ditos oriundos dos precat\u00f3rios do Fundef (Fundo de Manuten\u00e7\u00e3o e Desenvolvimento do Ensino Fundamental e de Valoriza\u00e7\u00e3o do Magist\u00e9rio), foi publicada pela Prefeitura de Feira de Santana. Precat\u00f3rio \u00e9 uma requisi\u00e7\u00e3o de pagamento emitida pelo [&hellip;]\" \/>\n<meta property=\"og:url\" content=\"https:\/\/portalmf.com.br\/index.php\/2026\/04\/15\/43337\/\" \/>\n<meta property=\"og:site_name\" content=\"Portal MF\" \/>\n<meta property=\"article:author\" content=\"https:\/\/www.facebook.com\/portalmfoficial\" \/>\n<meta property=\"article:published_time\" content=\"2026-04-15T20:49:00+00:00\" \/>\n<meta property=\"article:modified_time\" content=\"2026-04-16T00:50:53+00:00\" \/>\n<meta property=\"og:image\" content=\"https:\/\/portalmf.com.br\/wp-content\/uploads\/2025\/11\/secretaria_educacao_seduc.jpg\" \/>\n\t<meta property=\"og:image:width\" content=\"1306\" \/>\n\t<meta property=\"og:image:height\" content=\"894\" \/>\n\t<meta property=\"og:image:type\" content=\"image\/jpeg\" \/>\n<meta name=\"author\" content=\"Reda\u00e7\u00e3o Portal MF\" \/>\n<meta name=\"twitter:card\" content=\"summary_large_image\" \/>\n<meta name=\"twitter:creator\" content=\"@https:\/\/x.com\/portalmfoficial\" \/>\n<meta name=\"twitter:label1\" content=\"Escrito por\" \/>\n\t<meta name=\"twitter:data1\" content=\"Reda\u00e7\u00e3o Portal MF\" \/>\n\t<meta name=\"twitter:label2\" content=\"Est. tempo de leitura\" \/>\n\t<meta name=\"twitter:data2\" content=\"2 minutos\" \/>\n<script type=\"application\/ld+json\" class=\"yoast-schema-graph\">{\"@context\":\"https:\/\/schema.org\",\"@graph\":[{\"@type\":\"WebPage\",\"@id\":\"https:\/\/portalmf.com.br\/index.php\/2026\/04\/15\/43337\/\",\"url\":\"https:\/\/portalmf.com.br\/index.php\/2026\/04\/15\/43337\/\",\"name\":\"- Portal MF\",\"isPartOf\":{\"@id\":\"https:\/\/portalmf.com.br\/#website\"},\"primaryImageOfPage\":{\"@id\":\"https:\/\/portalmf.com.br\/index.php\/2026\/04\/15\/43337\/#primaryimage\"},\"image\":{\"@id\":\"https:\/\/portalmf.com.br\/index.php\/2026\/04\/15\/43337\/#primaryimage\"},\"thumbnailUrl\":\"https:\/\/portalmf.com.br\/wp-content\/uploads\/2025\/11\/secretaria_educacao_seduc.jpg\",\"datePublished\":\"2026-04-15T20:49:00+00:00\",\"dateModified\":\"2026-04-16T00:50:53+00:00\",\"author\":{\"@id\":\"https:\/\/portalmf.com.br\/#\/schema\/person\/9ec101baf56233e53520c26de5d6f6f0\"},\"inLanguage\":\"pt-BR\",\"potentialAction\":[{\"@type\":\"ReadAction\",\"target\":[\"https:\/\/portalmf.com.br\/index.php\/2026\/04\/15\/43337\/\"]}]},{\"@type\":\"ImageObject\",\"inLanguage\":\"pt-BR\",\"@id\":\"https:\/\/portalmf.com.br\/index.php\/2026\/04\/15\/43337\/#primaryimage\",\"url\":\"https:\/\/portalmf.com.br\/wp-content\/uploads\/2025\/11\/secretaria_educacao_seduc.jpg\",\"contentUrl\":\"https:\/\/portalmf.com.br\/wp-content\/uploads\/2025\/11\/secretaria_educacao_seduc.jpg\",\"width\":1306,\"height\":894},{\"@type\":\"WebSite\",\"@id\":\"https:\/\/portalmf.com.br\/#website\",\"url\":\"https:\/\/portalmf.com.br\/\",\"name\":\"Portal MF\",\"description\":\"Voc\u00ea conectado com a informa\u00e7\u00e3o\",\"potentialAction\":[{\"@type\":\"SearchAction\",\"target\":{\"@type\":\"EntryPoint\",\"urlTemplate\":\"https:\/\/portalmf.com.br\/?s={search_term_string}\"},\"query-input\":\"required name=search_term_string\"}],\"inLanguage\":\"pt-BR\"},{\"@type\":\"Person\",\"@id\":\"https:\/\/portalmf.com.br\/#\/schema\/person\/9ec101baf56233e53520c26de5d6f6f0\",\"name\":\"Reda\u00e7\u00e3o Portal MF\",\"image\":{\"@type\":\"ImageObject\",\"inLanguage\":\"pt-BR\",\"@id\":\"https:\/\/portalmf.com.br\/#\/schema\/person\/image\/\",\"url\":\"https:\/\/secure.gravatar.com\/avatar\/41b9aaeb2100835f7c64362330f74c7f?s=96&d=mm&r=g\",\"contentUrl\":\"https:\/\/secure.gravatar.com\/avatar\/41b9aaeb2100835f7c64362330f74c7f?s=96&d=mm&r=g\",\"caption\":\"Reda\u00e7\u00e3o Portal MF\"},\"description\":\"Sejam bem-vindos o portal de informa\u00e7\u00f5es de entretenimento de Feira de Santana, desde 2006 realiza coberturas dos principais eventos com entrevistas exclusivas com as principais personalidades mundiais. Fique conectado tamb\u00e9m nas redes sociais.\",\"sameAs\":[\"http:\/\/www.portalmf.com.br\/\",\"https:\/\/www.facebook.com\/portalmfoficial\",\"https:\/\/www.instagram.com\/portalmf\/\",\"https:\/\/x.com\/https:\/\/x.com\/portalmfoficial\",\"https:\/\/www.youtube.com\/@portalmfoficial\"],\"url\":\"https:\/\/portalmf.com.br\/index.php\/author\/junior\/\"}]}<\/script>\n<!-- \/ Yoast SEO plugin. -->","yoast_head_json":{"title":"- Portal MF","robots":{"index":"index","follow":"follow","max-snippet":"max-snippet:-1","max-image-preview":"max-image-preview:large","max-video-preview":"max-video-preview:-1"},"canonical":"https:\/\/portalmf.com.br\/index.php\/2026\/04\/15\/43337\/","og_locale":"pt_BR","og_type":"article","og_title":"- Portal MF","og_description":"A rela\u00e7\u00e3o com os nomes de 2.614 servidores municipais, lotados na Secretaria de Educa\u00e7\u00e3o, que est\u00e3o aptos a receber os cr\u00e9ditos oriundos dos precat\u00f3rios do Fundef (Fundo de Manuten\u00e7\u00e3o e Desenvolvimento do Ensino Fundamental e de Valoriza\u00e7\u00e3o do Magist\u00e9rio), foi publicada pela Prefeitura de Feira de Santana. Precat\u00f3rio \u00e9 uma requisi\u00e7\u00e3o de pagamento emitida pelo [&hellip;]","og_url":"https:\/\/portalmf.com.br\/index.php\/2026\/04\/15\/43337\/","og_site_name":"Portal MF","article_author":"https:\/\/www.facebook.com\/portalmfoficial","article_published_time":"2026-04-15T20:49:00+00:00","article_modified_time":"2026-04-16T00:50:53+00:00","og_image":[{"width":1306,"height":894,"url":"https:\/\/portalmf.com.br\/wp-content\/uploads\/2025\/11\/secretaria_educacao_seduc.jpg","type":"image\/jpeg"}],"author":"Reda\u00e7\u00e3o Portal MF","twitter_card":"summary_large_image","twitter_creator":"@https:\/\/x.com\/portalmfoficial","twitter_misc":{"Escrito por":"Reda\u00e7\u00e3o Portal MF","Est. tempo de leitura":"2 minutos"},"schema":{"@context":"https:\/\/schema.org","@graph":[{"@type":"WebPage","@id":"https:\/\/portalmf.com.br\/index.php\/2026\/04\/15\/43337\/","url":"https:\/\/portalmf.com.br\/index.php\/2026\/04\/15\/43337\/","name":"- Portal MF","isPartOf":{"@id":"https:\/\/portalmf.com.br\/#website"},"primaryImageOfPage":{"@id":"https:\/\/portalmf.com.br\/index.php\/2026\/04\/15\/43337\/#primaryimage"},"image":{"@id":"https:\/\/portalmf.com.br\/index.php\/2026\/04\/15\/43337\/#primaryimage"},"thumbnailUrl":"https:\/\/portalmf.com.br\/wp-content\/uploads\/2025\/11\/secretaria_educacao_seduc.jpg","datePublished":"2026-04-15T20:49:00+00:00","dateModified":"2026-04-16T00:50:53+00:00","author":{"@id":"https:\/\/portalmf.com.br\/#\/schema\/person\/9ec101baf56233e53520c26de5d6f6f0"},"inLanguage":"pt-BR","potentialAction":[{"@type":"ReadAction","target":["https:\/\/portalmf.com.br\/index.php\/2026\/04\/15\/43337\/"]}]},{"@type":"ImageObject","inLanguage":"pt-BR","@id":"https:\/\/portalmf.com.br\/index.php\/2026\/04\/15\/43337\/#primaryimage","url":"https:\/\/portalmf.com.br\/wp-content\/uploads\/2025\/11\/secretaria_educacao_seduc.jpg","contentUrl":"https:\/\/portalmf.com.br\/wp-content\/uploads\/2025\/11\/secretaria_educacao_seduc.jpg","width":1306,"height":894},{"@type":"WebSite","@id":"https:\/\/portalmf.com.br\/#website","url":"https:\/\/portalmf.com.br\/","name":"Portal MF","description":"Voc\u00ea conectado com a informa\u00e7\u00e3o","potentialAction":[{"@type":"SearchAction","target":{"@type":"EntryPoint","urlTemplate":"https:\/\/portalmf.com.br\/?s={search_term_string}"},"query-input":"required name=search_term_string"}],"inLanguage":"pt-BR"},{"@type":"Person","@id":"https:\/\/portalmf.com.br\/#\/schema\/person\/9ec101baf56233e53520c26de5d6f6f0","name":"Reda\u00e7\u00e3o Portal MF","image":{"@type":"ImageObject","inLanguage":"pt-BR","@id":"https:\/\/portalmf.com.br\/#\/schema\/person\/image\/","url":"https:\/\/secure.gravatar.com\/avatar\/41b9aaeb2100835f7c64362330f74c7f?s=96&d=mm&r=g","contentUrl":"https:\/\/secure.gravatar.com\/avatar\/41b9aaeb2100835f7c64362330f74c7f?s=96&d=mm&r=g","caption":"Reda\u00e7\u00e3o Portal MF"},"description":"Sejam bem-vindos o portal de informa\u00e7\u00f5es de entretenimento de Feira de Santana, desde 2006 realiza coberturas dos principais eventos com entrevistas exclusivas com as principais personalidades mundiais. Fique conectado tamb\u00e9m nas redes sociais.","sameAs":["http:\/\/www.portalmf.com.br\/","https:\/\/www.facebook.com\/portalmfoficial","https:\/\/www.instagram.com\/portalmf\/","https:\/\/x.com\/https:\/\/x.com\/portalmfoficial","https:\/\/www.youtube.com\/@portalmfoficial"],"url":"https:\/\/portalmf.com.br\/index.php\/author\/junior\/"}]}},"_links":{"self":[{"href":"https:\/\/portalmf.com.br\/index.php\/wp-json\/wp\/v2\/posts\/43337"}],"collection":[{"href":"https:\/\/portalmf.com.br\/index.php\/wp-json\/wp\/v2\/posts"}],"about":[{"href":"https:\/\/portalmf.com.br\/index.php\/wp-json\/wp\/v2\/types\/post"}],"author":[{"embeddable":true,"href":"https:\/\/portalmf.com.br\/index.php\/wp-json\/wp\/v2\/users\/3"}],"replies":[{"embeddable":true,"href":"https:\/\/portalmf.com.br\/index.php\/wp-json\/wp\/v2\/comments?post=43337"}],"version-history":[{"count":1,"href":"https:\/\/portalmf.com.br\/index.php\/wp-json\/wp\/v2\/posts\/43337\/revisions"}],"predecessor-version":[{"id":43338,"href":"https:\/\/portalmf.com.br\/index.php\/wp-json\/wp\/v2\/posts\/43337\/revisions\/43338"}],"wp:featuredmedia":[{"embeddable":true,"href":"https:\/\/portalmf.com.br\/index.php\/wp-json\/wp\/v2\/media\/40112"}],"wp:attachment":[{"href":"https:\/\/portalmf.com.br\/index.php\/wp-json\/wp\/v2\/media?parent=43337"}],"wp:term":[{"taxonomy":"category","embeddable":true,"href":"https:\/\/portalmf.com.br\/index.php\/wp-json\/wp\/v2\/categories?post=43337"},{"taxonomy":"post_tag","embeddable":true,"href":"https:\/\/portalmf.com.br\/index.php\/wp-json\/wp\/v2\/tags?post=43337"}],"curies":[{"name":"wp","href":"https:\/\/api.w.org\/{rel}","templated":true}]}}