{"id":43332,"date":"2026-04-15T16:49:10","date_gmt":"2026-04-15T19:49:10","guid":{"rendered":"https:\/\/portalmf.com.br\/?p=43332"},"modified":"2026-04-15T16:49:13","modified_gmt":"2026-04-15T19:49:13","slug":"afropunk-brasil-revela-primeiros-nomes-do-line-up-2026","status":"publish","type":"post","link":"https:\/\/portalmf.com.br\/index.php\/2026\/04\/15\/afropunk-brasil-revela-primeiros-nomes-do-line-up-2026\/","title":{"rendered":"Afropunk Brasil revela primeiros nomes do line-up 2026"},"content":{"rendered":"\n<p>O&nbsp;Afropunk Brasil, realizado pela&nbsp;IDW Company, retorna em 2026 reafirmando sua proposta de levar a m\u00fasica negra contempor\u00e2nea para diferentes cidades do pa\u00eds, ampliando conex\u00f5es entre artistas, territ\u00f3rios e p\u00fablicos. A expans\u00e3o foi apresentada nesta ter\u00e7a-feira (14), durante o&nbsp;IDW Movimenta, summit realizado na Casa de Francisca, no centro de S\u00e3o Paulo, em um encontro fechado para convidados e profissionais da ind\u00fastria criativa. Na ocasi\u00e3o, as s\u00f3cias da IDW Company,&nbsp;Ana Am\u00e9lia Nunes&nbsp;e&nbsp;Potyra Lavor, revelaram as cidades que receber\u00e3o o festival, al\u00e9m dos primeiros nomes que integram o line-up da edi\u00e7\u00e3o de Salvador.<\/p>\n\n\n\n<p>A jornada come\u00e7a no dia&nbsp;27 de junho, no Terreir\u00e3o do Samba, no&nbsp;Rio de Janeiro, com uma edi\u00e7\u00e3o do&nbsp;Afropunk Experience, segue para&nbsp;Recife, no dia&nbsp;12 de setembro, na UFPE, tamb\u00e9m dentro do formato Experience, e retorna a Salvador, nos dias 7 e 8 de novembro, no Parque de Exposi\u00e7\u00f5es, que recebe a edi\u00e7\u00e3o principal do festival.&nbsp;<\/p>\n\n\n\n<p>Mais do que crescer em escala, o Afropunk Brasil fortalece uma proposta que vem sendo constru\u00edda ao longo dos anos: conectar diferentes cenas, p\u00fablicos e territ\u00f3rios a partir da m\u00fasica negra. O festival se firma como um espa\u00e7o de encontro entre gera\u00e7\u00f5es, estilos e viv\u00eancias &#8211; e essa nova fase amplia o alcance ao levar a experi\u00eancia para diferentes regi\u00f5es do pa\u00eds.&nbsp;<\/p>\n\n\n\n<p>\u00c9 dentro desse contexto que chega a primeira leva de nomes confirmados. Entre eles,&nbsp;Jorja Smith ganha destaque como uma das principais vozes do R&amp;B contempor\u00e2neo. A artista brit\u00e2nica construiu uma trajet\u00f3ria s\u00f3lida ao longo dos \u00faltimos anos, com m\u00fasicas que transitam entre soul, R&amp;B e outras influ\u00eancias da m\u00fasica negra global. Seu retorno ao Brasil acontece em um momento de maturidade art\u00edstica, refor\u00e7ando o olhar internacional do Afropunk e sua conex\u00e3o com o que est\u00e1 sendo produzido fora do pa\u00eds.&nbsp;<\/p>\n\n\n\n<p>Ao lado dela, o line-up estabelece um di\u00e1logo entre diferentes momentos da m\u00fasica brasileira.&nbsp;Gilberto Gil&nbsp;representa o elo entre passado e presente, chegando ao festival ap\u00f3s o encerramento da turn\u00ea \u201cTempo Rei\u201d, que celebrou mais de 60 anos de carreira. J\u00e1&nbsp;Emicida&nbsp;refor\u00e7a seu papel como uma das vozes mais relevantes do rap nacional, com o recente&nbsp;<em>Emicida Racional VOL 2 &#8211; Mesmas Cores &amp; Mesmos Valores<\/em> (2025), projeto que revisita refer\u00eancias do g\u00eanero e amplia discuss\u00f5es sobre identidade e mem\u00f3ria.<\/p>\n\n\n\n<p>&nbsp;A curadoria tamb\u00e9m destaca a for\u00e7a das sonoridades regionais.&nbsp;Gaby Amarantos&nbsp;chega ao Afropunk com a energia do projeto&nbsp;<em>Rock Doido<\/em>&nbsp;(2025), levando para o palco um show que traduz esse universo em performance &#8211; com refer\u00eancias ao tecnobrega, est\u00e9tica pop e elementos da cultura paraense que marcam sua fase mais recente. Em paralelo,&nbsp;Lazzo Matumbi&nbsp;\u00e9 uma das vozes fundacionais da m\u00fasica negra baiana contempor\u00e2nea; ajudou a consolidar a afirma\u00e7\u00e3o est\u00e9tica e pol\u00edtica da negritude na m\u00fasica brasileira. Sua obra atravessa a forma\u00e7\u00e3o do samba-reggae e se estabelece como ponte entre tradi\u00e7\u00e3o, espiritualidade e constru\u00e7\u00e3o de identidade cultural, sendo refer\u00eancia direta para gera\u00e7\u00f5es posteriores da m\u00fasica baiana e nacional.&nbsp;<\/p>\n\n\n\n<p>Apontando para os novos caminhos da cena,&nbsp;NandaTsunami&nbsp;surge como uma das vozes mais interessantes da nova gera\u00e7\u00e3o. Com o \u00e1lbum de estreia \u00e9<em> Disso Que Eu Me Alimento<\/em>&nbsp;(2025), a artista constr\u00f3i um universo pr\u00f3prio ao misturar rap, funk e moda, trazendo para o palco uma performance que dialoga com est\u00e9tica, atitude e narrativa &#8211; refletindo uma gera\u00e7\u00e3o que se expressa para al\u00e9m da m\u00fasica.<\/p>\n\n\n\n<p>O FESTIVAL<\/p>\n\n\n\n<p>O Afropunk Brasil ocupa hoje um lugar central entre os maiores festivais de m\u00fasica do pa\u00eds. O movimento de expans\u00e3o acompanha um processo que j\u00e1 vinha sendo desenvolvido pelo projeto. Em 2025, a plataforma &#8211; que passou por S\u00e3o Lu\u00eds, Rio de Janeiro e Salvador &#8211; reuniu mais de 75 mil pessoas e impactou mais de 12 milh\u00f5es, um reflexo de como essa experi\u00eancia vai al\u00e9m do palco. O AFROPUNK tamb\u00e9m acontece na forma como o p\u00fablico chega, se expressa e ocupa o espa\u00e7o, criando uma viv\u00eancia que \u00e9 t\u00e3o coletiva quanto art\u00edstica. A edi\u00e7\u00e3o de 2026 aprofunda esse caminho ao estruturar um circuito nacional mais consolidado.<\/p>\n\n\n\n<p>\u201cExpandir o Afropunk Brasil para novas cidades \u00e9 tamb\u00e9m ampliar as conex\u00f5es entre culturas, territ\u00f3rios e pessoas. Ao mesmo tempo, Salvador segue como o centro dessa hist\u00f3ria &#8211; \u00e9 onde o festival se consolidou e onde mantemos nossa base. Encerrar essa jornada com dois dias na cidade \u00e9 reafirmar essa rela\u00e7\u00e3o enquanto o projeto cresce. O AFROPUNK nasce desse encontro e se fortalece ao dialogar com diferentes realidades sem perder sua ess\u00eancia\u201d, afirma Ana Am\u00e9lia Nunes, s\u00f3cia e diretora de conte\u00fado da IDW Entretenimento.<\/p>\n\n\n\n<p>Potyra Lavor, CEO da IDW Company, refor\u00e7a que \u201co Afropunk Brasil impactou 136 milh\u00f5es de reais na economia e, na edi\u00e7\u00e3o principal, levou turistas de 100% dos estados brasileiros, al\u00e9m de estrangeiros vindos de mais de 36 pa\u00edses. \u00c9 cultura gerando neg\u00f3cios e fortalecendo os mercados por onde o festival passa\u201d.<\/p>\n\n\n\n<p>A movimenta\u00e7\u00e3o tamb\u00e9m aponta para um plano de crescimento cont\u00ednuo. Para 2027, o Afropunk Brasil j\u00e1 prev\u00ea edi\u00e7\u00f5es em Fortaleza, Belo Horizonte e Salvador. Em 2028, o projeto segue ampliando sua presen\u00e7a com passagens por Bras\u00edlia, Porto Alegre e novamente Salvador, consolidando um circuito nacional.<\/p>\n","protected":false},"excerpt":{"rendered":"<p>O&nbsp;Afropunk Brasil, realizado pela&nbsp;IDW Company, retorna em 2026 reafirmando sua proposta de levar a m\u00fasica negra contempor\u00e2nea para diferentes cidades do pa\u00eds, ampliando conex\u00f5es entre artistas, territ\u00f3rios e p\u00fablicos. A expans\u00e3o foi apresentada nesta ter\u00e7a-feira (14), durante o&nbsp;IDW Movimenta, summit realizado na Casa de Francisca, no centro de S\u00e3o Paulo, em um encontro fechado para [&hellip;]<\/p>\n","protected":false},"author":3,"featured_media":43333,"comment_status":"open","ping_status":"open","sticky":false,"template":"","format":"standard","meta":{"_monsterinsights_skip_tracking":false,"_monsterinsights_sitenote_active":false,"_monsterinsights_sitenote_note":"","_monsterinsights_sitenote_category":0,"footnotes":""},"categories":[48,45],"tags":[],"yoast_head":"<!-- This site is optimized with the Yoast SEO plugin v22.9 - https:\/\/yoast.com\/wordpress\/plugins\/seo\/ -->\n<title>Afropunk Brasil revela primeiros nomes do line-up 2026 - Portal MF<\/title>\n<meta name=\"robots\" content=\"index, follow, max-snippet:-1, max-image-preview:large, max-video-preview:-1\" \/>\n<link rel=\"canonical\" href=\"https:\/\/portalmf.com.br\/index.php\/2026\/04\/15\/afropunk-brasil-revela-primeiros-nomes-do-line-up-2026\/\" \/>\n<meta property=\"og:locale\" content=\"pt_BR\" \/>\n<meta property=\"og:type\" content=\"article\" \/>\n<meta property=\"og:title\" content=\"Afropunk Brasil revela primeiros nomes do line-up 2026 - Portal MF\" \/>\n<meta property=\"og:description\" content=\"O&nbsp;Afropunk Brasil, realizado pela&nbsp;IDW Company, retorna em 2026 reafirmando sua proposta de levar a m\u00fasica negra contempor\u00e2nea para diferentes cidades do pa\u00eds, ampliando conex\u00f5es entre artistas, territ\u00f3rios e p\u00fablicos. A expans\u00e3o foi apresentada nesta ter\u00e7a-feira (14), durante o&nbsp;IDW Movimenta, summit realizado na Casa de Francisca, no centro de S\u00e3o Paulo, em um encontro fechado para [&hellip;]\" \/>\n<meta property=\"og:url\" content=\"https:\/\/portalmf.com.br\/index.php\/2026\/04\/15\/afropunk-brasil-revela-primeiros-nomes-do-line-up-2026\/\" \/>\n<meta property=\"og:site_name\" content=\"Portal MF\" \/>\n<meta property=\"article:author\" content=\"https:\/\/www.facebook.com\/portalmfoficial\" \/>\n<meta property=\"article:published_time\" content=\"2026-04-15T19:49:10+00:00\" \/>\n<meta property=\"article:modified_time\" content=\"2026-04-15T19:49:13+00:00\" \/>\n<meta property=\"og:image\" content=\"https:\/\/portalmf.com.br\/wp-content\/uploads\/2026\/04\/AFROPUNK-Brasil-scaled.jpeg\" \/>\n\t<meta property=\"og:image:width\" content=\"2560\" \/>\n\t<meta property=\"og:image:height\" content=\"1440\" \/>\n\t<meta property=\"og:image:type\" content=\"image\/jpeg\" \/>\n<meta name=\"author\" content=\"Reda\u00e7\u00e3o Portal MF\" \/>\n<meta name=\"twitter:card\" content=\"summary_large_image\" \/>\n<meta name=\"twitter:creator\" content=\"@https:\/\/x.com\/portalmfoficial\" \/>\n<meta name=\"twitter:label1\" content=\"Escrito por\" \/>\n\t<meta name=\"twitter:data1\" content=\"Reda\u00e7\u00e3o Portal MF\" \/>\n\t<meta name=\"twitter:label2\" content=\"Est. tempo de leitura\" \/>\n\t<meta name=\"twitter:data2\" content=\"5 minutos\" \/>\n<script type=\"application\/ld+json\" class=\"yoast-schema-graph\">{\"@context\":\"https:\/\/schema.org\",\"@graph\":[{\"@type\":\"WebPage\",\"@id\":\"https:\/\/portalmf.com.br\/index.php\/2026\/04\/15\/afropunk-brasil-revela-primeiros-nomes-do-line-up-2026\/\",\"url\":\"https:\/\/portalmf.com.br\/index.php\/2026\/04\/15\/afropunk-brasil-revela-primeiros-nomes-do-line-up-2026\/\",\"name\":\"Afropunk Brasil revela primeiros nomes do line-up 2026 - Portal MF\",\"isPartOf\":{\"@id\":\"https:\/\/portalmf.com.br\/#website\"},\"primaryImageOfPage\":{\"@id\":\"https:\/\/portalmf.com.br\/index.php\/2026\/04\/15\/afropunk-brasil-revela-primeiros-nomes-do-line-up-2026\/#primaryimage\"},\"image\":{\"@id\":\"https:\/\/portalmf.com.br\/index.php\/2026\/04\/15\/afropunk-brasil-revela-primeiros-nomes-do-line-up-2026\/#primaryimage\"},\"thumbnailUrl\":\"https:\/\/portalmf.com.br\/wp-content\/uploads\/2026\/04\/AFROPUNK-Brasil-scaled.jpeg\",\"datePublished\":\"2026-04-15T19:49:10+00:00\",\"dateModified\":\"2026-04-15T19:49:13+00:00\",\"author\":{\"@id\":\"https:\/\/portalmf.com.br\/#\/schema\/person\/9ec101baf56233e53520c26de5d6f6f0\"},\"breadcrumb\":{\"@id\":\"https:\/\/portalmf.com.br\/index.php\/2026\/04\/15\/afropunk-brasil-revela-primeiros-nomes-do-line-up-2026\/#breadcrumb\"},\"inLanguage\":\"pt-BR\",\"potentialAction\":[{\"@type\":\"ReadAction\",\"target\":[\"https:\/\/portalmf.com.br\/index.php\/2026\/04\/15\/afropunk-brasil-revela-primeiros-nomes-do-line-up-2026\/\"]}]},{\"@type\":\"ImageObject\",\"inLanguage\":\"pt-BR\",\"@id\":\"https:\/\/portalmf.com.br\/index.php\/2026\/04\/15\/afropunk-brasil-revela-primeiros-nomes-do-line-up-2026\/#primaryimage\",\"url\":\"https:\/\/portalmf.com.br\/wp-content\/uploads\/2026\/04\/AFROPUNK-Brasil-scaled.jpeg\",\"contentUrl\":\"https:\/\/portalmf.com.br\/wp-content\/uploads\/2026\/04\/AFROPUNK-Brasil-scaled.jpeg\",\"width\":2560,\"height\":1440},{\"@type\":\"BreadcrumbList\",\"@id\":\"https:\/\/portalmf.com.br\/index.php\/2026\/04\/15\/afropunk-brasil-revela-primeiros-nomes-do-line-up-2026\/#breadcrumb\",\"itemListElement\":[{\"@type\":\"ListItem\",\"position\":1,\"name\":\"In\u00edcio\",\"item\":\"https:\/\/portalmf.com.br\/\"},{\"@type\":\"ListItem\",\"position\":2,\"name\":\"Afropunk Brasil revela primeiros nomes do line-up 2026\"}]},{\"@type\":\"WebSite\",\"@id\":\"https:\/\/portalmf.com.br\/#website\",\"url\":\"https:\/\/portalmf.com.br\/\",\"name\":\"Portal MF\",\"description\":\"Voc\u00ea conectado com a informa\u00e7\u00e3o\",\"potentialAction\":[{\"@type\":\"SearchAction\",\"target\":{\"@type\":\"EntryPoint\",\"urlTemplate\":\"https:\/\/portalmf.com.br\/?s={search_term_string}\"},\"query-input\":\"required name=search_term_string\"}],\"inLanguage\":\"pt-BR\"},{\"@type\":\"Person\",\"@id\":\"https:\/\/portalmf.com.br\/#\/schema\/person\/9ec101baf56233e53520c26de5d6f6f0\",\"name\":\"Reda\u00e7\u00e3o Portal MF\",\"image\":{\"@type\":\"ImageObject\",\"inLanguage\":\"pt-BR\",\"@id\":\"https:\/\/portalmf.com.br\/#\/schema\/person\/image\/\",\"url\":\"https:\/\/secure.gravatar.com\/avatar\/41b9aaeb2100835f7c64362330f74c7f?s=96&d=mm&r=g\",\"contentUrl\":\"https:\/\/secure.gravatar.com\/avatar\/41b9aaeb2100835f7c64362330f74c7f?s=96&d=mm&r=g\",\"caption\":\"Reda\u00e7\u00e3o Portal MF\"},\"description\":\"Sejam bem-vindos o portal de informa\u00e7\u00f5es de entretenimento de Feira de Santana, desde 2006 realiza coberturas dos principais eventos com entrevistas exclusivas com as principais personalidades mundiais. Fique conectado tamb\u00e9m nas redes sociais.\",\"sameAs\":[\"http:\/\/www.portalmf.com.br\/\",\"https:\/\/www.facebook.com\/portalmfoficial\",\"https:\/\/www.instagram.com\/portalmf\/\",\"https:\/\/x.com\/https:\/\/x.com\/portalmfoficial\",\"https:\/\/www.youtube.com\/@portalmfoficial\"],\"url\":\"https:\/\/portalmf.com.br\/index.php\/author\/junior\/\"}]}<\/script>\n<!-- \/ Yoast SEO plugin. -->","yoast_head_json":{"title":"Afropunk Brasil revela primeiros nomes do line-up 2026 - Portal MF","robots":{"index":"index","follow":"follow","max-snippet":"max-snippet:-1","max-image-preview":"max-image-preview:large","max-video-preview":"max-video-preview:-1"},"canonical":"https:\/\/portalmf.com.br\/index.php\/2026\/04\/15\/afropunk-brasil-revela-primeiros-nomes-do-line-up-2026\/","og_locale":"pt_BR","og_type":"article","og_title":"Afropunk Brasil revela primeiros nomes do line-up 2026 - Portal MF","og_description":"O&nbsp;Afropunk Brasil, realizado pela&nbsp;IDW Company, retorna em 2026 reafirmando sua proposta de levar a m\u00fasica negra contempor\u00e2nea para diferentes cidades do pa\u00eds, ampliando conex\u00f5es entre artistas, territ\u00f3rios e p\u00fablicos. A expans\u00e3o foi apresentada nesta ter\u00e7a-feira (14), durante o&nbsp;IDW Movimenta, summit realizado na Casa de Francisca, no centro de S\u00e3o Paulo, em um encontro fechado para [&hellip;]","og_url":"https:\/\/portalmf.com.br\/index.php\/2026\/04\/15\/afropunk-brasil-revela-primeiros-nomes-do-line-up-2026\/","og_site_name":"Portal MF","article_author":"https:\/\/www.facebook.com\/portalmfoficial","article_published_time":"2026-04-15T19:49:10+00:00","article_modified_time":"2026-04-15T19:49:13+00:00","og_image":[{"width":2560,"height":1440,"url":"https:\/\/portalmf.com.br\/wp-content\/uploads\/2026\/04\/AFROPUNK-Brasil-scaled.jpeg","type":"image\/jpeg"}],"author":"Reda\u00e7\u00e3o Portal MF","twitter_card":"summary_large_image","twitter_creator":"@https:\/\/x.com\/portalmfoficial","twitter_misc":{"Escrito por":"Reda\u00e7\u00e3o Portal MF","Est. tempo de leitura":"5 minutos"},"schema":{"@context":"https:\/\/schema.org","@graph":[{"@type":"WebPage","@id":"https:\/\/portalmf.com.br\/index.php\/2026\/04\/15\/afropunk-brasil-revela-primeiros-nomes-do-line-up-2026\/","url":"https:\/\/portalmf.com.br\/index.php\/2026\/04\/15\/afropunk-brasil-revela-primeiros-nomes-do-line-up-2026\/","name":"Afropunk Brasil revela primeiros nomes do line-up 2026 - Portal MF","isPartOf":{"@id":"https:\/\/portalmf.com.br\/#website"},"primaryImageOfPage":{"@id":"https:\/\/portalmf.com.br\/index.php\/2026\/04\/15\/afropunk-brasil-revela-primeiros-nomes-do-line-up-2026\/#primaryimage"},"image":{"@id":"https:\/\/portalmf.com.br\/index.php\/2026\/04\/15\/afropunk-brasil-revela-primeiros-nomes-do-line-up-2026\/#primaryimage"},"thumbnailUrl":"https:\/\/portalmf.com.br\/wp-content\/uploads\/2026\/04\/AFROPUNK-Brasil-scaled.jpeg","datePublished":"2026-04-15T19:49:10+00:00","dateModified":"2026-04-15T19:49:13+00:00","author":{"@id":"https:\/\/portalmf.com.br\/#\/schema\/person\/9ec101baf56233e53520c26de5d6f6f0"},"breadcrumb":{"@id":"https:\/\/portalmf.com.br\/index.php\/2026\/04\/15\/afropunk-brasil-revela-primeiros-nomes-do-line-up-2026\/#breadcrumb"},"inLanguage":"pt-BR","potentialAction":[{"@type":"ReadAction","target":["https:\/\/portalmf.com.br\/index.php\/2026\/04\/15\/afropunk-brasil-revela-primeiros-nomes-do-line-up-2026\/"]}]},{"@type":"ImageObject","inLanguage":"pt-BR","@id":"https:\/\/portalmf.com.br\/index.php\/2026\/04\/15\/afropunk-brasil-revela-primeiros-nomes-do-line-up-2026\/#primaryimage","url":"https:\/\/portalmf.com.br\/wp-content\/uploads\/2026\/04\/AFROPUNK-Brasil-scaled.jpeg","contentUrl":"https:\/\/portalmf.com.br\/wp-content\/uploads\/2026\/04\/AFROPUNK-Brasil-scaled.jpeg","width":2560,"height":1440},{"@type":"BreadcrumbList","@id":"https:\/\/portalmf.com.br\/index.php\/2026\/04\/15\/afropunk-brasil-revela-primeiros-nomes-do-line-up-2026\/#breadcrumb","itemListElement":[{"@type":"ListItem","position":1,"name":"In\u00edcio","item":"https:\/\/portalmf.com.br\/"},{"@type":"ListItem","position":2,"name":"Afropunk Brasil revela primeiros nomes do line-up 2026"}]},{"@type":"WebSite","@id":"https:\/\/portalmf.com.br\/#website","url":"https:\/\/portalmf.com.br\/","name":"Portal MF","description":"Voc\u00ea conectado com a informa\u00e7\u00e3o","potentialAction":[{"@type":"SearchAction","target":{"@type":"EntryPoint","urlTemplate":"https:\/\/portalmf.com.br\/?s={search_term_string}"},"query-input":"required name=search_term_string"}],"inLanguage":"pt-BR"},{"@type":"Person","@id":"https:\/\/portalmf.com.br\/#\/schema\/person\/9ec101baf56233e53520c26de5d6f6f0","name":"Reda\u00e7\u00e3o Portal MF","image":{"@type":"ImageObject","inLanguage":"pt-BR","@id":"https:\/\/portalmf.com.br\/#\/schema\/person\/image\/","url":"https:\/\/secure.gravatar.com\/avatar\/41b9aaeb2100835f7c64362330f74c7f?s=96&d=mm&r=g","contentUrl":"https:\/\/secure.gravatar.com\/avatar\/41b9aaeb2100835f7c64362330f74c7f?s=96&d=mm&r=g","caption":"Reda\u00e7\u00e3o Portal MF"},"description":"Sejam bem-vindos o portal de informa\u00e7\u00f5es de entretenimento de Feira de Santana, desde 2006 realiza coberturas dos principais eventos com entrevistas exclusivas com as principais personalidades mundiais. Fique conectado tamb\u00e9m nas redes sociais.","sameAs":["http:\/\/www.portalmf.com.br\/","https:\/\/www.facebook.com\/portalmfoficial","https:\/\/www.instagram.com\/portalmf\/","https:\/\/x.com\/https:\/\/x.com\/portalmfoficial","https:\/\/www.youtube.com\/@portalmfoficial"],"url":"https:\/\/portalmf.com.br\/index.php\/author\/junior\/"}]}},"_links":{"self":[{"href":"https:\/\/portalmf.com.br\/index.php\/wp-json\/wp\/v2\/posts\/43332"}],"collection":[{"href":"https:\/\/portalmf.com.br\/index.php\/wp-json\/wp\/v2\/posts"}],"about":[{"href":"https:\/\/portalmf.com.br\/index.php\/wp-json\/wp\/v2\/types\/post"}],"author":[{"embeddable":true,"href":"https:\/\/portalmf.com.br\/index.php\/wp-json\/wp\/v2\/users\/3"}],"replies":[{"embeddable":true,"href":"https:\/\/portalmf.com.br\/index.php\/wp-json\/wp\/v2\/comments?post=43332"}],"version-history":[{"count":1,"href":"https:\/\/portalmf.com.br\/index.php\/wp-json\/wp\/v2\/posts\/43332\/revisions"}],"predecessor-version":[{"id":43334,"href":"https:\/\/portalmf.com.br\/index.php\/wp-json\/wp\/v2\/posts\/43332\/revisions\/43334"}],"wp:featuredmedia":[{"embeddable":true,"href":"https:\/\/portalmf.com.br\/index.php\/wp-json\/wp\/v2\/media\/43333"}],"wp:attachment":[{"href":"https:\/\/portalmf.com.br\/index.php\/wp-json\/wp\/v2\/media?parent=43332"}],"wp:term":[{"taxonomy":"category","embeddable":true,"href":"https:\/\/portalmf.com.br\/index.php\/wp-json\/wp\/v2\/categories?post=43332"},{"taxonomy":"post_tag","embeddable":true,"href":"https:\/\/portalmf.com.br\/index.php\/wp-json\/wp\/v2\/tags?post=43332"}],"curies":[{"name":"wp","href":"https:\/\/api.w.org\/{rel}","templated":true}]}}