{"id":43239,"date":"2026-04-13T04:44:30","date_gmt":"2026-04-13T07:44:30","guid":{"rendered":"https:\/\/portalmf.com.br\/?p=43239"},"modified":"2026-04-13T04:44:31","modified_gmt":"2026-04-13T07:44:31","slug":"cancer-de-cabeca-e-pescoco-e-o-terceiro-mais-comum-no-brasil","status":"publish","type":"post","link":"https:\/\/portalmf.com.br\/index.php\/2026\/04\/13\/cancer-de-cabeca-e-pescoco-e-o-terceiro-mais-comum-no-brasil\/","title":{"rendered":"C\u00e2ncer de cabe\u00e7a e pesco\u00e7o \u00e9 o terceiro mais comum no Brasil"},"content":{"rendered":"\n<p>Depois do an\u00fancio do narrador&nbsp;esportivo&nbsp;Luis&nbsp;Roberto, de 64 anos, sobre seu&nbsp;diagn\u00f3stico&nbsp;de neoplasia localizada na regi\u00e3o&nbsp;cervical,&nbsp;o&nbsp;tema tem chamado a aten\u00e7\u00e3o e levantado alertas&nbsp;e d\u00favidas.&nbsp;<img decoding=\"async\" src=\"https:\/\/agenciabrasil.ebc.com.br\/ebc.png?id=1685676&amp;o=node\"><img decoding=\"async\" src=\"https:\/\/agenciabrasil.ebc.com.br\/ebc.gif?id=1685676&amp;o=node\"><\/p>\n\n\n\n<p>Neoplasia \u00e9 o termo m\u00e9dico para descrever o crescimento anormal de c\u00e9lulas&nbsp;que n\u00e3o morrem&nbsp;no momento certo.&nbsp;Quando localizada na regi\u00e3o cervical, significa a forma\u00e7\u00e3o de tecidos na laringe, faringe ou tireoide, que desencadeia em tumores que podem ser benignos ou malignos.&nbsp;<\/p>\n\n\n\n<p>Segundo o Minist\u00e9rio da Sa\u00fade, quando somados todos os tipos, o c\u00e2ncer de cabe\u00e7a e pesco\u00e7o configura o&nbsp;terceiro mais incidente&nbsp;no Brasil, com ocorr\u00eancia maior entre os homens.<\/p>\n\n\n\n<p>Dados do&nbsp;Instituto Nacional de C\u00e2ncer (INCA), indicam que&nbsp;80%&nbsp;dos tumores de cabe\u00e7a e pesco\u00e7o s\u00e3o diagnosticados em est\u00e1gios avan\u00e7ados,&nbsp;o que desfavorece os progn\u00f3sticos.&nbsp;A maioria dos casos s\u00e3o&nbsp;tumores na hipofaringe, orofaringe, cavidade oral e laringe.&nbsp;<\/p>\n\n\n\n<p>O vice-l\u00edder do Centro de Refer\u00eancia em Tumores de Cabe\u00e7a e Pesco\u00e7o do A.C. Camargo Cancer Center, Thiago Bueno, explica que uma verruga, por exemplo, \u00e9 um crescimento anormal de c\u00e9lulas, mas que n\u00e3o faz met\u00e1stase, ent\u00e3o \u00e9 algo benigno.&nbsp;<\/p>\n\n\n\n<p><em>&#8220;O&nbsp;crescimento anormal de c\u00e9lulas que&nbsp;invade&nbsp;os tecidos locais&nbsp;e&nbsp;outros pontos, \u00e9 maligno.&nbsp;A maioria dos c\u00e2nceres no&nbsp;pesco\u00e7o n\u00e3o se originam diretamente nessa regi\u00e3o.&nbsp;Geralmente, nascem em algum outro lugar que chamamos&nbsp;grosseiramente de cabe\u00e7a e pesco\u00e7o&nbsp;e as&nbsp;c\u00e9lulas v\u00e3o para os linfonodos&nbsp;do pesco\u00e7o, popularmente chamadas de \u00ednguas\u201d,<\/em> explicou.<\/p>\n\n\n\n<h2 class=\"wp-block-heading\">Causas e sintomas<\/h2>\n\n\n\n<p>De acordo com o m\u00e9dico,&nbsp;os principais fatores de risco para a doen\u00e7a s\u00e3o o consumo excessivo de bebidas alco\u00f3licas, exposi\u00e7\u00e3o ao tabagismo e&nbsp;infec\u00e7\u00e3o por HPV, al\u00e9m do&nbsp;hist\u00f3rico familiar.&nbsp;<\/p>\n\n\n\n<p>Entre os sintomas est\u00e3o sensa\u00e7\u00e3o de corpo estranho na regi\u00e3o, dor, sangramento e dificuldade para engolir, al\u00e9m de&nbsp;cansa\u00e7o persistente, perda de peso sem explica\u00e7\u00e3o, febre prolongada, suor noturno e desconforto persistentes.&nbsp;<\/p>\n\n\n\n<p>Bueno alertou para o fato&nbsp;de que n\u00e3o \u00e9 comum fazer exames preventivos ou anuais para detec\u00e7\u00e3o desses tipos de tumores, como ocorre por exemplo com&nbsp;mama e pr\u00f3stata.<\/p>\n\n\n\n<p><em>\u201cN\u00f3s n\u00e3o temos um exame de detec\u00e7\u00e3o precoce, n\u00e3o tem algo que fa\u00e7amos uma vez por ano.&nbsp;Ent\u00e3o, n\u00f3s&nbsp;profissionais,&nbsp;tentamos&nbsp;conscientizar a popula\u00e7\u00e3o&nbsp;sobre potenciais sinais e sintomas que levem a procurar atendimento m\u00e9dico para possibilitar&nbsp;o diagn\u00f3stico\u201d.&nbsp;&nbsp;<\/em><\/p>\n\n\n\n<p>O m\u00e9dico alerta que ao sinal de qualquer n\u00f3dulo na regi\u00e3o do pesco\u00e7o&nbsp;e&nbsp;qualquer les\u00e3o (afta ou ferida) na boca ou garganta&nbsp;que n\u00e3o desapare\u00e7a ou cicatrize&nbsp;espontaneamente em at\u00e9 15 dias,&nbsp;sangramentos por via oral, rouquid\u00e3o persistente, dor para engolir&nbsp;deve-se procurar&nbsp;atendimento m\u00e9dico.&nbsp;<\/p>\n\n\n\n<h2 class=\"wp-block-heading\">Diagn\u00f3stico e tratamento<\/h2>\n\n\n\n<p>A&nbsp;investiga\u00e7\u00e3o da doen\u00e7a&nbsp;\u00e9 feita por meio de uma s\u00e9rie de exames de imagem, como tomografia e resson\u00e2ncia magn\u00e9tica, seguidos por bi\u00f3psia.&nbsp;Ap\u00f3s o diagn\u00f3stico, o tratamento&nbsp;costuma ser multidisciplinar e&nbsp;pode incluir cirurgia, radioterapia, imunoterapia ou quimioterapia, dependendo da gravidade.&nbsp;<\/p>\n\n\n\n<p><em>\u201cNa maioria dos casos&nbsp;as chances de cura s\u00e3o favor\u00e1veis. Para cada paciente estabelecemos uma&nbsp;estrat\u00e9gia de tratamento que nos traga as melhores chances de cura,&nbsp;com o m\u00ednimo de efeitos colaterais poss\u00edveis.&nbsp;Atualmente os tratamentos s\u00e3o muito modernos e as sequelas s\u00e3o pouco frequentes.&nbsp;Embora possam&nbsp;acontecer, a intensidade \u00e9 pequena e n\u00e3o interfere na&nbsp;qualidade de vida\u201d<\/em>, afirmou.&nbsp;<br><br>Com informa\u00e7\u00f5es da Ag\u00eancia Brasil<\/p>\n","protected":false},"excerpt":{"rendered":"<p>Depois do an\u00fancio do narrador&nbsp;esportivo&nbsp;Luis&nbsp;Roberto, de 64 anos, sobre seu&nbsp;diagn\u00f3stico&nbsp;de neoplasia localizada na regi\u00e3o&nbsp;cervical,&nbsp;o&nbsp;tema tem chamado a aten\u00e7\u00e3o e levantado alertas&nbsp;e d\u00favidas.&nbsp; Neoplasia \u00e9 o termo m\u00e9dico para descrever o crescimento anormal de c\u00e9lulas&nbsp;que n\u00e3o morrem&nbsp;no momento certo.&nbsp;Quando localizada na regi\u00e3o cervical, significa a forma\u00e7\u00e3o de tecidos na laringe, faringe ou tireoide, que desencadeia em [&hellip;]<\/p>\n","protected":false},"author":3,"featured_media":43240,"comment_status":"open","ping_status":"open","sticky":false,"template":"","format":"standard","meta":{"_monsterinsights_skip_tracking":false,"_monsterinsights_sitenote_active":false,"_monsterinsights_sitenote_note":"","_monsterinsights_sitenote_category":0,"footnotes":""},"categories":[41],"tags":[],"yoast_head":"<!-- This site is optimized with the Yoast SEO plugin v22.9 - https:\/\/yoast.com\/wordpress\/plugins\/seo\/ -->\n<title>C\u00e2ncer de cabe\u00e7a e pesco\u00e7o \u00e9 o terceiro mais comum no Brasil - Portal MF<\/title>\n<meta name=\"robots\" content=\"index, follow, max-snippet:-1, max-image-preview:large, max-video-preview:-1\" \/>\n<link rel=\"canonical\" href=\"https:\/\/portalmf.com.br\/index.php\/2026\/04\/13\/cancer-de-cabeca-e-pescoco-e-o-terceiro-mais-comum-no-brasil\/\" \/>\n<meta property=\"og:locale\" content=\"pt_BR\" \/>\n<meta property=\"og:type\" content=\"article\" \/>\n<meta property=\"og:title\" content=\"C\u00e2ncer de cabe\u00e7a e pesco\u00e7o \u00e9 o terceiro mais comum no Brasil - Portal MF\" \/>\n<meta property=\"og:description\" content=\"Depois do an\u00fancio do narrador&nbsp;esportivo&nbsp;Luis&nbsp;Roberto, de 64 anos, sobre seu&nbsp;diagn\u00f3stico&nbsp;de neoplasia localizada na regi\u00e3o&nbsp;cervical,&nbsp;o&nbsp;tema tem chamado a aten\u00e7\u00e3o e levantado alertas&nbsp;e d\u00favidas.&nbsp; Neoplasia \u00e9 o termo m\u00e9dico para descrever o crescimento anormal de c\u00e9lulas&nbsp;que n\u00e3o morrem&nbsp;no momento certo.&nbsp;Quando localizada na regi\u00e3o cervical, significa a forma\u00e7\u00e3o de tecidos na laringe, faringe ou tireoide, que desencadeia em [&hellip;]\" \/>\n<meta property=\"og:url\" content=\"https:\/\/portalmf.com.br\/index.php\/2026\/04\/13\/cancer-de-cabeca-e-pescoco-e-o-terceiro-mais-comum-no-brasil\/\" \/>\n<meta property=\"og:site_name\" content=\"Portal MF\" \/>\n<meta property=\"article:author\" content=\"https:\/\/www.facebook.com\/portalmfoficial\" \/>\n<meta property=\"article:published_time\" content=\"2026-04-13T07:44:30+00:00\" \/>\n<meta property=\"article:modified_time\" content=\"2026-04-13T07:44:31+00:00\" \/>\n<meta property=\"og:image\" content=\"https:\/\/portalmf.com.br\/wp-content\/uploads\/2026\/04\/cancer_de_cabeca_e_pescoco_e_o_terceiro_mais_comum_no_brasil.jpg\" \/>\n\t<meta property=\"og:image:width\" content=\"1170\" \/>\n\t<meta property=\"og:image:height\" content=\"700\" \/>\n\t<meta property=\"og:image:type\" content=\"image\/jpeg\" \/>\n<meta name=\"author\" content=\"Reda\u00e7\u00e3o Portal MF\" \/>\n<meta name=\"twitter:card\" content=\"summary_large_image\" \/>\n<meta name=\"twitter:creator\" content=\"@https:\/\/x.com\/portalmfoficial\" \/>\n<meta name=\"twitter:label1\" content=\"Escrito por\" \/>\n\t<meta name=\"twitter:data1\" content=\"Reda\u00e7\u00e3o Portal MF\" \/>\n\t<meta name=\"twitter:label2\" content=\"Est. tempo de leitura\" \/>\n\t<meta name=\"twitter:data2\" content=\"4 minutos\" \/>\n<script type=\"application\/ld+json\" class=\"yoast-schema-graph\">{\"@context\":\"https:\/\/schema.org\",\"@graph\":[{\"@type\":\"WebPage\",\"@id\":\"https:\/\/portalmf.com.br\/index.php\/2026\/04\/13\/cancer-de-cabeca-e-pescoco-e-o-terceiro-mais-comum-no-brasil\/\",\"url\":\"https:\/\/portalmf.com.br\/index.php\/2026\/04\/13\/cancer-de-cabeca-e-pescoco-e-o-terceiro-mais-comum-no-brasil\/\",\"name\":\"C\u00e2ncer de cabe\u00e7a e pesco\u00e7o \u00e9 o terceiro mais comum no Brasil - Portal MF\",\"isPartOf\":{\"@id\":\"https:\/\/portalmf.com.br\/#website\"},\"primaryImageOfPage\":{\"@id\":\"https:\/\/portalmf.com.br\/index.php\/2026\/04\/13\/cancer-de-cabeca-e-pescoco-e-o-terceiro-mais-comum-no-brasil\/#primaryimage\"},\"image\":{\"@id\":\"https:\/\/portalmf.com.br\/index.php\/2026\/04\/13\/cancer-de-cabeca-e-pescoco-e-o-terceiro-mais-comum-no-brasil\/#primaryimage\"},\"thumbnailUrl\":\"https:\/\/portalmf.com.br\/wp-content\/uploads\/2026\/04\/cancer_de_cabeca_e_pescoco_e_o_terceiro_mais_comum_no_brasil.jpg\",\"datePublished\":\"2026-04-13T07:44:30+00:00\",\"dateModified\":\"2026-04-13T07:44:31+00:00\",\"author\":{\"@id\":\"https:\/\/portalmf.com.br\/#\/schema\/person\/9ec101baf56233e53520c26de5d6f6f0\"},\"breadcrumb\":{\"@id\":\"https:\/\/portalmf.com.br\/index.php\/2026\/04\/13\/cancer-de-cabeca-e-pescoco-e-o-terceiro-mais-comum-no-brasil\/#breadcrumb\"},\"inLanguage\":\"pt-BR\",\"potentialAction\":[{\"@type\":\"ReadAction\",\"target\":[\"https:\/\/portalmf.com.br\/index.php\/2026\/04\/13\/cancer-de-cabeca-e-pescoco-e-o-terceiro-mais-comum-no-brasil\/\"]}]},{\"@type\":\"ImageObject\",\"inLanguage\":\"pt-BR\",\"@id\":\"https:\/\/portalmf.com.br\/index.php\/2026\/04\/13\/cancer-de-cabeca-e-pescoco-e-o-terceiro-mais-comum-no-brasil\/#primaryimage\",\"url\":\"https:\/\/portalmf.com.br\/wp-content\/uploads\/2026\/04\/cancer_de_cabeca_e_pescoco_e_o_terceiro_mais_comum_no_brasil.jpg\",\"contentUrl\":\"https:\/\/portalmf.com.br\/wp-content\/uploads\/2026\/04\/cancer_de_cabeca_e_pescoco_e_o_terceiro_mais_comum_no_brasil.jpg\",\"width\":1170,\"height\":700},{\"@type\":\"BreadcrumbList\",\"@id\":\"https:\/\/portalmf.com.br\/index.php\/2026\/04\/13\/cancer-de-cabeca-e-pescoco-e-o-terceiro-mais-comum-no-brasil\/#breadcrumb\",\"itemListElement\":[{\"@type\":\"ListItem\",\"position\":1,\"name\":\"In\u00edcio\",\"item\":\"https:\/\/portalmf.com.br\/\"},{\"@type\":\"ListItem\",\"position\":2,\"name\":\"C\u00e2ncer de cabe\u00e7a e pesco\u00e7o \u00e9 o terceiro mais comum no Brasil\"}]},{\"@type\":\"WebSite\",\"@id\":\"https:\/\/portalmf.com.br\/#website\",\"url\":\"https:\/\/portalmf.com.br\/\",\"name\":\"Portal MF\",\"description\":\"Voc\u00ea conectado com a informa\u00e7\u00e3o\",\"potentialAction\":[{\"@type\":\"SearchAction\",\"target\":{\"@type\":\"EntryPoint\",\"urlTemplate\":\"https:\/\/portalmf.com.br\/?s={search_term_string}\"},\"query-input\":\"required name=search_term_string\"}],\"inLanguage\":\"pt-BR\"},{\"@type\":\"Person\",\"@id\":\"https:\/\/portalmf.com.br\/#\/schema\/person\/9ec101baf56233e53520c26de5d6f6f0\",\"name\":\"Reda\u00e7\u00e3o Portal MF\",\"image\":{\"@type\":\"ImageObject\",\"inLanguage\":\"pt-BR\",\"@id\":\"https:\/\/portalmf.com.br\/#\/schema\/person\/image\/\",\"url\":\"https:\/\/secure.gravatar.com\/avatar\/41b9aaeb2100835f7c64362330f74c7f?s=96&d=mm&r=g\",\"contentUrl\":\"https:\/\/secure.gravatar.com\/avatar\/41b9aaeb2100835f7c64362330f74c7f?s=96&d=mm&r=g\",\"caption\":\"Reda\u00e7\u00e3o Portal MF\"},\"description\":\"Sejam bem-vindos o portal de informa\u00e7\u00f5es de entretenimento de Feira de Santana, desde 2006 realiza coberturas dos principais eventos com entrevistas exclusivas com as principais personalidades mundiais. Fique conectado tamb\u00e9m nas redes sociais.\",\"sameAs\":[\"http:\/\/www.portalmf.com.br\/\",\"https:\/\/www.facebook.com\/portalmfoficial\",\"https:\/\/www.instagram.com\/portalmf\/\",\"https:\/\/x.com\/https:\/\/x.com\/portalmfoficial\",\"https:\/\/www.youtube.com\/@portalmfoficial\"],\"url\":\"https:\/\/portalmf.com.br\/index.php\/author\/junior\/\"}]}<\/script>\n<!-- \/ Yoast SEO plugin. -->","yoast_head_json":{"title":"C\u00e2ncer de cabe\u00e7a e pesco\u00e7o \u00e9 o terceiro mais comum no Brasil - Portal MF","robots":{"index":"index","follow":"follow","max-snippet":"max-snippet:-1","max-image-preview":"max-image-preview:large","max-video-preview":"max-video-preview:-1"},"canonical":"https:\/\/portalmf.com.br\/index.php\/2026\/04\/13\/cancer-de-cabeca-e-pescoco-e-o-terceiro-mais-comum-no-brasil\/","og_locale":"pt_BR","og_type":"article","og_title":"C\u00e2ncer de cabe\u00e7a e pesco\u00e7o \u00e9 o terceiro mais comum no Brasil - Portal MF","og_description":"Depois do an\u00fancio do narrador&nbsp;esportivo&nbsp;Luis&nbsp;Roberto, de 64 anos, sobre seu&nbsp;diagn\u00f3stico&nbsp;de neoplasia localizada na regi\u00e3o&nbsp;cervical,&nbsp;o&nbsp;tema tem chamado a aten\u00e7\u00e3o e levantado alertas&nbsp;e d\u00favidas.&nbsp; Neoplasia \u00e9 o termo m\u00e9dico para descrever o crescimento anormal de c\u00e9lulas&nbsp;que n\u00e3o morrem&nbsp;no momento certo.&nbsp;Quando localizada na regi\u00e3o cervical, significa a forma\u00e7\u00e3o de tecidos na laringe, faringe ou tireoide, que desencadeia em [&hellip;]","og_url":"https:\/\/portalmf.com.br\/index.php\/2026\/04\/13\/cancer-de-cabeca-e-pescoco-e-o-terceiro-mais-comum-no-brasil\/","og_site_name":"Portal MF","article_author":"https:\/\/www.facebook.com\/portalmfoficial","article_published_time":"2026-04-13T07:44:30+00:00","article_modified_time":"2026-04-13T07:44:31+00:00","og_image":[{"width":1170,"height":700,"url":"https:\/\/portalmf.com.br\/wp-content\/uploads\/2026\/04\/cancer_de_cabeca_e_pescoco_e_o_terceiro_mais_comum_no_brasil.jpg","type":"image\/jpeg"}],"author":"Reda\u00e7\u00e3o Portal MF","twitter_card":"summary_large_image","twitter_creator":"@https:\/\/x.com\/portalmfoficial","twitter_misc":{"Escrito por":"Reda\u00e7\u00e3o Portal MF","Est. tempo de leitura":"4 minutos"},"schema":{"@context":"https:\/\/schema.org","@graph":[{"@type":"WebPage","@id":"https:\/\/portalmf.com.br\/index.php\/2026\/04\/13\/cancer-de-cabeca-e-pescoco-e-o-terceiro-mais-comum-no-brasil\/","url":"https:\/\/portalmf.com.br\/index.php\/2026\/04\/13\/cancer-de-cabeca-e-pescoco-e-o-terceiro-mais-comum-no-brasil\/","name":"C\u00e2ncer de cabe\u00e7a e pesco\u00e7o \u00e9 o terceiro mais comum no Brasil - Portal MF","isPartOf":{"@id":"https:\/\/portalmf.com.br\/#website"},"primaryImageOfPage":{"@id":"https:\/\/portalmf.com.br\/index.php\/2026\/04\/13\/cancer-de-cabeca-e-pescoco-e-o-terceiro-mais-comum-no-brasil\/#primaryimage"},"image":{"@id":"https:\/\/portalmf.com.br\/index.php\/2026\/04\/13\/cancer-de-cabeca-e-pescoco-e-o-terceiro-mais-comum-no-brasil\/#primaryimage"},"thumbnailUrl":"https:\/\/portalmf.com.br\/wp-content\/uploads\/2026\/04\/cancer_de_cabeca_e_pescoco_e_o_terceiro_mais_comum_no_brasil.jpg","datePublished":"2026-04-13T07:44:30+00:00","dateModified":"2026-04-13T07:44:31+00:00","author":{"@id":"https:\/\/portalmf.com.br\/#\/schema\/person\/9ec101baf56233e53520c26de5d6f6f0"},"breadcrumb":{"@id":"https:\/\/portalmf.com.br\/index.php\/2026\/04\/13\/cancer-de-cabeca-e-pescoco-e-o-terceiro-mais-comum-no-brasil\/#breadcrumb"},"inLanguage":"pt-BR","potentialAction":[{"@type":"ReadAction","target":["https:\/\/portalmf.com.br\/index.php\/2026\/04\/13\/cancer-de-cabeca-e-pescoco-e-o-terceiro-mais-comum-no-brasil\/"]}]},{"@type":"ImageObject","inLanguage":"pt-BR","@id":"https:\/\/portalmf.com.br\/index.php\/2026\/04\/13\/cancer-de-cabeca-e-pescoco-e-o-terceiro-mais-comum-no-brasil\/#primaryimage","url":"https:\/\/portalmf.com.br\/wp-content\/uploads\/2026\/04\/cancer_de_cabeca_e_pescoco_e_o_terceiro_mais_comum_no_brasil.jpg","contentUrl":"https:\/\/portalmf.com.br\/wp-content\/uploads\/2026\/04\/cancer_de_cabeca_e_pescoco_e_o_terceiro_mais_comum_no_brasil.jpg","width":1170,"height":700},{"@type":"BreadcrumbList","@id":"https:\/\/portalmf.com.br\/index.php\/2026\/04\/13\/cancer-de-cabeca-e-pescoco-e-o-terceiro-mais-comum-no-brasil\/#breadcrumb","itemListElement":[{"@type":"ListItem","position":1,"name":"In\u00edcio","item":"https:\/\/portalmf.com.br\/"},{"@type":"ListItem","position":2,"name":"C\u00e2ncer de cabe\u00e7a e pesco\u00e7o \u00e9 o terceiro mais comum no Brasil"}]},{"@type":"WebSite","@id":"https:\/\/portalmf.com.br\/#website","url":"https:\/\/portalmf.com.br\/","name":"Portal MF","description":"Voc\u00ea conectado com a informa\u00e7\u00e3o","potentialAction":[{"@type":"SearchAction","target":{"@type":"EntryPoint","urlTemplate":"https:\/\/portalmf.com.br\/?s={search_term_string}"},"query-input":"required name=search_term_string"}],"inLanguage":"pt-BR"},{"@type":"Person","@id":"https:\/\/portalmf.com.br\/#\/schema\/person\/9ec101baf56233e53520c26de5d6f6f0","name":"Reda\u00e7\u00e3o Portal MF","image":{"@type":"ImageObject","inLanguage":"pt-BR","@id":"https:\/\/portalmf.com.br\/#\/schema\/person\/image\/","url":"https:\/\/secure.gravatar.com\/avatar\/41b9aaeb2100835f7c64362330f74c7f?s=96&d=mm&r=g","contentUrl":"https:\/\/secure.gravatar.com\/avatar\/41b9aaeb2100835f7c64362330f74c7f?s=96&d=mm&r=g","caption":"Reda\u00e7\u00e3o Portal MF"},"description":"Sejam bem-vindos o portal de informa\u00e7\u00f5es de entretenimento de Feira de Santana, desde 2006 realiza coberturas dos principais eventos com entrevistas exclusivas com as principais personalidades mundiais. Fique conectado tamb\u00e9m nas redes sociais.","sameAs":["http:\/\/www.portalmf.com.br\/","https:\/\/www.facebook.com\/portalmfoficial","https:\/\/www.instagram.com\/portalmf\/","https:\/\/x.com\/https:\/\/x.com\/portalmfoficial","https:\/\/www.youtube.com\/@portalmfoficial"],"url":"https:\/\/portalmf.com.br\/index.php\/author\/junior\/"}]}},"_links":{"self":[{"href":"https:\/\/portalmf.com.br\/index.php\/wp-json\/wp\/v2\/posts\/43239"}],"collection":[{"href":"https:\/\/portalmf.com.br\/index.php\/wp-json\/wp\/v2\/posts"}],"about":[{"href":"https:\/\/portalmf.com.br\/index.php\/wp-json\/wp\/v2\/types\/post"}],"author":[{"embeddable":true,"href":"https:\/\/portalmf.com.br\/index.php\/wp-json\/wp\/v2\/users\/3"}],"replies":[{"embeddable":true,"href":"https:\/\/portalmf.com.br\/index.php\/wp-json\/wp\/v2\/comments?post=43239"}],"version-history":[{"count":1,"href":"https:\/\/portalmf.com.br\/index.php\/wp-json\/wp\/v2\/posts\/43239\/revisions"}],"predecessor-version":[{"id":43241,"href":"https:\/\/portalmf.com.br\/index.php\/wp-json\/wp\/v2\/posts\/43239\/revisions\/43241"}],"wp:featuredmedia":[{"embeddable":true,"href":"https:\/\/portalmf.com.br\/index.php\/wp-json\/wp\/v2\/media\/43240"}],"wp:attachment":[{"href":"https:\/\/portalmf.com.br\/index.php\/wp-json\/wp\/v2\/media?parent=43239"}],"wp:term":[{"taxonomy":"category","embeddable":true,"href":"https:\/\/portalmf.com.br\/index.php\/wp-json\/wp\/v2\/categories?post=43239"},{"taxonomy":"post_tag","embeddable":true,"href":"https:\/\/portalmf.com.br\/index.php\/wp-json\/wp\/v2\/tags?post=43239"}],"curies":[{"name":"wp","href":"https:\/\/api.w.org\/{rel}","templated":true}]}}