{"id":43209,"date":"2026-04-10T07:52:42","date_gmt":"2026-04-10T10:52:42","guid":{"rendered":"https:\/\/portalmf.com.br\/?p=43209"},"modified":"2026-04-10T07:52:43","modified_gmt":"2026-04-10T10:52:43","slug":"bienal-do-livro-bahia-reune-mulheres-que-renovam-a-literatura-brasileira","status":"publish","type":"post","link":"https:\/\/portalmf.com.br\/index.php\/2026\/04\/10\/bienal-do-livro-bahia-reune-mulheres-que-renovam-a-literatura-brasileira\/","title":{"rendered":"Bienal do Livro Bahia re\u00fane mulheres que renovam a literatura brasileira"},"content":{"rendered":"\n<p>As mulheres estar\u00e3o no seio de algumas das conversas mais potentes da Bienal do Livro Bahia 2026, que acontece de 15 a 21 de abril, no Centro de Conven\u00e7\u00f5es Salvador. Em uma programa\u00e7\u00e3o marcada pela pluralidade de vozes e pela for\u00e7a da literatura produzida por mulheres, a Bienal reunir\u00e1 autoras baianas e nacionais que t\u00eam renovado a cena liter\u00e1ria brasileira, conquistado novos leitores e colocado em voga temas como ancestralidade, racismo, feminismo, sexualidade, maternidade, mem\u00f3ria, afeto e pertencimento.<\/p>\n\n\n\n<p>Em um momento em que as mulheres dominam listas de mais vendidos, premia\u00e7\u00f5es e comunidades de leitura no ambiente digital, a Bienal do Livro Bahia refor\u00e7a a centralidade dessas vozes na cena liter\u00e1ria atual. Da prosa intimista ao realismo fant\u00e1stico, da poesia falada \u00e0s narrativas <em>young<\/em> <em>adult<\/em>, as vozes confirmadas para esta edi\u00e7\u00e3o representam diferentes gera\u00e7\u00f5es e estilos, mas t\u00eam em comum a capacidade de transformar experi\u00eancias individuais em relatos universais.<\/p>\n\n\n\n<p>Entre os nomes centrais da agenda est\u00e1 a cearense Socorro Acioli, reconhecida como uma das vozes mais originais da fic\u00e7\u00e3o brasileira de hoje. Com uma trajet\u00f3ria constru\u00edda a partir do di\u00e1logo entre religiosidade popular, realismo fant\u00e1stico e tradi\u00e7\u00e3o nordestina, Acioli participa, no dia 18 de abril, \u00e0s 17h, do painel \u201cR\u00e1dio Companhia ao vivo apresenta: especial 40 anos Companhia das Letras\u201d, com media\u00e7\u00e3o da editora St\u00e9phanie Roque.<\/p>\n\n\n\n<p>Autora de mais de vinte livros, entre eles \u201cA cabe\u00e7a do santo\u201d, \u201cOra\u00e7\u00e3o para Desaparecer\u201d e \u201cEla tem olhos de c\u00e9u\u201d, vencedor do Pr\u00eamio Jabuti de Literatura Infantil, Socorro Acioli tem ganhado os cora\u00e7\u00f5es dos leitores mais jovens. Seus romances voltaram a figurar entre os t\u00edtulos mais procurados nas livrarias ap\u00f3s ganharem for\u00e7a nas redes sociais. Para leitores e especialistas, o fen\u00f4meno est\u00e1 ligado \u00e0 pot\u00eancia simb\u00f3lica de sua escrita, que mistura o extraordin\u00e1rio ao cotidiano e constr\u00f3i uma esp\u00e9cie de realismo m\u00e1gico com sotaque nordestino.<\/p>\n\n\n\n<p>Foi sob a orienta\u00e7\u00e3o do escritor colombiano Gabriel Garc\u00eda M\u00e1rquez que Socorro escreveu \u201cA cabe\u00e7a do santo\u201d, romance publicado em 2014 e traduzido para uma gama de idiomas. A obra acompanha um jovem errante que encontra abrigo dentro da cabe\u00e7a oca de uma est\u00e1tua de santo, em um vilarejo do sert\u00e3o, e se tornou uma das principais refer\u00eancias contempor\u00e2neas da literatura fant\u00e1stica brasileira.<\/p>\n\n\n\n<p>Ao lado de Socorro Acioli, outros nomes de proje\u00e7\u00e3o nacional tamb\u00e9m aportam na Bahia e integram a grade da Bienal. No dia 19 de abril, \u00e0s 14h, no Caf\u00e9 Liter\u00e1rio, a mesa \u201cEvocar mem\u00f3rias, recriar mundos: do que \u00e9 feita a literatura\u201d reunir\u00e1 Aline Bei e Andr\u00e9a del Fuego, duas autoras que v\u00eam escancarando as possibilidades da fic\u00e7\u00e3o contempor\u00e2nea. A atividade ter\u00e1 media\u00e7\u00e3o da jornalista e educadora Edma de G\u00f3is.<\/p>\n\n\n\n<p>Aline Bei est\u00e1 entre os mais c\u00e9lebres nomes da gera\u00e7\u00e3o emergente de romancistas brasileiras. E n\u00e3o \u00e9 de se espantar que as obras da autora paulista encantem tanto outras mulheres, com suas personagens majoritariamente femininas e uma escrita bordada pela delicadeza, pela fragmenta\u00e7\u00e3o e por uma elabora\u00e7\u00e3o po\u00e9tica das lembran\u00e7as.<\/p>\n\n\n\n<p>Aline alcan\u00e7ou expressiva repercuss\u00e3o com <em>\u201cO peso do p\u00e1ssaro morto\u201d, vencedor do Pr\u00eamio S\u00e3o Paulo de Literatura, e \u201cPequena coreografia do adeus\u201d, romance finalista do Jabuti e j\u00e1 adaptado para o teatro. Em 2025, concluiu sua trilogia com \u201cUma delicada cole\u00e7\u00e3o de aus\u00eancias\u201d,<\/em> eleito um dos melhores romances do ano pela revista Quatro Cinco Um e j\u00e1 negociado para publica\u00e7\u00e3o no exterior.<\/p>\n\n\n\n<p>Em 2026, Aline retorna \u00e0 Bienal do Livro Bahia. \u201cSim, eu participei da Bienal passada e foi uma experi\u00eancia muito marcante. \u00c9 um p\u00fablico muito interessado, muito carinhoso, muito presente de escuta. Foi super especial poder abra\u00e7ar e estar com as pessoas. A Bienal da Bahia \u00e9 sempre muito especial e eu estou super feliz de voltar\u201d, afirma.<\/p>\n\n\n\n<p>Aline tamb\u00e9m reflete sobre o jeito como o sil\u00eancio se acomoda em suas p\u00e1ginas e ajuda a dar contorno \u00e0s dores de suas personagens. <em>\u201cO sil\u00eancio \u00e9 um dos meus grandes temas, e ele tamb\u00e9m \u00e9, para al\u00e9m do tema, uma presen\u00e7a pl\u00e1stica no meu trabalho. De alguma maneira, eu convoco a presen\u00e7a da folha para a linguagem, e nesse espa\u00e7o que salta, nesse ar que respira entre as palavras, nesses fragmentos que avan\u00e7am em dire\u00e7\u00e3o a um abismo, eu consigo lidar melhor com a minha pr\u00f3pria linguagem e com os meus assuntos, com essas minhas personagens que s\u00e3o mulheres muitas vezes quebradas, traumatizadas, mas que ainda assim conservam em si alguma esperan\u00e7a, alguma luminosidade.\u201d<\/em><\/p>\n\n\n\n<p>Tamb\u00e9m integrante da mesa, Andr\u00e9a del Fuego \u00e9 autora de \u201cOs Malaquias\u201d, vencedor do Pr\u00eamio Jos\u00e9 Saramago, e de romances que transitam entre o fant\u00e1stico, a filosofia e as rela\u00e7\u00f5es familiares. Andr\u00e9a tem obras publicadas em 12 pa\u00edses, como Alemanha, Fran\u00e7a e Argentina. Seu livro mais recente, \u201cA Pediatra\u201d, protagonizado por uma m\u00e9dica manipuladora que n\u00e3o gosta de crian\u00e7as, reafirma um estilo pautado pela inventividade e pela reflex\u00e3o sobre os pap\u00e9is historicamente atribu\u00eddos \u00e0s mulheres.<\/p>\n\n\n\n<p>\u201cFazer uma mesa com Aline Bei na Bahia me parece unir duas maravilhas: a po\u00e9tica e a alma do pa\u00eds\u201d, resume Del Fuego. A autora reitera que sua escrita nasce da sua avidez pelas ambiguidades humanas. \u201cMe interessa investigar as contradi\u00e7\u00f5es nas rela\u00e7\u00f5es humanas, por exemplo: como \u00e9 poss\u00edvel amar odiar algu\u00e9m, ou odiar estar amando?\u201d, indaga.<\/p>\n\n\n\n<p>No dia 21 de abril, \u00e0s 16h, no Caf\u00e9 Liter\u00e1rio, a mesa \u201cA trama e o tempo: horizontes da literatura brasileira\u201d contar\u00e1 com a presen\u00e7a de Luciany Aparecida, baiana do Vale do Jiquiri\u00e7\u00e1 e uma das escritoras mais elogiadas da atualidade. Comp\u00f5em a mesa a escritora Bianca Santana e Denise Carrascosa, professora e mediadora da conversa.<\/p>\n\n\n\n<p>Autora de \u201cMata Doce\u201d, romance finalista do Pr\u00eamio Jabuti e vencedor do Pr\u00eamio S\u00e3o Paulo de Literatura em 2024, Luciany Aparecida escreve hist\u00f3rias que perpassam a mem\u00f3ria, viol\u00eancia, linguagem e territ\u00f3rio, em uma narrativa sofisticada e profundamente ligada \u00e0s experi\u00eancias femininas.<\/p>\n\n\n\n<p>A presen\u00e7a de Luciany na Bienal ganha mais imprt\u00e2ncia no momento em que \u201cMata Doce\u201d passa a circular intensamente entre leitores baianos. \u00c9 que o romance foi escolhido como obra do vestibular da Universidade Estadual do Sudoeste da Bahia (UESB) e, recentemente, apareceu tamb\u00e9m em um concurso p\u00fablico da Secretaria da Sa\u00fade do Estado. \u201cSaber que estarei com esse romance na Bienal da Bahia, em proximidade ao p\u00fablico, me anima muit\u00edssimo. Penso que \u00e9 indispens\u00e1vel que possibilitemos espa\u00e7os de encontros para conversas sobre o livro e a leitura\u201d, avalia.<\/p>\n\n\n\n<p>A autora acentua a influ\u00eancia decisiva da Bahia em sua escrita. \u201cSer baiana \u00e9 a melhor parte da minha biografia. Quando escrevo, me agrada deixar que a \u00e1gua-mem\u00f3ria desse territ\u00f3rio mate a sede das hist\u00f3rias que quero contar. A Bahia \u00e9 um espa\u00e7o geogr\u00e1fico e cultural complexo. A hist\u00f3ria desse territ\u00f3rio conta sobre a forma\u00e7\u00e3o do Brasil. Por isso, pensar o mundo a partir daqui \u00e9 tamb\u00e9m compreender as estruturas que constitu\u00edram a forma\u00e7\u00e3o das Am\u00e9ricas. A Bahia nos ensina que o grande acontecimento pode ser o encontro.\u201d<\/p>\n\n\n\n<p>Tais qual Luciany, outras escritoras da Bahia ocupam posi\u00e7\u00e3o de relevo na agenda da Bienal. No dia 15 de abril, \u00e0s 16h, a professora e pesquisadora B\u00e1rbara Carine participa da mesa \u201cFestas, feiras e festivais liter\u00e1rios \u2013 Programa Bahia Liter\u00e1ria\u201d, ao lado do jornalista e escritor Ricardo Ishmael. Mediado por Sandro Magalh\u00e3es, diretor-geral da Funda\u00e7\u00e3o Pedro Calmon \u2013 institui\u00e7\u00e3o tamb\u00e9m respons\u00e1vel pela curadoria desse painel \u2013, o encontro prop\u00f5e uma reflex\u00e3o sobre a efervesc\u00eancia liter\u00e1ria que atravessa a Bahia, impulsionada pelo programa do Governo do Estado, realizado por meio da Secult e da Funda\u00e7\u00e3o Pedro Calmon, que prev\u00ea o apoio a mais de 80 feiras e festivais em 2026, nos 27 Territ\u00f3rios de Identidade baianos.<\/p>\n\n\n\n<p>Refer\u00eancia nacional em educa\u00e7\u00e3o antirracista, B\u00e1rbara \u00e9 autora do best-seller \u201cComo ser um educador antirracista\u201d, vencedor do Pr\u00eamio Jabuti 2024 na categoria Educa\u00e7\u00e3o, e uma das intelectuais baianas que t\u00eam ampliado o debate sobre ra\u00e7a, educa\u00e7\u00e3o e forma\u00e7\u00e3o de leitores.<\/p>\n\n\n\n<p>Tamb\u00e9m integra esse conjunto de vozes Carla Akotirene, que participa, no dia 21 de abril, \u00e0s 13h, da mesa \u201cAfeto e Resili\u00eancia nas Rela\u00e7\u00f5es\u201d. Doutora em Estudos Feministas pela UFBA e autora de livros fundamentais para o pensamento contempor\u00e2neo, como \u201cO que \u00e9 interseccionalidade?\u201d, Carla \u00e9 uma das vozes mais respeitadas do feminismo negro brasileiro e leva para a Bienal discuss\u00f5es inadi\u00e1veis sobre racismo estrutural, g\u00eanero e desigualdade.<\/p>\n\n\n\n<p>Novas vozes baianas tamb\u00e9m ganham palco na programa\u00e7\u00e3o. Multiartista, poeta e idealizadora do Slam das Minas \u2013 Bahia, NegaFyah participa, no dia 21 de abril, na Arena Farol, \u00e0s 11h, do \u201cSarau Corpos que Dizem\u201d. Em sua obra e em suas performances, a artista transforma em poesia quest\u00f5es amargas como racismo, machismo, feminic\u00eddio e a solid\u00e3o da mulher negra, articulando den\u00fancia e resist\u00eancia. Seu livro \u201cFyah: Do \u00d3dio ao Amor\u201d faz ressoar os tambores das quebradas de Salvador e dialoga com a tradi\u00e7\u00e3o da literatura negra, feminina e diasp\u00f3rica, porque transita entre oralidade, escrita e performance.<\/p>\n\n\n\n<p>Na mesma atividade estar\u00e1 Ryane Le\u00e3o, poeta best-seller que re\u00fane mais de 600 mil leitores nas redes sociais, na p\u00e1gina &#8220;Onde jazz meu cora\u00e7\u00e3o&#8221;. Autora de \u201cTudo nela brilha e queima\u201d e \u201cJamais pe\u00e7o desculpas por me derramar\u201d, foi justamente na internet onde a cuiabana se tornou popular por meio da partilha de seus textos. Ryane representa uma gera\u00e7\u00e3o de mulheres que encontrou nesse meio, assim como na rua \u2013 com os slams \u2013, uma nova forma de fazer circular a literatura e criar comunidades por meio e em torno da escrita.<\/p>\n\n\n\n<p>Entre essas criadoras em ascens\u00e3o est\u00e1 Regina Luz, escritora soteropolitana que assina cinco livros \u2013 destes, tr\u00eas para o p\u00fablico infantil. Mesmo que para leitores mirins, Regina trata de temas como ancestralidade, protagonismo negro e mem\u00f3ria. Em \u201cAlika\u201d, ela aborda o racismo vivido pela personagem e apresenta uma perspectiva antirracista \u00e0 crian\u00e7as. Para a autora, \u00e9 justamente na inf\u00e2ncia que essas mensagens encontram terreno mais f\u00e9rtil.<\/p>\n\n\n\n<p>\u201cAcredito na necessidade de deixar bem claras as nossas dores logo na inf\u00e2ncia, porque \u00e9 um per\u00edodo no qual se forma o adulto consciente de sua pot\u00eancia. Falar da exclus\u00e3o na inf\u00e2ncia fortalece o nosso povo para enfrentar as dificuldades que s\u00e3o complexas\u201d, enfatiza Regina.<\/p>\n\n\n\n<p>Regina estar\u00e1, no dia 15 de abril, \u00e0s 13h30, no Espa\u00e7o Infantil Colgate \u2013 Portais da Palavra, com o livro \u201cMeu sonho, cor do luar&#8221;. A hist\u00f3ria desperta sensibilidade, valores e reflex\u00f5es sobre a necessidade de realizar os seus sonhos e enaltecer a beleza interior e sobre a coragem para conhecer a sua origem. A autora reconhece a import\u00e2ncia de conectar estudantes de escolas p\u00fablicas, p\u00fablico cativo da Bienal do Livro Bahia, aos seus t\u00edtulos. \u201cSaber que a minha obra vai chegar \u00e0s crian\u00e7as de escola p\u00fablica, onde a maioria \u00e9 negra, me alimenta de coragem e responsabilidade\u201d, diz.<\/p>\n\n\n\n<p>Para al\u00e9m dessas autoras, a Bienal promove, no espa\u00e7o Caf\u00e9 Liter\u00e1rio, dois encontros de literatura contempor\u00e2nea de autoria feminina, ambos com curadoria da escritora e roteirista Jos\u00e9lia Aguiar. No dia 18 de abril, ao meio-dia, \u201cMeninas, mulheres\u201d aproxima duas romancistas de extremos do pa\u00eds: Verenilde Santos Pereira, da Amaz\u00f4nia, e Julia Dantas, de Porto Alegre, em uma conversa sobre hist\u00f3rias de meninas e mulheres em situa\u00e7\u00f5es de deslocamento, risco, luto e busca de autonomia. Mais tarde, \u00e0s 18h, \u201cA casa e a rua\u201d une a ga\u00facha Eliane Marques e a mineira Nara Vidal, radicada na Inglaterra, autoras que transitam entre prosa e poesia e investigam, em seus livros, as tens\u00f5es entre a intimidade e o mundo, assim como os v\u00ednculos afetivos e suas viol\u00eancias.<\/p>\n","protected":false},"excerpt":{"rendered":"<p>As mulheres estar\u00e3o no seio de algumas das conversas mais potentes da Bienal do Livro Bahia 2026, que acontece de 15 a 21 de abril, no Centro de Conven\u00e7\u00f5es Salvador. Em uma programa\u00e7\u00e3o marcada pela pluralidade de vozes e pela for\u00e7a da literatura produzida por mulheres, a Bienal reunir\u00e1 autoras baianas e nacionais que t\u00eam [&hellip;]<\/p>\n","protected":false},"author":3,"featured_media":43210,"comment_status":"open","ping_status":"open","sticky":false,"template":"","format":"standard","meta":{"_monsterinsights_skip_tracking":false,"_monsterinsights_sitenote_active":false,"_monsterinsights_sitenote_note":"","_monsterinsights_sitenote_category":0,"footnotes":""},"categories":[40,47],"tags":[],"yoast_head":"<!-- This site is optimized with the Yoast SEO plugin v22.9 - https:\/\/yoast.com\/wordpress\/plugins\/seo\/ -->\n<title>Bienal do Livro Bahia re\u00fane mulheres que renovam a literatura brasileira - Portal MF<\/title>\n<meta name=\"robots\" content=\"index, follow, max-snippet:-1, max-image-preview:large, max-video-preview:-1\" \/>\n<link rel=\"canonical\" href=\"https:\/\/portalmf.com.br\/index.php\/2026\/04\/10\/bienal-do-livro-bahia-reune-mulheres-que-renovam-a-literatura-brasileira\/\" \/>\n<meta property=\"og:locale\" content=\"pt_BR\" \/>\n<meta property=\"og:type\" content=\"article\" \/>\n<meta property=\"og:title\" content=\"Bienal do Livro Bahia re\u00fane mulheres que renovam a literatura brasileira - Portal MF\" \/>\n<meta property=\"og:description\" content=\"As mulheres estar\u00e3o no seio de algumas das conversas mais potentes da Bienal do Livro Bahia 2026, que acontece de 15 a 21 de abril, no Centro de Conven\u00e7\u00f5es Salvador. Em uma programa\u00e7\u00e3o marcada pela pluralidade de vozes e pela for\u00e7a da literatura produzida por mulheres, a Bienal reunir\u00e1 autoras baianas e nacionais que t\u00eam [&hellip;]\" \/>\n<meta property=\"og:url\" content=\"https:\/\/portalmf.com.br\/index.php\/2026\/04\/10\/bienal-do-livro-bahia-reune-mulheres-que-renovam-a-literatura-brasileira\/\" \/>\n<meta property=\"og:site_name\" content=\"Portal MF\" \/>\n<meta property=\"article:author\" content=\"https:\/\/www.facebook.com\/portalmfoficial\" \/>\n<meta property=\"article:published_time\" content=\"2026-04-10T10:52:42+00:00\" \/>\n<meta property=\"article:modified_time\" content=\"2026-04-10T10:52:43+00:00\" \/>\n<meta property=\"og:image\" content=\"https:\/\/portalmf.com.br\/wp-content\/uploads\/2026\/04\/page.jpg\" \/>\n\t<meta property=\"og:image:width\" content=\"1280\" \/>\n\t<meta property=\"og:image:height\" content=\"800\" \/>\n\t<meta property=\"og:image:type\" content=\"image\/jpeg\" \/>\n<meta name=\"author\" content=\"Reda\u00e7\u00e3o Portal MF\" \/>\n<meta name=\"twitter:card\" content=\"summary_large_image\" \/>\n<meta name=\"twitter:creator\" content=\"@https:\/\/x.com\/portalmfoficial\" \/>\n<meta name=\"twitter:label1\" content=\"Escrito por\" \/>\n\t<meta name=\"twitter:data1\" content=\"Reda\u00e7\u00e3o Portal MF\" \/>\n\t<meta name=\"twitter:label2\" content=\"Est. tempo de leitura\" \/>\n\t<meta name=\"twitter:data2\" content=\"11 minutos\" \/>\n<script type=\"application\/ld+json\" class=\"yoast-schema-graph\">{\"@context\":\"https:\/\/schema.org\",\"@graph\":[{\"@type\":\"WebPage\",\"@id\":\"https:\/\/portalmf.com.br\/index.php\/2026\/04\/10\/bienal-do-livro-bahia-reune-mulheres-que-renovam-a-literatura-brasileira\/\",\"url\":\"https:\/\/portalmf.com.br\/index.php\/2026\/04\/10\/bienal-do-livro-bahia-reune-mulheres-que-renovam-a-literatura-brasileira\/\",\"name\":\"Bienal do Livro Bahia re\u00fane mulheres que renovam a literatura brasileira - Portal MF\",\"isPartOf\":{\"@id\":\"https:\/\/portalmf.com.br\/#website\"},\"primaryImageOfPage\":{\"@id\":\"https:\/\/portalmf.com.br\/index.php\/2026\/04\/10\/bienal-do-livro-bahia-reune-mulheres-que-renovam-a-literatura-brasileira\/#primaryimage\"},\"image\":{\"@id\":\"https:\/\/portalmf.com.br\/index.php\/2026\/04\/10\/bienal-do-livro-bahia-reune-mulheres-que-renovam-a-literatura-brasileira\/#primaryimage\"},\"thumbnailUrl\":\"https:\/\/portalmf.com.br\/wp-content\/uploads\/2026\/04\/page.jpg\",\"datePublished\":\"2026-04-10T10:52:42+00:00\",\"dateModified\":\"2026-04-10T10:52:43+00:00\",\"author\":{\"@id\":\"https:\/\/portalmf.com.br\/#\/schema\/person\/9ec101baf56233e53520c26de5d6f6f0\"},\"breadcrumb\":{\"@id\":\"https:\/\/portalmf.com.br\/index.php\/2026\/04\/10\/bienal-do-livro-bahia-reune-mulheres-que-renovam-a-literatura-brasileira\/#breadcrumb\"},\"inLanguage\":\"pt-BR\",\"potentialAction\":[{\"@type\":\"ReadAction\",\"target\":[\"https:\/\/portalmf.com.br\/index.php\/2026\/04\/10\/bienal-do-livro-bahia-reune-mulheres-que-renovam-a-literatura-brasileira\/\"]}]},{\"@type\":\"ImageObject\",\"inLanguage\":\"pt-BR\",\"@id\":\"https:\/\/portalmf.com.br\/index.php\/2026\/04\/10\/bienal-do-livro-bahia-reune-mulheres-que-renovam-a-literatura-brasileira\/#primaryimage\",\"url\":\"https:\/\/portalmf.com.br\/wp-content\/uploads\/2026\/04\/page.jpg\",\"contentUrl\":\"https:\/\/portalmf.com.br\/wp-content\/uploads\/2026\/04\/page.jpg\",\"width\":1280,\"height\":800},{\"@type\":\"BreadcrumbList\",\"@id\":\"https:\/\/portalmf.com.br\/index.php\/2026\/04\/10\/bienal-do-livro-bahia-reune-mulheres-que-renovam-a-literatura-brasileira\/#breadcrumb\",\"itemListElement\":[{\"@type\":\"ListItem\",\"position\":1,\"name\":\"In\u00edcio\",\"item\":\"https:\/\/portalmf.com.br\/\"},{\"@type\":\"ListItem\",\"position\":2,\"name\":\"Bienal do Livro Bahia re\u00fane mulheres que renovam a literatura brasileira\"}]},{\"@type\":\"WebSite\",\"@id\":\"https:\/\/portalmf.com.br\/#website\",\"url\":\"https:\/\/portalmf.com.br\/\",\"name\":\"Portal MF\",\"description\":\"Voc\u00ea conectado com a informa\u00e7\u00e3o\",\"potentialAction\":[{\"@type\":\"SearchAction\",\"target\":{\"@type\":\"EntryPoint\",\"urlTemplate\":\"https:\/\/portalmf.com.br\/?s={search_term_string}\"},\"query-input\":\"required name=search_term_string\"}],\"inLanguage\":\"pt-BR\"},{\"@type\":\"Person\",\"@id\":\"https:\/\/portalmf.com.br\/#\/schema\/person\/9ec101baf56233e53520c26de5d6f6f0\",\"name\":\"Reda\u00e7\u00e3o Portal MF\",\"image\":{\"@type\":\"ImageObject\",\"inLanguage\":\"pt-BR\",\"@id\":\"https:\/\/portalmf.com.br\/#\/schema\/person\/image\/\",\"url\":\"https:\/\/secure.gravatar.com\/avatar\/41b9aaeb2100835f7c64362330f74c7f?s=96&d=mm&r=g\",\"contentUrl\":\"https:\/\/secure.gravatar.com\/avatar\/41b9aaeb2100835f7c64362330f74c7f?s=96&d=mm&r=g\",\"caption\":\"Reda\u00e7\u00e3o Portal MF\"},\"description\":\"Sejam bem-vindos o portal de informa\u00e7\u00f5es de entretenimento de Feira de Santana, desde 2006 realiza coberturas dos principais eventos com entrevistas exclusivas com as principais personalidades mundiais. Fique conectado tamb\u00e9m nas redes sociais.\",\"sameAs\":[\"http:\/\/www.portalmf.com.br\/\",\"https:\/\/www.facebook.com\/portalmfoficial\",\"https:\/\/www.instagram.com\/portalmf\/\",\"https:\/\/x.com\/https:\/\/x.com\/portalmfoficial\",\"https:\/\/www.youtube.com\/@portalmfoficial\"],\"url\":\"https:\/\/portalmf.com.br\/index.php\/author\/junior\/\"}]}<\/script>\n<!-- \/ Yoast SEO plugin. -->","yoast_head_json":{"title":"Bienal do Livro Bahia re\u00fane mulheres que renovam a literatura brasileira - Portal MF","robots":{"index":"index","follow":"follow","max-snippet":"max-snippet:-1","max-image-preview":"max-image-preview:large","max-video-preview":"max-video-preview:-1"},"canonical":"https:\/\/portalmf.com.br\/index.php\/2026\/04\/10\/bienal-do-livro-bahia-reune-mulheres-que-renovam-a-literatura-brasileira\/","og_locale":"pt_BR","og_type":"article","og_title":"Bienal do Livro Bahia re\u00fane mulheres que renovam a literatura brasileira - Portal MF","og_description":"As mulheres estar\u00e3o no seio de algumas das conversas mais potentes da Bienal do Livro Bahia 2026, que acontece de 15 a 21 de abril, no Centro de Conven\u00e7\u00f5es Salvador. Em uma programa\u00e7\u00e3o marcada pela pluralidade de vozes e pela for\u00e7a da literatura produzida por mulheres, a Bienal reunir\u00e1 autoras baianas e nacionais que t\u00eam [&hellip;]","og_url":"https:\/\/portalmf.com.br\/index.php\/2026\/04\/10\/bienal-do-livro-bahia-reune-mulheres-que-renovam-a-literatura-brasileira\/","og_site_name":"Portal MF","article_author":"https:\/\/www.facebook.com\/portalmfoficial","article_published_time":"2026-04-10T10:52:42+00:00","article_modified_time":"2026-04-10T10:52:43+00:00","og_image":[{"width":1280,"height":800,"url":"https:\/\/portalmf.com.br\/wp-content\/uploads\/2026\/04\/page.jpg","type":"image\/jpeg"}],"author":"Reda\u00e7\u00e3o Portal MF","twitter_card":"summary_large_image","twitter_creator":"@https:\/\/x.com\/portalmfoficial","twitter_misc":{"Escrito por":"Reda\u00e7\u00e3o Portal MF","Est. tempo de leitura":"11 minutos"},"schema":{"@context":"https:\/\/schema.org","@graph":[{"@type":"WebPage","@id":"https:\/\/portalmf.com.br\/index.php\/2026\/04\/10\/bienal-do-livro-bahia-reune-mulheres-que-renovam-a-literatura-brasileira\/","url":"https:\/\/portalmf.com.br\/index.php\/2026\/04\/10\/bienal-do-livro-bahia-reune-mulheres-que-renovam-a-literatura-brasileira\/","name":"Bienal do Livro Bahia re\u00fane mulheres que renovam a literatura brasileira - Portal MF","isPartOf":{"@id":"https:\/\/portalmf.com.br\/#website"},"primaryImageOfPage":{"@id":"https:\/\/portalmf.com.br\/index.php\/2026\/04\/10\/bienal-do-livro-bahia-reune-mulheres-que-renovam-a-literatura-brasileira\/#primaryimage"},"image":{"@id":"https:\/\/portalmf.com.br\/index.php\/2026\/04\/10\/bienal-do-livro-bahia-reune-mulheres-que-renovam-a-literatura-brasileira\/#primaryimage"},"thumbnailUrl":"https:\/\/portalmf.com.br\/wp-content\/uploads\/2026\/04\/page.jpg","datePublished":"2026-04-10T10:52:42+00:00","dateModified":"2026-04-10T10:52:43+00:00","author":{"@id":"https:\/\/portalmf.com.br\/#\/schema\/person\/9ec101baf56233e53520c26de5d6f6f0"},"breadcrumb":{"@id":"https:\/\/portalmf.com.br\/index.php\/2026\/04\/10\/bienal-do-livro-bahia-reune-mulheres-que-renovam-a-literatura-brasileira\/#breadcrumb"},"inLanguage":"pt-BR","potentialAction":[{"@type":"ReadAction","target":["https:\/\/portalmf.com.br\/index.php\/2026\/04\/10\/bienal-do-livro-bahia-reune-mulheres-que-renovam-a-literatura-brasileira\/"]}]},{"@type":"ImageObject","inLanguage":"pt-BR","@id":"https:\/\/portalmf.com.br\/index.php\/2026\/04\/10\/bienal-do-livro-bahia-reune-mulheres-que-renovam-a-literatura-brasileira\/#primaryimage","url":"https:\/\/portalmf.com.br\/wp-content\/uploads\/2026\/04\/page.jpg","contentUrl":"https:\/\/portalmf.com.br\/wp-content\/uploads\/2026\/04\/page.jpg","width":1280,"height":800},{"@type":"BreadcrumbList","@id":"https:\/\/portalmf.com.br\/index.php\/2026\/04\/10\/bienal-do-livro-bahia-reune-mulheres-que-renovam-a-literatura-brasileira\/#breadcrumb","itemListElement":[{"@type":"ListItem","position":1,"name":"In\u00edcio","item":"https:\/\/portalmf.com.br\/"},{"@type":"ListItem","position":2,"name":"Bienal do Livro Bahia re\u00fane mulheres que renovam a literatura brasileira"}]},{"@type":"WebSite","@id":"https:\/\/portalmf.com.br\/#website","url":"https:\/\/portalmf.com.br\/","name":"Portal MF","description":"Voc\u00ea conectado com a informa\u00e7\u00e3o","potentialAction":[{"@type":"SearchAction","target":{"@type":"EntryPoint","urlTemplate":"https:\/\/portalmf.com.br\/?s={search_term_string}"},"query-input":"required name=search_term_string"}],"inLanguage":"pt-BR"},{"@type":"Person","@id":"https:\/\/portalmf.com.br\/#\/schema\/person\/9ec101baf56233e53520c26de5d6f6f0","name":"Reda\u00e7\u00e3o Portal MF","image":{"@type":"ImageObject","inLanguage":"pt-BR","@id":"https:\/\/portalmf.com.br\/#\/schema\/person\/image\/","url":"https:\/\/secure.gravatar.com\/avatar\/41b9aaeb2100835f7c64362330f74c7f?s=96&d=mm&r=g","contentUrl":"https:\/\/secure.gravatar.com\/avatar\/41b9aaeb2100835f7c64362330f74c7f?s=96&d=mm&r=g","caption":"Reda\u00e7\u00e3o Portal MF"},"description":"Sejam bem-vindos o portal de informa\u00e7\u00f5es de entretenimento de Feira de Santana, desde 2006 realiza coberturas dos principais eventos com entrevistas exclusivas com as principais personalidades mundiais. Fique conectado tamb\u00e9m nas redes sociais.","sameAs":["http:\/\/www.portalmf.com.br\/","https:\/\/www.facebook.com\/portalmfoficial","https:\/\/www.instagram.com\/portalmf\/","https:\/\/x.com\/https:\/\/x.com\/portalmfoficial","https:\/\/www.youtube.com\/@portalmfoficial"],"url":"https:\/\/portalmf.com.br\/index.php\/author\/junior\/"}]}},"_links":{"self":[{"href":"https:\/\/portalmf.com.br\/index.php\/wp-json\/wp\/v2\/posts\/43209"}],"collection":[{"href":"https:\/\/portalmf.com.br\/index.php\/wp-json\/wp\/v2\/posts"}],"about":[{"href":"https:\/\/portalmf.com.br\/index.php\/wp-json\/wp\/v2\/types\/post"}],"author":[{"embeddable":true,"href":"https:\/\/portalmf.com.br\/index.php\/wp-json\/wp\/v2\/users\/3"}],"replies":[{"embeddable":true,"href":"https:\/\/portalmf.com.br\/index.php\/wp-json\/wp\/v2\/comments?post=43209"}],"version-history":[{"count":1,"href":"https:\/\/portalmf.com.br\/index.php\/wp-json\/wp\/v2\/posts\/43209\/revisions"}],"predecessor-version":[{"id":43211,"href":"https:\/\/portalmf.com.br\/index.php\/wp-json\/wp\/v2\/posts\/43209\/revisions\/43211"}],"wp:featuredmedia":[{"embeddable":true,"href":"https:\/\/portalmf.com.br\/index.php\/wp-json\/wp\/v2\/media\/43210"}],"wp:attachment":[{"href":"https:\/\/portalmf.com.br\/index.php\/wp-json\/wp\/v2\/media?parent=43209"}],"wp:term":[{"taxonomy":"category","embeddable":true,"href":"https:\/\/portalmf.com.br\/index.php\/wp-json\/wp\/v2\/categories?post=43209"},{"taxonomy":"post_tag","embeddable":true,"href":"https:\/\/portalmf.com.br\/index.php\/wp-json\/wp\/v2\/tags?post=43209"}],"curies":[{"name":"wp","href":"https:\/\/api.w.org\/{rel}","templated":true}]}}