{"id":4316,"date":"2022-09-15T17:43:14","date_gmt":"2022-09-15T20:43:14","guid":{"rendered":"http:\/\/portalmf.com.br\/?p=4316"},"modified":"2022-09-15T17:43:15","modified_gmt":"2022-09-15T20:43:15","slug":"salario-minimo-de-2023-deve-subir-menos-apos-governo-rever-inflacao","status":"publish","type":"post","link":"https:\/\/portalmf.com.br\/index.php\/2022\/09\/15\/salario-minimo-de-2023-deve-subir-menos-apos-governo-rever-inflacao\/","title":{"rendered":"Sal\u00e1rio m\u00ednimo de 2023 deve subir menos ap\u00f3s governo rever infla\u00e7\u00e3o"},"content":{"rendered":"\n<p>A estimativa oficial para o \u00cdndice Nacional de Pre\u00e7os ao Consumidor (INPC) deste ano&nbsp; foi reduzida nesta quinta-feira (15) pela Secretaria de Pol\u00edtica Econ\u00f4mica do Minist\u00e9rio da Economia. A estimativa, que era de 7,41%, caiu para 6,54%.<\/p>\n\n\n\n<p>Se a previs\u00e3o se confirmar, o reajuste do sal\u00e1rio m\u00ednimo em 2023 ser\u00e1 abaixo do esperado. Na semana passada, o governo federal enviou a proposta do or\u00e7amento do pr\u00f3ximo ano levando em considera\u00e7\u00e3o um sal\u00e1rio m\u00ednimo de R$ 1.302, cujo c\u00e1lculo foi baseado no INPC fechando o ano em 7,41%.<\/p>\n\n\n\n<p>Com a estimativa alterada, caso o INPC feche 2022 em 6,54%, o sal\u00e1rio m\u00ednimo de 2023 seria de R$ 1.292, R$ 10 a menos que o valor divulgado anteriormente. A nova estimativa tamb\u00e9m \u00e9 provis\u00f3ria, j\u00e1 que o valor do sal\u00e1rio m\u00ednimo dever\u00e1 ser revisto pelo governo de acordo com a taxa real que INPC encerrar o ano.<\/p>\n\n\n\n<p>Se o governo confirmar o reajuste do sal\u00e1rio m\u00ednimo sem aumento real, ou seja, apenas acompanhando o \u00edndice, esse ser\u00e1 o quarto ano seguido sem eleva\u00e7\u00e3o acima da infla\u00e7\u00e3o.<\/p>\n\n\n\n<p>Com informa\u00e7\u00f5es do IG<\/p>\n","protected":false},"excerpt":{"rendered":"<p>A estimativa oficial para o \u00cdndice Nacional de Pre\u00e7os ao Consumidor (INPC) deste ano&nbsp; foi reduzida nesta quinta-feira (15) pela Secretaria de Pol\u00edtica Econ\u00f4mica do Minist\u00e9rio da Economia. A estimativa, que era de 7,41%, caiu para 6,54%. Se a previs\u00e3o se confirmar, o reajuste do sal\u00e1rio m\u00ednimo em 2023 ser\u00e1 abaixo do esperado. Na semana [&hellip;]<\/p>\n","protected":false},"author":2,"featured_media":4317,"comment_status":"open","ping_status":"open","sticky":false,"template":"","format":"standard","meta":{"_monsterinsights_skip_tracking":false,"_monsterinsights_sitenote_active":false,"_monsterinsights_sitenote_note":"","_monsterinsights_sitenote_category":0,"footnotes":""},"categories":[34],"tags":[],"yoast_head":"<!-- This site is optimized with the Yoast SEO plugin v22.9 - https:\/\/yoast.com\/wordpress\/plugins\/seo\/ -->\n<title>Sal\u00e1rio m\u00ednimo de 2023 deve subir menos ap\u00f3s governo rever infla\u00e7\u00e3o - Portal MF<\/title>\n<meta name=\"robots\" content=\"index, follow, max-snippet:-1, max-image-preview:large, max-video-preview:-1\" \/>\n<link rel=\"canonical\" href=\"https:\/\/portalmf.com.br\/index.php\/2022\/09\/15\/salario-minimo-de-2023-deve-subir-menos-apos-governo-rever-inflacao\/\" \/>\n<meta property=\"og:locale\" content=\"pt_BR\" \/>\n<meta property=\"og:type\" content=\"article\" \/>\n<meta property=\"og:title\" content=\"Sal\u00e1rio m\u00ednimo de 2023 deve subir menos ap\u00f3s governo rever infla\u00e7\u00e3o - Portal MF\" \/>\n<meta property=\"og:description\" content=\"A estimativa oficial para o \u00cdndice Nacional de Pre\u00e7os ao Consumidor (INPC) deste ano&nbsp; foi reduzida nesta quinta-feira (15) pela Secretaria de Pol\u00edtica Econ\u00f4mica do Minist\u00e9rio da Economia. A estimativa, que era de 7,41%, caiu para 6,54%. Se a previs\u00e3o se confirmar, o reajuste do sal\u00e1rio m\u00ednimo em 2023 ser\u00e1 abaixo do esperado. Na semana [&hellip;]\" \/>\n<meta property=\"og:url\" content=\"https:\/\/portalmf.com.br\/index.php\/2022\/09\/15\/salario-minimo-de-2023-deve-subir-menos-apos-governo-rever-inflacao\/\" \/>\n<meta property=\"og:site_name\" content=\"Portal MF\" \/>\n<meta property=\"article:author\" content=\"reginaldojrfsa\" \/>\n<meta property=\"article:published_time\" content=\"2022-09-15T20:43:14+00:00\" \/>\n<meta property=\"article:modified_time\" content=\"2022-09-15T20:43:15+00:00\" \/>\n<meta property=\"og:image\" content=\"https:\/\/portalmf.com.br\/wp-content\/uploads\/2022\/09\/Salario-minimo-de-2023-deve-subir-menos-apos-governo-rever-inflacao.jpg\" \/>\n\t<meta property=\"og:image:width\" content=\"906\" \/>\n\t<meta property=\"og:image:height\" content=\"509\" \/>\n\t<meta property=\"og:image:type\" content=\"image\/jpeg\" \/>\n<meta name=\"author\" content=\"Reginaldo J\u00fanior\" \/>\n<meta name=\"twitter:card\" content=\"summary_large_image\" \/>\n<meta name=\"twitter:creator\" content=\"@reginaldojrmf\" \/>\n<meta name=\"twitter:label1\" content=\"Escrito por\" \/>\n\t<meta name=\"twitter:data1\" content=\"Reginaldo J\u00fanior\" \/>\n\t<meta name=\"twitter:label2\" content=\"Est. tempo de leitura\" \/>\n\t<meta name=\"twitter:data2\" content=\"1 minuto\" \/>\n<script type=\"application\/ld+json\" class=\"yoast-schema-graph\">{\"@context\":\"https:\/\/schema.org\",\"@graph\":[{\"@type\":\"WebPage\",\"@id\":\"https:\/\/portalmf.com.br\/index.php\/2022\/09\/15\/salario-minimo-de-2023-deve-subir-menos-apos-governo-rever-inflacao\/\",\"url\":\"https:\/\/portalmf.com.br\/index.php\/2022\/09\/15\/salario-minimo-de-2023-deve-subir-menos-apos-governo-rever-inflacao\/\",\"name\":\"Sal\u00e1rio m\u00ednimo de 2023 deve subir menos ap\u00f3s governo rever infla\u00e7\u00e3o - Portal MF\",\"isPartOf\":{\"@id\":\"https:\/\/portalmf.com.br\/#website\"},\"primaryImageOfPage\":{\"@id\":\"https:\/\/portalmf.com.br\/index.php\/2022\/09\/15\/salario-minimo-de-2023-deve-subir-menos-apos-governo-rever-inflacao\/#primaryimage\"},\"image\":{\"@id\":\"https:\/\/portalmf.com.br\/index.php\/2022\/09\/15\/salario-minimo-de-2023-deve-subir-menos-apos-governo-rever-inflacao\/#primaryimage\"},\"thumbnailUrl\":\"https:\/\/portalmf.com.br\/wp-content\/uploads\/2022\/09\/Salario-minimo-de-2023-deve-subir-menos-apos-governo-rever-inflacao.jpg\",\"datePublished\":\"2022-09-15T20:43:14+00:00\",\"dateModified\":\"2022-09-15T20:43:15+00:00\",\"author\":{\"@id\":\"https:\/\/portalmf.com.br\/#\/schema\/person\/11c82086fe8abc05a19147e964587285\"},\"breadcrumb\":{\"@id\":\"https:\/\/portalmf.com.br\/index.php\/2022\/09\/15\/salario-minimo-de-2023-deve-subir-menos-apos-governo-rever-inflacao\/#breadcrumb\"},\"inLanguage\":\"pt-BR\",\"potentialAction\":[{\"@type\":\"ReadAction\",\"target\":[\"https:\/\/portalmf.com.br\/index.php\/2022\/09\/15\/salario-minimo-de-2023-deve-subir-menos-apos-governo-rever-inflacao\/\"]}]},{\"@type\":\"ImageObject\",\"inLanguage\":\"pt-BR\",\"@id\":\"https:\/\/portalmf.com.br\/index.php\/2022\/09\/15\/salario-minimo-de-2023-deve-subir-menos-apos-governo-rever-inflacao\/#primaryimage\",\"url\":\"https:\/\/portalmf.com.br\/wp-content\/uploads\/2022\/09\/Salario-minimo-de-2023-deve-subir-menos-apos-governo-rever-inflacao.jpg\",\"contentUrl\":\"https:\/\/portalmf.com.br\/wp-content\/uploads\/2022\/09\/Salario-minimo-de-2023-deve-subir-menos-apos-governo-rever-inflacao.jpg\",\"width\":906,\"height\":509},{\"@type\":\"BreadcrumbList\",\"@id\":\"https:\/\/portalmf.com.br\/index.php\/2022\/09\/15\/salario-minimo-de-2023-deve-subir-menos-apos-governo-rever-inflacao\/#breadcrumb\",\"itemListElement\":[{\"@type\":\"ListItem\",\"position\":1,\"name\":\"In\u00edcio\",\"item\":\"https:\/\/portalmf.com.br\/\"},{\"@type\":\"ListItem\",\"position\":2,\"name\":\"Sal\u00e1rio m\u00ednimo de 2023 deve subir menos ap\u00f3s governo rever infla\u00e7\u00e3o\"}]},{\"@type\":\"WebSite\",\"@id\":\"https:\/\/portalmf.com.br\/#website\",\"url\":\"https:\/\/portalmf.com.br\/\",\"name\":\"Portal MF\",\"description\":\"Voc\u00ea conectado com a informa\u00e7\u00e3o\",\"potentialAction\":[{\"@type\":\"SearchAction\",\"target\":{\"@type\":\"EntryPoint\",\"urlTemplate\":\"https:\/\/portalmf.com.br\/?s={search_term_string}\"},\"query-input\":\"required name=search_term_string\"}],\"inLanguage\":\"pt-BR\"},{\"@type\":\"Person\",\"@id\":\"https:\/\/portalmf.com.br\/#\/schema\/person\/11c82086fe8abc05a19147e964587285\",\"name\":\"Reginaldo J\u00fanior\",\"image\":{\"@type\":\"ImageObject\",\"inLanguage\":\"pt-BR\",\"@id\":\"https:\/\/portalmf.com.br\/#\/schema\/person\/image\/\",\"url\":\"https:\/\/secure.gravatar.com\/avatar\/32a3c797cd0ac47cc53b8644c62776f9?s=96&d=mm&r=g\",\"contentUrl\":\"https:\/\/secure.gravatar.com\/avatar\/32a3c797cd0ac47cc53b8644c62776f9?s=96&d=mm&r=g\",\"caption\":\"Reginaldo J\u00fanior\"},\"description\":\"Jornalista e idealizador Portal MF\",\"sameAs\":[\"https:\/\/portalmf.com.br\/index.php\/author\/reginaldojr\/\",\"reginaldojrfsa\",\"reginaldojuniormf\",\"https:\/\/x.com\/reginaldojrmf\"],\"url\":\"https:\/\/portalmf.com.br\/index.php\/author\/reginaldojr\/\"}]}<\/script>\n<!-- \/ Yoast SEO plugin. -->","yoast_head_json":{"title":"Sal\u00e1rio m\u00ednimo de 2023 deve subir menos ap\u00f3s governo rever infla\u00e7\u00e3o - Portal MF","robots":{"index":"index","follow":"follow","max-snippet":"max-snippet:-1","max-image-preview":"max-image-preview:large","max-video-preview":"max-video-preview:-1"},"canonical":"https:\/\/portalmf.com.br\/index.php\/2022\/09\/15\/salario-minimo-de-2023-deve-subir-menos-apos-governo-rever-inflacao\/","og_locale":"pt_BR","og_type":"article","og_title":"Sal\u00e1rio m\u00ednimo de 2023 deve subir menos ap\u00f3s governo rever infla\u00e7\u00e3o - Portal MF","og_description":"A estimativa oficial para o \u00cdndice Nacional de Pre\u00e7os ao Consumidor (INPC) deste ano&nbsp; foi reduzida nesta quinta-feira (15) pela Secretaria de Pol\u00edtica Econ\u00f4mica do Minist\u00e9rio da Economia. A estimativa, que era de 7,41%, caiu para 6,54%. Se a previs\u00e3o se confirmar, o reajuste do sal\u00e1rio m\u00ednimo em 2023 ser\u00e1 abaixo do esperado. Na semana [&hellip;]","og_url":"https:\/\/portalmf.com.br\/index.php\/2022\/09\/15\/salario-minimo-de-2023-deve-subir-menos-apos-governo-rever-inflacao\/","og_site_name":"Portal MF","article_author":"reginaldojrfsa","article_published_time":"2022-09-15T20:43:14+00:00","article_modified_time":"2022-09-15T20:43:15+00:00","og_image":[{"width":906,"height":509,"url":"https:\/\/portalmf.com.br\/wp-content\/uploads\/2022\/09\/Salario-minimo-de-2023-deve-subir-menos-apos-governo-rever-inflacao.jpg","type":"image\/jpeg"}],"author":"Reginaldo J\u00fanior","twitter_card":"summary_large_image","twitter_creator":"@reginaldojrmf","twitter_misc":{"Escrito por":"Reginaldo J\u00fanior","Est. tempo de leitura":"1 minuto"},"schema":{"@context":"https:\/\/schema.org","@graph":[{"@type":"WebPage","@id":"https:\/\/portalmf.com.br\/index.php\/2022\/09\/15\/salario-minimo-de-2023-deve-subir-menos-apos-governo-rever-inflacao\/","url":"https:\/\/portalmf.com.br\/index.php\/2022\/09\/15\/salario-minimo-de-2023-deve-subir-menos-apos-governo-rever-inflacao\/","name":"Sal\u00e1rio m\u00ednimo de 2023 deve subir menos ap\u00f3s governo rever infla\u00e7\u00e3o - Portal MF","isPartOf":{"@id":"https:\/\/portalmf.com.br\/#website"},"primaryImageOfPage":{"@id":"https:\/\/portalmf.com.br\/index.php\/2022\/09\/15\/salario-minimo-de-2023-deve-subir-menos-apos-governo-rever-inflacao\/#primaryimage"},"image":{"@id":"https:\/\/portalmf.com.br\/index.php\/2022\/09\/15\/salario-minimo-de-2023-deve-subir-menos-apos-governo-rever-inflacao\/#primaryimage"},"thumbnailUrl":"https:\/\/portalmf.com.br\/wp-content\/uploads\/2022\/09\/Salario-minimo-de-2023-deve-subir-menos-apos-governo-rever-inflacao.jpg","datePublished":"2022-09-15T20:43:14+00:00","dateModified":"2022-09-15T20:43:15+00:00","author":{"@id":"https:\/\/portalmf.com.br\/#\/schema\/person\/11c82086fe8abc05a19147e964587285"},"breadcrumb":{"@id":"https:\/\/portalmf.com.br\/index.php\/2022\/09\/15\/salario-minimo-de-2023-deve-subir-menos-apos-governo-rever-inflacao\/#breadcrumb"},"inLanguage":"pt-BR","potentialAction":[{"@type":"ReadAction","target":["https:\/\/portalmf.com.br\/index.php\/2022\/09\/15\/salario-minimo-de-2023-deve-subir-menos-apos-governo-rever-inflacao\/"]}]},{"@type":"ImageObject","inLanguage":"pt-BR","@id":"https:\/\/portalmf.com.br\/index.php\/2022\/09\/15\/salario-minimo-de-2023-deve-subir-menos-apos-governo-rever-inflacao\/#primaryimage","url":"https:\/\/portalmf.com.br\/wp-content\/uploads\/2022\/09\/Salario-minimo-de-2023-deve-subir-menos-apos-governo-rever-inflacao.jpg","contentUrl":"https:\/\/portalmf.com.br\/wp-content\/uploads\/2022\/09\/Salario-minimo-de-2023-deve-subir-menos-apos-governo-rever-inflacao.jpg","width":906,"height":509},{"@type":"BreadcrumbList","@id":"https:\/\/portalmf.com.br\/index.php\/2022\/09\/15\/salario-minimo-de-2023-deve-subir-menos-apos-governo-rever-inflacao\/#breadcrumb","itemListElement":[{"@type":"ListItem","position":1,"name":"In\u00edcio","item":"https:\/\/portalmf.com.br\/"},{"@type":"ListItem","position":2,"name":"Sal\u00e1rio m\u00ednimo de 2023 deve subir menos ap\u00f3s governo rever infla\u00e7\u00e3o"}]},{"@type":"WebSite","@id":"https:\/\/portalmf.com.br\/#website","url":"https:\/\/portalmf.com.br\/","name":"Portal MF","description":"Voc\u00ea conectado com a informa\u00e7\u00e3o","potentialAction":[{"@type":"SearchAction","target":{"@type":"EntryPoint","urlTemplate":"https:\/\/portalmf.com.br\/?s={search_term_string}"},"query-input":"required name=search_term_string"}],"inLanguage":"pt-BR"},{"@type":"Person","@id":"https:\/\/portalmf.com.br\/#\/schema\/person\/11c82086fe8abc05a19147e964587285","name":"Reginaldo J\u00fanior","image":{"@type":"ImageObject","inLanguage":"pt-BR","@id":"https:\/\/portalmf.com.br\/#\/schema\/person\/image\/","url":"https:\/\/secure.gravatar.com\/avatar\/32a3c797cd0ac47cc53b8644c62776f9?s=96&d=mm&r=g","contentUrl":"https:\/\/secure.gravatar.com\/avatar\/32a3c797cd0ac47cc53b8644c62776f9?s=96&d=mm&r=g","caption":"Reginaldo J\u00fanior"},"description":"Jornalista e idealizador Portal MF","sameAs":["https:\/\/portalmf.com.br\/index.php\/author\/reginaldojr\/","reginaldojrfsa","reginaldojuniormf","https:\/\/x.com\/reginaldojrmf"],"url":"https:\/\/portalmf.com.br\/index.php\/author\/reginaldojr\/"}]}},"_links":{"self":[{"href":"https:\/\/portalmf.com.br\/index.php\/wp-json\/wp\/v2\/posts\/4316"}],"collection":[{"href":"https:\/\/portalmf.com.br\/index.php\/wp-json\/wp\/v2\/posts"}],"about":[{"href":"https:\/\/portalmf.com.br\/index.php\/wp-json\/wp\/v2\/types\/post"}],"author":[{"embeddable":true,"href":"https:\/\/portalmf.com.br\/index.php\/wp-json\/wp\/v2\/users\/2"}],"replies":[{"embeddable":true,"href":"https:\/\/portalmf.com.br\/index.php\/wp-json\/wp\/v2\/comments?post=4316"}],"version-history":[{"count":1,"href":"https:\/\/portalmf.com.br\/index.php\/wp-json\/wp\/v2\/posts\/4316\/revisions"}],"predecessor-version":[{"id":4318,"href":"https:\/\/portalmf.com.br\/index.php\/wp-json\/wp\/v2\/posts\/4316\/revisions\/4318"}],"wp:featuredmedia":[{"embeddable":true,"href":"https:\/\/portalmf.com.br\/index.php\/wp-json\/wp\/v2\/media\/4317"}],"wp:attachment":[{"href":"https:\/\/portalmf.com.br\/index.php\/wp-json\/wp\/v2\/media?parent=4316"}],"wp:term":[{"taxonomy":"category","embeddable":true,"href":"https:\/\/portalmf.com.br\/index.php\/wp-json\/wp\/v2\/categories?post=4316"},{"taxonomy":"post_tag","embeddable":true,"href":"https:\/\/portalmf.com.br\/index.php\/wp-json\/wp\/v2\/tags?post=4316"}],"curies":[{"name":"wp","href":"https:\/\/api.w.org\/{rel}","templated":true}]}}