{"id":4311,"date":"2022-09-15T15:21:52","date_gmt":"2022-09-15T18:21:52","guid":{"rendered":"http:\/\/portalmf.com.br\/?p=4311"},"modified":"2022-09-15T15:50:11","modified_gmt":"2022-09-15T18:50:11","slug":"claudia-leitte-vai-comandar-o-show-da-virada-no-reveillon-de-salvador","status":"publish","type":"post","link":"https:\/\/portalmf.com.br\/index.php\/2022\/09\/15\/claudia-leitte-vai-comandar-o-show-da-virada-no-reveillon-de-salvador\/","title":{"rendered":"Claudia Leitte vai comandar o show da virada no R\u00e9veillon de Salvador"},"content":{"rendered":"\n<p>O Carnaval e o R\u00e9veillon s\u00e3o as principais atividades do calend\u00e1rio de eventos da capital baiana. E para quem estava com saudade do clima da folia momesca e de curtir os festejos de fim de ano, a Prefeitura anunciou, nesta quinta-feira (15), a realiza\u00e7\u00e3o da I Expo Carnaval Brazil, feira in\u00e9dita de experi\u00eancias relacionada ao segmento, e a grade das atra\u00e7\u00f5es confirmadas para o Festival Virada Salvador 2023. Os detalhes foram divulgados pelo prefeito Bruno Reis e pelo presidente da Empresa Salvador Turismo (Saltur), Isaac Edington, em coletiva \u00e0 imprensa realizada na Casa do Carnaval, no Centro Hist\u00f3rico.&nbsp;<\/p>\n\n\n\n<p>Parte da grade de atra\u00e7\u00f5es da Virada Salvador foi divulgada na manh\u00e3 de hoje. Ap\u00f3s dois anos de pausa devido \u00e0 pandemia de Covid-19, o evento volta com for\u00e7a total \u00e0 Arena Daniela Mercury, na Boca do Rio, reunindo 30 apresenta\u00e7\u00f5es (totalizando mais 300 artistas) e 70 horas de m\u00fasica. O festival acontecer\u00e1 entre os dias 28 de dezembro a 1\u00ba de janeiro de 2023. Os cinco dias de show contar\u00e3o com atra\u00e7\u00f5es locais e nacionais, em um mix de ritmos para agradar todos os gostos.\u00a0<\/p>\n\n\n\n<p>Entre os nomes j\u00e1 confirmados est\u00e3o Xand Avi\u00e3o, Jorge &amp; Mateus, Bell Marques, Daniela Mercury, V\u00edtor Fernandes, \u00c9 o Tchan, Nattan, Psirico, Timbalada, Ivete Sangalo, Danniel Vieira, Il\u00ea Aiy\u00ea, Gusttavo Lima, Simone, La F\u00faria, Tarc\u00edsio do Acordeon, Mari Fernandez, Parangol\u00e9, Thiago Brava, Rafa &amp; Pippo, Durval Lelys, Alok, Olodum e Saulo.&nbsp;<\/p>\n\n\n\n<p>No dia 31 de dezembro subir\u00e3o ao palco Lincoln, L\u00e9o Santana e Wesley Safad\u00e3o. Claudia Leitte comandar\u00e1 a noite da virada de ano, seguida pelas apresenta\u00e7\u00f5es de Jo\u00e3o Gomes, Z\u00e9 Vaqueiro, al\u00e9m do cantor Thiago Aquino. Os detalhes da estrutura que ser\u00e1 montada na Arena Daniela Mercury ser\u00e3o divulgados em breve.&nbsp;<\/p>\n","protected":false},"excerpt":{"rendered":"<p>O Carnaval e o R\u00e9veillon s\u00e3o as principais atividades do calend\u00e1rio de eventos da capital baiana. E para quem estava com saudade do clima da folia momesca e de curtir os festejos de fim de ano, a Prefeitura anunciou, nesta quinta-feira (15), a realiza\u00e7\u00e3o da I Expo Carnaval Brazil, feira in\u00e9dita de experi\u00eancias relacionada ao [&hellip;]<\/p>\n","protected":false},"author":2,"featured_media":4312,"comment_status":"open","ping_status":"open","sticky":false,"template":"","format":"standard","meta":{"_monsterinsights_skip_tracking":false,"_monsterinsights_sitenote_active":false,"_monsterinsights_sitenote_note":"","_monsterinsights_sitenote_category":0,"footnotes":""},"categories":[47,45],"tags":[171,75,248,247],"yoast_head":"<!-- This site is optimized with the Yoast SEO plugin v22.9 - https:\/\/yoast.com\/wordpress\/plugins\/seo\/ -->\n<title>Claudia Leitte vai comandar o show da virada no R\u00e9veillon de Salvador - Portal MF<\/title>\n<meta name=\"robots\" content=\"index, follow, max-snippet:-1, max-image-preview:large, max-video-preview:-1\" \/>\n<link rel=\"canonical\" href=\"https:\/\/portalmf.com.br\/index.php\/2022\/09\/15\/claudia-leitte-vai-comandar-o-show-da-virada-no-reveillon-de-salvador\/\" \/>\n<meta property=\"og:locale\" content=\"pt_BR\" \/>\n<meta property=\"og:type\" content=\"article\" \/>\n<meta property=\"og:title\" content=\"Claudia Leitte vai comandar o show da virada no R\u00e9veillon de Salvador - Portal MF\" \/>\n<meta property=\"og:description\" content=\"O Carnaval e o R\u00e9veillon s\u00e3o as principais atividades do calend\u00e1rio de eventos da capital baiana. E para quem estava com saudade do clima da folia momesca e de curtir os festejos de fim de ano, a Prefeitura anunciou, nesta quinta-feira (15), a realiza\u00e7\u00e3o da I Expo Carnaval Brazil, feira in\u00e9dita de experi\u00eancias relacionada ao [&hellip;]\" \/>\n<meta property=\"og:url\" content=\"https:\/\/portalmf.com.br\/index.php\/2022\/09\/15\/claudia-leitte-vai-comandar-o-show-da-virada-no-reveillon-de-salvador\/\" \/>\n<meta property=\"og:site_name\" content=\"Portal MF\" \/>\n<meta property=\"article:author\" content=\"reginaldojrfsa\" \/>\n<meta property=\"article:published_time\" content=\"2022-09-15T18:21:52+00:00\" \/>\n<meta property=\"article:modified_time\" content=\"2022-09-15T18:50:11+00:00\" \/>\n<meta property=\"og:image\" content=\"https:\/\/portalmf.com.br\/wp-content\/uploads\/2022\/09\/Claudia-Leitte-comandara-virada-de-ano-em-Salvador.jpg\" \/>\n\t<meta property=\"og:image:width\" content=\"2048\" \/>\n\t<meta property=\"og:image:height\" content=\"1104\" \/>\n\t<meta property=\"og:image:type\" content=\"image\/jpeg\" \/>\n<meta name=\"author\" content=\"Reginaldo J\u00fanior\" \/>\n<meta name=\"twitter:card\" content=\"summary_large_image\" \/>\n<meta name=\"twitter:creator\" content=\"@reginaldojrmf\" \/>\n<meta name=\"twitter:label1\" content=\"Escrito por\" \/>\n\t<meta name=\"twitter:data1\" content=\"Reginaldo J\u00fanior\" \/>\n\t<meta name=\"twitter:label2\" content=\"Est. tempo de leitura\" \/>\n\t<meta name=\"twitter:data2\" content=\"2 minutos\" \/>\n<script type=\"application\/ld+json\" class=\"yoast-schema-graph\">{\"@context\":\"https:\/\/schema.org\",\"@graph\":[{\"@type\":\"WebPage\",\"@id\":\"https:\/\/portalmf.com.br\/index.php\/2022\/09\/15\/claudia-leitte-vai-comandar-o-show-da-virada-no-reveillon-de-salvador\/\",\"url\":\"https:\/\/portalmf.com.br\/index.php\/2022\/09\/15\/claudia-leitte-vai-comandar-o-show-da-virada-no-reveillon-de-salvador\/\",\"name\":\"Claudia Leitte vai comandar o show da virada no R\u00e9veillon de Salvador - Portal MF\",\"isPartOf\":{\"@id\":\"https:\/\/portalmf.com.br\/#website\"},\"primaryImageOfPage\":{\"@id\":\"https:\/\/portalmf.com.br\/index.php\/2022\/09\/15\/claudia-leitte-vai-comandar-o-show-da-virada-no-reveillon-de-salvador\/#primaryimage\"},\"image\":{\"@id\":\"https:\/\/portalmf.com.br\/index.php\/2022\/09\/15\/claudia-leitte-vai-comandar-o-show-da-virada-no-reveillon-de-salvador\/#primaryimage\"},\"thumbnailUrl\":\"https:\/\/portalmf.com.br\/wp-content\/uploads\/2022\/09\/Claudia-Leitte-comandara-virada-de-ano-em-Salvador.jpg\",\"datePublished\":\"2022-09-15T18:21:52+00:00\",\"dateModified\":\"2022-09-15T18:50:11+00:00\",\"author\":{\"@id\":\"https:\/\/portalmf.com.br\/#\/schema\/person\/11c82086fe8abc05a19147e964587285\"},\"breadcrumb\":{\"@id\":\"https:\/\/portalmf.com.br\/index.php\/2022\/09\/15\/claudia-leitte-vai-comandar-o-show-da-virada-no-reveillon-de-salvador\/#breadcrumb\"},\"inLanguage\":\"pt-BR\",\"potentialAction\":[{\"@type\":\"ReadAction\",\"target\":[\"https:\/\/portalmf.com.br\/index.php\/2022\/09\/15\/claudia-leitte-vai-comandar-o-show-da-virada-no-reveillon-de-salvador\/\"]}]},{\"@type\":\"ImageObject\",\"inLanguage\":\"pt-BR\",\"@id\":\"https:\/\/portalmf.com.br\/index.php\/2022\/09\/15\/claudia-leitte-vai-comandar-o-show-da-virada-no-reveillon-de-salvador\/#primaryimage\",\"url\":\"https:\/\/portalmf.com.br\/wp-content\/uploads\/2022\/09\/Claudia-Leitte-comandara-virada-de-ano-em-Salvador.jpg\",\"contentUrl\":\"https:\/\/portalmf.com.br\/wp-content\/uploads\/2022\/09\/Claudia-Leitte-comandara-virada-de-ano-em-Salvador.jpg\",\"width\":2048,\"height\":1104},{\"@type\":\"BreadcrumbList\",\"@id\":\"https:\/\/portalmf.com.br\/index.php\/2022\/09\/15\/claudia-leitte-vai-comandar-o-show-da-virada-no-reveillon-de-salvador\/#breadcrumb\",\"itemListElement\":[{\"@type\":\"ListItem\",\"position\":1,\"name\":\"In\u00edcio\",\"item\":\"https:\/\/portalmf.com.br\/\"},{\"@type\":\"ListItem\",\"position\":2,\"name\":\"Claudia Leitte vai comandar o show da virada no R\u00e9veillon de Salvador\"}]},{\"@type\":\"WebSite\",\"@id\":\"https:\/\/portalmf.com.br\/#website\",\"url\":\"https:\/\/portalmf.com.br\/\",\"name\":\"Portal MF\",\"description\":\"Voc\u00ea conectado com a informa\u00e7\u00e3o\",\"potentialAction\":[{\"@type\":\"SearchAction\",\"target\":{\"@type\":\"EntryPoint\",\"urlTemplate\":\"https:\/\/portalmf.com.br\/?s={search_term_string}\"},\"query-input\":\"required name=search_term_string\"}],\"inLanguage\":\"pt-BR\"},{\"@type\":\"Person\",\"@id\":\"https:\/\/portalmf.com.br\/#\/schema\/person\/11c82086fe8abc05a19147e964587285\",\"name\":\"Reginaldo J\u00fanior\",\"image\":{\"@type\":\"ImageObject\",\"inLanguage\":\"pt-BR\",\"@id\":\"https:\/\/portalmf.com.br\/#\/schema\/person\/image\/\",\"url\":\"https:\/\/secure.gravatar.com\/avatar\/32a3c797cd0ac47cc53b8644c62776f9?s=96&d=mm&r=g\",\"contentUrl\":\"https:\/\/secure.gravatar.com\/avatar\/32a3c797cd0ac47cc53b8644c62776f9?s=96&d=mm&r=g\",\"caption\":\"Reginaldo J\u00fanior\"},\"description\":\"Jornalista e idealizador Portal MF\",\"sameAs\":[\"https:\/\/portalmf.com.br\/index.php\/author\/reginaldojr\/\",\"reginaldojrfsa\",\"reginaldojuniormf\",\"https:\/\/x.com\/reginaldojrmf\"],\"url\":\"https:\/\/portalmf.com.br\/index.php\/author\/reginaldojr\/\"}]}<\/script>\n<!-- \/ Yoast SEO plugin. -->","yoast_head_json":{"title":"Claudia Leitte vai comandar o show da virada no R\u00e9veillon de Salvador - Portal MF","robots":{"index":"index","follow":"follow","max-snippet":"max-snippet:-1","max-image-preview":"max-image-preview:large","max-video-preview":"max-video-preview:-1"},"canonical":"https:\/\/portalmf.com.br\/index.php\/2022\/09\/15\/claudia-leitte-vai-comandar-o-show-da-virada-no-reveillon-de-salvador\/","og_locale":"pt_BR","og_type":"article","og_title":"Claudia Leitte vai comandar o show da virada no R\u00e9veillon de Salvador - Portal MF","og_description":"O Carnaval e o R\u00e9veillon s\u00e3o as principais atividades do calend\u00e1rio de eventos da capital baiana. E para quem estava com saudade do clima da folia momesca e de curtir os festejos de fim de ano, a Prefeitura anunciou, nesta quinta-feira (15), a realiza\u00e7\u00e3o da I Expo Carnaval Brazil, feira in\u00e9dita de experi\u00eancias relacionada ao [&hellip;]","og_url":"https:\/\/portalmf.com.br\/index.php\/2022\/09\/15\/claudia-leitte-vai-comandar-o-show-da-virada-no-reveillon-de-salvador\/","og_site_name":"Portal MF","article_author":"reginaldojrfsa","article_published_time":"2022-09-15T18:21:52+00:00","article_modified_time":"2022-09-15T18:50:11+00:00","og_image":[{"width":2048,"height":1104,"url":"https:\/\/portalmf.com.br\/wp-content\/uploads\/2022\/09\/Claudia-Leitte-comandara-virada-de-ano-em-Salvador.jpg","type":"image\/jpeg"}],"author":"Reginaldo J\u00fanior","twitter_card":"summary_large_image","twitter_creator":"@reginaldojrmf","twitter_misc":{"Escrito por":"Reginaldo J\u00fanior","Est. tempo de leitura":"2 minutos"},"schema":{"@context":"https:\/\/schema.org","@graph":[{"@type":"WebPage","@id":"https:\/\/portalmf.com.br\/index.php\/2022\/09\/15\/claudia-leitte-vai-comandar-o-show-da-virada-no-reveillon-de-salvador\/","url":"https:\/\/portalmf.com.br\/index.php\/2022\/09\/15\/claudia-leitte-vai-comandar-o-show-da-virada-no-reveillon-de-salvador\/","name":"Claudia Leitte vai comandar o show da virada no R\u00e9veillon de Salvador - Portal MF","isPartOf":{"@id":"https:\/\/portalmf.com.br\/#website"},"primaryImageOfPage":{"@id":"https:\/\/portalmf.com.br\/index.php\/2022\/09\/15\/claudia-leitte-vai-comandar-o-show-da-virada-no-reveillon-de-salvador\/#primaryimage"},"image":{"@id":"https:\/\/portalmf.com.br\/index.php\/2022\/09\/15\/claudia-leitte-vai-comandar-o-show-da-virada-no-reveillon-de-salvador\/#primaryimage"},"thumbnailUrl":"https:\/\/portalmf.com.br\/wp-content\/uploads\/2022\/09\/Claudia-Leitte-comandara-virada-de-ano-em-Salvador.jpg","datePublished":"2022-09-15T18:21:52+00:00","dateModified":"2022-09-15T18:50:11+00:00","author":{"@id":"https:\/\/portalmf.com.br\/#\/schema\/person\/11c82086fe8abc05a19147e964587285"},"breadcrumb":{"@id":"https:\/\/portalmf.com.br\/index.php\/2022\/09\/15\/claudia-leitte-vai-comandar-o-show-da-virada-no-reveillon-de-salvador\/#breadcrumb"},"inLanguage":"pt-BR","potentialAction":[{"@type":"ReadAction","target":["https:\/\/portalmf.com.br\/index.php\/2022\/09\/15\/claudia-leitte-vai-comandar-o-show-da-virada-no-reveillon-de-salvador\/"]}]},{"@type":"ImageObject","inLanguage":"pt-BR","@id":"https:\/\/portalmf.com.br\/index.php\/2022\/09\/15\/claudia-leitte-vai-comandar-o-show-da-virada-no-reveillon-de-salvador\/#primaryimage","url":"https:\/\/portalmf.com.br\/wp-content\/uploads\/2022\/09\/Claudia-Leitte-comandara-virada-de-ano-em-Salvador.jpg","contentUrl":"https:\/\/portalmf.com.br\/wp-content\/uploads\/2022\/09\/Claudia-Leitte-comandara-virada-de-ano-em-Salvador.jpg","width":2048,"height":1104},{"@type":"BreadcrumbList","@id":"https:\/\/portalmf.com.br\/index.php\/2022\/09\/15\/claudia-leitte-vai-comandar-o-show-da-virada-no-reveillon-de-salvador\/#breadcrumb","itemListElement":[{"@type":"ListItem","position":1,"name":"In\u00edcio","item":"https:\/\/portalmf.com.br\/"},{"@type":"ListItem","position":2,"name":"Claudia Leitte vai comandar o show da virada no R\u00e9veillon de Salvador"}]},{"@type":"WebSite","@id":"https:\/\/portalmf.com.br\/#website","url":"https:\/\/portalmf.com.br\/","name":"Portal MF","description":"Voc\u00ea conectado com a informa\u00e7\u00e3o","potentialAction":[{"@type":"SearchAction","target":{"@type":"EntryPoint","urlTemplate":"https:\/\/portalmf.com.br\/?s={search_term_string}"},"query-input":"required name=search_term_string"}],"inLanguage":"pt-BR"},{"@type":"Person","@id":"https:\/\/portalmf.com.br\/#\/schema\/person\/11c82086fe8abc05a19147e964587285","name":"Reginaldo J\u00fanior","image":{"@type":"ImageObject","inLanguage":"pt-BR","@id":"https:\/\/portalmf.com.br\/#\/schema\/person\/image\/","url":"https:\/\/secure.gravatar.com\/avatar\/32a3c797cd0ac47cc53b8644c62776f9?s=96&d=mm&r=g","contentUrl":"https:\/\/secure.gravatar.com\/avatar\/32a3c797cd0ac47cc53b8644c62776f9?s=96&d=mm&r=g","caption":"Reginaldo J\u00fanior"},"description":"Jornalista e idealizador Portal MF","sameAs":["https:\/\/portalmf.com.br\/index.php\/author\/reginaldojr\/","reginaldojrfsa","reginaldojuniormf","https:\/\/x.com\/reginaldojrmf"],"url":"https:\/\/portalmf.com.br\/index.php\/author\/reginaldojr\/"}]}},"_links":{"self":[{"href":"https:\/\/portalmf.com.br\/index.php\/wp-json\/wp\/v2\/posts\/4311"}],"collection":[{"href":"https:\/\/portalmf.com.br\/index.php\/wp-json\/wp\/v2\/posts"}],"about":[{"href":"https:\/\/portalmf.com.br\/index.php\/wp-json\/wp\/v2\/types\/post"}],"author":[{"embeddable":true,"href":"https:\/\/portalmf.com.br\/index.php\/wp-json\/wp\/v2\/users\/2"}],"replies":[{"embeddable":true,"href":"https:\/\/portalmf.com.br\/index.php\/wp-json\/wp\/v2\/comments?post=4311"}],"version-history":[{"count":3,"href":"https:\/\/portalmf.com.br\/index.php\/wp-json\/wp\/v2\/posts\/4311\/revisions"}],"predecessor-version":[{"id":4315,"href":"https:\/\/portalmf.com.br\/index.php\/wp-json\/wp\/v2\/posts\/4311\/revisions\/4315"}],"wp:featuredmedia":[{"embeddable":true,"href":"https:\/\/portalmf.com.br\/index.php\/wp-json\/wp\/v2\/media\/4312"}],"wp:attachment":[{"href":"https:\/\/portalmf.com.br\/index.php\/wp-json\/wp\/v2\/media?parent=4311"}],"wp:term":[{"taxonomy":"category","embeddable":true,"href":"https:\/\/portalmf.com.br\/index.php\/wp-json\/wp\/v2\/categories?post=4311"},{"taxonomy":"post_tag","embeddable":true,"href":"https:\/\/portalmf.com.br\/index.php\/wp-json\/wp\/v2\/tags?post=4311"}],"curies":[{"name":"wp","href":"https:\/\/api.w.org\/{rel}","templated":true}]}}