{"id":43093,"date":"2026-04-07T15:54:36","date_gmt":"2026-04-07T18:54:36","guid":{"rendered":"https:\/\/portalmf.com.br\/?p=43093"},"modified":"2026-04-07T15:54:37","modified_gmt":"2026-04-07T18:54:37","slug":"os-estranhos-capitulo-final-estreia-nesta-quinta-nos-cinemas","status":"publish","type":"post","link":"https:\/\/portalmf.com.br\/index.php\/2026\/04\/07\/os-estranhos-capitulo-final-estreia-nesta-quinta-nos-cinemas\/","title":{"rendered":"\u201cOs Estranhos: Cap\u00edtulo Final\u201d estreia nesta quinta nos cinemas"},"content":{"rendered":"\n<p>Com&nbsp;Madelaine Petsch (\u201cRiverdale\u201d),&nbsp;\u201cOs Estranhos: Cap\u00edtulo Final\u201d&nbsp;<em>(The Strangers: Chapter 3)<\/em>, conclus\u00e3o da trilogia de terror distribu\u00edda pela&nbsp;Paris Filmes,&nbsp;estreia nesta quinta-feira, 9 de abril, nos cinemas.<\/p>\n\n\n\n<p>Com este \u00faltimo cap\u00edtulo de Os Estranhos, que tem como tema central a transforma\u00e7\u00e3o na saga de Maya (Petsch), a hist\u00f3ria acompanha o desfecho de seu encontro &#8211; e envolvimento &#8211; com os assassinos mascarados. Ap\u00f3s tomar as r\u00e9deas no final do cap\u00edtulo anterior, agora Maya ter\u00e1 de enfrentar novos perigos.<\/p>\n\n\n\n<p>Tamb\u00e9m voltam\u00a0Gabriel Basso (\u201cAgente Noturno\u201d) e Ema Horvath (\u201cO Senhor dos An\u00e9is: Os An\u00e9is de Poder\u201d). Dirigida por Renny Harlin e escrita pela dupla Alan R. Cohen &amp; Alan Freedland, a produ\u00e7\u00e3o \u00e9 da\u00a0Lionsgate, com distribui\u00e7\u00e3o da\u00a0Paris Filmes.\u00a0<\/p>\n\n\n\n<figure class=\"wp-block-embed is-type-video is-provider-youtube wp-block-embed-youtube wp-embed-aspect-16-9 wp-has-aspect-ratio\"><div class=\"wp-block-embed__wrapper\">\n<iframe title=\"Os Estranhos: Cap\u00edtulo Final | Trailer Oficial Legendado\" width=\"696\" height=\"392\" src=\"https:\/\/www.youtube.com\/embed\/G25sguQrTOQ?feature=oembed\" frameborder=\"0\" allow=\"accelerometer; autoplay; clipboard-write; encrypted-media; gyroscope; picture-in-picture; web-share\" referrerpolicy=\"strict-origin-when-cross-origin\" allowfullscreen><\/iframe>\n<\/div><\/figure>\n","protected":false},"excerpt":{"rendered":"<p>Com&nbsp;Madelaine Petsch (\u201cRiverdale\u201d),&nbsp;\u201cOs Estranhos: Cap\u00edtulo Final\u201d&nbsp;(The Strangers: Chapter 3), conclus\u00e3o da trilogia de terror distribu\u00edda pela&nbsp;Paris Filmes,&nbsp;estreia nesta quinta-feira, 9 de abril, nos cinemas. Com este \u00faltimo cap\u00edtulo de Os Estranhos, que tem como tema central a transforma\u00e7\u00e3o na saga de Maya (Petsch), a hist\u00f3ria acompanha o desfecho de seu encontro &#8211; e envolvimento &#8211; [&hellip;]<\/p>\n","protected":false},"author":3,"featured_media":43094,"comment_status":"open","ping_status":"open","sticky":false,"template":"","format":"standard","meta":{"_monsterinsights_skip_tracking":false,"_monsterinsights_sitenote_active":false,"_monsterinsights_sitenote_note":"","_monsterinsights_sitenote_category":0,"footnotes":""},"categories":[38],"tags":[],"yoast_head":"<!-- This site is optimized with the Yoast SEO plugin v22.9 - https:\/\/yoast.com\/wordpress\/plugins\/seo\/ -->\n<title>\u201cOs Estranhos: Cap\u00edtulo Final\u201d estreia nesta quinta nos cinemas - Portal MF<\/title>\n<meta name=\"robots\" content=\"index, follow, max-snippet:-1, max-image-preview:large, max-video-preview:-1\" \/>\n<link rel=\"canonical\" href=\"https:\/\/portalmf.com.br\/index.php\/2026\/04\/07\/os-estranhos-capitulo-final-estreia-nesta-quinta-nos-cinemas\/\" \/>\n<meta property=\"og:locale\" content=\"pt_BR\" \/>\n<meta property=\"og:type\" content=\"article\" \/>\n<meta property=\"og:title\" content=\"\u201cOs Estranhos: Cap\u00edtulo Final\u201d estreia nesta quinta nos cinemas - Portal MF\" \/>\n<meta property=\"og:description\" content=\"Com&nbsp;Madelaine Petsch (\u201cRiverdale\u201d),&nbsp;\u201cOs Estranhos: Cap\u00edtulo Final\u201d&nbsp;(The Strangers: Chapter 3), conclus\u00e3o da trilogia de terror distribu\u00edda pela&nbsp;Paris Filmes,&nbsp;estreia nesta quinta-feira, 9 de abril, nos cinemas. Com este \u00faltimo cap\u00edtulo de Os Estranhos, que tem como tema central a transforma\u00e7\u00e3o na saga de Maya (Petsch), a hist\u00f3ria acompanha o desfecho de seu encontro &#8211; e envolvimento &#8211; [&hellip;]\" \/>\n<meta property=\"og:url\" content=\"https:\/\/portalmf.com.br\/index.php\/2026\/04\/07\/os-estranhos-capitulo-final-estreia-nesta-quinta-nos-cinemas\/\" \/>\n<meta property=\"og:site_name\" content=\"Portal MF\" \/>\n<meta property=\"article:author\" content=\"https:\/\/www.facebook.com\/portalmfoficial\" \/>\n<meta property=\"article:published_time\" content=\"2026-04-07T18:54:36+00:00\" \/>\n<meta property=\"article:modified_time\" content=\"2026-04-07T18:54:37+00:00\" \/>\n<meta property=\"og:image\" content=\"https:\/\/portalmf.com.br\/wp-content\/uploads\/2026\/04\/unnamed-1.jpg\" \/>\n\t<meta property=\"og:image:width\" content=\"1080\" \/>\n\t<meta property=\"og:image:height\" content=\"1350\" \/>\n\t<meta property=\"og:image:type\" content=\"image\/jpeg\" \/>\n<meta name=\"author\" content=\"Reda\u00e7\u00e3o Portal MF\" \/>\n<meta name=\"twitter:card\" content=\"summary_large_image\" \/>\n<meta name=\"twitter:creator\" content=\"@https:\/\/x.com\/portalmfoficial\" \/>\n<meta name=\"twitter:label1\" content=\"Escrito por\" \/>\n\t<meta name=\"twitter:data1\" content=\"Reda\u00e7\u00e3o Portal MF\" \/>\n\t<meta name=\"twitter:label2\" content=\"Est. tempo de leitura\" \/>\n\t<meta name=\"twitter:data2\" content=\"1 minuto\" \/>\n<script type=\"application\/ld+json\" class=\"yoast-schema-graph\">{\"@context\":\"https:\/\/schema.org\",\"@graph\":[{\"@type\":\"WebPage\",\"@id\":\"https:\/\/portalmf.com.br\/index.php\/2026\/04\/07\/os-estranhos-capitulo-final-estreia-nesta-quinta-nos-cinemas\/\",\"url\":\"https:\/\/portalmf.com.br\/index.php\/2026\/04\/07\/os-estranhos-capitulo-final-estreia-nesta-quinta-nos-cinemas\/\",\"name\":\"\u201cOs Estranhos: Cap\u00edtulo Final\u201d estreia nesta quinta nos cinemas - Portal MF\",\"isPartOf\":{\"@id\":\"https:\/\/portalmf.com.br\/#website\"},\"primaryImageOfPage\":{\"@id\":\"https:\/\/portalmf.com.br\/index.php\/2026\/04\/07\/os-estranhos-capitulo-final-estreia-nesta-quinta-nos-cinemas\/#primaryimage\"},\"image\":{\"@id\":\"https:\/\/portalmf.com.br\/index.php\/2026\/04\/07\/os-estranhos-capitulo-final-estreia-nesta-quinta-nos-cinemas\/#primaryimage\"},\"thumbnailUrl\":\"https:\/\/portalmf.com.br\/wp-content\/uploads\/2026\/04\/unnamed-1.jpg\",\"datePublished\":\"2026-04-07T18:54:36+00:00\",\"dateModified\":\"2026-04-07T18:54:37+00:00\",\"author\":{\"@id\":\"https:\/\/portalmf.com.br\/#\/schema\/person\/9ec101baf56233e53520c26de5d6f6f0\"},\"breadcrumb\":{\"@id\":\"https:\/\/portalmf.com.br\/index.php\/2026\/04\/07\/os-estranhos-capitulo-final-estreia-nesta-quinta-nos-cinemas\/#breadcrumb\"},\"inLanguage\":\"pt-BR\",\"potentialAction\":[{\"@type\":\"ReadAction\",\"target\":[\"https:\/\/portalmf.com.br\/index.php\/2026\/04\/07\/os-estranhos-capitulo-final-estreia-nesta-quinta-nos-cinemas\/\"]}]},{\"@type\":\"ImageObject\",\"inLanguage\":\"pt-BR\",\"@id\":\"https:\/\/portalmf.com.br\/index.php\/2026\/04\/07\/os-estranhos-capitulo-final-estreia-nesta-quinta-nos-cinemas\/#primaryimage\",\"url\":\"https:\/\/portalmf.com.br\/wp-content\/uploads\/2026\/04\/unnamed-1.jpg\",\"contentUrl\":\"https:\/\/portalmf.com.br\/wp-content\/uploads\/2026\/04\/unnamed-1.jpg\",\"width\":1080,\"height\":1350},{\"@type\":\"BreadcrumbList\",\"@id\":\"https:\/\/portalmf.com.br\/index.php\/2026\/04\/07\/os-estranhos-capitulo-final-estreia-nesta-quinta-nos-cinemas\/#breadcrumb\",\"itemListElement\":[{\"@type\":\"ListItem\",\"position\":1,\"name\":\"In\u00edcio\",\"item\":\"https:\/\/portalmf.com.br\/\"},{\"@type\":\"ListItem\",\"position\":2,\"name\":\"\u201cOs Estranhos: Cap\u00edtulo Final\u201d estreia nesta quinta nos cinemas\"}]},{\"@type\":\"WebSite\",\"@id\":\"https:\/\/portalmf.com.br\/#website\",\"url\":\"https:\/\/portalmf.com.br\/\",\"name\":\"Portal MF\",\"description\":\"Voc\u00ea conectado com a informa\u00e7\u00e3o\",\"potentialAction\":[{\"@type\":\"SearchAction\",\"target\":{\"@type\":\"EntryPoint\",\"urlTemplate\":\"https:\/\/portalmf.com.br\/?s={search_term_string}\"},\"query-input\":\"required name=search_term_string\"}],\"inLanguage\":\"pt-BR\"},{\"@type\":\"Person\",\"@id\":\"https:\/\/portalmf.com.br\/#\/schema\/person\/9ec101baf56233e53520c26de5d6f6f0\",\"name\":\"Reda\u00e7\u00e3o Portal MF\",\"image\":{\"@type\":\"ImageObject\",\"inLanguage\":\"pt-BR\",\"@id\":\"https:\/\/portalmf.com.br\/#\/schema\/person\/image\/\",\"url\":\"https:\/\/secure.gravatar.com\/avatar\/41b9aaeb2100835f7c64362330f74c7f?s=96&d=mm&r=g\",\"contentUrl\":\"https:\/\/secure.gravatar.com\/avatar\/41b9aaeb2100835f7c64362330f74c7f?s=96&d=mm&r=g\",\"caption\":\"Reda\u00e7\u00e3o Portal MF\"},\"description\":\"Sejam bem-vindos o portal de informa\u00e7\u00f5es de entretenimento de Feira de Santana, desde 2006 realiza coberturas dos principais eventos com entrevistas exclusivas com as principais personalidades mundiais. Fique conectado tamb\u00e9m nas redes sociais.\",\"sameAs\":[\"http:\/\/www.portalmf.com.br\/\",\"https:\/\/www.facebook.com\/portalmfoficial\",\"https:\/\/www.instagram.com\/portalmf\/\",\"https:\/\/x.com\/https:\/\/x.com\/portalmfoficial\",\"https:\/\/www.youtube.com\/@portalmfoficial\"],\"url\":\"https:\/\/portalmf.com.br\/index.php\/author\/junior\/\"}]}<\/script>\n<!-- \/ Yoast SEO plugin. -->","yoast_head_json":{"title":"\u201cOs Estranhos: Cap\u00edtulo Final\u201d estreia nesta quinta nos cinemas - Portal MF","robots":{"index":"index","follow":"follow","max-snippet":"max-snippet:-1","max-image-preview":"max-image-preview:large","max-video-preview":"max-video-preview:-1"},"canonical":"https:\/\/portalmf.com.br\/index.php\/2026\/04\/07\/os-estranhos-capitulo-final-estreia-nesta-quinta-nos-cinemas\/","og_locale":"pt_BR","og_type":"article","og_title":"\u201cOs Estranhos: Cap\u00edtulo Final\u201d estreia nesta quinta nos cinemas - Portal MF","og_description":"Com&nbsp;Madelaine Petsch (\u201cRiverdale\u201d),&nbsp;\u201cOs Estranhos: Cap\u00edtulo Final\u201d&nbsp;(The Strangers: Chapter 3), conclus\u00e3o da trilogia de terror distribu\u00edda pela&nbsp;Paris Filmes,&nbsp;estreia nesta quinta-feira, 9 de abril, nos cinemas. Com este \u00faltimo cap\u00edtulo de Os Estranhos, que tem como tema central a transforma\u00e7\u00e3o na saga de Maya (Petsch), a hist\u00f3ria acompanha o desfecho de seu encontro &#8211; e envolvimento &#8211; [&hellip;]","og_url":"https:\/\/portalmf.com.br\/index.php\/2026\/04\/07\/os-estranhos-capitulo-final-estreia-nesta-quinta-nos-cinemas\/","og_site_name":"Portal MF","article_author":"https:\/\/www.facebook.com\/portalmfoficial","article_published_time":"2026-04-07T18:54:36+00:00","article_modified_time":"2026-04-07T18:54:37+00:00","og_image":[{"width":1080,"height":1350,"url":"https:\/\/portalmf.com.br\/wp-content\/uploads\/2026\/04\/unnamed-1.jpg","type":"image\/jpeg"}],"author":"Reda\u00e7\u00e3o Portal MF","twitter_card":"summary_large_image","twitter_creator":"@https:\/\/x.com\/portalmfoficial","twitter_misc":{"Escrito por":"Reda\u00e7\u00e3o Portal MF","Est. tempo de leitura":"1 minuto"},"schema":{"@context":"https:\/\/schema.org","@graph":[{"@type":"WebPage","@id":"https:\/\/portalmf.com.br\/index.php\/2026\/04\/07\/os-estranhos-capitulo-final-estreia-nesta-quinta-nos-cinemas\/","url":"https:\/\/portalmf.com.br\/index.php\/2026\/04\/07\/os-estranhos-capitulo-final-estreia-nesta-quinta-nos-cinemas\/","name":"\u201cOs Estranhos: Cap\u00edtulo Final\u201d estreia nesta quinta nos cinemas - Portal MF","isPartOf":{"@id":"https:\/\/portalmf.com.br\/#website"},"primaryImageOfPage":{"@id":"https:\/\/portalmf.com.br\/index.php\/2026\/04\/07\/os-estranhos-capitulo-final-estreia-nesta-quinta-nos-cinemas\/#primaryimage"},"image":{"@id":"https:\/\/portalmf.com.br\/index.php\/2026\/04\/07\/os-estranhos-capitulo-final-estreia-nesta-quinta-nos-cinemas\/#primaryimage"},"thumbnailUrl":"https:\/\/portalmf.com.br\/wp-content\/uploads\/2026\/04\/unnamed-1.jpg","datePublished":"2026-04-07T18:54:36+00:00","dateModified":"2026-04-07T18:54:37+00:00","author":{"@id":"https:\/\/portalmf.com.br\/#\/schema\/person\/9ec101baf56233e53520c26de5d6f6f0"},"breadcrumb":{"@id":"https:\/\/portalmf.com.br\/index.php\/2026\/04\/07\/os-estranhos-capitulo-final-estreia-nesta-quinta-nos-cinemas\/#breadcrumb"},"inLanguage":"pt-BR","potentialAction":[{"@type":"ReadAction","target":["https:\/\/portalmf.com.br\/index.php\/2026\/04\/07\/os-estranhos-capitulo-final-estreia-nesta-quinta-nos-cinemas\/"]}]},{"@type":"ImageObject","inLanguage":"pt-BR","@id":"https:\/\/portalmf.com.br\/index.php\/2026\/04\/07\/os-estranhos-capitulo-final-estreia-nesta-quinta-nos-cinemas\/#primaryimage","url":"https:\/\/portalmf.com.br\/wp-content\/uploads\/2026\/04\/unnamed-1.jpg","contentUrl":"https:\/\/portalmf.com.br\/wp-content\/uploads\/2026\/04\/unnamed-1.jpg","width":1080,"height":1350},{"@type":"BreadcrumbList","@id":"https:\/\/portalmf.com.br\/index.php\/2026\/04\/07\/os-estranhos-capitulo-final-estreia-nesta-quinta-nos-cinemas\/#breadcrumb","itemListElement":[{"@type":"ListItem","position":1,"name":"In\u00edcio","item":"https:\/\/portalmf.com.br\/"},{"@type":"ListItem","position":2,"name":"\u201cOs Estranhos: Cap\u00edtulo Final\u201d estreia nesta quinta nos cinemas"}]},{"@type":"WebSite","@id":"https:\/\/portalmf.com.br\/#website","url":"https:\/\/portalmf.com.br\/","name":"Portal MF","description":"Voc\u00ea conectado com a informa\u00e7\u00e3o","potentialAction":[{"@type":"SearchAction","target":{"@type":"EntryPoint","urlTemplate":"https:\/\/portalmf.com.br\/?s={search_term_string}"},"query-input":"required name=search_term_string"}],"inLanguage":"pt-BR"},{"@type":"Person","@id":"https:\/\/portalmf.com.br\/#\/schema\/person\/9ec101baf56233e53520c26de5d6f6f0","name":"Reda\u00e7\u00e3o Portal MF","image":{"@type":"ImageObject","inLanguage":"pt-BR","@id":"https:\/\/portalmf.com.br\/#\/schema\/person\/image\/","url":"https:\/\/secure.gravatar.com\/avatar\/41b9aaeb2100835f7c64362330f74c7f?s=96&d=mm&r=g","contentUrl":"https:\/\/secure.gravatar.com\/avatar\/41b9aaeb2100835f7c64362330f74c7f?s=96&d=mm&r=g","caption":"Reda\u00e7\u00e3o Portal MF"},"description":"Sejam bem-vindos o portal de informa\u00e7\u00f5es de entretenimento de Feira de Santana, desde 2006 realiza coberturas dos principais eventos com entrevistas exclusivas com as principais personalidades mundiais. Fique conectado tamb\u00e9m nas redes sociais.","sameAs":["http:\/\/www.portalmf.com.br\/","https:\/\/www.facebook.com\/portalmfoficial","https:\/\/www.instagram.com\/portalmf\/","https:\/\/x.com\/https:\/\/x.com\/portalmfoficial","https:\/\/www.youtube.com\/@portalmfoficial"],"url":"https:\/\/portalmf.com.br\/index.php\/author\/junior\/"}]}},"_links":{"self":[{"href":"https:\/\/portalmf.com.br\/index.php\/wp-json\/wp\/v2\/posts\/43093"}],"collection":[{"href":"https:\/\/portalmf.com.br\/index.php\/wp-json\/wp\/v2\/posts"}],"about":[{"href":"https:\/\/portalmf.com.br\/index.php\/wp-json\/wp\/v2\/types\/post"}],"author":[{"embeddable":true,"href":"https:\/\/portalmf.com.br\/index.php\/wp-json\/wp\/v2\/users\/3"}],"replies":[{"embeddable":true,"href":"https:\/\/portalmf.com.br\/index.php\/wp-json\/wp\/v2\/comments?post=43093"}],"version-history":[{"count":1,"href":"https:\/\/portalmf.com.br\/index.php\/wp-json\/wp\/v2\/posts\/43093\/revisions"}],"predecessor-version":[{"id":43095,"href":"https:\/\/portalmf.com.br\/index.php\/wp-json\/wp\/v2\/posts\/43093\/revisions\/43095"}],"wp:featuredmedia":[{"embeddable":true,"href":"https:\/\/portalmf.com.br\/index.php\/wp-json\/wp\/v2\/media\/43094"}],"wp:attachment":[{"href":"https:\/\/portalmf.com.br\/index.php\/wp-json\/wp\/v2\/media?parent=43093"}],"wp:term":[{"taxonomy":"category","embeddable":true,"href":"https:\/\/portalmf.com.br\/index.php\/wp-json\/wp\/v2\/categories?post=43093"},{"taxonomy":"post_tag","embeddable":true,"href":"https:\/\/portalmf.com.br\/index.php\/wp-json\/wp\/v2\/tags?post=43093"}],"curies":[{"name":"wp","href":"https:\/\/api.w.org\/{rel}","templated":true}]}}