{"id":4293,"date":"2022-09-14T17:40:58","date_gmt":"2022-09-14T20:40:58","guid":{"rendered":"http:\/\/portalmf.com.br\/?p=4293"},"modified":"2022-09-15T15:22:26","modified_gmt":"2022-09-15T18:22:26","slug":"virada-salvador-tera-shows-de-alok-ivete-claudia-leitte-e-leo-santana","status":"publish","type":"post","link":"https:\/\/portalmf.com.br\/index.php\/2022\/09\/14\/virada-salvador-tera-shows-de-alok-ivete-claudia-leitte-e-leo-santana\/","title":{"rendered":"Virada Salvador ter\u00e1 shows de Alok, Ivete, Claudia Leitte e Leo Santana"},"content":{"rendered":"\n<p>Ap\u00f3s dois anos, o Festival Virada volta a acontecer em Salvador entre os dias 28 de dezembro e 1\u00ba de janeiro, na Arena Daniela Mercury, na orla da Boca do Rio.<\/p>\n\n\n\n<p>Segundo informa\u00e7\u00f5es do portal Al\u00f4 Al\u00f4 Bahia, alguns artistas j\u00e1 est\u00e3o confirmados para as apresenta\u00e7\u00f5es que marcam a virada do ano na capital baiana.<\/p>\n\n\n\n<p>Entre os nomes que estar\u00e3o presentes est\u00e3o Alok, Ivete Sangalo, Claudia Leitte, L\u00e9o Santana e Thiago Aquino. Vale lembrar que a voz de \u201cAbalou\u201d n\u00e3o far\u00e1 a contagem regressiva por conta da participa\u00e7\u00e3o na virada em Miami, nos Estados Unidos.<\/p>\n\n\n\n<p>A grade completa de atra\u00e7\u00f5es ser\u00e1 divulgada pelo prefeito Bruno Reis durante coletiva de imprensa que acontece na quinta-feira (15).<\/p>\n\n\n\n<p>Tamb\u00e9m ser\u00e3o apresentados detalhes sobre a I Expo Carnaval Brazil, feira ligada ao mundo da folia baiana que acontece em outubro.<\/p>\n\n\n\n<p>Com informa\u00e7\u00f5es do Ibahia<\/p>\n","protected":false},"excerpt":{"rendered":"<p>Ap\u00f3s dois anos, o Festival Virada volta a acontecer em Salvador entre os dias 28 de dezembro e 1\u00ba de janeiro, na Arena Daniela Mercury, na orla da Boca do Rio. Segundo informa\u00e7\u00f5es do portal Al\u00f4 Al\u00f4 Bahia, alguns artistas j\u00e1 est\u00e3o confirmados para as apresenta\u00e7\u00f5es que marcam a virada do ano na capital baiana. [&hellip;]<\/p>\n","protected":false},"author":2,"featured_media":4294,"comment_status":"open","ping_status":"open","sticky":false,"template":"","format":"standard","meta":{"_monsterinsights_skip_tracking":false,"_monsterinsights_sitenote_active":false,"_monsterinsights_sitenote_note":"","_monsterinsights_sitenote_category":0,"footnotes":""},"categories":[45],"tags":[246,171,168,245,247],"yoast_head":"<!-- This site is optimized with the Yoast SEO plugin v22.9 - https:\/\/yoast.com\/wordpress\/plugins\/seo\/ -->\n<title>Virada Salvador ter\u00e1 shows de Alok, Ivete, Claudia Leitte e Leo Santana - Portal MF<\/title>\n<meta name=\"robots\" content=\"index, follow, max-snippet:-1, max-image-preview:large, max-video-preview:-1\" \/>\n<link rel=\"canonical\" href=\"https:\/\/portalmf.com.br\/index.php\/2022\/09\/14\/virada-salvador-tera-shows-de-alok-ivete-claudia-leitte-e-leo-santana\/\" \/>\n<meta property=\"og:locale\" content=\"pt_BR\" \/>\n<meta property=\"og:type\" content=\"article\" \/>\n<meta property=\"og:title\" content=\"Virada Salvador ter\u00e1 shows de Alok, Ivete, Claudia Leitte e Leo Santana - Portal MF\" \/>\n<meta property=\"og:description\" content=\"Ap\u00f3s dois anos, o Festival Virada volta a acontecer em Salvador entre os dias 28 de dezembro e 1\u00ba de janeiro, na Arena Daniela Mercury, na orla da Boca do Rio. Segundo informa\u00e7\u00f5es do portal Al\u00f4 Al\u00f4 Bahia, alguns artistas j\u00e1 est\u00e3o confirmados para as apresenta\u00e7\u00f5es que marcam a virada do ano na capital baiana. [&hellip;]\" \/>\n<meta property=\"og:url\" content=\"https:\/\/portalmf.com.br\/index.php\/2022\/09\/14\/virada-salvador-tera-shows-de-alok-ivete-claudia-leitte-e-leo-santana\/\" \/>\n<meta property=\"og:site_name\" content=\"Portal MF\" \/>\n<meta property=\"article:author\" content=\"reginaldojrfsa\" \/>\n<meta property=\"article:published_time\" content=\"2022-09-14T20:40:58+00:00\" \/>\n<meta property=\"article:modified_time\" content=\"2022-09-15T18:22:26+00:00\" \/>\n<meta property=\"og:image\" content=\"https:\/\/portalmf.com.br\/wp-content\/uploads\/2022\/09\/csm_31_12_2019_Leo_SAntana_Show_Virada_Salvador__Fot_Bruno_Concha_Secom_Pms__11__dc0f97b5f3.jpg\" \/>\n\t<meta property=\"og:image:width\" content=\"940\" \/>\n\t<meta property=\"og:image:height\" content=\"627\" \/>\n\t<meta property=\"og:image:type\" content=\"image\/jpeg\" \/>\n<meta name=\"author\" content=\"Reginaldo J\u00fanior\" \/>\n<meta name=\"twitter:card\" content=\"summary_large_image\" \/>\n<meta name=\"twitter:creator\" content=\"@reginaldojrmf\" \/>\n<meta name=\"twitter:label1\" content=\"Escrito por\" \/>\n\t<meta name=\"twitter:data1\" content=\"Reginaldo J\u00fanior\" \/>\n\t<meta name=\"twitter:label2\" content=\"Est. tempo de leitura\" \/>\n\t<meta name=\"twitter:data2\" content=\"1 minuto\" \/>\n<script type=\"application\/ld+json\" class=\"yoast-schema-graph\">{\"@context\":\"https:\/\/schema.org\",\"@graph\":[{\"@type\":\"WebPage\",\"@id\":\"https:\/\/portalmf.com.br\/index.php\/2022\/09\/14\/virada-salvador-tera-shows-de-alok-ivete-claudia-leitte-e-leo-santana\/\",\"url\":\"https:\/\/portalmf.com.br\/index.php\/2022\/09\/14\/virada-salvador-tera-shows-de-alok-ivete-claudia-leitte-e-leo-santana\/\",\"name\":\"Virada Salvador ter\u00e1 shows de Alok, Ivete, Claudia Leitte e Leo Santana - Portal MF\",\"isPartOf\":{\"@id\":\"https:\/\/portalmf.com.br\/#website\"},\"primaryImageOfPage\":{\"@id\":\"https:\/\/portalmf.com.br\/index.php\/2022\/09\/14\/virada-salvador-tera-shows-de-alok-ivete-claudia-leitte-e-leo-santana\/#primaryimage\"},\"image\":{\"@id\":\"https:\/\/portalmf.com.br\/index.php\/2022\/09\/14\/virada-salvador-tera-shows-de-alok-ivete-claudia-leitte-e-leo-santana\/#primaryimage\"},\"thumbnailUrl\":\"https:\/\/portalmf.com.br\/wp-content\/uploads\/2022\/09\/csm_31_12_2019_Leo_SAntana_Show_Virada_Salvador__Fot_Bruno_Concha_Secom_Pms__11__dc0f97b5f3.jpg\",\"datePublished\":\"2022-09-14T20:40:58+00:00\",\"dateModified\":\"2022-09-15T18:22:26+00:00\",\"author\":{\"@id\":\"https:\/\/portalmf.com.br\/#\/schema\/person\/11c82086fe8abc05a19147e964587285\"},\"breadcrumb\":{\"@id\":\"https:\/\/portalmf.com.br\/index.php\/2022\/09\/14\/virada-salvador-tera-shows-de-alok-ivete-claudia-leitte-e-leo-santana\/#breadcrumb\"},\"inLanguage\":\"pt-BR\",\"potentialAction\":[{\"@type\":\"ReadAction\",\"target\":[\"https:\/\/portalmf.com.br\/index.php\/2022\/09\/14\/virada-salvador-tera-shows-de-alok-ivete-claudia-leitte-e-leo-santana\/\"]}]},{\"@type\":\"ImageObject\",\"inLanguage\":\"pt-BR\",\"@id\":\"https:\/\/portalmf.com.br\/index.php\/2022\/09\/14\/virada-salvador-tera-shows-de-alok-ivete-claudia-leitte-e-leo-santana\/#primaryimage\",\"url\":\"https:\/\/portalmf.com.br\/wp-content\/uploads\/2022\/09\/csm_31_12_2019_Leo_SAntana_Show_Virada_Salvador__Fot_Bruno_Concha_Secom_Pms__11__dc0f97b5f3.jpg\",\"contentUrl\":\"https:\/\/portalmf.com.br\/wp-content\/uploads\/2022\/09\/csm_31_12_2019_Leo_SAntana_Show_Virada_Salvador__Fot_Bruno_Concha_Secom_Pms__11__dc0f97b5f3.jpg\",\"width\":940,\"height\":627},{\"@type\":\"BreadcrumbList\",\"@id\":\"https:\/\/portalmf.com.br\/index.php\/2022\/09\/14\/virada-salvador-tera-shows-de-alok-ivete-claudia-leitte-e-leo-santana\/#breadcrumb\",\"itemListElement\":[{\"@type\":\"ListItem\",\"position\":1,\"name\":\"In\u00edcio\",\"item\":\"https:\/\/portalmf.com.br\/\"},{\"@type\":\"ListItem\",\"position\":2,\"name\":\"Virada Salvador ter\u00e1 shows de Alok, Ivete, Claudia Leitte e Leo Santana\"}]},{\"@type\":\"WebSite\",\"@id\":\"https:\/\/portalmf.com.br\/#website\",\"url\":\"https:\/\/portalmf.com.br\/\",\"name\":\"Portal MF\",\"description\":\"Voc\u00ea conectado com a informa\u00e7\u00e3o\",\"potentialAction\":[{\"@type\":\"SearchAction\",\"target\":{\"@type\":\"EntryPoint\",\"urlTemplate\":\"https:\/\/portalmf.com.br\/?s={search_term_string}\"},\"query-input\":\"required name=search_term_string\"}],\"inLanguage\":\"pt-BR\"},{\"@type\":\"Person\",\"@id\":\"https:\/\/portalmf.com.br\/#\/schema\/person\/11c82086fe8abc05a19147e964587285\",\"name\":\"Reginaldo J\u00fanior\",\"image\":{\"@type\":\"ImageObject\",\"inLanguage\":\"pt-BR\",\"@id\":\"https:\/\/portalmf.com.br\/#\/schema\/person\/image\/\",\"url\":\"https:\/\/secure.gravatar.com\/avatar\/32a3c797cd0ac47cc53b8644c62776f9?s=96&d=mm&r=g\",\"contentUrl\":\"https:\/\/secure.gravatar.com\/avatar\/32a3c797cd0ac47cc53b8644c62776f9?s=96&d=mm&r=g\",\"caption\":\"Reginaldo J\u00fanior\"},\"description\":\"Jornalista e idealizador Portal MF\",\"sameAs\":[\"https:\/\/portalmf.com.br\/index.php\/author\/reginaldojr\/\",\"reginaldojrfsa\",\"reginaldojuniormf\",\"https:\/\/x.com\/reginaldojrmf\"],\"url\":\"https:\/\/portalmf.com.br\/index.php\/author\/reginaldojr\/\"}]}<\/script>\n<!-- \/ Yoast SEO plugin. -->","yoast_head_json":{"title":"Virada Salvador ter\u00e1 shows de Alok, Ivete, Claudia Leitte e Leo Santana - Portal MF","robots":{"index":"index","follow":"follow","max-snippet":"max-snippet:-1","max-image-preview":"max-image-preview:large","max-video-preview":"max-video-preview:-1"},"canonical":"https:\/\/portalmf.com.br\/index.php\/2022\/09\/14\/virada-salvador-tera-shows-de-alok-ivete-claudia-leitte-e-leo-santana\/","og_locale":"pt_BR","og_type":"article","og_title":"Virada Salvador ter\u00e1 shows de Alok, Ivete, Claudia Leitte e Leo Santana - Portal MF","og_description":"Ap\u00f3s dois anos, o Festival Virada volta a acontecer em Salvador entre os dias 28 de dezembro e 1\u00ba de janeiro, na Arena Daniela Mercury, na orla da Boca do Rio. Segundo informa\u00e7\u00f5es do portal Al\u00f4 Al\u00f4 Bahia, alguns artistas j\u00e1 est\u00e3o confirmados para as apresenta\u00e7\u00f5es que marcam a virada do ano na capital baiana. [&hellip;]","og_url":"https:\/\/portalmf.com.br\/index.php\/2022\/09\/14\/virada-salvador-tera-shows-de-alok-ivete-claudia-leitte-e-leo-santana\/","og_site_name":"Portal MF","article_author":"reginaldojrfsa","article_published_time":"2022-09-14T20:40:58+00:00","article_modified_time":"2022-09-15T18:22:26+00:00","og_image":[{"width":940,"height":627,"url":"https:\/\/portalmf.com.br\/wp-content\/uploads\/2022\/09\/csm_31_12_2019_Leo_SAntana_Show_Virada_Salvador__Fot_Bruno_Concha_Secom_Pms__11__dc0f97b5f3.jpg","type":"image\/jpeg"}],"author":"Reginaldo J\u00fanior","twitter_card":"summary_large_image","twitter_creator":"@reginaldojrmf","twitter_misc":{"Escrito por":"Reginaldo J\u00fanior","Est. tempo de leitura":"1 minuto"},"schema":{"@context":"https:\/\/schema.org","@graph":[{"@type":"WebPage","@id":"https:\/\/portalmf.com.br\/index.php\/2022\/09\/14\/virada-salvador-tera-shows-de-alok-ivete-claudia-leitte-e-leo-santana\/","url":"https:\/\/portalmf.com.br\/index.php\/2022\/09\/14\/virada-salvador-tera-shows-de-alok-ivete-claudia-leitte-e-leo-santana\/","name":"Virada Salvador ter\u00e1 shows de Alok, Ivete, Claudia Leitte e Leo Santana - Portal MF","isPartOf":{"@id":"https:\/\/portalmf.com.br\/#website"},"primaryImageOfPage":{"@id":"https:\/\/portalmf.com.br\/index.php\/2022\/09\/14\/virada-salvador-tera-shows-de-alok-ivete-claudia-leitte-e-leo-santana\/#primaryimage"},"image":{"@id":"https:\/\/portalmf.com.br\/index.php\/2022\/09\/14\/virada-salvador-tera-shows-de-alok-ivete-claudia-leitte-e-leo-santana\/#primaryimage"},"thumbnailUrl":"https:\/\/portalmf.com.br\/wp-content\/uploads\/2022\/09\/csm_31_12_2019_Leo_SAntana_Show_Virada_Salvador__Fot_Bruno_Concha_Secom_Pms__11__dc0f97b5f3.jpg","datePublished":"2022-09-14T20:40:58+00:00","dateModified":"2022-09-15T18:22:26+00:00","author":{"@id":"https:\/\/portalmf.com.br\/#\/schema\/person\/11c82086fe8abc05a19147e964587285"},"breadcrumb":{"@id":"https:\/\/portalmf.com.br\/index.php\/2022\/09\/14\/virada-salvador-tera-shows-de-alok-ivete-claudia-leitte-e-leo-santana\/#breadcrumb"},"inLanguage":"pt-BR","potentialAction":[{"@type":"ReadAction","target":["https:\/\/portalmf.com.br\/index.php\/2022\/09\/14\/virada-salvador-tera-shows-de-alok-ivete-claudia-leitte-e-leo-santana\/"]}]},{"@type":"ImageObject","inLanguage":"pt-BR","@id":"https:\/\/portalmf.com.br\/index.php\/2022\/09\/14\/virada-salvador-tera-shows-de-alok-ivete-claudia-leitte-e-leo-santana\/#primaryimage","url":"https:\/\/portalmf.com.br\/wp-content\/uploads\/2022\/09\/csm_31_12_2019_Leo_SAntana_Show_Virada_Salvador__Fot_Bruno_Concha_Secom_Pms__11__dc0f97b5f3.jpg","contentUrl":"https:\/\/portalmf.com.br\/wp-content\/uploads\/2022\/09\/csm_31_12_2019_Leo_SAntana_Show_Virada_Salvador__Fot_Bruno_Concha_Secom_Pms__11__dc0f97b5f3.jpg","width":940,"height":627},{"@type":"BreadcrumbList","@id":"https:\/\/portalmf.com.br\/index.php\/2022\/09\/14\/virada-salvador-tera-shows-de-alok-ivete-claudia-leitte-e-leo-santana\/#breadcrumb","itemListElement":[{"@type":"ListItem","position":1,"name":"In\u00edcio","item":"https:\/\/portalmf.com.br\/"},{"@type":"ListItem","position":2,"name":"Virada Salvador ter\u00e1 shows de Alok, Ivete, Claudia Leitte e Leo Santana"}]},{"@type":"WebSite","@id":"https:\/\/portalmf.com.br\/#website","url":"https:\/\/portalmf.com.br\/","name":"Portal MF","description":"Voc\u00ea conectado com a informa\u00e7\u00e3o","potentialAction":[{"@type":"SearchAction","target":{"@type":"EntryPoint","urlTemplate":"https:\/\/portalmf.com.br\/?s={search_term_string}"},"query-input":"required name=search_term_string"}],"inLanguage":"pt-BR"},{"@type":"Person","@id":"https:\/\/portalmf.com.br\/#\/schema\/person\/11c82086fe8abc05a19147e964587285","name":"Reginaldo J\u00fanior","image":{"@type":"ImageObject","inLanguage":"pt-BR","@id":"https:\/\/portalmf.com.br\/#\/schema\/person\/image\/","url":"https:\/\/secure.gravatar.com\/avatar\/32a3c797cd0ac47cc53b8644c62776f9?s=96&d=mm&r=g","contentUrl":"https:\/\/secure.gravatar.com\/avatar\/32a3c797cd0ac47cc53b8644c62776f9?s=96&d=mm&r=g","caption":"Reginaldo J\u00fanior"},"description":"Jornalista e idealizador Portal MF","sameAs":["https:\/\/portalmf.com.br\/index.php\/author\/reginaldojr\/","reginaldojrfsa","reginaldojuniormf","https:\/\/x.com\/reginaldojrmf"],"url":"https:\/\/portalmf.com.br\/index.php\/author\/reginaldojr\/"}]}},"_links":{"self":[{"href":"https:\/\/portalmf.com.br\/index.php\/wp-json\/wp\/v2\/posts\/4293"}],"collection":[{"href":"https:\/\/portalmf.com.br\/index.php\/wp-json\/wp\/v2\/posts"}],"about":[{"href":"https:\/\/portalmf.com.br\/index.php\/wp-json\/wp\/v2\/types\/post"}],"author":[{"embeddable":true,"href":"https:\/\/portalmf.com.br\/index.php\/wp-json\/wp\/v2\/users\/2"}],"replies":[{"embeddable":true,"href":"https:\/\/portalmf.com.br\/index.php\/wp-json\/wp\/v2\/comments?post=4293"}],"version-history":[{"count":1,"href":"https:\/\/portalmf.com.br\/index.php\/wp-json\/wp\/v2\/posts\/4293\/revisions"}],"predecessor-version":[{"id":4295,"href":"https:\/\/portalmf.com.br\/index.php\/wp-json\/wp\/v2\/posts\/4293\/revisions\/4295"}],"wp:featuredmedia":[{"embeddable":true,"href":"https:\/\/portalmf.com.br\/index.php\/wp-json\/wp\/v2\/media\/4294"}],"wp:attachment":[{"href":"https:\/\/portalmf.com.br\/index.php\/wp-json\/wp\/v2\/media?parent=4293"}],"wp:term":[{"taxonomy":"category","embeddable":true,"href":"https:\/\/portalmf.com.br\/index.php\/wp-json\/wp\/v2\/categories?post=4293"},{"taxonomy":"post_tag","embeddable":true,"href":"https:\/\/portalmf.com.br\/index.php\/wp-json\/wp\/v2\/tags?post=4293"}],"curies":[{"name":"wp","href":"https:\/\/api.w.org\/{rel}","templated":true}]}}