{"id":4270,"date":"2022-09-14T16:39:39","date_gmt":"2022-09-14T19:39:39","guid":{"rendered":"http:\/\/portalmf.com.br\/?p=4270"},"modified":"2022-09-14T16:39:41","modified_gmt":"2022-09-14T19:39:41","slug":"otto-alencar-segue-na-lideranca-na-disputa-ao-senado-diz-pesquisa-datafolha-metropole","status":"publish","type":"post","link":"https:\/\/portalmf.com.br\/index.php\/2022\/09\/14\/otto-alencar-segue-na-lideranca-na-disputa-ao-senado-diz-pesquisa-datafolha-metropole\/","title":{"rendered":"Otto Alencar segue na lideran\u00e7a na disputa ao Senado, diz pesquisa Datafolha\/Metr\u00f3pole"},"content":{"rendered":"\n<p>A segunda pesquisa Datafolha, contratada pela&nbsp;<strong>R\u00e1dio Metropole<\/strong>, aponta que o senador e candidato \u00e0 reelei\u00e7\u00e3o Otto Alencar (PSD) lidera a disputa ao Senado, com 39% das inten\u00e7\u00f5es de votos. Na sondagem anterior, ele tinha 32%.<\/p>\n\n\n\n<p>O deputado federal Cac\u00e1 Le\u00e3o (PP) permanece em segundo lugar, com 16% . Na compara\u00e7\u00e3o com a sondagem de opini\u00e3o do dia 24 de agosto, o progressista cresce 6%. &nbsp;O resultado \u00e9 da pesquisa estimulada. Ra\u00edssa Soares (PL) apareceu com 8% ante 7%.<\/p>\n\n\n\n<p>C\u00edcero Ara\u00fajo (PCO) tem 3% ante 6%, T\u00e2mara Azevedo (Psol) tem 4% (antes tinha 3%), e Marcelo Barreto Luz para Todos (PMN) aparece com 3% ante 4%. A pesquisa aponta que brancos e nulos somam 14%, j\u00e1 n\u00e3o sabem \u00e9 de 14%. O n\u00edvel de confian\u00e7a \u00e9 de 95%.&nbsp;<\/p>\n\n\n\n<p>A pesquisa ouviu 1212 eleitores, e foi feita entre 12 e 14 de setembro. A margem de erro \u00e9 3pp. A pesquisa registrada no TSE : BA-05325\/2022 e BR-07455\/2022.<\/p>\n\n\n\n<p>Com informa\u00e7\u00f5es do Metro 1<\/p>\n","protected":false},"excerpt":{"rendered":"<p>A segunda pesquisa Datafolha, contratada pela&nbsp;R\u00e1dio Metropole, aponta que o senador e candidato \u00e0 reelei\u00e7\u00e3o Otto Alencar (PSD) lidera a disputa ao Senado, com 39% das inten\u00e7\u00f5es de votos. Na sondagem anterior, ele tinha 32%. O deputado federal Cac\u00e1 Le\u00e3o (PP) permanece em segundo lugar, com 16% . Na compara\u00e7\u00e3o com a sondagem de opini\u00e3o [&hellip;]<\/p>\n","protected":false},"author":2,"featured_media":4271,"comment_status":"open","ping_status":"open","sticky":false,"template":"","format":"standard","meta":{"_monsterinsights_skip_tracking":false,"_monsterinsights_sitenote_active":false,"_monsterinsights_sitenote_note":"","_monsterinsights_sitenote_category":0,"footnotes":""},"categories":[34],"tags":[66,67],"yoast_head":"<!-- This site is optimized with the Yoast SEO plugin v22.9 - https:\/\/yoast.com\/wordpress\/plugins\/seo\/ -->\n<title>Otto Alencar segue na lideran\u00e7a na disputa ao Senado, diz pesquisa Datafolha\/Metr\u00f3pole - Portal MF<\/title>\n<meta name=\"robots\" content=\"index, follow, max-snippet:-1, max-image-preview:large, max-video-preview:-1\" \/>\n<link rel=\"canonical\" href=\"https:\/\/portalmf.com.br\/index.php\/2022\/09\/14\/otto-alencar-segue-na-lideranca-na-disputa-ao-senado-diz-pesquisa-datafolha-metropole\/\" \/>\n<meta property=\"og:locale\" content=\"pt_BR\" \/>\n<meta property=\"og:type\" content=\"article\" \/>\n<meta property=\"og:title\" content=\"Otto Alencar segue na lideran\u00e7a na disputa ao Senado, diz pesquisa Datafolha\/Metr\u00f3pole - Portal MF\" \/>\n<meta property=\"og:description\" content=\"A segunda pesquisa Datafolha, contratada pela&nbsp;R\u00e1dio Metropole, aponta que o senador e candidato \u00e0 reelei\u00e7\u00e3o Otto Alencar (PSD) lidera a disputa ao Senado, com 39% das inten\u00e7\u00f5es de votos. Na sondagem anterior, ele tinha 32%. O deputado federal Cac\u00e1 Le\u00e3o (PP) permanece em segundo lugar, com 16% . Na compara\u00e7\u00e3o com a sondagem de opini\u00e3o [&hellip;]\" \/>\n<meta property=\"og:url\" content=\"https:\/\/portalmf.com.br\/index.php\/2022\/09\/14\/otto-alencar-segue-na-lideranca-na-disputa-ao-senado-diz-pesquisa-datafolha-metropole\/\" \/>\n<meta property=\"og:site_name\" content=\"Portal MF\" \/>\n<meta property=\"article:author\" content=\"reginaldojrfsa\" \/>\n<meta property=\"article:published_time\" content=\"2022-09-14T19:39:39+00:00\" \/>\n<meta property=\"article:modified_time\" content=\"2022-09-14T19:39:41+00:00\" \/>\n<meta property=\"og:image\" content=\"https:\/\/portalmf.com.br\/wp-content\/uploads\/2022\/09\/imagem_materia-1-1-1024x615-1.jpg\" \/>\n\t<meta property=\"og:image:width\" content=\"1024\" \/>\n\t<meta property=\"og:image:height\" content=\"615\" \/>\n\t<meta property=\"og:image:type\" content=\"image\/jpeg\" \/>\n<meta name=\"author\" content=\"Reginaldo J\u00fanior\" \/>\n<meta name=\"twitter:card\" content=\"summary_large_image\" \/>\n<meta name=\"twitter:creator\" content=\"@reginaldojrmf\" \/>\n<meta name=\"twitter:label1\" content=\"Escrito por\" \/>\n\t<meta name=\"twitter:data1\" content=\"Reginaldo J\u00fanior\" \/>\n\t<meta name=\"twitter:label2\" content=\"Est. tempo de leitura\" \/>\n\t<meta name=\"twitter:data2\" content=\"1 minuto\" \/>\n<script type=\"application\/ld+json\" class=\"yoast-schema-graph\">{\"@context\":\"https:\/\/schema.org\",\"@graph\":[{\"@type\":\"WebPage\",\"@id\":\"https:\/\/portalmf.com.br\/index.php\/2022\/09\/14\/otto-alencar-segue-na-lideranca-na-disputa-ao-senado-diz-pesquisa-datafolha-metropole\/\",\"url\":\"https:\/\/portalmf.com.br\/index.php\/2022\/09\/14\/otto-alencar-segue-na-lideranca-na-disputa-ao-senado-diz-pesquisa-datafolha-metropole\/\",\"name\":\"Otto Alencar segue na lideran\u00e7a na disputa ao Senado, diz pesquisa Datafolha\/Metr\u00f3pole - Portal MF\",\"isPartOf\":{\"@id\":\"https:\/\/portalmf.com.br\/#website\"},\"primaryImageOfPage\":{\"@id\":\"https:\/\/portalmf.com.br\/index.php\/2022\/09\/14\/otto-alencar-segue-na-lideranca-na-disputa-ao-senado-diz-pesquisa-datafolha-metropole\/#primaryimage\"},\"image\":{\"@id\":\"https:\/\/portalmf.com.br\/index.php\/2022\/09\/14\/otto-alencar-segue-na-lideranca-na-disputa-ao-senado-diz-pesquisa-datafolha-metropole\/#primaryimage\"},\"thumbnailUrl\":\"https:\/\/portalmf.com.br\/wp-content\/uploads\/2022\/09\/imagem_materia-1-1-1024x615-1.jpg\",\"datePublished\":\"2022-09-14T19:39:39+00:00\",\"dateModified\":\"2022-09-14T19:39:41+00:00\",\"author\":{\"@id\":\"https:\/\/portalmf.com.br\/#\/schema\/person\/11c82086fe8abc05a19147e964587285\"},\"breadcrumb\":{\"@id\":\"https:\/\/portalmf.com.br\/index.php\/2022\/09\/14\/otto-alencar-segue-na-lideranca-na-disputa-ao-senado-diz-pesquisa-datafolha-metropole\/#breadcrumb\"},\"inLanguage\":\"pt-BR\",\"potentialAction\":[{\"@type\":\"ReadAction\",\"target\":[\"https:\/\/portalmf.com.br\/index.php\/2022\/09\/14\/otto-alencar-segue-na-lideranca-na-disputa-ao-senado-diz-pesquisa-datafolha-metropole\/\"]}]},{\"@type\":\"ImageObject\",\"inLanguage\":\"pt-BR\",\"@id\":\"https:\/\/portalmf.com.br\/index.php\/2022\/09\/14\/otto-alencar-segue-na-lideranca-na-disputa-ao-senado-diz-pesquisa-datafolha-metropole\/#primaryimage\",\"url\":\"https:\/\/portalmf.com.br\/wp-content\/uploads\/2022\/09\/imagem_materia-1-1-1024x615-1.jpg\",\"contentUrl\":\"https:\/\/portalmf.com.br\/wp-content\/uploads\/2022\/09\/imagem_materia-1-1-1024x615-1.jpg\",\"width\":1024,\"height\":615,\"caption\":\"Foto: Marcos Oliveira\/Ag\u00eancia Senado\"},{\"@type\":\"BreadcrumbList\",\"@id\":\"https:\/\/portalmf.com.br\/index.php\/2022\/09\/14\/otto-alencar-segue-na-lideranca-na-disputa-ao-senado-diz-pesquisa-datafolha-metropole\/#breadcrumb\",\"itemListElement\":[{\"@type\":\"ListItem\",\"position\":1,\"name\":\"In\u00edcio\",\"item\":\"https:\/\/portalmf.com.br\/\"},{\"@type\":\"ListItem\",\"position\":2,\"name\":\"Otto Alencar segue na lideran\u00e7a na disputa ao Senado, diz pesquisa Datafolha\/Metr\u00f3pole\"}]},{\"@type\":\"WebSite\",\"@id\":\"https:\/\/portalmf.com.br\/#website\",\"url\":\"https:\/\/portalmf.com.br\/\",\"name\":\"Portal MF\",\"description\":\"Voc\u00ea conectado com a informa\u00e7\u00e3o\",\"potentialAction\":[{\"@type\":\"SearchAction\",\"target\":{\"@type\":\"EntryPoint\",\"urlTemplate\":\"https:\/\/portalmf.com.br\/?s={search_term_string}\"},\"query-input\":\"required name=search_term_string\"}],\"inLanguage\":\"pt-BR\"},{\"@type\":\"Person\",\"@id\":\"https:\/\/portalmf.com.br\/#\/schema\/person\/11c82086fe8abc05a19147e964587285\",\"name\":\"Reginaldo J\u00fanior\",\"image\":{\"@type\":\"ImageObject\",\"inLanguage\":\"pt-BR\",\"@id\":\"https:\/\/portalmf.com.br\/#\/schema\/person\/image\/\",\"url\":\"https:\/\/secure.gravatar.com\/avatar\/32a3c797cd0ac47cc53b8644c62776f9?s=96&d=mm&r=g\",\"contentUrl\":\"https:\/\/secure.gravatar.com\/avatar\/32a3c797cd0ac47cc53b8644c62776f9?s=96&d=mm&r=g\",\"caption\":\"Reginaldo J\u00fanior\"},\"description\":\"Jornalista e idealizador Portal MF\",\"sameAs\":[\"https:\/\/portalmf.com.br\/index.php\/author\/reginaldojr\/\",\"reginaldojrfsa\",\"reginaldojuniormf\",\"https:\/\/x.com\/reginaldojrmf\"],\"url\":\"https:\/\/portalmf.com.br\/index.php\/author\/reginaldojr\/\"}]}<\/script>\n<!-- \/ Yoast SEO plugin. -->","yoast_head_json":{"title":"Otto Alencar segue na lideran\u00e7a na disputa ao Senado, diz pesquisa Datafolha\/Metr\u00f3pole - Portal MF","robots":{"index":"index","follow":"follow","max-snippet":"max-snippet:-1","max-image-preview":"max-image-preview:large","max-video-preview":"max-video-preview:-1"},"canonical":"https:\/\/portalmf.com.br\/index.php\/2022\/09\/14\/otto-alencar-segue-na-lideranca-na-disputa-ao-senado-diz-pesquisa-datafolha-metropole\/","og_locale":"pt_BR","og_type":"article","og_title":"Otto Alencar segue na lideran\u00e7a na disputa ao Senado, diz pesquisa Datafolha\/Metr\u00f3pole - Portal MF","og_description":"A segunda pesquisa Datafolha, contratada pela&nbsp;R\u00e1dio Metropole, aponta que o senador e candidato \u00e0 reelei\u00e7\u00e3o Otto Alencar (PSD) lidera a disputa ao Senado, com 39% das inten\u00e7\u00f5es de votos. Na sondagem anterior, ele tinha 32%. O deputado federal Cac\u00e1 Le\u00e3o (PP) permanece em segundo lugar, com 16% . Na compara\u00e7\u00e3o com a sondagem de opini\u00e3o [&hellip;]","og_url":"https:\/\/portalmf.com.br\/index.php\/2022\/09\/14\/otto-alencar-segue-na-lideranca-na-disputa-ao-senado-diz-pesquisa-datafolha-metropole\/","og_site_name":"Portal MF","article_author":"reginaldojrfsa","article_published_time":"2022-09-14T19:39:39+00:00","article_modified_time":"2022-09-14T19:39:41+00:00","og_image":[{"width":1024,"height":615,"url":"https:\/\/portalmf.com.br\/wp-content\/uploads\/2022\/09\/imagem_materia-1-1-1024x615-1.jpg","type":"image\/jpeg"}],"author":"Reginaldo J\u00fanior","twitter_card":"summary_large_image","twitter_creator":"@reginaldojrmf","twitter_misc":{"Escrito por":"Reginaldo J\u00fanior","Est. tempo de leitura":"1 minuto"},"schema":{"@context":"https:\/\/schema.org","@graph":[{"@type":"WebPage","@id":"https:\/\/portalmf.com.br\/index.php\/2022\/09\/14\/otto-alencar-segue-na-lideranca-na-disputa-ao-senado-diz-pesquisa-datafolha-metropole\/","url":"https:\/\/portalmf.com.br\/index.php\/2022\/09\/14\/otto-alencar-segue-na-lideranca-na-disputa-ao-senado-diz-pesquisa-datafolha-metropole\/","name":"Otto Alencar segue na lideran\u00e7a na disputa ao Senado, diz pesquisa Datafolha\/Metr\u00f3pole - Portal MF","isPartOf":{"@id":"https:\/\/portalmf.com.br\/#website"},"primaryImageOfPage":{"@id":"https:\/\/portalmf.com.br\/index.php\/2022\/09\/14\/otto-alencar-segue-na-lideranca-na-disputa-ao-senado-diz-pesquisa-datafolha-metropole\/#primaryimage"},"image":{"@id":"https:\/\/portalmf.com.br\/index.php\/2022\/09\/14\/otto-alencar-segue-na-lideranca-na-disputa-ao-senado-diz-pesquisa-datafolha-metropole\/#primaryimage"},"thumbnailUrl":"https:\/\/portalmf.com.br\/wp-content\/uploads\/2022\/09\/imagem_materia-1-1-1024x615-1.jpg","datePublished":"2022-09-14T19:39:39+00:00","dateModified":"2022-09-14T19:39:41+00:00","author":{"@id":"https:\/\/portalmf.com.br\/#\/schema\/person\/11c82086fe8abc05a19147e964587285"},"breadcrumb":{"@id":"https:\/\/portalmf.com.br\/index.php\/2022\/09\/14\/otto-alencar-segue-na-lideranca-na-disputa-ao-senado-diz-pesquisa-datafolha-metropole\/#breadcrumb"},"inLanguage":"pt-BR","potentialAction":[{"@type":"ReadAction","target":["https:\/\/portalmf.com.br\/index.php\/2022\/09\/14\/otto-alencar-segue-na-lideranca-na-disputa-ao-senado-diz-pesquisa-datafolha-metropole\/"]}]},{"@type":"ImageObject","inLanguage":"pt-BR","@id":"https:\/\/portalmf.com.br\/index.php\/2022\/09\/14\/otto-alencar-segue-na-lideranca-na-disputa-ao-senado-diz-pesquisa-datafolha-metropole\/#primaryimage","url":"https:\/\/portalmf.com.br\/wp-content\/uploads\/2022\/09\/imagem_materia-1-1-1024x615-1.jpg","contentUrl":"https:\/\/portalmf.com.br\/wp-content\/uploads\/2022\/09\/imagem_materia-1-1-1024x615-1.jpg","width":1024,"height":615,"caption":"Foto: Marcos Oliveira\/Ag\u00eancia Senado"},{"@type":"BreadcrumbList","@id":"https:\/\/portalmf.com.br\/index.php\/2022\/09\/14\/otto-alencar-segue-na-lideranca-na-disputa-ao-senado-diz-pesquisa-datafolha-metropole\/#breadcrumb","itemListElement":[{"@type":"ListItem","position":1,"name":"In\u00edcio","item":"https:\/\/portalmf.com.br\/"},{"@type":"ListItem","position":2,"name":"Otto Alencar segue na lideran\u00e7a na disputa ao Senado, diz pesquisa Datafolha\/Metr\u00f3pole"}]},{"@type":"WebSite","@id":"https:\/\/portalmf.com.br\/#website","url":"https:\/\/portalmf.com.br\/","name":"Portal MF","description":"Voc\u00ea conectado com a informa\u00e7\u00e3o","potentialAction":[{"@type":"SearchAction","target":{"@type":"EntryPoint","urlTemplate":"https:\/\/portalmf.com.br\/?s={search_term_string}"},"query-input":"required name=search_term_string"}],"inLanguage":"pt-BR"},{"@type":"Person","@id":"https:\/\/portalmf.com.br\/#\/schema\/person\/11c82086fe8abc05a19147e964587285","name":"Reginaldo J\u00fanior","image":{"@type":"ImageObject","inLanguage":"pt-BR","@id":"https:\/\/portalmf.com.br\/#\/schema\/person\/image\/","url":"https:\/\/secure.gravatar.com\/avatar\/32a3c797cd0ac47cc53b8644c62776f9?s=96&d=mm&r=g","contentUrl":"https:\/\/secure.gravatar.com\/avatar\/32a3c797cd0ac47cc53b8644c62776f9?s=96&d=mm&r=g","caption":"Reginaldo J\u00fanior"},"description":"Jornalista e idealizador Portal MF","sameAs":["https:\/\/portalmf.com.br\/index.php\/author\/reginaldojr\/","reginaldojrfsa","reginaldojuniormf","https:\/\/x.com\/reginaldojrmf"],"url":"https:\/\/portalmf.com.br\/index.php\/author\/reginaldojr\/"}]}},"_links":{"self":[{"href":"https:\/\/portalmf.com.br\/index.php\/wp-json\/wp\/v2\/posts\/4270"}],"collection":[{"href":"https:\/\/portalmf.com.br\/index.php\/wp-json\/wp\/v2\/posts"}],"about":[{"href":"https:\/\/portalmf.com.br\/index.php\/wp-json\/wp\/v2\/types\/post"}],"author":[{"embeddable":true,"href":"https:\/\/portalmf.com.br\/index.php\/wp-json\/wp\/v2\/users\/2"}],"replies":[{"embeddable":true,"href":"https:\/\/portalmf.com.br\/index.php\/wp-json\/wp\/v2\/comments?post=4270"}],"version-history":[{"count":1,"href":"https:\/\/portalmf.com.br\/index.php\/wp-json\/wp\/v2\/posts\/4270\/revisions"}],"predecessor-version":[{"id":4272,"href":"https:\/\/portalmf.com.br\/index.php\/wp-json\/wp\/v2\/posts\/4270\/revisions\/4272"}],"wp:featuredmedia":[{"embeddable":true,"href":"https:\/\/portalmf.com.br\/index.php\/wp-json\/wp\/v2\/media\/4271"}],"wp:attachment":[{"href":"https:\/\/portalmf.com.br\/index.php\/wp-json\/wp\/v2\/media?parent=4270"}],"wp:term":[{"taxonomy":"category","embeddable":true,"href":"https:\/\/portalmf.com.br\/index.php\/wp-json\/wp\/v2\/categories?post=4270"},{"taxonomy":"post_tag","embeddable":true,"href":"https:\/\/portalmf.com.br\/index.php\/wp-json\/wp\/v2\/tags?post=4270"}],"curies":[{"name":"wp","href":"https:\/\/api.w.org\/{rel}","templated":true}]}}